{"id":16740,"date":"2022-11-10T14:48:20","date_gmt":"2022-11-10T13:48:20","guid":{"rendered":"https:\/\/www.santapola.es\/?p=16740"},"modified":"2024-03-07T18:41:08","modified_gmt":"2024-03-07T17:41:08","slug":"programa-labora-empren-santa-pola-en-noviembre-y-diciembre","status":"publish","type":"post","link":"https:\/\/santapola.es\/ca\/programa-labora-empren-santa-pola-en-noviembre-y-diciembre\/","title":{"rendered":"Programa Labora Empr\u00e9n Santa Pola en noviembre y diciembre"},"content":{"rendered":"<p><strong>\u00a0<\/strong><\/p>\n<p>El Ayuntamiento de Santa Pola, a trav\u00e9s del Servicio Emprende Santa Pola y\u00a0 Fundaci\u00f3 Florida traen a la Villa, el programa Labora Empr\u00e9n Capacitaci\u00f3.<\/p>\n<p>&nbsp;<\/p>\n<p>El objetivo de este programa es detectar a las personas con inquietudes emprendedoras, valorar sus posibles proyectos y apoyarles en su creaci\u00f3n y consolidaci\u00f3n para fomentar el emprendimiento en la Comunitat Valenciana.<\/p>\n<p>&nbsp;<\/p>\n<p>Adem\u00e1s, el programa tambi\u00e9n va dirigido a los Centros de Formaci\u00f3n Profesional en los Ciclos de Grado Superior. La idea es agitar al alumnado para promover el emprendimiento como un camino en su futuro laboral.<\/p>\n<p>&nbsp;<\/p>\n<p><u>En Santa Pola se celebrar\u00e1 los d\u00edas:<\/u>\u00a0 21 de noviembre y 12 de diciembre<\/p>\n<p><u>\u00a0<\/u><\/p>\n<p><u>Lugar:<\/u> Sala Baluarte del Castillo de Santa Pola<\/p>\n<p>&nbsp;<\/p>\n<p><u>Horario:<\/u> de 10 h a 14 h.<\/p>\n<p>&nbsp;<\/p>\n<p><u>Las inscripciones son online:<\/u> <a href=\"https:\/\/laboraempren.es\/\">https:\/\/laboraempren.es\/<\/a><\/p>\n<p>&nbsp;<\/p>\n<p>M\u00e1s informaci\u00f3n en: Servicio Emprende Santa Pola C\/ Cervantes, 28 de Santa Pola.<\/p>\n<p>Email: emprende@desarrollo.santapola.es o en el tel\u00e8fon 96 669 05 91.<\/p>\n<p>&nbsp;<\/p>\n<p>Las personas participantes, adem\u00e1s de trabajar sobre una idea de negocio, tambi\u00e9n analizan sus capacidades y habilidades emprendedoras. Para ello, se ha generado una herramienta para reconocer el talento, a trav\u00e9s de la cual se pasa un primer filtro de viabilidad y se ayuda a crear un documento donde se recogen los aspectos b\u00e1sicos de una idea de negocio.<\/p>\n<p>&nbsp;<\/p>\n<p>Labora Empr\u00e9n Capacitaci\u00f3 est\u00e1 dirigido a la socializaci\u00f3n del emprendimiento, as\u00ed como a fases muy incipientes del mismo, el programa es muy concreto y se estructura en dos sesiones presenciales y una online.<\/p>\n<p>&nbsp;<\/p>\n<p>Una vez se finalice el programa, aquellas personas que quieran iniciar su andadura emprendedora podr\u00e1n obtener el asesoramiento de un club de mentores especializados.<\/p>\n<p>&nbsp;<\/p>\n<p>&nbsp;<\/p>\n<p>Hasta la fecha se han realizado 16 talleres en diferentes municipios en los cuales han participado m\u00e1s de 350 personas. Los talleres se desplegar\u00e1n en todas las comarcas de la Comunitat Valenciana para acercar el emprendimiento a todos los municipios.<\/p>\n<p>&nbsp;<\/p>\n<p>Programa gestionado por Fundaci\u00f3 Florida de la mano de la Conselleria de Econom\u00eda Sostenible, Sectores productivos, Comercio y Trabajo, un programa en el que participan Labora y la direcci\u00f3n General de Emprendimiento y Cooperativismo.<\/p>\n","protected":false},"excerpt":{"rendered":"<p>\u00a0 El Ayuntamiento de Santa Pola, a trav\u00e9s del Servicio Emprende Santa Pola y\u00a0 Fundaci\u00f3 Florida traen a la Villa, el programa Labora Empr\u00e9n Capacitaci\u00f3. &nbsp; El objetivo de este programa es detectar a las personas con inquietudes emprendedoras, valorar sus posibles proyectos y apoyarles en su creaci\u00f3n y consolidaci\u00f3n para fomentar el emprendimiento en [&hellip;]<\/p>\n","protected":false},"author":75,"featured_media":16741,"comment_status":"closed","ping_status":"closed","sticky":false,"template":"","format":"standard","meta":{"_et_pb_use_builder":"","_et_pb_old_content":"","_et_gb_content_width":"","footnotes":""},"categories":[62,66],"tags":[],"class_list":["post-16740","post","type-post","status-publish","format-standard","has-post-thumbnail","hentry","category-emprende","category-inicio"],"yoast_head":"<!-- This site is optimized with the Yoast SEO plugin v27.4 - https:\/\/yoast.com\/product\/yoast-seo-wordpress\/ -->\n<title>Programa Labora Empr\u00e9n Santa Pola en noviembre y diciembre - Ajuntament de Santa Pola<\/title>\n<meta name=\"robots\" content=\"index, follow, max-snippet:-1, max-image-preview:large, max-video-preview:-1\" \/>\n<link rel=\"canonical\" href=\"https:\/\/santapola.es\/ca\/programa-labora-empren-santa-pola-en-noviembre-y-diciembre\/\" \/>\n<meta property=\"og:locale\" content=\"ca_ES\" \/>\n<meta property=\"og:type\" content=\"article\" \/>\n<meta property=\"og:title\" content=\"Programa Labora Empr\u00e9n Santa Pola en noviembre y diciembre - Ajuntament de Santa Pola\" \/>\n<meta property=\"og:description\" content=\"\u00a0 El Ayuntamiento de Santa Pola, a trav\u00e9s del Servicio Emprende Santa Pola y\u00a0 Fundaci\u00f3 Florida traen a la Villa, el programa Labora Empr\u00e9n Capacitaci\u00f3. &nbsp; El objetivo de este programa es detectar a las personas con inquietudes emprendedoras, valorar sus posibles proyectos y apoyarles en su creaci\u00f3n y consolidaci\u00f3n para fomentar el emprendimiento en [&hellip;]\" \/>\n<meta property=\"og:url\" content=\"https:\/\/santapola.es\/ca\/programa-labora-empren-santa-pola-en-noviembre-y-diciembre\/\" \/>\n<meta property=\"og:site_name\" content=\"Ajuntament de Santa Pola\" \/>\n<meta property=\"article:publisher\" content=\"https:\/\/www.facebook.com\/AyuntamientoSantaPola\/\" \/>\n<meta property=\"article:published_time\" content=\"2022-11-10T13:48:20+00:00\" \/>\n<meta property=\"article:modified_time\" content=\"2024-03-07T17:41:08+00:00\" \/>\n<meta property=\"og:image\" content=\"https:\/\/santapola.es\/wp-content\/uploads\/2022\/11\/LABORA_RRSS_P2_SANTA_POLA-valenciano.jpg\" \/>\n\t<meta property=\"og:image:width\" content=\"1080\" \/>\n\t<meta property=\"og:image:height\" content=\"1080\" \/>\n\t<meta property=\"og:image:type\" content=\"image\/jpeg\" \/>\n<meta name=\"author\" content=\"\u00c1rea Municipal Alcald\u00eda\" \/>\n<meta name=\"twitter:card\" content=\"summary_large_image\" \/>\n<meta name=\"twitter:creator\" content=\"@SantaPolaAyunt\" \/>\n<meta name=\"twitter:site\" content=\"@SantaPolaAyunt\" \/>\n<script type=\"application\/ld+json\" class=\"yoast-schema-graph\">{\"@context\":\"https:\\\/\\\/schema.org\",\"@graph\":[{\"@type\":\"Article\",\"@id\":\"https:\\\/\\\/santapola.es\\\/ca\\\/programa-labora-empren-santa-pola-en-noviembre-y-diciembre\\\/#article\",\"isPartOf\":{\"@id\":\"https:\\\/\\\/santapola.es\\\/ca\\\/programa-labora-empren-santa-pola-en-noviembre-y-diciembre\\\/\"},\"author\":{\"name\":\"\u00c1rea Municipal Alcald\u00eda\",\"@id\":\"https:\\\/\\\/santapola.es\\\/ca\\\/#\\\/schema\\\/person\\\/c08381290b84c068e06ca5dc1f5a08a7\"},\"headline\":\"Programa Labora Empr\u00e9n Santa Pola en noviembre y diciembre\",\"datePublished\":\"2022-11-10T13:48:20+00:00\",\"dateModified\":\"2024-03-07T17:41:08+00:00\",\"mainEntityOfPage\":{\"@id\":\"https:\\\/\\\/santapola.es\\\/ca\\\/programa-labora-empren-santa-pola-en-noviembre-y-diciembre\\\/\"},\"wordCount\":376,\"image\":{\"@id\":\"https:\\\/\\\/santapola.es\\\/ca\\\/programa-labora-empren-santa-pola-en-noviembre-y-diciembre\\\/#primaryimage\"},\"thumbnailUrl\":\"https:\\\/\\\/santapola.es\\\/wp-content\\\/uploads\\\/2022\\\/11\\\/LABORA_RRSS_P2_SANTA_POLA-valenciano.jpg\",\"articleSection\":[\"Emprende Santa Pola\",\"Inicio\"],\"inLanguage\":\"ca\"},{\"@type\":\"WebPage\",\"@id\":\"https:\\\/\\\/santapola.es\\\/ca\\\/programa-labora-empren-santa-pola-en-noviembre-y-diciembre\\\/\",\"url\":\"https:\\\/\\\/santapola.es\\\/ca\\\/programa-labora-empren-santa-pola-en-noviembre-y-diciembre\\\/\",\"name\":\"Programa Labora Empr\u00e9n Santa Pola en noviembre y diciembre - Ajuntament de Santa Pola\",\"isPartOf\":{\"@id\":\"https:\\\/\\\/santapola.es\\\/ca\\\/#website\"},\"primaryImageOfPage\":{\"@id\":\"https:\\\/\\\/santapola.es\\\/ca\\\/programa-labora-empren-santa-pola-en-noviembre-y-diciembre\\\/#primaryimage\"},\"image\":{\"@id\":\"https:\\\/\\\/santapola.es\\\/ca\\\/programa-labora-empren-santa-pola-en-noviembre-y-diciembre\\\/#primaryimage\"},\"thumbnailUrl\":\"https:\\\/\\\/santapola.es\\\/wp-content\\\/uploads\\\/2022\\\/11\\\/LABORA_RRSS_P2_SANTA_POLA-valenciano.jpg\",\"datePublished\":\"2022-11-10T13:48:20+00:00\",\"dateModified\":\"2024-03-07T17:41:08+00:00\",\"author\":{\"@id\":\"https:\\\/\\\/santapola.es\\\/ca\\\/#\\\/schema\\\/person\\\/c08381290b84c068e06ca5dc1f5a08a7\"},\"breadcrumb\":{\"@id\":\"https:\\\/\\\/santapola.es\\\/ca\\\/programa-labora-empren-santa-pola-en-noviembre-y-diciembre\\\/#breadcrumb\"},\"inLanguage\":\"ca\",\"potentialAction\":[{\"@type\":\"ReadAction\",\"target\":[\"https:\\\/\\\/santapola.es\\\/ca\\\/programa-labora-empren-santa-pola-en-noviembre-y-diciembre\\\/\"]}]},{\"@type\":\"ImageObject\",\"inLanguage\":\"ca\",\"@id\":\"https:\\\/\\\/santapola.es\\\/ca\\\/programa-labora-empren-santa-pola-en-noviembre-y-diciembre\\\/#primaryimage\",\"url\":\"https:\\\/\\\/santapola.es\\\/wp-content\\\/uploads\\\/2022\\\/11\\\/LABORA_RRSS_P2_SANTA_POLA-valenciano.jpg\",\"contentUrl\":\"https:\\\/\\\/santapola.es\\\/wp-content\\\/uploads\\\/2022\\\/11\\\/LABORA_RRSS_P2_SANTA_POLA-valenciano.jpg\",\"width\":1080,\"height\":1080},{\"@type\":\"BreadcrumbList\",\"@id\":\"https:\\\/\\\/santapola.es\\\/ca\\\/programa-labora-empren-santa-pola-en-noviembre-y-diciembre\\\/#breadcrumb\",\"itemListElement\":[{\"@type\":\"ListItem\",\"position\":1,\"name\":\"Inici\",\"item\":\"https:\\\/\\\/santapola.es\\\/ca\\\/\"},{\"@type\":\"ListItem\",\"position\":2,\"name\":\"Programa Labora Empr\u00e9n Santa Pola en noviembre y diciembre\"}]},{\"@type\":\"WebSite\",\"@id\":\"https:\\\/\\\/santapola.es\\\/ca\\\/#website\",\"url\":\"https:\\\/\\\/santapola.es\\\/ca\\\/\",\"name\":\"Ayuntamiento de Santa Pola\",\"description\":\"Web de l'Ajuntament de Santa Pola\",\"potentialAction\":[{\"@type\":\"SearchAction\",\"target\":{\"@type\":\"EntryPoint\",\"urlTemplate\":\"https:\\\/\\\/santapola.es\\\/ca\\\/?s={search_term_string}\"},\"query-input\":{\"@type\":\"PropertyValueSpecification\",\"valueRequired\":true,\"valueName\":\"search_term_string\"}}],\"inLanguage\":\"ca\"},{\"@type\":\"Person\",\"@id\":\"https:\\\/\\\/santapola.es\\\/ca\\\/#\\\/schema\\\/person\\\/c08381290b84c068e06ca5dc1f5a08a7\",\"name\":\"\u00c1rea Municipal Alcald\u00eda\"}]}<\/script>\n<!-- \/ Yoast SEO plugin. -->","yoast_head_json":{"title":"Programa Labora Empr\u00e9n Santa Pola en noviembre y diciembre - Ajuntament de Santa Pola","robots":{"index":"index","follow":"follow","max-snippet":"max-snippet:-1","max-image-preview":"max-image-preview:large","max-video-preview":"max-video-preview:-1"},"canonical":"https:\/\/santapola.es\/ca\/programa-labora-empren-santa-pola-en-noviembre-y-diciembre\/","og_locale":"ca_ES","og_type":"article","og_title":"Programa Labora Empr\u00e9n Santa Pola en noviembre y diciembre - Ajuntament de Santa Pola","og_description":"\u00a0 El Ayuntamiento de Santa Pola, a trav\u00e9s del Servicio Emprende Santa Pola y\u00a0 Fundaci\u00f3 Florida traen a la Villa, el programa Labora Empr\u00e9n Capacitaci\u00f3. &nbsp; El objetivo de este programa es detectar a las personas con inquietudes emprendedoras, valorar sus posibles proyectos y apoyarles en su creaci\u00f3n y consolidaci\u00f3n para fomentar el emprendimiento en [&hellip;]","og_url":"https:\/\/santapola.es\/ca\/programa-labora-empren-santa-pola-en-noviembre-y-diciembre\/","og_site_name":"Ajuntament de Santa Pola","article_publisher":"https:\/\/www.facebook.com\/AyuntamientoSantaPola\/","article_published_time":"2022-11-10T13:48:20+00:00","article_modified_time":"2024-03-07T17:41:08+00:00","og_image":[{"width":1080,"height":1080,"url":"https:\/\/santapola.es\/wp-content\/uploads\/2022\/11\/LABORA_RRSS_P2_SANTA_POLA-valenciano.jpg","type":"image\/jpeg"}],"author":"\u00c1rea Municipal Alcald\u00eda","twitter_card":"summary_large_image","twitter_creator":"@SantaPolaAyunt","twitter_site":"@SantaPolaAyunt","schema":{"@context":"https:\/\/schema.org","@graph":[{"@type":"Article","@id":"https:\/\/santapola.es\/ca\/programa-labora-empren-santa-pola-en-noviembre-y-diciembre\/#article","isPartOf":{"@id":"https:\/\/santapola.es\/ca\/programa-labora-empren-santa-pola-en-noviembre-y-diciembre\/"},"author":{"name":"\u00c1rea Municipal Alcald\u00eda","@id":"https:\/\/santapola.es\/ca\/#\/schema\/person\/c08381290b84c068e06ca5dc1f5a08a7"},"headline":"Programa Labora Empr\u00e9n Santa Pola en noviembre y diciembre","datePublished":"2022-11-10T13:48:20+00:00","dateModified":"2024-03-07T17:41:08+00:00","mainEntityOfPage":{"@id":"https:\/\/santapola.es\/ca\/programa-labora-empren-santa-pola-en-noviembre-y-diciembre\/"},"wordCount":376,"image":{"@id":"https:\/\/santapola.es\/ca\/programa-labora-empren-santa-pola-en-noviembre-y-diciembre\/#primaryimage"},"thumbnailUrl":"https:\/\/santapola.es\/wp-content\/uploads\/2022\/11\/LABORA_RRSS_P2_SANTA_POLA-valenciano.jpg","articleSection":["Emprende Santa Pola","Inicio"],"inLanguage":"ca"},{"@type":"WebPage","@id":"https:\/\/santapola.es\/ca\/programa-labora-empren-santa-pola-en-noviembre-y-diciembre\/","url":"https:\/\/santapola.es\/ca\/programa-labora-empren-santa-pola-en-noviembre-y-diciembre\/","name":"Programa Labora Empr\u00e9n Santa Pola en noviembre y diciembre - Ajuntament de Santa Pola","isPartOf":{"@id":"https:\/\/santapola.es\/ca\/#website"},"primaryImageOfPage":{"@id":"https:\/\/santapola.es\/ca\/programa-labora-empren-santa-pola-en-noviembre-y-diciembre\/#primaryimage"},"image":{"@id":"https:\/\/santapola.es\/ca\/programa-labora-empren-santa-pola-en-noviembre-y-diciembre\/#primaryimage"},"thumbnailUrl":"https:\/\/santapola.es\/wp-content\/uploads\/2022\/11\/LABORA_RRSS_P2_SANTA_POLA-valenciano.jpg","datePublished":"2022-11-10T13:48:20+00:00","dateModified":"2024-03-07T17:41:08+00:00","author":{"@id":"https:\/\/santapola.es\/ca\/#\/schema\/person\/c08381290b84c068e06ca5dc1f5a08a7"},"breadcrumb":{"@id":"https:\/\/santapola.es\/ca\/programa-labora-empren-santa-pola-en-noviembre-y-diciembre\/#breadcrumb"},"inLanguage":"ca","potentialAction":[{"@type":"ReadAction","target":["https:\/\/santapola.es\/ca\/programa-labora-empren-santa-pola-en-noviembre-y-diciembre\/"]}]},{"@type":"ImageObject","inLanguage":"ca","@id":"https:\/\/santapola.es\/ca\/programa-labora-empren-santa-pola-en-noviembre-y-diciembre\/#primaryimage","url":"https:\/\/santapola.es\/wp-content\/uploads\/2022\/11\/LABORA_RRSS_P2_SANTA_POLA-valenciano.jpg","contentUrl":"https:\/\/santapola.es\/wp-content\/uploads\/2022\/11\/LABORA_RRSS_P2_SANTA_POLA-valenciano.jpg","width":1080,"height":1080},{"@type":"BreadcrumbList","@id":"https:\/\/santapola.es\/ca\/programa-labora-empren-santa-pola-en-noviembre-y-diciembre\/#breadcrumb","itemListElement":[{"@type":"ListItem","position":1,"name":"Inici","item":"https:\/\/santapola.es\/ca\/"},{"@type":"ListItem","position":2,"name":"Programa Labora Empr\u00e9n Santa Pola en noviembre y diciembre"}]},{"@type":"WebSite","@id":"https:\/\/santapola.es\/ca\/#website","url":"https:\/\/santapola.es\/ca\/","name":"Ayuntamiento de Santa Pola","description":"Web de l'Ajuntament de Santa Pola","potentialAction":[{"@type":"SearchAction","target":{"@type":"EntryPoint","urlTemplate":"https:\/\/santapola.es\/ca\/?s={search_term_string}"},"query-input":{"@type":"PropertyValueSpecification","valueRequired":true,"valueName":"search_term_string"}}],"inLanguage":"ca"},{"@type":"Person","@id":"https:\/\/santapola.es\/ca\/#\/schema\/person\/c08381290b84c068e06ca5dc1f5a08a7","name":"\u00c1rea Municipal Alcald\u00eda"}]}},"_links":{"self":[{"href":"https:\/\/santapola.es\/ca\/wp-json\/wp\/v2\/posts\/16740","targetHints":{"allow":["GET"]}}],"collection":[{"href":"https:\/\/santapola.es\/ca\/wp-json\/wp\/v2\/posts"}],"about":[{"href":"https:\/\/santapola.es\/ca\/wp-json\/wp\/v2\/types\/post"}],"author":[{"embeddable":true,"href":"https:\/\/santapola.es\/ca\/wp-json\/wp\/v2\/users\/75"}],"replies":[{"embeddable":true,"href":"https:\/\/santapola.es\/ca\/wp-json\/wp\/v2\/comments?post=16740"}],"version-history":[{"count":0,"href":"https:\/\/santapola.es\/ca\/wp-json\/wp\/v2\/posts\/16740\/revisions"}],"wp:featuredmedia":[{"embeddable":true,"href":"https:\/\/santapola.es\/ca\/wp-json\/wp\/v2\/media\/16741"}],"wp:attachment":[{"href":"https:\/\/santapola.es\/ca\/wp-json\/wp\/v2\/media?parent=16740"}],"wp:term":[{"taxonomy":"category","embeddable":true,"href":"https:\/\/santapola.es\/ca\/wp-json\/wp\/v2\/categories?post=16740"},{"taxonomy":"post_tag","embeddable":true,"href":"https:\/\/santapola.es\/ca\/wp-json\/wp\/v2\/tags?post=16740"}],"curies":[{"name":"wp","href":"https:\/\/api.w.org\/{rel}","templated":true}]}}