{"id":16734,"date":"2022-11-08T12:59:58","date_gmt":"2022-11-08T11:59:58","guid":{"rendered":"https:\/\/www.santapola.es\/?p=16734"},"modified":"2024-03-07T18:41:08","modified_gmt":"2024-03-07T17:41:08","slug":"el-movimiento-banderas-verdes-de-ecovidrio-reconoce-a-santa-pola-por-su-compromiso-con-el-medioambiente-y-con-la-economia-circular","status":"publish","type":"post","link":"https:\/\/santapola.es\/ca\/el-movimiento-banderas-verdes-de-ecovidrio-reconoce-a-santa-pola-por-su-compromiso-con-el-medioambiente-y-con-la-economia-circular\/","title":{"rendered":"El Movimiento Banderas Verdes de Ecovidrio reconoce a Santa Pola por su compromiso con el medioambiente y con la econom\u00eda circular"},"content":{"rendered":"<p>Ecovidrio, la entidad sin \u00e1nimo de lucro encargada de la gesti\u00f3n del reciclado de los residuos de envases de vidrio en Espa\u00f1a, ha reconocido a Santa Pola como uno de los municipios costeros espa\u00f1oles m\u00e1s comprometidos con la sostenibilidad y con la econom\u00eda circular. Este reconocimiento ha sido entregado dentro de la III Edici\u00f3n del #MovimientoBanderasVerdes, una iniciativa de Ecovidrio que trata de dar respuesta al aumento de residuos en zonas tur\u00edsticas y premia el esfuerzo de la hosteler\u00eda local y el activismo de los consistorios costeros por la sostenibilidad durante el verano.<\/p>\n<p>&nbsp;<\/p>\n<p>Gracias al compromiso del Ayuntamiento de Santa Pola y de todos los santapoleros, durante este verano se han recogido 339.934 kg de envases de vidrio en el municipio, lo que supone un 23,7% m\u00e1s que el verano pasado. De esta manera, Santa Pola ha superado el objetivo planteado por Ecovidrio, incrementando notablemente la recogida selectiva de envases de vidrio durante la \u00e9poca estival. Para ello, la localidad ha contado con la colaboraci\u00f3n de los 204 establecimientos de hosteler\u00eda que se han sumado a participar en esta campa\u00f1a.<\/p>\n<p>&nbsp;<\/p>\n<p>As\u00ed, el desempe\u00f1o de Santa Pola en materia de reciclaje de vidrio le ha hecho merecedor del reconocimiento de Ecovidrio. En total, este a\u00f1o han sido 39 los municipios valencianos que han competido por las banderas verdes de Ecovidrio, los cuales han contado con la colaboraci\u00f3n de 4.414 establecimientos de hosteler\u00eda. Finalmente, las banderas verdes han ido a parar a los municipios de Benidorm y Orihuela, si bien otras localidades, como Santa Pola, han demostrado un fuerte compromiso con el reciclaje de vidrio al superar los objetivos marcados por Ecovidrio.<\/p>\n<p>&nbsp;<\/p>\n<p>A nivel nacional, la campa\u00f1a #MovimientoBanderasVerdes ha contado, en su tercera edici\u00f3n con la participaci\u00f3n de un total de 135 consistorios y 13.335 establecimientos hosteleros de Andaluc\u00eda, Catalunya, Comunitat Valenciana, Illes Balears y Regi\u00f3n de Murcia. \u00a0En verano se consumen dos tercios de los envases de vidrio que se ponen en circulaci\u00f3n y un 50% de ellos se genera directamente en el sector hostelero, por lo que su implicaci\u00f3n es clave para generar una transici\u00f3n real hacia un modelo m\u00e1s circular y descarbonizado.<\/p>\n<p>&nbsp;<\/p>\n<p><strong>\u00a0<\/strong><\/p>\n<p><strong>\u00a0<\/strong><\/p>\n<p>&nbsp;<\/p>\n","protected":false},"excerpt":{"rendered":"<p>Ecovidrio, la entidad sin \u00e1nimo de lucro encargada de la gesti\u00f3n del reciclado de los residuos de envases de vidrio en Espa\u00f1a, ha reconocido a Santa Pola como uno de los municipios costeros espa\u00f1oles m\u00e1s comprometidos con la sostenibilidad y con la econom\u00eda circular. Este reconocimiento ha sido entregado dentro de la III Edici\u00f3n del [&hellip;]<\/p>\n","protected":false},"author":75,"featured_media":16735,"comment_status":"closed","ping_status":"closed","sticky":false,"template":"","format":"standard","meta":{"_et_pb_use_builder":"","_et_pb_old_content":"","_et_gb_content_width":"","footnotes":""},"categories":[66,54],"tags":[],"class_list":["post-16734","post","type-post","status-publish","format-standard","has-post-thumbnail","hentry","category-inicio","category-servicios-publicos-infraestructura-fomento-cementerios"],"yoast_head":"<!-- This site is optimized with the Yoast SEO plugin v27.4 - https:\/\/yoast.com\/product\/yoast-seo-wordpress\/ -->\n<title>El Movimiento Banderas Verdes de Ecovidrio reconoce a Santa Pola por su compromiso con el medioambiente y con la econom\u00eda circular - Ajuntament de Santa Pola<\/title>\n<meta name=\"robots\" content=\"index, follow, max-snippet:-1, max-image-preview:large, max-video-preview:-1\" \/>\n<link rel=\"canonical\" href=\"https:\/\/santapola.es\/ca\/el-movimiento-banderas-verdes-de-ecovidrio-reconoce-a-santa-pola-por-su-compromiso-con-el-medioambiente-y-con-la-economia-circular\/\" \/>\n<meta property=\"og:locale\" content=\"ca_ES\" \/>\n<meta property=\"og:type\" content=\"article\" \/>\n<meta property=\"og:title\" content=\"El Movimiento Banderas Verdes de Ecovidrio reconoce a Santa Pola por su compromiso con el medioambiente y con la econom\u00eda circular - Ajuntament de Santa Pola\" \/>\n<meta property=\"og:description\" content=\"Ecovidrio, la entidad sin \u00e1nimo de lucro encargada de la gesti\u00f3n del reciclado de los residuos de envases de vidrio en Espa\u00f1a, ha reconocido a Santa Pola como uno de los municipios costeros espa\u00f1oles m\u00e1s comprometidos con la sostenibilidad y con la econom\u00eda circular. Este reconocimiento ha sido entregado dentro de la III Edici\u00f3n del [&hellip;]\" \/>\n<meta property=\"og:url\" content=\"https:\/\/santapola.es\/ca\/el-movimiento-banderas-verdes-de-ecovidrio-reconoce-a-santa-pola-por-su-compromiso-con-el-medioambiente-y-con-la-economia-circular\/\" \/>\n<meta property=\"og:site_name\" content=\"Ajuntament de Santa Pola\" \/>\n<meta property=\"article:publisher\" content=\"https:\/\/www.facebook.com\/AyuntamientoSantaPola\/\" \/>\n<meta property=\"article:published_time\" content=\"2022-11-08T11:59:58+00:00\" \/>\n<meta property=\"article:modified_time\" content=\"2024-03-07T17:41:08+00:00\" \/>\n<meta property=\"og:image\" content=\"https:\/\/santapola.es\/wp-content\/uploads\/2022\/11\/WhatsApp-Image-2022-11-08-at-12.44.56-PM-1.jpeg\" \/>\n\t<meta property=\"og:image:width\" content=\"2048\" \/>\n\t<meta property=\"og:image:height\" content=\"1536\" \/>\n\t<meta property=\"og:image:type\" content=\"image\/jpeg\" \/>\n<meta name=\"author\" content=\"\u00c1rea Municipal Alcald\u00eda\" \/>\n<meta name=\"twitter:card\" content=\"summary_large_image\" \/>\n<meta name=\"twitter:creator\" content=\"@SantaPolaAyunt\" \/>\n<meta name=\"twitter:site\" content=\"@SantaPolaAyunt\" \/>\n<script type=\"application\/ld+json\" class=\"yoast-schema-graph\">{\"@context\":\"https:\\\/\\\/schema.org\",\"@graph\":[{\"@type\":\"Article\",\"@id\":\"https:\\\/\\\/santapola.es\\\/ca\\\/el-movimiento-banderas-verdes-de-ecovidrio-reconoce-a-santa-pola-por-su-compromiso-con-el-medioambiente-y-con-la-economia-circular\\\/#article\",\"isPartOf\":{\"@id\":\"https:\\\/\\\/santapola.es\\\/ca\\\/el-movimiento-banderas-verdes-de-ecovidrio-reconoce-a-santa-pola-por-su-compromiso-con-el-medioambiente-y-con-la-economia-circular\\\/\"},\"author\":{\"name\":\"\u00c1rea Municipal Alcald\u00eda\",\"@id\":\"https:\\\/\\\/santapola.es\\\/ca\\\/#\\\/schema\\\/person\\\/c08381290b84c068e06ca5dc1f5a08a7\"},\"headline\":\"El Movimiento Banderas Verdes de Ecovidrio reconoce a Santa Pola por su compromiso con el medioambiente y con la econom\u00eda circular\",\"datePublished\":\"2022-11-08T11:59:58+00:00\",\"dateModified\":\"2024-03-07T17:41:08+00:00\",\"mainEntityOfPage\":{\"@id\":\"https:\\\/\\\/santapola.es\\\/ca\\\/el-movimiento-banderas-verdes-de-ecovidrio-reconoce-a-santa-pola-por-su-compromiso-con-el-medioambiente-y-con-la-economia-circular\\\/\"},\"wordCount\":397,\"image\":{\"@id\":\"https:\\\/\\\/santapola.es\\\/ca\\\/el-movimiento-banderas-verdes-de-ecovidrio-reconoce-a-santa-pola-por-su-compromiso-con-el-medioambiente-y-con-la-economia-circular\\\/#primaryimage\"},\"thumbnailUrl\":\"https:\\\/\\\/santapola.es\\\/wp-content\\\/uploads\\\/2022\\\/11\\\/WhatsApp-Image-2022-11-08-at-12.44.56-PM-1.jpeg\",\"articleSection\":[\"Inicio\",\"Servicios p\u00fablicos \\\/ infraestructura \\\/ fomento \\\/ cementerios\"],\"inLanguage\":\"ca\"},{\"@type\":\"WebPage\",\"@id\":\"https:\\\/\\\/santapola.es\\\/ca\\\/el-movimiento-banderas-verdes-de-ecovidrio-reconoce-a-santa-pola-por-su-compromiso-con-el-medioambiente-y-con-la-economia-circular\\\/\",\"url\":\"https:\\\/\\\/santapola.es\\\/ca\\\/el-movimiento-banderas-verdes-de-ecovidrio-reconoce-a-santa-pola-por-su-compromiso-con-el-medioambiente-y-con-la-economia-circular\\\/\",\"name\":\"El Movimiento Banderas Verdes de Ecovidrio reconoce a Santa Pola por su compromiso con el medioambiente y con la econom\u00eda circular - Ajuntament de Santa Pola\",\"isPartOf\":{\"@id\":\"https:\\\/\\\/santapola.es\\\/ca\\\/#website\"},\"primaryImageOfPage\":{\"@id\":\"https:\\\/\\\/santapola.es\\\/ca\\\/el-movimiento-banderas-verdes-de-ecovidrio-reconoce-a-santa-pola-por-su-compromiso-con-el-medioambiente-y-con-la-economia-circular\\\/#primaryimage\"},\"image\":{\"@id\":\"https:\\\/\\\/santapola.es\\\/ca\\\/el-movimiento-banderas-verdes-de-ecovidrio-reconoce-a-santa-pola-por-su-compromiso-con-el-medioambiente-y-con-la-economia-circular\\\/#primaryimage\"},\"thumbnailUrl\":\"https:\\\/\\\/santapola.es\\\/wp-content\\\/uploads\\\/2022\\\/11\\\/WhatsApp-Image-2022-11-08-at-12.44.56-PM-1.jpeg\",\"datePublished\":\"2022-11-08T11:59:58+00:00\",\"dateModified\":\"2024-03-07T17:41:08+00:00\",\"author\":{\"@id\":\"https:\\\/\\\/santapola.es\\\/ca\\\/#\\\/schema\\\/person\\\/c08381290b84c068e06ca5dc1f5a08a7\"},\"breadcrumb\":{\"@id\":\"https:\\\/\\\/santapola.es\\\/ca\\\/el-movimiento-banderas-verdes-de-ecovidrio-reconoce-a-santa-pola-por-su-compromiso-con-el-medioambiente-y-con-la-economia-circular\\\/#breadcrumb\"},\"inLanguage\":\"ca\",\"potentialAction\":[{\"@type\":\"ReadAction\",\"target\":[\"https:\\\/\\\/santapola.es\\\/ca\\\/el-movimiento-banderas-verdes-de-ecovidrio-reconoce-a-santa-pola-por-su-compromiso-con-el-medioambiente-y-con-la-economia-circular\\\/\"]}]},{\"@type\":\"ImageObject\",\"inLanguage\":\"ca\",\"@id\":\"https:\\\/\\\/santapola.es\\\/ca\\\/el-movimiento-banderas-verdes-de-ecovidrio-reconoce-a-santa-pola-por-su-compromiso-con-el-medioambiente-y-con-la-economia-circular\\\/#primaryimage\",\"url\":\"https:\\\/\\\/santapola.es\\\/wp-content\\\/uploads\\\/2022\\\/11\\\/WhatsApp-Image-2022-11-08-at-12.44.56-PM-1.jpeg\",\"contentUrl\":\"https:\\\/\\\/santapola.es\\\/wp-content\\\/uploads\\\/2022\\\/11\\\/WhatsApp-Image-2022-11-08-at-12.44.56-PM-1.jpeg\",\"width\":2048,\"height\":1536},{\"@type\":\"BreadcrumbList\",\"@id\":\"https:\\\/\\\/santapola.es\\\/ca\\\/el-movimiento-banderas-verdes-de-ecovidrio-reconoce-a-santa-pola-por-su-compromiso-con-el-medioambiente-y-con-la-economia-circular\\\/#breadcrumb\",\"itemListElement\":[{\"@type\":\"ListItem\",\"position\":1,\"name\":\"Inici\",\"item\":\"https:\\\/\\\/santapola.es\\\/ca\\\/\"},{\"@type\":\"ListItem\",\"position\":2,\"name\":\"El Movimiento Banderas Verdes de Ecovidrio reconoce a Santa Pola por su compromiso con el medioambiente y con la econom\u00eda circular\"}]},{\"@type\":\"WebSite\",\"@id\":\"https:\\\/\\\/santapola.es\\\/ca\\\/#website\",\"url\":\"https:\\\/\\\/santapola.es\\\/ca\\\/\",\"name\":\"Ayuntamiento de Santa Pola\",\"description\":\"Web de l'Ajuntament de Santa Pola\",\"potentialAction\":[{\"@type\":\"SearchAction\",\"target\":{\"@type\":\"EntryPoint\",\"urlTemplate\":\"https:\\\/\\\/santapola.es\\\/ca\\\/?s={search_term_string}\"},\"query-input\":{\"@type\":\"PropertyValueSpecification\",\"valueRequired\":true,\"valueName\":\"search_term_string\"}}],\"inLanguage\":\"ca\"},{\"@type\":\"Person\",\"@id\":\"https:\\\/\\\/santapola.es\\\/ca\\\/#\\\/schema\\\/person\\\/c08381290b84c068e06ca5dc1f5a08a7\",\"name\":\"\u00c1rea Municipal Alcald\u00eda\"}]}<\/script>\n<!-- \/ Yoast SEO plugin. -->","yoast_head_json":{"title":"El Movimiento Banderas Verdes de Ecovidrio reconoce a Santa Pola por su compromiso con el medioambiente y con la econom\u00eda circular - Ajuntament de Santa Pola","robots":{"index":"index","follow":"follow","max-snippet":"max-snippet:-1","max-image-preview":"max-image-preview:large","max-video-preview":"max-video-preview:-1"},"canonical":"https:\/\/santapola.es\/ca\/el-movimiento-banderas-verdes-de-ecovidrio-reconoce-a-santa-pola-por-su-compromiso-con-el-medioambiente-y-con-la-economia-circular\/","og_locale":"ca_ES","og_type":"article","og_title":"El Movimiento Banderas Verdes de Ecovidrio reconoce a Santa Pola por su compromiso con el medioambiente y con la econom\u00eda circular - Ajuntament de Santa Pola","og_description":"Ecovidrio, la entidad sin \u00e1nimo de lucro encargada de la gesti\u00f3n del reciclado de los residuos de envases de vidrio en Espa\u00f1a, ha reconocido a Santa Pola como uno de los municipios costeros espa\u00f1oles m\u00e1s comprometidos con la sostenibilidad y con la econom\u00eda circular. Este reconocimiento ha sido entregado dentro de la III Edici\u00f3n del [&hellip;]","og_url":"https:\/\/santapola.es\/ca\/el-movimiento-banderas-verdes-de-ecovidrio-reconoce-a-santa-pola-por-su-compromiso-con-el-medioambiente-y-con-la-economia-circular\/","og_site_name":"Ajuntament de Santa Pola","article_publisher":"https:\/\/www.facebook.com\/AyuntamientoSantaPola\/","article_published_time":"2022-11-08T11:59:58+00:00","article_modified_time":"2024-03-07T17:41:08+00:00","og_image":[{"width":2048,"height":1536,"url":"https:\/\/santapola.es\/wp-content\/uploads\/2022\/11\/WhatsApp-Image-2022-11-08-at-12.44.56-PM-1.jpeg","type":"image\/jpeg"}],"author":"\u00c1rea Municipal Alcald\u00eda","twitter_card":"summary_large_image","twitter_creator":"@SantaPolaAyunt","twitter_site":"@SantaPolaAyunt","schema":{"@context":"https:\/\/schema.org","@graph":[{"@type":"Article","@id":"https:\/\/santapola.es\/ca\/el-movimiento-banderas-verdes-de-ecovidrio-reconoce-a-santa-pola-por-su-compromiso-con-el-medioambiente-y-con-la-economia-circular\/#article","isPartOf":{"@id":"https:\/\/santapola.es\/ca\/el-movimiento-banderas-verdes-de-ecovidrio-reconoce-a-santa-pola-por-su-compromiso-con-el-medioambiente-y-con-la-economia-circular\/"},"author":{"name":"\u00c1rea Municipal Alcald\u00eda","@id":"https:\/\/santapola.es\/ca\/#\/schema\/person\/c08381290b84c068e06ca5dc1f5a08a7"},"headline":"El Movimiento Banderas Verdes de Ecovidrio reconoce a Santa Pola por su compromiso con el medioambiente y con la econom\u00eda circular","datePublished":"2022-11-08T11:59:58+00:00","dateModified":"2024-03-07T17:41:08+00:00","mainEntityOfPage":{"@id":"https:\/\/santapola.es\/ca\/el-movimiento-banderas-verdes-de-ecovidrio-reconoce-a-santa-pola-por-su-compromiso-con-el-medioambiente-y-con-la-economia-circular\/"},"wordCount":397,"image":{"@id":"https:\/\/santapola.es\/ca\/el-movimiento-banderas-verdes-de-ecovidrio-reconoce-a-santa-pola-por-su-compromiso-con-el-medioambiente-y-con-la-economia-circular\/#primaryimage"},"thumbnailUrl":"https:\/\/santapola.es\/wp-content\/uploads\/2022\/11\/WhatsApp-Image-2022-11-08-at-12.44.56-PM-1.jpeg","articleSection":["Inicio","Servicios p\u00fablicos \/ infraestructura \/ fomento \/ cementerios"],"inLanguage":"ca"},{"@type":"WebPage","@id":"https:\/\/santapola.es\/ca\/el-movimiento-banderas-verdes-de-ecovidrio-reconoce-a-santa-pola-por-su-compromiso-con-el-medioambiente-y-con-la-economia-circular\/","url":"https:\/\/santapola.es\/ca\/el-movimiento-banderas-verdes-de-ecovidrio-reconoce-a-santa-pola-por-su-compromiso-con-el-medioambiente-y-con-la-economia-circular\/","name":"El Movimiento Banderas Verdes de Ecovidrio reconoce a Santa Pola por su compromiso con el medioambiente y con la econom\u00eda circular - Ajuntament de Santa Pola","isPartOf":{"@id":"https:\/\/santapola.es\/ca\/#website"},"primaryImageOfPage":{"@id":"https:\/\/santapola.es\/ca\/el-movimiento-banderas-verdes-de-ecovidrio-reconoce-a-santa-pola-por-su-compromiso-con-el-medioambiente-y-con-la-economia-circular\/#primaryimage"},"image":{"@id":"https:\/\/santapola.es\/ca\/el-movimiento-banderas-verdes-de-ecovidrio-reconoce-a-santa-pola-por-su-compromiso-con-el-medioambiente-y-con-la-economia-circular\/#primaryimage"},"thumbnailUrl":"https:\/\/santapola.es\/wp-content\/uploads\/2022\/11\/WhatsApp-Image-2022-11-08-at-12.44.56-PM-1.jpeg","datePublished":"2022-11-08T11:59:58+00:00","dateModified":"2024-03-07T17:41:08+00:00","author":{"@id":"https:\/\/santapola.es\/ca\/#\/schema\/person\/c08381290b84c068e06ca5dc1f5a08a7"},"breadcrumb":{"@id":"https:\/\/santapola.es\/ca\/el-movimiento-banderas-verdes-de-ecovidrio-reconoce-a-santa-pola-por-su-compromiso-con-el-medioambiente-y-con-la-economia-circular\/#breadcrumb"},"inLanguage":"ca","potentialAction":[{"@type":"ReadAction","target":["https:\/\/santapola.es\/ca\/el-movimiento-banderas-verdes-de-ecovidrio-reconoce-a-santa-pola-por-su-compromiso-con-el-medioambiente-y-con-la-economia-circular\/"]}]},{"@type":"ImageObject","inLanguage":"ca","@id":"https:\/\/santapola.es\/ca\/el-movimiento-banderas-verdes-de-ecovidrio-reconoce-a-santa-pola-por-su-compromiso-con-el-medioambiente-y-con-la-economia-circular\/#primaryimage","url":"https:\/\/santapola.es\/wp-content\/uploads\/2022\/11\/WhatsApp-Image-2022-11-08-at-12.44.56-PM-1.jpeg","contentUrl":"https:\/\/santapola.es\/wp-content\/uploads\/2022\/11\/WhatsApp-Image-2022-11-08-at-12.44.56-PM-1.jpeg","width":2048,"height":1536},{"@type":"BreadcrumbList","@id":"https:\/\/santapola.es\/ca\/el-movimiento-banderas-verdes-de-ecovidrio-reconoce-a-santa-pola-por-su-compromiso-con-el-medioambiente-y-con-la-economia-circular\/#breadcrumb","itemListElement":[{"@type":"ListItem","position":1,"name":"Inici","item":"https:\/\/santapola.es\/ca\/"},{"@type":"ListItem","position":2,"name":"El Movimiento Banderas Verdes de Ecovidrio reconoce a Santa Pola por su compromiso con el medioambiente y con la econom\u00eda circular"}]},{"@type":"WebSite","@id":"https:\/\/santapola.es\/ca\/#website","url":"https:\/\/santapola.es\/ca\/","name":"Ayuntamiento de Santa Pola","description":"Web de l'Ajuntament de Santa Pola","potentialAction":[{"@type":"SearchAction","target":{"@type":"EntryPoint","urlTemplate":"https:\/\/santapola.es\/ca\/?s={search_term_string}"},"query-input":{"@type":"PropertyValueSpecification","valueRequired":true,"valueName":"search_term_string"}}],"inLanguage":"ca"},{"@type":"Person","@id":"https:\/\/santapola.es\/ca\/#\/schema\/person\/c08381290b84c068e06ca5dc1f5a08a7","name":"\u00c1rea Municipal Alcald\u00eda"}]}},"_links":{"self":[{"href":"https:\/\/santapola.es\/ca\/wp-json\/wp\/v2\/posts\/16734","targetHints":{"allow":["GET"]}}],"collection":[{"href":"https:\/\/santapola.es\/ca\/wp-json\/wp\/v2\/posts"}],"about":[{"href":"https:\/\/santapola.es\/ca\/wp-json\/wp\/v2\/types\/post"}],"author":[{"embeddable":true,"href":"https:\/\/santapola.es\/ca\/wp-json\/wp\/v2\/users\/75"}],"replies":[{"embeddable":true,"href":"https:\/\/santapola.es\/ca\/wp-json\/wp\/v2\/comments?post=16734"}],"version-history":[{"count":0,"href":"https:\/\/santapola.es\/ca\/wp-json\/wp\/v2\/posts\/16734\/revisions"}],"wp:featuredmedia":[{"embeddable":true,"href":"https:\/\/santapola.es\/ca\/wp-json\/wp\/v2\/media\/16735"}],"wp:attachment":[{"href":"https:\/\/santapola.es\/ca\/wp-json\/wp\/v2\/media?parent=16734"}],"wp:term":[{"taxonomy":"category","embeddable":true,"href":"https:\/\/santapola.es\/ca\/wp-json\/wp\/v2\/categories?post=16734"},{"taxonomy":"post_tag","embeddable":true,"href":"https:\/\/santapola.es\/ca\/wp-json\/wp\/v2\/tags?post=16734"}],"curies":[{"name":"wp","href":"https:\/\/api.w.org\/{rel}","templated":true}]}}