{"id":16729,"date":"2022-11-08T11:27:50","date_gmt":"2022-11-08T10:27:50","guid":{"rendered":"https:\/\/www.santapola.es\/?p=16729"},"modified":"2024-03-07T18:41:08","modified_gmt":"2024-03-07T17:41:08","slug":"santa-pola-impulsa-la-digitalizacion-del-comercio-local","status":"publish","type":"post","link":"https:\/\/santapola.es\/ca\/santa-pola-impulsa-la-digitalizacion-del-comercio-local\/","title":{"rendered":"Santa Pola impulsa la digitalizaci\u00f3n del comercio local"},"content":{"rendered":"<ul>\n<li><u>Se asesorar\u00e1 de manera presencial y gratuita, al menos, a 400 comercios locales<\/u><\/li>\n<\/ul>\n<p><u>\u00a0<\/u><\/p>\n<p>El Ayuntamiento de Santa Pola, de manera coordinada con la Generalitat Valenciana, y a trav\u00e9s de FEMPA, \u00a0pone en marcha una campa\u00f1a para dar a conocer a los comercios de la localidad, \u00a0las diferentes tecnolog\u00edas y herramientas que te permitir\u00e1n hacer realidad la digitalizaci\u00f3n de tu negocio.<\/p>\n<p>&nbsp;<\/p>\n<p>La concejal de Comercio, Nely Baile ha subrayado que \u201cdurante todo un mes, se ofrecer\u00e1 \u00a0asesoramiento gratuito para ayudarles \u00a0a decidir qu\u00e9 soluciones son las m\u00e1s adecuadas para el \u00a0comercio: Herramientas para la Transformaci\u00f3n digital y la \u00a0digitalizaci\u00f3n para la gesti\u00f3n de tu comercio. Se trata de poner a disposici\u00f3n de los comercios: Las mejores herramientas de digitalizaci\u00f3n y la importancia de su uso para generar tu presencia online y gestionar de forma m\u00e1s eficiente tu negocio en esta nueva era digital.<\/p>\n<p>&nbsp;<\/p>\n<p>La Alcaldesa de Santa Pola, Loreto Serrano insiste en que \u201cseguimos en la l\u00ednea de trabajo de apoyo y puesta a disposici\u00f3n del comercio local. Fempa va a visitar alrededor de 400 comercios de manera presencial y gratuita, y adem\u00e1s del asesoramiento personalizado habr\u00e1 una jornada el d\u00eda 22 de noviembre para informar a todos los comerciantes de Santa Pola que est\u00e9n interesados\u201d<\/p>\n<p>&nbsp;<\/p>\n<p>&nbsp;<\/p>\n<p>La adopci\u00f3n por parte de los comercios, en sus procedimientos de trabajo, de herramientas de digitalizaci\u00f3n, son sus mejores aliadas para mejorar su competitividad permitiendo la optimizaci\u00f3n de sus procesos y favoreciendo a la larga su supervivencia en el mercado.<\/p>\n<p>&nbsp;<\/p>\n<p>&nbsp;<\/p>\n","protected":false},"excerpt":{"rendered":"<p>Se asesorar\u00e1 de manera presencial y gratuita, al menos, a 400 comercios locales \u00a0 El Ayuntamiento de Santa Pola, de manera coordinada con la Generalitat Valenciana, y a trav\u00e9s de FEMPA, \u00a0pone en marcha una campa\u00f1a para dar a conocer a los comercios de la localidad, \u00a0las diferentes tecnolog\u00edas y herramientas que te permitir\u00e1n hacer [&hellip;]<\/p>\n","protected":false},"author":75,"featured_media":16730,"comment_status":"closed","ping_status":"closed","sticky":false,"template":"","format":"standard","meta":{"_et_pb_use_builder":"","_et_pb_old_content":"","_et_gb_content_width":"","footnotes":""},"categories":[61,52,66],"tags":[],"class_list":["post-16729","post","type-post","status-publish","format-standard","has-post-thumbnail","hentry","category-alcaldia","category-comercioconsumo","category-inicio"],"yoast_head":"<!-- This site is optimized with the Yoast SEO plugin v27.4 - https:\/\/yoast.com\/product\/yoast-seo-wordpress\/ -->\n<title>Santa Pola impulsa la digitalizaci\u00f3n del comercio local - Ajuntament de Santa Pola<\/title>\n<meta name=\"robots\" content=\"index, follow, max-snippet:-1, max-image-preview:large, max-video-preview:-1\" \/>\n<link rel=\"canonical\" href=\"https:\/\/santapola.es\/ca\/santa-pola-impulsa-la-digitalizacion-del-comercio-local\/\" \/>\n<meta property=\"og:locale\" content=\"ca_ES\" \/>\n<meta property=\"og:type\" content=\"article\" \/>\n<meta property=\"og:title\" content=\"Santa Pola impulsa la digitalizaci\u00f3n del comercio local - Ajuntament de Santa Pola\" \/>\n<meta property=\"og:description\" content=\"Se asesorar\u00e1 de manera presencial y gratuita, al menos, a 400 comercios locales \u00a0 El Ayuntamiento de Santa Pola, de manera coordinada con la Generalitat Valenciana, y a trav\u00e9s de FEMPA, \u00a0pone en marcha una campa\u00f1a para dar a conocer a los comercios de la localidad, \u00a0las diferentes tecnolog\u00edas y herramientas que te permitir\u00e1n hacer [&hellip;]\" \/>\n<meta property=\"og:url\" content=\"https:\/\/santapola.es\/ca\/santa-pola-impulsa-la-digitalizacion-del-comercio-local\/\" \/>\n<meta property=\"og:site_name\" content=\"Ajuntament de Santa Pola\" \/>\n<meta property=\"article:publisher\" content=\"https:\/\/www.facebook.com\/AyuntamientoSantaPola\/\" \/>\n<meta property=\"article:published_time\" content=\"2022-11-08T10:27:50+00:00\" \/>\n<meta property=\"article:modified_time\" content=\"2024-03-07T17:41:08+00:00\" \/>\n<meta property=\"og:image\" content=\"https:\/\/santapola.es\/wp-content\/uploads\/2022\/11\/WhatsApp-Image-2022-11-08-at-11.19.31-AM.jpeg\" \/>\n\t<meta property=\"og:image:width\" content=\"2048\" \/>\n\t<meta property=\"og:image:height\" content=\"1536\" \/>\n\t<meta property=\"og:image:type\" content=\"image\/jpeg\" \/>\n<meta name=\"author\" content=\"\u00c1rea Municipal Alcald\u00eda\" \/>\n<meta name=\"twitter:card\" content=\"summary_large_image\" \/>\n<meta name=\"twitter:creator\" content=\"@SantaPolaAyunt\" \/>\n<meta name=\"twitter:site\" content=\"@SantaPolaAyunt\" \/>\n<script type=\"application\/ld+json\" class=\"yoast-schema-graph\">{\"@context\":\"https:\\\/\\\/schema.org\",\"@graph\":[{\"@type\":\"Article\",\"@id\":\"https:\\\/\\\/santapola.es\\\/ca\\\/santa-pola-impulsa-la-digitalizacion-del-comercio-local\\\/#article\",\"isPartOf\":{\"@id\":\"https:\\\/\\\/santapola.es\\\/ca\\\/santa-pola-impulsa-la-digitalizacion-del-comercio-local\\\/\"},\"author\":{\"name\":\"\u00c1rea Municipal Alcald\u00eda\",\"@id\":\"https:\\\/\\\/santapola.es\\\/ca\\\/#\\\/schema\\\/person\\\/c08381290b84c068e06ca5dc1f5a08a7\"},\"headline\":\"Santa Pola impulsa la digitalizaci\u00f3n del comercio local\",\"datePublished\":\"2022-11-08T10:27:50+00:00\",\"dateModified\":\"2024-03-07T17:41:08+00:00\",\"mainEntityOfPage\":{\"@id\":\"https:\\\/\\\/santapola.es\\\/ca\\\/santa-pola-impulsa-la-digitalizacion-del-comercio-local\\\/\"},\"wordCount\":277,\"image\":{\"@id\":\"https:\\\/\\\/santapola.es\\\/ca\\\/santa-pola-impulsa-la-digitalizacion-del-comercio-local\\\/#primaryimage\"},\"thumbnailUrl\":\"https:\\\/\\\/santapola.es\\\/wp-content\\\/uploads\\\/2022\\\/11\\\/WhatsApp-Image-2022-11-08-at-11.19.31-AM.jpeg\",\"articleSection\":[\"Alcald\u00eda\",\"Comercio\\\/ Consumo\",\"Inicio\"],\"inLanguage\":\"ca\"},{\"@type\":\"WebPage\",\"@id\":\"https:\\\/\\\/santapola.es\\\/ca\\\/santa-pola-impulsa-la-digitalizacion-del-comercio-local\\\/\",\"url\":\"https:\\\/\\\/santapola.es\\\/ca\\\/santa-pola-impulsa-la-digitalizacion-del-comercio-local\\\/\",\"name\":\"Santa Pola impulsa la digitalizaci\u00f3n del comercio local - Ajuntament de Santa Pola\",\"isPartOf\":{\"@id\":\"https:\\\/\\\/santapola.es\\\/ca\\\/#website\"},\"primaryImageOfPage\":{\"@id\":\"https:\\\/\\\/santapola.es\\\/ca\\\/santa-pola-impulsa-la-digitalizacion-del-comercio-local\\\/#primaryimage\"},\"image\":{\"@id\":\"https:\\\/\\\/santapola.es\\\/ca\\\/santa-pola-impulsa-la-digitalizacion-del-comercio-local\\\/#primaryimage\"},\"thumbnailUrl\":\"https:\\\/\\\/santapola.es\\\/wp-content\\\/uploads\\\/2022\\\/11\\\/WhatsApp-Image-2022-11-08-at-11.19.31-AM.jpeg\",\"datePublished\":\"2022-11-08T10:27:50+00:00\",\"dateModified\":\"2024-03-07T17:41:08+00:00\",\"author\":{\"@id\":\"https:\\\/\\\/santapola.es\\\/ca\\\/#\\\/schema\\\/person\\\/c08381290b84c068e06ca5dc1f5a08a7\"},\"breadcrumb\":{\"@id\":\"https:\\\/\\\/santapola.es\\\/ca\\\/santa-pola-impulsa-la-digitalizacion-del-comercio-local\\\/#breadcrumb\"},\"inLanguage\":\"ca\",\"potentialAction\":[{\"@type\":\"ReadAction\",\"target\":[\"https:\\\/\\\/santapola.es\\\/ca\\\/santa-pola-impulsa-la-digitalizacion-del-comercio-local\\\/\"]}]},{\"@type\":\"ImageObject\",\"inLanguage\":\"ca\",\"@id\":\"https:\\\/\\\/santapola.es\\\/ca\\\/santa-pola-impulsa-la-digitalizacion-del-comercio-local\\\/#primaryimage\",\"url\":\"https:\\\/\\\/santapola.es\\\/wp-content\\\/uploads\\\/2022\\\/11\\\/WhatsApp-Image-2022-11-08-at-11.19.31-AM.jpeg\",\"contentUrl\":\"https:\\\/\\\/santapola.es\\\/wp-content\\\/uploads\\\/2022\\\/11\\\/WhatsApp-Image-2022-11-08-at-11.19.31-AM.jpeg\",\"width\":2048,\"height\":1536},{\"@type\":\"BreadcrumbList\",\"@id\":\"https:\\\/\\\/santapola.es\\\/ca\\\/santa-pola-impulsa-la-digitalizacion-del-comercio-local\\\/#breadcrumb\",\"itemListElement\":[{\"@type\":\"ListItem\",\"position\":1,\"name\":\"Inici\",\"item\":\"https:\\\/\\\/santapola.es\\\/ca\\\/\"},{\"@type\":\"ListItem\",\"position\":2,\"name\":\"Santa Pola impulsa la digitalizaci\u00f3n del comercio local\"}]},{\"@type\":\"WebSite\",\"@id\":\"https:\\\/\\\/santapola.es\\\/ca\\\/#website\",\"url\":\"https:\\\/\\\/santapola.es\\\/ca\\\/\",\"name\":\"Ayuntamiento de Santa Pola\",\"description\":\"Web de l'Ajuntament de Santa Pola\",\"potentialAction\":[{\"@type\":\"SearchAction\",\"target\":{\"@type\":\"EntryPoint\",\"urlTemplate\":\"https:\\\/\\\/santapola.es\\\/ca\\\/?s={search_term_string}\"},\"query-input\":{\"@type\":\"PropertyValueSpecification\",\"valueRequired\":true,\"valueName\":\"search_term_string\"}}],\"inLanguage\":\"ca\"},{\"@type\":\"Person\",\"@id\":\"https:\\\/\\\/santapola.es\\\/ca\\\/#\\\/schema\\\/person\\\/c08381290b84c068e06ca5dc1f5a08a7\",\"name\":\"\u00c1rea Municipal Alcald\u00eda\"}]}<\/script>\n<!-- \/ Yoast SEO plugin. -->","yoast_head_json":{"title":"Santa Pola impulsa la digitalizaci\u00f3n del comercio local - Ajuntament de Santa Pola","robots":{"index":"index","follow":"follow","max-snippet":"max-snippet:-1","max-image-preview":"max-image-preview:large","max-video-preview":"max-video-preview:-1"},"canonical":"https:\/\/santapola.es\/ca\/santa-pola-impulsa-la-digitalizacion-del-comercio-local\/","og_locale":"ca_ES","og_type":"article","og_title":"Santa Pola impulsa la digitalizaci\u00f3n del comercio local - Ajuntament de Santa Pola","og_description":"Se asesorar\u00e1 de manera presencial y gratuita, al menos, a 400 comercios locales \u00a0 El Ayuntamiento de Santa Pola, de manera coordinada con la Generalitat Valenciana, y a trav\u00e9s de FEMPA, \u00a0pone en marcha una campa\u00f1a para dar a conocer a los comercios de la localidad, \u00a0las diferentes tecnolog\u00edas y herramientas que te permitir\u00e1n hacer [&hellip;]","og_url":"https:\/\/santapola.es\/ca\/santa-pola-impulsa-la-digitalizacion-del-comercio-local\/","og_site_name":"Ajuntament de Santa Pola","article_publisher":"https:\/\/www.facebook.com\/AyuntamientoSantaPola\/","article_published_time":"2022-11-08T10:27:50+00:00","article_modified_time":"2024-03-07T17:41:08+00:00","og_image":[{"width":2048,"height":1536,"url":"https:\/\/santapola.es\/wp-content\/uploads\/2022\/11\/WhatsApp-Image-2022-11-08-at-11.19.31-AM.jpeg","type":"image\/jpeg"}],"author":"\u00c1rea Municipal Alcald\u00eda","twitter_card":"summary_large_image","twitter_creator":"@SantaPolaAyunt","twitter_site":"@SantaPolaAyunt","schema":{"@context":"https:\/\/schema.org","@graph":[{"@type":"Article","@id":"https:\/\/santapola.es\/ca\/santa-pola-impulsa-la-digitalizacion-del-comercio-local\/#article","isPartOf":{"@id":"https:\/\/santapola.es\/ca\/santa-pola-impulsa-la-digitalizacion-del-comercio-local\/"},"author":{"name":"\u00c1rea Municipal Alcald\u00eda","@id":"https:\/\/santapola.es\/ca\/#\/schema\/person\/c08381290b84c068e06ca5dc1f5a08a7"},"headline":"Santa Pola impulsa la digitalizaci\u00f3n del comercio local","datePublished":"2022-11-08T10:27:50+00:00","dateModified":"2024-03-07T17:41:08+00:00","mainEntityOfPage":{"@id":"https:\/\/santapola.es\/ca\/santa-pola-impulsa-la-digitalizacion-del-comercio-local\/"},"wordCount":277,"image":{"@id":"https:\/\/santapola.es\/ca\/santa-pola-impulsa-la-digitalizacion-del-comercio-local\/#primaryimage"},"thumbnailUrl":"https:\/\/santapola.es\/wp-content\/uploads\/2022\/11\/WhatsApp-Image-2022-11-08-at-11.19.31-AM.jpeg","articleSection":["Alcald\u00eda","Comercio\/ Consumo","Inicio"],"inLanguage":"ca"},{"@type":"WebPage","@id":"https:\/\/santapola.es\/ca\/santa-pola-impulsa-la-digitalizacion-del-comercio-local\/","url":"https:\/\/santapola.es\/ca\/santa-pola-impulsa-la-digitalizacion-del-comercio-local\/","name":"Santa Pola impulsa la digitalizaci\u00f3n del comercio local - Ajuntament de Santa Pola","isPartOf":{"@id":"https:\/\/santapola.es\/ca\/#website"},"primaryImageOfPage":{"@id":"https:\/\/santapola.es\/ca\/santa-pola-impulsa-la-digitalizacion-del-comercio-local\/#primaryimage"},"image":{"@id":"https:\/\/santapola.es\/ca\/santa-pola-impulsa-la-digitalizacion-del-comercio-local\/#primaryimage"},"thumbnailUrl":"https:\/\/santapola.es\/wp-content\/uploads\/2022\/11\/WhatsApp-Image-2022-11-08-at-11.19.31-AM.jpeg","datePublished":"2022-11-08T10:27:50+00:00","dateModified":"2024-03-07T17:41:08+00:00","author":{"@id":"https:\/\/santapola.es\/ca\/#\/schema\/person\/c08381290b84c068e06ca5dc1f5a08a7"},"breadcrumb":{"@id":"https:\/\/santapola.es\/ca\/santa-pola-impulsa-la-digitalizacion-del-comercio-local\/#breadcrumb"},"inLanguage":"ca","potentialAction":[{"@type":"ReadAction","target":["https:\/\/santapola.es\/ca\/santa-pola-impulsa-la-digitalizacion-del-comercio-local\/"]}]},{"@type":"ImageObject","inLanguage":"ca","@id":"https:\/\/santapola.es\/ca\/santa-pola-impulsa-la-digitalizacion-del-comercio-local\/#primaryimage","url":"https:\/\/santapola.es\/wp-content\/uploads\/2022\/11\/WhatsApp-Image-2022-11-08-at-11.19.31-AM.jpeg","contentUrl":"https:\/\/santapola.es\/wp-content\/uploads\/2022\/11\/WhatsApp-Image-2022-11-08-at-11.19.31-AM.jpeg","width":2048,"height":1536},{"@type":"BreadcrumbList","@id":"https:\/\/santapola.es\/ca\/santa-pola-impulsa-la-digitalizacion-del-comercio-local\/#breadcrumb","itemListElement":[{"@type":"ListItem","position":1,"name":"Inici","item":"https:\/\/santapola.es\/ca\/"},{"@type":"ListItem","position":2,"name":"Santa Pola impulsa la digitalizaci\u00f3n del comercio local"}]},{"@type":"WebSite","@id":"https:\/\/santapola.es\/ca\/#website","url":"https:\/\/santapola.es\/ca\/","name":"Ayuntamiento de Santa Pola","description":"Web de l'Ajuntament de Santa Pola","potentialAction":[{"@type":"SearchAction","target":{"@type":"EntryPoint","urlTemplate":"https:\/\/santapola.es\/ca\/?s={search_term_string}"},"query-input":{"@type":"PropertyValueSpecification","valueRequired":true,"valueName":"search_term_string"}}],"inLanguage":"ca"},{"@type":"Person","@id":"https:\/\/santapola.es\/ca\/#\/schema\/person\/c08381290b84c068e06ca5dc1f5a08a7","name":"\u00c1rea Municipal Alcald\u00eda"}]}},"_links":{"self":[{"href":"https:\/\/santapola.es\/ca\/wp-json\/wp\/v2\/posts\/16729","targetHints":{"allow":["GET"]}}],"collection":[{"href":"https:\/\/santapola.es\/ca\/wp-json\/wp\/v2\/posts"}],"about":[{"href":"https:\/\/santapola.es\/ca\/wp-json\/wp\/v2\/types\/post"}],"author":[{"embeddable":true,"href":"https:\/\/santapola.es\/ca\/wp-json\/wp\/v2\/users\/75"}],"replies":[{"embeddable":true,"href":"https:\/\/santapola.es\/ca\/wp-json\/wp\/v2\/comments?post=16729"}],"version-history":[{"count":0,"href":"https:\/\/santapola.es\/ca\/wp-json\/wp\/v2\/posts\/16729\/revisions"}],"wp:featuredmedia":[{"embeddable":true,"href":"https:\/\/santapola.es\/ca\/wp-json\/wp\/v2\/media\/16730"}],"wp:attachment":[{"href":"https:\/\/santapola.es\/ca\/wp-json\/wp\/v2\/media?parent=16729"}],"wp:term":[{"taxonomy":"category","embeddable":true,"href":"https:\/\/santapola.es\/ca\/wp-json\/wp\/v2\/categories?post=16729"},{"taxonomy":"post_tag","embeddable":true,"href":"https:\/\/santapola.es\/ca\/wp-json\/wp\/v2\/tags?post=16729"}],"curies":[{"name":"wp","href":"https:\/\/api.w.org\/{rel}","templated":true}]}}