{"id":16701,"date":"2022-10-27T11:46:38","date_gmt":"2022-10-27T10:46:38","guid":{"rendered":"https:\/\/www.santapola.es\/?p=16701"},"modified":"2024-03-07T18:41:06","modified_gmt":"2024-03-07T17:41:06","slug":"programacion-cultura-noviembre","status":"publish","type":"post","link":"https:\/\/santapola.es\/ca\/programacion-cultura-noviembre\/","title":{"rendered":"Programaci\u00f3n Cultura Noviembre"},"content":{"rendered":"<p><strong>PROGRAMACI\u00d3N CASA DE CULTURA<\/strong><\/p>\n<p><strong><em>Noviembre 2022<\/em><\/strong><\/p>\n<p>&nbsp;<\/p>\n<p><strong><em>TEATRO<\/em><\/strong><\/p>\n<p><strong><em>\u00a0<\/em><\/strong><\/p>\n<p><strong>EL PERRO (MUTANTE) DEL HORTELANO<\/strong><\/p>\n<p><strong>Compa\u00f1<\/strong><strong>\u00eda Emma Lobo<\/strong><\/p>\n<p>Emma Lobo nos acerca a la famosa obra de Lope de Vega, combinando el mon\u00f3logo humor\u00edstico con la belleza del verso. A trav\u00e9s de la interpretaci\u00f3n de todos los personajes veremos las semejanzas a pesar del tiempo, de los avances tecnol\u00f3gicos y de la velocidad en la que nos movemos.<\/p>\n<p>&nbsp;<\/p>\n<p><strong><em>FESTIVAL PROVINCIAL DE LAS ARTES ESC\u00c9NICAS 2022<\/em><\/strong><\/p>\n<p><strong><em>Diputaci\u00f3n Provincial de Alicante<\/em><\/strong><\/p>\n<p><strong>\u00a0<\/strong><\/p>\n<p><strong>Jueves 3 de noviembre de 2022, 19.00h.<\/strong><\/p>\n<p><strong>Duraci\u00f3n:\u00a0 minutos<\/strong><\/p>\n<p><strong>Casa de Cultura<\/strong><\/p>\n<p><strong>P\u00fablico adulto<\/strong><\/p>\n<p><strong>\u00a0<\/strong><\/p>\n<p><strong>Entrada con invitaci\u00f3n en <\/strong><a href=\"http:\/\/www.culturadesarrollo.santapola.es\/\"><strong>www.culturadesarrollo.santapola.es<\/strong><\/a><\/p>\n<p>&nbsp;<\/p>\n<p><strong><em>\u00a0<\/em><\/strong><\/p>\n<p><strong><em>CIRCO<\/em><\/strong><\/p>\n<p><strong><em>\u00a0<\/em><\/strong><\/p>\n<p><strong>DESEMPOLSANT<\/strong><\/p>\n<p>Compa\u00f1\u00eda AICRAG<\/p>\n<p>&nbsp;<\/p>\n<p>Un enorme mont\u00f3n de trastos ser\u00e1 el causante del caos y la locura. Lo que empieza siendo una visita al trastero se convierte en un viaje en el tiempo que saca a la luz secretos olvidados entre recuerdos y monta\u00f1as de libros. A trav\u00e9s de acrobacias, equilibrio sobre manos, malabares, trapecio y un toque de humor Anetta ir\u00e1 desempolvando objetos para devolver a la vida o despedirse de ellos para siempre.<\/p>\n<p>&nbsp;<\/p>\n<p><strong><em>FESTIVAL PROVINCIAL DE LAS ARTES ESC\u00c9NICAS 2022<\/em><\/strong><\/p>\n<p><strong><em>Diputaci\u00f3n Provincial de Alicante<\/em><\/strong><\/p>\n<p><strong><em>\u00a0<\/em><\/strong><\/p>\n<p><strong>Viernes 4 de noviembre de 2022, 19.00h.<\/strong><\/p>\n<p><strong>Duraci\u00f3n: 50 minutos<\/strong><\/p>\n<p><strong>Casa de Cultura<\/strong><\/p>\n<p><strong>P\u00fablico familiar (+5 a\u00f1os)<\/strong><\/p>\n<p><strong>\u00a0<\/strong><\/p>\n<p><strong>Entrada con invitaci\u00f3n en <\/strong><a href=\"http:\/\/www.culturadesarrollo.santapola.es\/\"><strong>www.culturadesarrollo.santapola.es<\/strong><\/a><\/p>\n<p><strong>\u00a0<\/strong><\/p>\n<p><strong><em>X CERTAMEN AUTON\u00d3MICO DE CORTOMETRAJES SANTA POLA 2022<\/em><\/strong><\/p>\n<p><strong><em>\u00a0<\/em><\/strong><\/p>\n<p><strong>PROYECCI\u00d3N DE CORTOS SELECCIONADOS<\/strong><\/p>\n<p><strong>Jueves 10 de noviembre de 2022, 19:00h<\/strong><\/p>\n<p><strong>\u00a0<\/strong><\/p>\n<p><strong>GALA ENTREGA DE PREMIOS. ACTUACI\u00d3N DE CLOWNDESTINO TEATRO<\/strong><\/p>\n<p><strong>\u00a0<\/strong><\/p>\n<p><strong>Viernes 11 de noviembre de 2022, 20.00h.<\/strong><\/p>\n<p><strong>Casa de Cultura<\/strong><\/p>\n<p><strong>P\u00fablico joven y adulto<\/strong><\/p>\n<p><strong>\u00a0<\/strong><\/p>\n<p><strong>Entrada Gratuita<\/strong><\/p>\n<p><strong><em>TEATRO<\/em><\/strong><\/p>\n<p><strong><em>\u00a0<\/em><\/strong><\/p>\n<p><strong>NORA CASA DE MU\u00d1ECAS DE HENRIK IBSEN<\/strong><\/p>\n<p><strong>Melpomene Teatro<\/strong><\/p>\n<p><strong>\u00a0<\/strong><\/p>\n<p>Desde ni\u00f1a, Nora siempre ha estado sometida a la voluntad de los hombres que la han rodeado. Por eso, para ella, ser la mu\u00f1eca con la que juega su marido H\u00e9ctor es lo m\u00e1s normal del mundo. Pero la visita inesperada de su amiga Cristina, la enfermedad del mejor amigo de la familia, el Dr. Ramos, y la revelaci\u00f3n de algo secreto, provocar\u00e1n que Nora de que no puede seguir viviendo dentro de una casa de mu\u00f1ecas<\/p>\n<p>&nbsp;<\/p>\n<p><strong><em>Diputaci\u00f3n Provincial de Alicante<\/em><\/strong><\/p>\n<p><strong>\u00a0<\/strong><\/p>\n<p><strong>S\u00e1bado 12 de noviembre de 2022, 19.00h.<\/strong><\/p>\n<p><strong>Duraci\u00f3n:\u00a0 90 minutos<\/strong><\/p>\n<p><strong>Casa de Cultura<\/strong><\/p>\n<p><strong>P\u00fablico joven y adulto<\/strong><\/p>\n<p><strong>\u00a0<\/strong><\/p>\n<p><strong>Entrada Gratuita<\/strong><\/p>\n<p>&nbsp;<\/p>\n<p><strong><em>GALA\u00a0 SANTAPOLEROS IMPORTANTES<\/em><\/strong><\/p>\n<p><strong><em>Actuaci\u00f3n Caricia Musical<\/em><\/strong><\/p>\n<p><strong><em>\u00a0<\/em><\/strong><\/p>\n<p><strong><em>Organiza Asociaci\u00f3n HobbyArt<\/em><\/strong><\/p>\n<p><strong>\u00a0<\/strong><\/p>\n<p><strong>Viernes 18 de noviembre de 2022, 20.30h.<\/strong><\/p>\n<p><strong>Casa de Cultura<\/strong><\/p>\n<p><strong>P\u00fablico adulto<\/strong><\/p>\n<p><strong>\u00a0<\/strong><\/p>\n<p><strong>Entrada con invitaci\u00f3n. Reparto en Casa de Cultura desde 17 de noviembre a las 10:00h<\/strong><\/p>\n<p>&nbsp;<\/p>\n<p><strong><em>EXPOSICI\u00d3N<\/em><\/strong><\/p>\n<p><strong>\u00a0<\/strong><\/p>\n<p><strong><em>TALLER ARTE EN EL MUSEO. ARTE PARTICIPATIVO <\/em><\/strong><\/p>\n<p><strong><em>\u00a0<\/em><\/strong><\/p>\n<p><strong>Mi\u00e9rcoles 23 de noviembre de 2022, 19.00h.<\/strong><\/p>\n<p><strong>Casa de Cultura<\/strong><\/p>\n<p><strong>\u00a0<\/strong><\/p>\n<p><strong>Entrada Gratuita<\/strong><\/p>\n<p>&nbsp;<\/p>\n<p><strong><em>M\u00daSICA<\/em><\/strong><\/p>\n<p><strong><em>\u00a0<\/em><\/strong><\/p>\n<p><strong>AMAZONIANS<\/strong><\/p>\n<p>Grupo emergente de Reggae Roots integrado por 4 mujeres que se inspiran y apoyan\u00a0 en los riddins cl\u00e1sicos de Jamaica para crear sus composiciones, reivindicando el papel de la mujer en la creaci\u00f3n y producci\u00f3n musical.<\/p>\n<p>&nbsp;<\/p>\n<p><strong>CIRCUIT CULTURAL VALENCI\u00c0<\/strong><\/p>\n<p><strong><em>\u00a0<\/em><\/strong><\/p>\n<p><strong>Viernes 25 de noviembre de 2022, 20.00h.<\/strong><\/p>\n<p><strong>Duraci\u00f3n:\u00a0 minutos<\/strong><\/p>\n<p><strong>Casa de Cultura<\/strong><\/p>\n<p><strong>P\u00fablico adulto<\/strong><\/p>\n<p><strong>\u00a0<\/strong><\/p>\n<p><strong>Entrada Gratuita<\/strong><\/p>\n<p><strong>\u00a0<\/strong><\/p>\n<p><strong> <img loading=\"lazy\" decoding=\"async\" class=\"aligncenter size-large wp-image-16702\" src=\"https:\/\/santapola.es\/wp-content\/uploads\/2022\/10\/programa_casadecultura_santapola_noviembre2022-1-819x1024.png\" alt=\"\" width=\"819\" height=\"1024\" srcset=\"https:\/\/santapola.es\/wp-content\/uploads\/2022\/10\/programa_casadecultura_santapola_noviembre2022-1-819x1024.png 819w, https:\/\/santapola.es\/wp-content\/uploads\/2022\/10\/programa_casadecultura_santapola_noviembre2022-1-240x300.png 240w, https:\/\/santapola.es\/wp-content\/uploads\/2022\/10\/programa_casadecultura_santapola_noviembre2022-1-768x960.png 768w, https:\/\/santapola.es\/wp-content\/uploads\/2022\/10\/programa_casadecultura_santapola_noviembre2022-1-610x763.png 610w, https:\/\/santapola.es\/wp-content\/uploads\/2022\/10\/programa_casadecultura_santapola_noviembre2022-1.png 1080w\" sizes=\"(max-width: 819px) 100vw, 819px\" \/><\/strong><\/p>\n<p>&nbsp;<\/p>\n","protected":false},"excerpt":{"rendered":"<p>PROGRAMACI\u00d3N CASA DE CULTURA Noviembre 2022 &nbsp; TEATRO \u00a0 EL PERRO (MUTANTE) DEL HORTELANO Compa\u00f1\u00eda Emma Lobo Emma Lobo nos acerca a la famosa obra de Lope de Vega, combinando el mon\u00f3logo humor\u00edstico con la belleza del verso. A trav\u00e9s de la interpretaci\u00f3n de todos los personajes veremos las semejanzas a pesar del tiempo, de [&hellip;]<\/p>\n","protected":false},"author":75,"featured_media":16703,"comment_status":"closed","ping_status":"closed","sticky":false,"template":"","format":"standard","meta":{"_et_pb_use_builder":"","_et_pb_old_content":"","_et_gb_content_width":"","footnotes":""},"categories":[51,66],"tags":[],"class_list":["post-16701","post","type-post","status-publish","format-standard","has-post-thumbnail","hentry","category-cultura-fiestas","category-inicio"],"yoast_head":"<!-- This site is optimized with the Yoast SEO plugin v27.4 - https:\/\/yoast.com\/product\/yoast-seo-wordpress\/ -->\n<title>Programaci\u00f3n Cultura Noviembre - Ajuntament de Santa Pola<\/title>\n<meta name=\"robots\" content=\"index, follow, max-snippet:-1, max-image-preview:large, max-video-preview:-1\" \/>\n<link rel=\"canonical\" href=\"https:\/\/santapola.es\/ca\/programacion-cultura-noviembre\/\" \/>\n<meta property=\"og:locale\" content=\"ca_ES\" \/>\n<meta property=\"og:type\" content=\"article\" \/>\n<meta property=\"og:title\" content=\"Programaci\u00f3n Cultura Noviembre - Ajuntament de Santa Pola\" \/>\n<meta property=\"og:description\" content=\"PROGRAMACI\u00d3N CASA DE CULTURA Noviembre 2022 &nbsp; TEATRO \u00a0 EL PERRO (MUTANTE) DEL HORTELANO Compa\u00f1\u00eda Emma Lobo Emma Lobo nos acerca a la famosa obra de Lope de Vega, combinando el mon\u00f3logo humor\u00edstico con la belleza del verso. A trav\u00e9s de la interpretaci\u00f3n de todos los personajes veremos las semejanzas a pesar del tiempo, de [&hellip;]\" \/>\n<meta property=\"og:url\" content=\"https:\/\/santapola.es\/ca\/programacion-cultura-noviembre\/\" \/>\n<meta property=\"og:site_name\" content=\"Ajuntament de Santa Pola\" \/>\n<meta property=\"article:publisher\" content=\"https:\/\/www.facebook.com\/AyuntamientoSantaPola\/\" \/>\n<meta property=\"article:published_time\" content=\"2022-10-27T10:46:38+00:00\" \/>\n<meta property=\"article:modified_time\" content=\"2024-03-07T17:41:06+00:00\" \/>\n<meta property=\"og:image\" content=\"https:\/\/santapola.es\/wp-content\/uploads\/2022\/10\/programa_casadecultura_santapola_noviembre2022-1-1.png\" \/>\n\t<meta property=\"og:image:width\" content=\"1080\" \/>\n\t<meta property=\"og:image:height\" content=\"1350\" \/>\n\t<meta property=\"og:image:type\" content=\"image\/png\" \/>\n<meta name=\"author\" content=\"\u00c1rea Municipal Alcald\u00eda\" \/>\n<meta name=\"twitter:card\" content=\"summary_large_image\" \/>\n<meta name=\"twitter:creator\" content=\"@SantaPolaAyunt\" \/>\n<meta name=\"twitter:site\" content=\"@SantaPolaAyunt\" \/>\n<script type=\"application\/ld+json\" class=\"yoast-schema-graph\">{\"@context\":\"https:\\\/\\\/schema.org\",\"@graph\":[{\"@type\":\"Article\",\"@id\":\"https:\\\/\\\/santapola.es\\\/ca\\\/programacion-cultura-noviembre\\\/#article\",\"isPartOf\":{\"@id\":\"https:\\\/\\\/santapola.es\\\/ca\\\/programacion-cultura-noviembre\\\/\"},\"author\":{\"name\":\"\u00c1rea Municipal Alcald\u00eda\",\"@id\":\"https:\\\/\\\/santapola.es\\\/ca\\\/#\\\/schema\\\/person\\\/c08381290b84c068e06ca5dc1f5a08a7\"},\"headline\":\"Programaci\u00f3n Cultura Noviembre\",\"datePublished\":\"2022-10-27T10:46:38+00:00\",\"dateModified\":\"2024-03-07T17:41:06+00:00\",\"mainEntityOfPage\":{\"@id\":\"https:\\\/\\\/santapola.es\\\/ca\\\/programacion-cultura-noviembre\\\/\"},\"wordCount\":515,\"image\":{\"@id\":\"https:\\\/\\\/santapola.es\\\/ca\\\/programacion-cultura-noviembre\\\/#primaryimage\"},\"thumbnailUrl\":\"https:\\\/\\\/santapola.es\\\/wp-content\\\/uploads\\\/2022\\\/10\\\/programa_casadecultura_santapola_noviembre2022-1-1.png\",\"articleSection\":[\"Cultura\\\/ Fiestas\",\"Inicio\"],\"inLanguage\":\"ca\"},{\"@type\":\"WebPage\",\"@id\":\"https:\\\/\\\/santapola.es\\\/ca\\\/programacion-cultura-noviembre\\\/\",\"url\":\"https:\\\/\\\/santapola.es\\\/ca\\\/programacion-cultura-noviembre\\\/\",\"name\":\"Programaci\u00f3n Cultura Noviembre - Ajuntament de Santa Pola\",\"isPartOf\":{\"@id\":\"https:\\\/\\\/santapola.es\\\/ca\\\/#website\"},\"primaryImageOfPage\":{\"@id\":\"https:\\\/\\\/santapola.es\\\/ca\\\/programacion-cultura-noviembre\\\/#primaryimage\"},\"image\":{\"@id\":\"https:\\\/\\\/santapola.es\\\/ca\\\/programacion-cultura-noviembre\\\/#primaryimage\"},\"thumbnailUrl\":\"https:\\\/\\\/santapola.es\\\/wp-content\\\/uploads\\\/2022\\\/10\\\/programa_casadecultura_santapola_noviembre2022-1-1.png\",\"datePublished\":\"2022-10-27T10:46:38+00:00\",\"dateModified\":\"2024-03-07T17:41:06+00:00\",\"author\":{\"@id\":\"https:\\\/\\\/santapola.es\\\/ca\\\/#\\\/schema\\\/person\\\/c08381290b84c068e06ca5dc1f5a08a7\"},\"breadcrumb\":{\"@id\":\"https:\\\/\\\/santapola.es\\\/ca\\\/programacion-cultura-noviembre\\\/#breadcrumb\"},\"inLanguage\":\"ca\",\"potentialAction\":[{\"@type\":\"ReadAction\",\"target\":[\"https:\\\/\\\/santapola.es\\\/ca\\\/programacion-cultura-noviembre\\\/\"]}]},{\"@type\":\"ImageObject\",\"inLanguage\":\"ca\",\"@id\":\"https:\\\/\\\/santapola.es\\\/ca\\\/programacion-cultura-noviembre\\\/#primaryimage\",\"url\":\"https:\\\/\\\/santapola.es\\\/wp-content\\\/uploads\\\/2022\\\/10\\\/programa_casadecultura_santapola_noviembre2022-1-1.png\",\"contentUrl\":\"https:\\\/\\\/santapola.es\\\/wp-content\\\/uploads\\\/2022\\\/10\\\/programa_casadecultura_santapola_noviembre2022-1-1.png\",\"width\":1080,\"height\":1350},{\"@type\":\"BreadcrumbList\",\"@id\":\"https:\\\/\\\/santapola.es\\\/ca\\\/programacion-cultura-noviembre\\\/#breadcrumb\",\"itemListElement\":[{\"@type\":\"ListItem\",\"position\":1,\"name\":\"Inici\",\"item\":\"https:\\\/\\\/santapola.es\\\/ca\\\/\"},{\"@type\":\"ListItem\",\"position\":2,\"name\":\"Programaci\u00f3n Cultura Noviembre\"}]},{\"@type\":\"WebSite\",\"@id\":\"https:\\\/\\\/santapola.es\\\/ca\\\/#website\",\"url\":\"https:\\\/\\\/santapola.es\\\/ca\\\/\",\"name\":\"Ayuntamiento de Santa Pola\",\"description\":\"Web de l'Ajuntament de Santa Pola\",\"potentialAction\":[{\"@type\":\"SearchAction\",\"target\":{\"@type\":\"EntryPoint\",\"urlTemplate\":\"https:\\\/\\\/santapola.es\\\/ca\\\/?s={search_term_string}\"},\"query-input\":{\"@type\":\"PropertyValueSpecification\",\"valueRequired\":true,\"valueName\":\"search_term_string\"}}],\"inLanguage\":\"ca\"},{\"@type\":\"Person\",\"@id\":\"https:\\\/\\\/santapola.es\\\/ca\\\/#\\\/schema\\\/person\\\/c08381290b84c068e06ca5dc1f5a08a7\",\"name\":\"\u00c1rea Municipal Alcald\u00eda\"}]}<\/script>\n<!-- \/ Yoast SEO plugin. -->","yoast_head_json":{"title":"Programaci\u00f3n Cultura Noviembre - Ajuntament de Santa Pola","robots":{"index":"index","follow":"follow","max-snippet":"max-snippet:-1","max-image-preview":"max-image-preview:large","max-video-preview":"max-video-preview:-1"},"canonical":"https:\/\/santapola.es\/ca\/programacion-cultura-noviembre\/","og_locale":"ca_ES","og_type":"article","og_title":"Programaci\u00f3n Cultura Noviembre - Ajuntament de Santa Pola","og_description":"PROGRAMACI\u00d3N CASA DE CULTURA Noviembre 2022 &nbsp; TEATRO \u00a0 EL PERRO (MUTANTE) DEL HORTELANO Compa\u00f1\u00eda Emma Lobo Emma Lobo nos acerca a la famosa obra de Lope de Vega, combinando el mon\u00f3logo humor\u00edstico con la belleza del verso. A trav\u00e9s de la interpretaci\u00f3n de todos los personajes veremos las semejanzas a pesar del tiempo, de [&hellip;]","og_url":"https:\/\/santapola.es\/ca\/programacion-cultura-noviembre\/","og_site_name":"Ajuntament de Santa Pola","article_publisher":"https:\/\/www.facebook.com\/AyuntamientoSantaPola\/","article_published_time":"2022-10-27T10:46:38+00:00","article_modified_time":"2024-03-07T17:41:06+00:00","og_image":[{"width":1080,"height":1350,"url":"https:\/\/santapola.es\/wp-content\/uploads\/2022\/10\/programa_casadecultura_santapola_noviembre2022-1-1.png","type":"image\/png"}],"author":"\u00c1rea Municipal Alcald\u00eda","twitter_card":"summary_large_image","twitter_creator":"@SantaPolaAyunt","twitter_site":"@SantaPolaAyunt","schema":{"@context":"https:\/\/schema.org","@graph":[{"@type":"Article","@id":"https:\/\/santapola.es\/ca\/programacion-cultura-noviembre\/#article","isPartOf":{"@id":"https:\/\/santapola.es\/ca\/programacion-cultura-noviembre\/"},"author":{"name":"\u00c1rea Municipal Alcald\u00eda","@id":"https:\/\/santapola.es\/ca\/#\/schema\/person\/c08381290b84c068e06ca5dc1f5a08a7"},"headline":"Programaci\u00f3n Cultura Noviembre","datePublished":"2022-10-27T10:46:38+00:00","dateModified":"2024-03-07T17:41:06+00:00","mainEntityOfPage":{"@id":"https:\/\/santapola.es\/ca\/programacion-cultura-noviembre\/"},"wordCount":515,"image":{"@id":"https:\/\/santapola.es\/ca\/programacion-cultura-noviembre\/#primaryimage"},"thumbnailUrl":"https:\/\/santapola.es\/wp-content\/uploads\/2022\/10\/programa_casadecultura_santapola_noviembre2022-1-1.png","articleSection":["Cultura\/ Fiestas","Inicio"],"inLanguage":"ca"},{"@type":"WebPage","@id":"https:\/\/santapola.es\/ca\/programacion-cultura-noviembre\/","url":"https:\/\/santapola.es\/ca\/programacion-cultura-noviembre\/","name":"Programaci\u00f3n Cultura Noviembre - Ajuntament de Santa Pola","isPartOf":{"@id":"https:\/\/santapola.es\/ca\/#website"},"primaryImageOfPage":{"@id":"https:\/\/santapola.es\/ca\/programacion-cultura-noviembre\/#primaryimage"},"image":{"@id":"https:\/\/santapola.es\/ca\/programacion-cultura-noviembre\/#primaryimage"},"thumbnailUrl":"https:\/\/santapola.es\/wp-content\/uploads\/2022\/10\/programa_casadecultura_santapola_noviembre2022-1-1.png","datePublished":"2022-10-27T10:46:38+00:00","dateModified":"2024-03-07T17:41:06+00:00","author":{"@id":"https:\/\/santapola.es\/ca\/#\/schema\/person\/c08381290b84c068e06ca5dc1f5a08a7"},"breadcrumb":{"@id":"https:\/\/santapola.es\/ca\/programacion-cultura-noviembre\/#breadcrumb"},"inLanguage":"ca","potentialAction":[{"@type":"ReadAction","target":["https:\/\/santapola.es\/ca\/programacion-cultura-noviembre\/"]}]},{"@type":"ImageObject","inLanguage":"ca","@id":"https:\/\/santapola.es\/ca\/programacion-cultura-noviembre\/#primaryimage","url":"https:\/\/santapola.es\/wp-content\/uploads\/2022\/10\/programa_casadecultura_santapola_noviembre2022-1-1.png","contentUrl":"https:\/\/santapola.es\/wp-content\/uploads\/2022\/10\/programa_casadecultura_santapola_noviembre2022-1-1.png","width":1080,"height":1350},{"@type":"BreadcrumbList","@id":"https:\/\/santapola.es\/ca\/programacion-cultura-noviembre\/#breadcrumb","itemListElement":[{"@type":"ListItem","position":1,"name":"Inici","item":"https:\/\/santapola.es\/ca\/"},{"@type":"ListItem","position":2,"name":"Programaci\u00f3n Cultura Noviembre"}]},{"@type":"WebSite","@id":"https:\/\/santapola.es\/ca\/#website","url":"https:\/\/santapola.es\/ca\/","name":"Ayuntamiento de Santa Pola","description":"Web de l'Ajuntament de Santa Pola","potentialAction":[{"@type":"SearchAction","target":{"@type":"EntryPoint","urlTemplate":"https:\/\/santapola.es\/ca\/?s={search_term_string}"},"query-input":{"@type":"PropertyValueSpecification","valueRequired":true,"valueName":"search_term_string"}}],"inLanguage":"ca"},{"@type":"Person","@id":"https:\/\/santapola.es\/ca\/#\/schema\/person\/c08381290b84c068e06ca5dc1f5a08a7","name":"\u00c1rea Municipal Alcald\u00eda"}]}},"_links":{"self":[{"href":"https:\/\/santapola.es\/ca\/wp-json\/wp\/v2\/posts\/16701","targetHints":{"allow":["GET"]}}],"collection":[{"href":"https:\/\/santapola.es\/ca\/wp-json\/wp\/v2\/posts"}],"about":[{"href":"https:\/\/santapola.es\/ca\/wp-json\/wp\/v2\/types\/post"}],"author":[{"embeddable":true,"href":"https:\/\/santapola.es\/ca\/wp-json\/wp\/v2\/users\/75"}],"replies":[{"embeddable":true,"href":"https:\/\/santapola.es\/ca\/wp-json\/wp\/v2\/comments?post=16701"}],"version-history":[{"count":0,"href":"https:\/\/santapola.es\/ca\/wp-json\/wp\/v2\/posts\/16701\/revisions"}],"wp:featuredmedia":[{"embeddable":true,"href":"https:\/\/santapola.es\/ca\/wp-json\/wp\/v2\/media\/16703"}],"wp:attachment":[{"href":"https:\/\/santapola.es\/ca\/wp-json\/wp\/v2\/media?parent=16701"}],"wp:term":[{"taxonomy":"category","embeddable":true,"href":"https:\/\/santapola.es\/ca\/wp-json\/wp\/v2\/categories?post=16701"},{"taxonomy":"post_tag","embeddable":true,"href":"https:\/\/santapola.es\/ca\/wp-json\/wp\/v2\/tags?post=16701"}],"curies":[{"name":"wp","href":"https:\/\/api.w.org\/{rel}","templated":true}]}}