{"id":16695,"date":"2022-10-27T10:39:34","date_gmt":"2022-10-27T09:39:34","guid":{"rendered":"https:\/\/www.santapola.es\/?p=16695"},"modified":"2024-05-22T13:22:51","modified_gmt":"2024-05-22T11:22:51","slug":"el-ayuntamiento-de-santa-pola-se-posiciona-entre-los-mas-transparentes-de-la-comunitat-valenciana","status":"publish","type":"post","link":"https:\/\/santapola.es\/ca\/el-ayuntamiento-de-santa-pola-se-posiciona-entre-los-mas-transparentes-de-la-comunitat-valenciana\/","title":{"rendered":"El Ayuntamiento de Santa Pola se posiciona entre los m\u00e1s transparentes de la Comunitat Valenciana"},"content":{"rendered":"<ul>\n<li><u>Santa Pola es la tercera localidad m\u00e1s trasparente de la Comunidad Valenciana y la segunda de la provincia.<\/u><\/li>\n<\/ul>\n<p>&nbsp;<\/p>\n<p>Desde la Concejal\u00eda de Modernizaci\u00f3n, Administraci\u00f3n Electr\u00f3nica y Transparencia del Ayuntamiento de Santa Pola en colaboraci\u00f3n con el resto de \u00e1reas municipales, se ha puesto a disposici\u00f3n de la ciudadan\u00eda el nuevo portal municipal de transparencia y visor presupuestario. Ir al <a href=\"https:\/\/gobiernoabierto.santapola.es\/t\" target=\"_blank\" rel=\"noopener\">Portal de transparencia<\/a><\/p>\n<p>Con la publicaci\u00f3n de ambas herramientas se ha conseguido aumentar la cantidad de la informaci\u00f3n publicada y mostrar de una <strong>forma clara, amigable y comprensible para la ciudadan\u00eda toda la informaci\u00f3n<\/strong> de que se dispone. Se organiza en trece categor\u00edas de informaci\u00f3n que integran las obligaciones del marco legal de publicidad activa y los indicadores de las principales metodolog\u00edas de transparencia: Institucional, Organizativa, Cargos electos y Personal de libre designaci\u00f3n, Personal, Planificaci\u00f3n, Normativa y Relevancia Jur\u00eddica, Patrimonio, Servicios a la ciudadan\u00eda, Participaci\u00f3n ciudadana, Econ\u00f3mico Financiera, Contratos, Convenios, Encomiendas y subvenciones, y, por \u00faltimo Obras p\u00fablicas, Urbanismo y Medio Ambiente.<\/p>\n<p>Durante los \u00faltimos meses el Ayuntamiento, en colaboraci\u00f3n con la empresa Dynamic Opengov Technologies ha trabajado la identificaci\u00f3n y gesti\u00f3n de la informaci\u00f3n de acuerdo con la Ley 1\/2022 de la Generalitat, de Transparencia y Buen Gobierno de la Comunitat Valenciana y la Ley 19\/2013, de 9 de diciembre, de transparencia, acceso a la informaci\u00f3n p\u00fablica y buen gobierno, y con los indicadores de las principales metodolog\u00edas de Transparencia: Transparencia Internacional, Mapa Infoparticipa y el \u00cdndice Din\u00e1mico de Transparencia (DYNTRA).<\/p>\n<p>El concejal de Transparencia, Jos\u00e9 Pedro Mart\u00ednez se\u00f1ala que \u201cactualmente y con el lanzamiento de este nuevo portal, se cumple con la\u00a0 \u00a0inmensa mayor\u00eda de los \u00edtems exigidos, concretamente, 124 de 162 indicadores del \u00edndice, el Ayuntamiento de Santa Pola cumple el 76,54%. Antes de su publicaci\u00f3n, cumpl\u00eda con el 32,72% de los indicadores. El Portal nace con vocaci\u00f3n de convertirse en una herramienta de uso cotidiano por parte de ciudadanos, colectivos y entidades. Adem\u00e1s de permitir el acceso a la publicidad activa y pasiva desde una sola plataforma, facilita la visualizaci\u00f3n de datos con la incorporaci\u00f3n de gr\u00e1ficos, adem\u00e1s de permitir la reutilizaci\u00f3n de los datos\u201d.<\/p>\n<p>Este proyecto ha sido financiado por el servicio de Transparencia de la Diputaci\u00f3n Provincial de Alicante y por la Generalitat Valenciana, Conselleria de participaci\u00f3n, transparencia, cooperaci\u00f3n y calidad democr\u00e1tica.<\/p>\n<p>El portal y la consultor\u00eda han sido desarrolladas por la empresa Dynamic Opengov Technologies, consultora tecnol\u00f3gica experta en herramientas de Gobierno Abierto.<\/p>\n<p>&nbsp;<\/p>\n<p>&nbsp;<\/p>\n","protected":false},"excerpt":{"rendered":"<p>Santa Pola es la tercera localidad m\u00e1s trasparente de la Comunidad Valenciana y la segunda de la provincia. &nbsp; Desde la Concejal\u00eda de Modernizaci\u00f3n, Administraci\u00f3n Electr\u00f3nica y Transparencia del Ayuntamiento de Santa Pola en colaboraci\u00f3n con el resto de \u00e1reas municipales, se ha puesto a disposici\u00f3n de la ciudadan\u00eda el nuevo portal municipal de transparencia [&hellip;]<\/p>\n","protected":false},"author":75,"featured_media":16696,"comment_status":"closed","ping_status":"closed","sticky":false,"template":"","format":"standard","meta":{"_et_pb_use_builder":"","_et_pb_old_content":"","_et_gb_content_width":"","footnotes":""},"categories":[61,66,63],"tags":[],"class_list":["post-16695","post","type-post","status-publish","format-standard","has-post-thumbnail","hentry","category-alcaldia","category-inicio","category-participacion-ciudadana-transparencia"],"yoast_head":"<!-- This site is optimized with the Yoast SEO plugin v27.4 - https:\/\/yoast.com\/product\/yoast-seo-wordpress\/ -->\n<title>El Ayuntamiento de Santa Pola se posiciona entre los m\u00e1s transparentes de la Comunitat Valenciana - Ajuntament de Santa Pola<\/title>\n<meta name=\"robots\" content=\"index, follow, max-snippet:-1, max-image-preview:large, max-video-preview:-1\" \/>\n<link rel=\"canonical\" href=\"https:\/\/santapola.es\/ca\/el-ayuntamiento-de-santa-pola-se-posiciona-entre-los-mas-transparentes-de-la-comunitat-valenciana\/\" \/>\n<meta property=\"og:locale\" content=\"ca_ES\" \/>\n<meta property=\"og:type\" content=\"article\" \/>\n<meta property=\"og:title\" content=\"El Ayuntamiento de Santa Pola se posiciona entre los m\u00e1s transparentes de la Comunitat Valenciana - Ajuntament de Santa Pola\" \/>\n<meta property=\"og:description\" content=\"Santa Pola es la tercera localidad m\u00e1s trasparente de la Comunidad Valenciana y la segunda de la provincia. &nbsp; Desde la Concejal\u00eda de Modernizaci\u00f3n, Administraci\u00f3n Electr\u00f3nica y Transparencia del Ayuntamiento de Santa Pola en colaboraci\u00f3n con el resto de \u00e1reas municipales, se ha puesto a disposici\u00f3n de la ciudadan\u00eda el nuevo portal municipal de transparencia [&hellip;]\" \/>\n<meta property=\"og:url\" content=\"https:\/\/santapola.es\/ca\/el-ayuntamiento-de-santa-pola-se-posiciona-entre-los-mas-transparentes-de-la-comunitat-valenciana\/\" \/>\n<meta property=\"og:site_name\" content=\"Ajuntament de Santa Pola\" \/>\n<meta property=\"article:publisher\" content=\"https:\/\/www.facebook.com\/AyuntamientoSantaPola\/\" \/>\n<meta property=\"article:published_time\" content=\"2022-10-27T09:39:34+00:00\" \/>\n<meta property=\"article:modified_time\" content=\"2024-05-22T11:22:51+00:00\" \/>\n<meta property=\"og:image\" content=\"https:\/\/santapola.es\/wp-content\/uploads\/2022\/10\/03-09-18-AYTO-2.jpg\" \/>\n\t<meta property=\"og:image:width\" content=\"3000\" \/>\n\t<meta property=\"og:image:height\" content=\"1875\" \/>\n\t<meta property=\"og:image:type\" content=\"image\/jpeg\" \/>\n<meta name=\"author\" content=\"\u00c1rea Municipal Alcald\u00eda\" \/>\n<meta name=\"twitter:card\" content=\"summary_large_image\" \/>\n<meta name=\"twitter:creator\" content=\"@SantaPolaAyunt\" \/>\n<meta name=\"twitter:site\" content=\"@SantaPolaAyunt\" \/>\n<script type=\"application\/ld+json\" class=\"yoast-schema-graph\">{\"@context\":\"https:\\\/\\\/schema.org\",\"@graph\":[{\"@type\":\"Article\",\"@id\":\"https:\\\/\\\/santapola.es\\\/ca\\\/el-ayuntamiento-de-santa-pola-se-posiciona-entre-los-mas-transparentes-de-la-comunitat-valenciana\\\/#article\",\"isPartOf\":{\"@id\":\"https:\\\/\\\/santapola.es\\\/ca\\\/el-ayuntamiento-de-santa-pola-se-posiciona-entre-los-mas-transparentes-de-la-comunitat-valenciana\\\/\"},\"author\":{\"name\":\"\u00c1rea Municipal Alcald\u00eda\",\"@id\":\"https:\\\/\\\/santapola.es\\\/ca\\\/#\\\/schema\\\/person\\\/c08381290b84c068e06ca5dc1f5a08a7\"},\"headline\":\"El Ayuntamiento de Santa Pola se posiciona entre los m\u00e1s transparentes de la Comunitat Valenciana\",\"datePublished\":\"2022-10-27T09:39:34+00:00\",\"dateModified\":\"2024-05-22T11:22:51+00:00\",\"mainEntityOfPage\":{\"@id\":\"https:\\\/\\\/santapola.es\\\/ca\\\/el-ayuntamiento-de-santa-pola-se-posiciona-entre-los-mas-transparentes-de-la-comunitat-valenciana\\\/\"},\"wordCount\":459,\"image\":{\"@id\":\"https:\\\/\\\/santapola.es\\\/ca\\\/el-ayuntamiento-de-santa-pola-se-posiciona-entre-los-mas-transparentes-de-la-comunitat-valenciana\\\/#primaryimage\"},\"thumbnailUrl\":\"https:\\\/\\\/santapola.es\\\/wp-content\\\/uploads\\\/2022\\\/10\\\/03-09-18-AYTO-2.jpg\",\"articleSection\":[\"Alcald\u00eda\",\"Inicio\",\"Participaci\u00f3n Ciudadana \\\/ Transparencia\"],\"inLanguage\":\"ca\"},{\"@type\":\"WebPage\",\"@id\":\"https:\\\/\\\/santapola.es\\\/ca\\\/el-ayuntamiento-de-santa-pola-se-posiciona-entre-los-mas-transparentes-de-la-comunitat-valenciana\\\/\",\"url\":\"https:\\\/\\\/santapola.es\\\/ca\\\/el-ayuntamiento-de-santa-pola-se-posiciona-entre-los-mas-transparentes-de-la-comunitat-valenciana\\\/\",\"name\":\"El Ayuntamiento de Santa Pola se posiciona entre los m\u00e1s transparentes de la Comunitat Valenciana - Ajuntament de Santa Pola\",\"isPartOf\":{\"@id\":\"https:\\\/\\\/santapola.es\\\/ca\\\/#website\"},\"primaryImageOfPage\":{\"@id\":\"https:\\\/\\\/santapola.es\\\/ca\\\/el-ayuntamiento-de-santa-pola-se-posiciona-entre-los-mas-transparentes-de-la-comunitat-valenciana\\\/#primaryimage\"},\"image\":{\"@id\":\"https:\\\/\\\/santapola.es\\\/ca\\\/el-ayuntamiento-de-santa-pola-se-posiciona-entre-los-mas-transparentes-de-la-comunitat-valenciana\\\/#primaryimage\"},\"thumbnailUrl\":\"https:\\\/\\\/santapola.es\\\/wp-content\\\/uploads\\\/2022\\\/10\\\/03-09-18-AYTO-2.jpg\",\"datePublished\":\"2022-10-27T09:39:34+00:00\",\"dateModified\":\"2024-05-22T11:22:51+00:00\",\"author\":{\"@id\":\"https:\\\/\\\/santapola.es\\\/ca\\\/#\\\/schema\\\/person\\\/c08381290b84c068e06ca5dc1f5a08a7\"},\"breadcrumb\":{\"@id\":\"https:\\\/\\\/santapola.es\\\/ca\\\/el-ayuntamiento-de-santa-pola-se-posiciona-entre-los-mas-transparentes-de-la-comunitat-valenciana\\\/#breadcrumb\"},\"inLanguage\":\"ca\",\"potentialAction\":[{\"@type\":\"ReadAction\",\"target\":[\"https:\\\/\\\/santapola.es\\\/ca\\\/el-ayuntamiento-de-santa-pola-se-posiciona-entre-los-mas-transparentes-de-la-comunitat-valenciana\\\/\"]}]},{\"@type\":\"ImageObject\",\"inLanguage\":\"ca\",\"@id\":\"https:\\\/\\\/santapola.es\\\/ca\\\/el-ayuntamiento-de-santa-pola-se-posiciona-entre-los-mas-transparentes-de-la-comunitat-valenciana\\\/#primaryimage\",\"url\":\"https:\\\/\\\/santapola.es\\\/wp-content\\\/uploads\\\/2022\\\/10\\\/03-09-18-AYTO-2.jpg\",\"contentUrl\":\"https:\\\/\\\/santapola.es\\\/wp-content\\\/uploads\\\/2022\\\/10\\\/03-09-18-AYTO-2.jpg\",\"width\":3000,\"height\":1875},{\"@type\":\"BreadcrumbList\",\"@id\":\"https:\\\/\\\/santapola.es\\\/ca\\\/el-ayuntamiento-de-santa-pola-se-posiciona-entre-los-mas-transparentes-de-la-comunitat-valenciana\\\/#breadcrumb\",\"itemListElement\":[{\"@type\":\"ListItem\",\"position\":1,\"name\":\"Inici\",\"item\":\"https:\\\/\\\/santapola.es\\\/ca\\\/\"},{\"@type\":\"ListItem\",\"position\":2,\"name\":\"El Ayuntamiento de Santa Pola se posiciona entre los m\u00e1s transparentes de la Comunitat Valenciana\"}]},{\"@type\":\"WebSite\",\"@id\":\"https:\\\/\\\/santapola.es\\\/ca\\\/#website\",\"url\":\"https:\\\/\\\/santapola.es\\\/ca\\\/\",\"name\":\"Ayuntamiento de Santa Pola\",\"description\":\"Web de l'Ajuntament de Santa Pola\",\"potentialAction\":[{\"@type\":\"SearchAction\",\"target\":{\"@type\":\"EntryPoint\",\"urlTemplate\":\"https:\\\/\\\/santapola.es\\\/ca\\\/?s={search_term_string}\"},\"query-input\":{\"@type\":\"PropertyValueSpecification\",\"valueRequired\":true,\"valueName\":\"search_term_string\"}}],\"inLanguage\":\"ca\"},{\"@type\":\"Person\",\"@id\":\"https:\\\/\\\/santapola.es\\\/ca\\\/#\\\/schema\\\/person\\\/c08381290b84c068e06ca5dc1f5a08a7\",\"name\":\"\u00c1rea Municipal Alcald\u00eda\"}]}<\/script>\n<!-- \/ Yoast SEO plugin. -->","yoast_head_json":{"title":"El Ayuntamiento de Santa Pola se posiciona entre los m\u00e1s transparentes de la Comunitat Valenciana - Ajuntament de Santa Pola","robots":{"index":"index","follow":"follow","max-snippet":"max-snippet:-1","max-image-preview":"max-image-preview:large","max-video-preview":"max-video-preview:-1"},"canonical":"https:\/\/santapola.es\/ca\/el-ayuntamiento-de-santa-pola-se-posiciona-entre-los-mas-transparentes-de-la-comunitat-valenciana\/","og_locale":"ca_ES","og_type":"article","og_title":"El Ayuntamiento de Santa Pola se posiciona entre los m\u00e1s transparentes de la Comunitat Valenciana - Ajuntament de Santa Pola","og_description":"Santa Pola es la tercera localidad m\u00e1s trasparente de la Comunidad Valenciana y la segunda de la provincia. &nbsp; Desde la Concejal\u00eda de Modernizaci\u00f3n, Administraci\u00f3n Electr\u00f3nica y Transparencia del Ayuntamiento de Santa Pola en colaboraci\u00f3n con el resto de \u00e1reas municipales, se ha puesto a disposici\u00f3n de la ciudadan\u00eda el nuevo portal municipal de transparencia [&hellip;]","og_url":"https:\/\/santapola.es\/ca\/el-ayuntamiento-de-santa-pola-se-posiciona-entre-los-mas-transparentes-de-la-comunitat-valenciana\/","og_site_name":"Ajuntament de Santa Pola","article_publisher":"https:\/\/www.facebook.com\/AyuntamientoSantaPola\/","article_published_time":"2022-10-27T09:39:34+00:00","article_modified_time":"2024-05-22T11:22:51+00:00","og_image":[{"width":3000,"height":1875,"url":"https:\/\/santapola.es\/wp-content\/uploads\/2022\/10\/03-09-18-AYTO-2.jpg","type":"image\/jpeg"}],"author":"\u00c1rea Municipal Alcald\u00eda","twitter_card":"summary_large_image","twitter_creator":"@SantaPolaAyunt","twitter_site":"@SantaPolaAyunt","schema":{"@context":"https:\/\/schema.org","@graph":[{"@type":"Article","@id":"https:\/\/santapola.es\/ca\/el-ayuntamiento-de-santa-pola-se-posiciona-entre-los-mas-transparentes-de-la-comunitat-valenciana\/#article","isPartOf":{"@id":"https:\/\/santapola.es\/ca\/el-ayuntamiento-de-santa-pola-se-posiciona-entre-los-mas-transparentes-de-la-comunitat-valenciana\/"},"author":{"name":"\u00c1rea Municipal Alcald\u00eda","@id":"https:\/\/santapola.es\/ca\/#\/schema\/person\/c08381290b84c068e06ca5dc1f5a08a7"},"headline":"El Ayuntamiento de Santa Pola se posiciona entre los m\u00e1s transparentes de la Comunitat Valenciana","datePublished":"2022-10-27T09:39:34+00:00","dateModified":"2024-05-22T11:22:51+00:00","mainEntityOfPage":{"@id":"https:\/\/santapola.es\/ca\/el-ayuntamiento-de-santa-pola-se-posiciona-entre-los-mas-transparentes-de-la-comunitat-valenciana\/"},"wordCount":459,"image":{"@id":"https:\/\/santapola.es\/ca\/el-ayuntamiento-de-santa-pola-se-posiciona-entre-los-mas-transparentes-de-la-comunitat-valenciana\/#primaryimage"},"thumbnailUrl":"https:\/\/santapola.es\/wp-content\/uploads\/2022\/10\/03-09-18-AYTO-2.jpg","articleSection":["Alcald\u00eda","Inicio","Participaci\u00f3n Ciudadana \/ Transparencia"],"inLanguage":"ca"},{"@type":"WebPage","@id":"https:\/\/santapola.es\/ca\/el-ayuntamiento-de-santa-pola-se-posiciona-entre-los-mas-transparentes-de-la-comunitat-valenciana\/","url":"https:\/\/santapola.es\/ca\/el-ayuntamiento-de-santa-pola-se-posiciona-entre-los-mas-transparentes-de-la-comunitat-valenciana\/","name":"El Ayuntamiento de Santa Pola se posiciona entre los m\u00e1s transparentes de la Comunitat Valenciana - Ajuntament de Santa Pola","isPartOf":{"@id":"https:\/\/santapola.es\/ca\/#website"},"primaryImageOfPage":{"@id":"https:\/\/santapola.es\/ca\/el-ayuntamiento-de-santa-pola-se-posiciona-entre-los-mas-transparentes-de-la-comunitat-valenciana\/#primaryimage"},"image":{"@id":"https:\/\/santapola.es\/ca\/el-ayuntamiento-de-santa-pola-se-posiciona-entre-los-mas-transparentes-de-la-comunitat-valenciana\/#primaryimage"},"thumbnailUrl":"https:\/\/santapola.es\/wp-content\/uploads\/2022\/10\/03-09-18-AYTO-2.jpg","datePublished":"2022-10-27T09:39:34+00:00","dateModified":"2024-05-22T11:22:51+00:00","author":{"@id":"https:\/\/santapola.es\/ca\/#\/schema\/person\/c08381290b84c068e06ca5dc1f5a08a7"},"breadcrumb":{"@id":"https:\/\/santapola.es\/ca\/el-ayuntamiento-de-santa-pola-se-posiciona-entre-los-mas-transparentes-de-la-comunitat-valenciana\/#breadcrumb"},"inLanguage":"ca","potentialAction":[{"@type":"ReadAction","target":["https:\/\/santapola.es\/ca\/el-ayuntamiento-de-santa-pola-se-posiciona-entre-los-mas-transparentes-de-la-comunitat-valenciana\/"]}]},{"@type":"ImageObject","inLanguage":"ca","@id":"https:\/\/santapola.es\/ca\/el-ayuntamiento-de-santa-pola-se-posiciona-entre-los-mas-transparentes-de-la-comunitat-valenciana\/#primaryimage","url":"https:\/\/santapola.es\/wp-content\/uploads\/2022\/10\/03-09-18-AYTO-2.jpg","contentUrl":"https:\/\/santapola.es\/wp-content\/uploads\/2022\/10\/03-09-18-AYTO-2.jpg","width":3000,"height":1875},{"@type":"BreadcrumbList","@id":"https:\/\/santapola.es\/ca\/el-ayuntamiento-de-santa-pola-se-posiciona-entre-los-mas-transparentes-de-la-comunitat-valenciana\/#breadcrumb","itemListElement":[{"@type":"ListItem","position":1,"name":"Inici","item":"https:\/\/santapola.es\/ca\/"},{"@type":"ListItem","position":2,"name":"El Ayuntamiento de Santa Pola se posiciona entre los m\u00e1s transparentes de la Comunitat Valenciana"}]},{"@type":"WebSite","@id":"https:\/\/santapola.es\/ca\/#website","url":"https:\/\/santapola.es\/ca\/","name":"Ayuntamiento de Santa Pola","description":"Web de l'Ajuntament de Santa Pola","potentialAction":[{"@type":"SearchAction","target":{"@type":"EntryPoint","urlTemplate":"https:\/\/santapola.es\/ca\/?s={search_term_string}"},"query-input":{"@type":"PropertyValueSpecification","valueRequired":true,"valueName":"search_term_string"}}],"inLanguage":"ca"},{"@type":"Person","@id":"https:\/\/santapola.es\/ca\/#\/schema\/person\/c08381290b84c068e06ca5dc1f5a08a7","name":"\u00c1rea Municipal Alcald\u00eda"}]}},"_links":{"self":[{"href":"https:\/\/santapola.es\/ca\/wp-json\/wp\/v2\/posts\/16695","targetHints":{"allow":["GET"]}}],"collection":[{"href":"https:\/\/santapola.es\/ca\/wp-json\/wp\/v2\/posts"}],"about":[{"href":"https:\/\/santapola.es\/ca\/wp-json\/wp\/v2\/types\/post"}],"author":[{"embeddable":true,"href":"https:\/\/santapola.es\/ca\/wp-json\/wp\/v2\/users\/75"}],"replies":[{"embeddable":true,"href":"https:\/\/santapola.es\/ca\/wp-json\/wp\/v2\/comments?post=16695"}],"version-history":[{"count":0,"href":"https:\/\/santapola.es\/ca\/wp-json\/wp\/v2\/posts\/16695\/revisions"}],"wp:featuredmedia":[{"embeddable":true,"href":"https:\/\/santapola.es\/ca\/wp-json\/wp\/v2\/media\/16696"}],"wp:attachment":[{"href":"https:\/\/santapola.es\/ca\/wp-json\/wp\/v2\/media?parent=16695"}],"wp:term":[{"taxonomy":"category","embeddable":true,"href":"https:\/\/santapola.es\/ca\/wp-json\/wp\/v2\/categories?post=16695"},{"taxonomy":"post_tag","embeddable":true,"href":"https:\/\/santapola.es\/ca\/wp-json\/wp\/v2\/tags?post=16695"}],"curies":[{"name":"wp","href":"https:\/\/api.w.org\/{rel}","templated":true}]}}