{"id":16677,"date":"2022-10-19T09:00:36","date_gmt":"2022-10-19T08:00:36","guid":{"rendered":"https:\/\/www.santapola.es\/?p=16677"},"modified":"2024-03-07T18:41:05","modified_gmt":"2024-03-07T17:41:05","slug":"santa-pola-ultima-un-plan-de-asfaltado-de-1-millon-de-euros-para-el-casco-urbano-y-gran-alacant","status":"publish","type":"post","link":"https:\/\/santapola.es\/ca\/santa-pola-ultima-un-plan-de-asfaltado-de-1-millon-de-euros-para-el-casco-urbano-y-gran-alacant\/","title":{"rendered":"Santa Pola \u00faltima un plan de asfaltado de 1 mill\u00f3n de euros para el casco urbano y Gran Alacant"},"content":{"rendered":"<p>El Ayuntamiento de Santa Pola ultima la licitaci\u00f3n de un importante plan de asfaltado que estar\u00e1 dotado con un presupuesto de 1 mill\u00f3n de euros y que ir\u00e1 destinado a todo el t\u00e9rmino municipal de Santa Pola.<\/p>\n<p>&nbsp;<\/p>\n<p>El plan saldr\u00e1 en breves fechas a concurso p\u00fablico y contempla es asfaltado de un amplio n\u00famero de calles divididas en 2 zonas: el casco urbano de la ciudad y Gran Alacant.<\/p>\n<p>&nbsp;<\/p>\n<p>Adem\u00e1s el contrato p\u00fablico prev\u00e9 tambi\u00e9n un tercer lote destinado al bacheo y reparaciones de caminos y calles en todo el municipio, adem\u00e1s de la construcci\u00f3n de pasos de peatones elevados para reducir la velocidad y aumentar la seguridad en distintos puntos de la ciudad.<\/p>\n<p>&nbsp;<\/p>\n<p>La concejal de Infraestructuras, Trini Ortiz se\u00f1ala que \u201ces un plan muy importante, que se va licitar por 1 mill\u00f3n de euros,\u00a0 para hacer una renovaci\u00f3n de calles y zonas en las que no se hizo ninguna reparaci\u00f3n en la pasada legislatura y que necesitan renovar el asfaltado. Estas zonas de actuaci\u00f3n ser\u00e1n el casco urbano y Gran Alacant, as\u00ed como todos los puntos localizados del municipio que necesitan renovaci\u00f3n de asfaltado\u201d.<\/p>\n<p>&nbsp;<\/p>\n<p>Santa Pola ya realiz\u00f3 el pasado a\u00f1o un primer plan de asfaltado con un presupuesto de 200 mil euros en las zonas m\u00e1s afectadas, y un contrato de bacheo en diferentes zonas. Desde el Ayuntamiento esperan que se puede adjudicar a la mayor brevedad posible para iniciar los trabajos.<\/p>\n<p>&nbsp;<\/p>\n<p>&nbsp;<\/p>\n<p>&nbsp;<\/p>\n<p>&nbsp;<\/p>\n","protected":false},"excerpt":{"rendered":"<p>El Ayuntamiento de Santa Pola ultima la licitaci\u00f3n de un importante plan de asfaltado que estar\u00e1 dotado con un presupuesto de 1 mill\u00f3n de euros y que ir\u00e1 destinado a todo el t\u00e9rmino municipal de Santa Pola. &nbsp; El plan saldr\u00e1 en breves fechas a concurso p\u00fablico y contempla es asfaltado de un amplio n\u00famero [&hellip;]<\/p>\n","protected":false},"author":75,"featured_media":16678,"comment_status":"closed","ping_status":"closed","sticky":false,"template":"","format":"standard","meta":{"_et_pb_use_builder":"","_et_pb_old_content":"","_et_gb_content_width":"","footnotes":""},"categories":[61,66,54],"tags":[],"class_list":["post-16677","post","type-post","status-publish","format-standard","has-post-thumbnail","hentry","category-alcaldia","category-inicio","category-servicios-publicos-infraestructura-fomento-cementerios"],"yoast_head":"<!-- This site is optimized with the Yoast SEO plugin v27.4 - https:\/\/yoast.com\/product\/yoast-seo-wordpress\/ -->\n<title>Santa Pola \u00faltima un plan de asfaltado de 1 mill\u00f3n de euros para el casco urbano y Gran Alacant - Ajuntament de Santa Pola<\/title>\n<meta name=\"robots\" content=\"index, follow, max-snippet:-1, max-image-preview:large, max-video-preview:-1\" \/>\n<link rel=\"canonical\" href=\"https:\/\/santapola.es\/ca\/santa-pola-ultima-un-plan-de-asfaltado-de-1-millon-de-euros-para-el-casco-urbano-y-gran-alacant\/\" \/>\n<meta property=\"og:locale\" content=\"ca_ES\" \/>\n<meta property=\"og:type\" content=\"article\" \/>\n<meta property=\"og:title\" content=\"Santa Pola \u00faltima un plan de asfaltado de 1 mill\u00f3n de euros para el casco urbano y Gran Alacant - Ajuntament de Santa Pola\" \/>\n<meta property=\"og:description\" content=\"El Ayuntamiento de Santa Pola ultima la licitaci\u00f3n de un importante plan de asfaltado que estar\u00e1 dotado con un presupuesto de 1 mill\u00f3n de euros y que ir\u00e1 destinado a todo el t\u00e9rmino municipal de Santa Pola. &nbsp; El plan saldr\u00e1 en breves fechas a concurso p\u00fablico y contempla es asfaltado de un amplio n\u00famero [&hellip;]\" \/>\n<meta property=\"og:url\" content=\"https:\/\/santapola.es\/ca\/santa-pola-ultima-un-plan-de-asfaltado-de-1-millon-de-euros-para-el-casco-urbano-y-gran-alacant\/\" \/>\n<meta property=\"og:site_name\" content=\"Ajuntament de Santa Pola\" \/>\n<meta property=\"article:publisher\" content=\"https:\/\/www.facebook.com\/AyuntamientoSantaPola\/\" \/>\n<meta property=\"article:published_time\" content=\"2022-10-19T08:00:36+00:00\" \/>\n<meta property=\"article:modified_time\" content=\"2024-03-07T17:41:05+00:00\" \/>\n<meta property=\"og:image\" content=\"https:\/\/santapola.es\/wp-content\/uploads\/2022\/10\/277527834_281277737520729_3358916403900398496_n.jpg\" \/>\n\t<meta property=\"og:image:width\" content=\"1200\" \/>\n\t<meta property=\"og:image:height\" content=\"1200\" \/>\n\t<meta property=\"og:image:type\" content=\"image\/jpeg\" \/>\n<meta name=\"author\" content=\"\u00c1rea Municipal Alcald\u00eda\" \/>\n<meta name=\"twitter:card\" content=\"summary_large_image\" \/>\n<meta name=\"twitter:creator\" content=\"@SantaPolaAyunt\" \/>\n<meta name=\"twitter:site\" content=\"@SantaPolaAyunt\" \/>\n<script type=\"application\/ld+json\" class=\"yoast-schema-graph\">{\"@context\":\"https:\\\/\\\/schema.org\",\"@graph\":[{\"@type\":\"Article\",\"@id\":\"https:\\\/\\\/santapola.es\\\/ca\\\/santa-pola-ultima-un-plan-de-asfaltado-de-1-millon-de-euros-para-el-casco-urbano-y-gran-alacant\\\/#article\",\"isPartOf\":{\"@id\":\"https:\\\/\\\/santapola.es\\\/ca\\\/santa-pola-ultima-un-plan-de-asfaltado-de-1-millon-de-euros-para-el-casco-urbano-y-gran-alacant\\\/\"},\"author\":{\"name\":\"\u00c1rea Municipal Alcald\u00eda\",\"@id\":\"https:\\\/\\\/santapola.es\\\/ca\\\/#\\\/schema\\\/person\\\/c08381290b84c068e06ca5dc1f5a08a7\"},\"headline\":\"Santa Pola \u00faltima un plan de asfaltado de 1 mill\u00f3n de euros para el casco urbano y Gran Alacant\",\"datePublished\":\"2022-10-19T08:00:36+00:00\",\"dateModified\":\"2024-03-07T17:41:05+00:00\",\"mainEntityOfPage\":{\"@id\":\"https:\\\/\\\/santapola.es\\\/ca\\\/santa-pola-ultima-un-plan-de-asfaltado-de-1-millon-de-euros-para-el-casco-urbano-y-gran-alacant\\\/\"},\"wordCount\":277,\"image\":{\"@id\":\"https:\\\/\\\/santapola.es\\\/ca\\\/santa-pola-ultima-un-plan-de-asfaltado-de-1-millon-de-euros-para-el-casco-urbano-y-gran-alacant\\\/#primaryimage\"},\"thumbnailUrl\":\"https:\\\/\\\/santapola.es\\\/wp-content\\\/uploads\\\/2022\\\/10\\\/277527834_281277737520729_3358916403900398496_n.jpg\",\"articleSection\":[\"Alcald\u00eda\",\"Inicio\",\"Servicios p\u00fablicos \\\/ infraestructura \\\/ fomento \\\/ cementerios\"],\"inLanguage\":\"ca\"},{\"@type\":\"WebPage\",\"@id\":\"https:\\\/\\\/santapola.es\\\/ca\\\/santa-pola-ultima-un-plan-de-asfaltado-de-1-millon-de-euros-para-el-casco-urbano-y-gran-alacant\\\/\",\"url\":\"https:\\\/\\\/santapola.es\\\/ca\\\/santa-pola-ultima-un-plan-de-asfaltado-de-1-millon-de-euros-para-el-casco-urbano-y-gran-alacant\\\/\",\"name\":\"Santa Pola \u00faltima un plan de asfaltado de 1 mill\u00f3n de euros para el casco urbano y Gran Alacant - Ajuntament de Santa Pola\",\"isPartOf\":{\"@id\":\"https:\\\/\\\/santapola.es\\\/ca\\\/#website\"},\"primaryImageOfPage\":{\"@id\":\"https:\\\/\\\/santapola.es\\\/ca\\\/santa-pola-ultima-un-plan-de-asfaltado-de-1-millon-de-euros-para-el-casco-urbano-y-gran-alacant\\\/#primaryimage\"},\"image\":{\"@id\":\"https:\\\/\\\/santapola.es\\\/ca\\\/santa-pola-ultima-un-plan-de-asfaltado-de-1-millon-de-euros-para-el-casco-urbano-y-gran-alacant\\\/#primaryimage\"},\"thumbnailUrl\":\"https:\\\/\\\/santapola.es\\\/wp-content\\\/uploads\\\/2022\\\/10\\\/277527834_281277737520729_3358916403900398496_n.jpg\",\"datePublished\":\"2022-10-19T08:00:36+00:00\",\"dateModified\":\"2024-03-07T17:41:05+00:00\",\"author\":{\"@id\":\"https:\\\/\\\/santapola.es\\\/ca\\\/#\\\/schema\\\/person\\\/c08381290b84c068e06ca5dc1f5a08a7\"},\"breadcrumb\":{\"@id\":\"https:\\\/\\\/santapola.es\\\/ca\\\/santa-pola-ultima-un-plan-de-asfaltado-de-1-millon-de-euros-para-el-casco-urbano-y-gran-alacant\\\/#breadcrumb\"},\"inLanguage\":\"ca\",\"potentialAction\":[{\"@type\":\"ReadAction\",\"target\":[\"https:\\\/\\\/santapola.es\\\/ca\\\/santa-pola-ultima-un-plan-de-asfaltado-de-1-millon-de-euros-para-el-casco-urbano-y-gran-alacant\\\/\"]}]},{\"@type\":\"ImageObject\",\"inLanguage\":\"ca\",\"@id\":\"https:\\\/\\\/santapola.es\\\/ca\\\/santa-pola-ultima-un-plan-de-asfaltado-de-1-millon-de-euros-para-el-casco-urbano-y-gran-alacant\\\/#primaryimage\",\"url\":\"https:\\\/\\\/santapola.es\\\/wp-content\\\/uploads\\\/2022\\\/10\\\/277527834_281277737520729_3358916403900398496_n.jpg\",\"contentUrl\":\"https:\\\/\\\/santapola.es\\\/wp-content\\\/uploads\\\/2022\\\/10\\\/277527834_281277737520729_3358916403900398496_n.jpg\",\"width\":1200,\"height\":1200},{\"@type\":\"BreadcrumbList\",\"@id\":\"https:\\\/\\\/santapola.es\\\/ca\\\/santa-pola-ultima-un-plan-de-asfaltado-de-1-millon-de-euros-para-el-casco-urbano-y-gran-alacant\\\/#breadcrumb\",\"itemListElement\":[{\"@type\":\"ListItem\",\"position\":1,\"name\":\"Inici\",\"item\":\"https:\\\/\\\/santapola.es\\\/ca\\\/\"},{\"@type\":\"ListItem\",\"position\":2,\"name\":\"Santa Pola \u00faltima un plan de asfaltado de 1 mill\u00f3n de euros para el casco urbano y Gran Alacant\"}]},{\"@type\":\"WebSite\",\"@id\":\"https:\\\/\\\/santapola.es\\\/ca\\\/#website\",\"url\":\"https:\\\/\\\/santapola.es\\\/ca\\\/\",\"name\":\"Ayuntamiento de Santa Pola\",\"description\":\"Web de l'Ajuntament de Santa Pola\",\"potentialAction\":[{\"@type\":\"SearchAction\",\"target\":{\"@type\":\"EntryPoint\",\"urlTemplate\":\"https:\\\/\\\/santapola.es\\\/ca\\\/?s={search_term_string}\"},\"query-input\":{\"@type\":\"PropertyValueSpecification\",\"valueRequired\":true,\"valueName\":\"search_term_string\"}}],\"inLanguage\":\"ca\"},{\"@type\":\"Person\",\"@id\":\"https:\\\/\\\/santapola.es\\\/ca\\\/#\\\/schema\\\/person\\\/c08381290b84c068e06ca5dc1f5a08a7\",\"name\":\"\u00c1rea Municipal Alcald\u00eda\"}]}<\/script>\n<!-- \/ Yoast SEO plugin. -->","yoast_head_json":{"title":"Santa Pola \u00faltima un plan de asfaltado de 1 mill\u00f3n de euros para el casco urbano y Gran Alacant - Ajuntament de Santa Pola","robots":{"index":"index","follow":"follow","max-snippet":"max-snippet:-1","max-image-preview":"max-image-preview:large","max-video-preview":"max-video-preview:-1"},"canonical":"https:\/\/santapola.es\/ca\/santa-pola-ultima-un-plan-de-asfaltado-de-1-millon-de-euros-para-el-casco-urbano-y-gran-alacant\/","og_locale":"ca_ES","og_type":"article","og_title":"Santa Pola \u00faltima un plan de asfaltado de 1 mill\u00f3n de euros para el casco urbano y Gran Alacant - Ajuntament de Santa Pola","og_description":"El Ayuntamiento de Santa Pola ultima la licitaci\u00f3n de un importante plan de asfaltado que estar\u00e1 dotado con un presupuesto de 1 mill\u00f3n de euros y que ir\u00e1 destinado a todo el t\u00e9rmino municipal de Santa Pola. &nbsp; El plan saldr\u00e1 en breves fechas a concurso p\u00fablico y contempla es asfaltado de un amplio n\u00famero [&hellip;]","og_url":"https:\/\/santapola.es\/ca\/santa-pola-ultima-un-plan-de-asfaltado-de-1-millon-de-euros-para-el-casco-urbano-y-gran-alacant\/","og_site_name":"Ajuntament de Santa Pola","article_publisher":"https:\/\/www.facebook.com\/AyuntamientoSantaPola\/","article_published_time":"2022-10-19T08:00:36+00:00","article_modified_time":"2024-03-07T17:41:05+00:00","og_image":[{"width":1200,"height":1200,"url":"https:\/\/santapola.es\/wp-content\/uploads\/2022\/10\/277527834_281277737520729_3358916403900398496_n.jpg","type":"image\/jpeg"}],"author":"\u00c1rea Municipal Alcald\u00eda","twitter_card":"summary_large_image","twitter_creator":"@SantaPolaAyunt","twitter_site":"@SantaPolaAyunt","schema":{"@context":"https:\/\/schema.org","@graph":[{"@type":"Article","@id":"https:\/\/santapola.es\/ca\/santa-pola-ultima-un-plan-de-asfaltado-de-1-millon-de-euros-para-el-casco-urbano-y-gran-alacant\/#article","isPartOf":{"@id":"https:\/\/santapola.es\/ca\/santa-pola-ultima-un-plan-de-asfaltado-de-1-millon-de-euros-para-el-casco-urbano-y-gran-alacant\/"},"author":{"name":"\u00c1rea Municipal Alcald\u00eda","@id":"https:\/\/santapola.es\/ca\/#\/schema\/person\/c08381290b84c068e06ca5dc1f5a08a7"},"headline":"Santa Pola \u00faltima un plan de asfaltado de 1 mill\u00f3n de euros para el casco urbano y Gran Alacant","datePublished":"2022-10-19T08:00:36+00:00","dateModified":"2024-03-07T17:41:05+00:00","mainEntityOfPage":{"@id":"https:\/\/santapola.es\/ca\/santa-pola-ultima-un-plan-de-asfaltado-de-1-millon-de-euros-para-el-casco-urbano-y-gran-alacant\/"},"wordCount":277,"image":{"@id":"https:\/\/santapola.es\/ca\/santa-pola-ultima-un-plan-de-asfaltado-de-1-millon-de-euros-para-el-casco-urbano-y-gran-alacant\/#primaryimage"},"thumbnailUrl":"https:\/\/santapola.es\/wp-content\/uploads\/2022\/10\/277527834_281277737520729_3358916403900398496_n.jpg","articleSection":["Alcald\u00eda","Inicio","Servicios p\u00fablicos \/ infraestructura \/ fomento \/ cementerios"],"inLanguage":"ca"},{"@type":"WebPage","@id":"https:\/\/santapola.es\/ca\/santa-pola-ultima-un-plan-de-asfaltado-de-1-millon-de-euros-para-el-casco-urbano-y-gran-alacant\/","url":"https:\/\/santapola.es\/ca\/santa-pola-ultima-un-plan-de-asfaltado-de-1-millon-de-euros-para-el-casco-urbano-y-gran-alacant\/","name":"Santa Pola \u00faltima un plan de asfaltado de 1 mill\u00f3n de euros para el casco urbano y Gran Alacant - Ajuntament de Santa Pola","isPartOf":{"@id":"https:\/\/santapola.es\/ca\/#website"},"primaryImageOfPage":{"@id":"https:\/\/santapola.es\/ca\/santa-pola-ultima-un-plan-de-asfaltado-de-1-millon-de-euros-para-el-casco-urbano-y-gran-alacant\/#primaryimage"},"image":{"@id":"https:\/\/santapola.es\/ca\/santa-pola-ultima-un-plan-de-asfaltado-de-1-millon-de-euros-para-el-casco-urbano-y-gran-alacant\/#primaryimage"},"thumbnailUrl":"https:\/\/santapola.es\/wp-content\/uploads\/2022\/10\/277527834_281277737520729_3358916403900398496_n.jpg","datePublished":"2022-10-19T08:00:36+00:00","dateModified":"2024-03-07T17:41:05+00:00","author":{"@id":"https:\/\/santapola.es\/ca\/#\/schema\/person\/c08381290b84c068e06ca5dc1f5a08a7"},"breadcrumb":{"@id":"https:\/\/santapola.es\/ca\/santa-pola-ultima-un-plan-de-asfaltado-de-1-millon-de-euros-para-el-casco-urbano-y-gran-alacant\/#breadcrumb"},"inLanguage":"ca","potentialAction":[{"@type":"ReadAction","target":["https:\/\/santapola.es\/ca\/santa-pola-ultima-un-plan-de-asfaltado-de-1-millon-de-euros-para-el-casco-urbano-y-gran-alacant\/"]}]},{"@type":"ImageObject","inLanguage":"ca","@id":"https:\/\/santapola.es\/ca\/santa-pola-ultima-un-plan-de-asfaltado-de-1-millon-de-euros-para-el-casco-urbano-y-gran-alacant\/#primaryimage","url":"https:\/\/santapola.es\/wp-content\/uploads\/2022\/10\/277527834_281277737520729_3358916403900398496_n.jpg","contentUrl":"https:\/\/santapola.es\/wp-content\/uploads\/2022\/10\/277527834_281277737520729_3358916403900398496_n.jpg","width":1200,"height":1200},{"@type":"BreadcrumbList","@id":"https:\/\/santapola.es\/ca\/santa-pola-ultima-un-plan-de-asfaltado-de-1-millon-de-euros-para-el-casco-urbano-y-gran-alacant\/#breadcrumb","itemListElement":[{"@type":"ListItem","position":1,"name":"Inici","item":"https:\/\/santapola.es\/ca\/"},{"@type":"ListItem","position":2,"name":"Santa Pola \u00faltima un plan de asfaltado de 1 mill\u00f3n de euros para el casco urbano y Gran Alacant"}]},{"@type":"WebSite","@id":"https:\/\/santapola.es\/ca\/#website","url":"https:\/\/santapola.es\/ca\/","name":"Ayuntamiento de Santa Pola","description":"Web de l'Ajuntament de Santa Pola","potentialAction":[{"@type":"SearchAction","target":{"@type":"EntryPoint","urlTemplate":"https:\/\/santapola.es\/ca\/?s={search_term_string}"},"query-input":{"@type":"PropertyValueSpecification","valueRequired":true,"valueName":"search_term_string"}}],"inLanguage":"ca"},{"@type":"Person","@id":"https:\/\/santapola.es\/ca\/#\/schema\/person\/c08381290b84c068e06ca5dc1f5a08a7","name":"\u00c1rea Municipal Alcald\u00eda"}]}},"_links":{"self":[{"href":"https:\/\/santapola.es\/ca\/wp-json\/wp\/v2\/posts\/16677","targetHints":{"allow":["GET"]}}],"collection":[{"href":"https:\/\/santapola.es\/ca\/wp-json\/wp\/v2\/posts"}],"about":[{"href":"https:\/\/santapola.es\/ca\/wp-json\/wp\/v2\/types\/post"}],"author":[{"embeddable":true,"href":"https:\/\/santapola.es\/ca\/wp-json\/wp\/v2\/users\/75"}],"replies":[{"embeddable":true,"href":"https:\/\/santapola.es\/ca\/wp-json\/wp\/v2\/comments?post=16677"}],"version-history":[{"count":0,"href":"https:\/\/santapola.es\/ca\/wp-json\/wp\/v2\/posts\/16677\/revisions"}],"wp:featuredmedia":[{"embeddable":true,"href":"https:\/\/santapola.es\/ca\/wp-json\/wp\/v2\/media\/16678"}],"wp:attachment":[{"href":"https:\/\/santapola.es\/ca\/wp-json\/wp\/v2\/media?parent=16677"}],"wp:term":[{"taxonomy":"category","embeddable":true,"href":"https:\/\/santapola.es\/ca\/wp-json\/wp\/v2\/categories?post=16677"},{"taxonomy":"post_tag","embeddable":true,"href":"https:\/\/santapola.es\/ca\/wp-json\/wp\/v2\/tags?post=16677"}],"curies":[{"name":"wp","href":"https:\/\/api.w.org\/{rel}","templated":true}]}}