{"id":16663,"date":"2022-10-17T11:15:38","date_gmt":"2022-10-17T10:15:38","guid":{"rendered":"https:\/\/www.santapola.es\/?p=16663"},"modified":"2024-03-07T18:41:04","modified_gmt":"2024-03-07T17:41:04","slug":"premios-al-talento-juvenil-santapolero","status":"publish","type":"post","link":"https:\/\/santapola.es\/ca\/premios-al-talento-juvenil-santapolero\/","title":{"rendered":"Premios al talento juvenil santapolero"},"content":{"rendered":"<div class=\"\" data-block=\"true\" data-editor=\"aslfd\" data-offset-key=\"1ke4j-0-0\">\n<div class=\"_1mf _1mj\" data-offset-key=\"1ke4j-0-0\"><span data-offset-key=\"1ke4j-0-0\">Este pasado jueves 13 de octubre, vivimos en directo la Gala de Entrega de Premios <\/span><span class=\"_247o\" spellcheck=\"false\" data-offset-key=\"1ke4j-1-0\"><span data-offset-key=\"1ke4j-1-0\">Juventud Diputaci\u00f3n de Alicante<\/span><\/span><span data-offset-key=\"1ke4j-2-0\"> , donde se premia el talento de los j\u00f3venes de la provincia.<\/span><\/div>\n<\/div>\n<div class=\"\" data-block=\"true\" data-editor=\"aslfd\" data-offset-key=\"fi4kn-0-0\">\n<div class=\"_1mf _1mj\" data-offset-key=\"fi4kn-0-0\"><span data-offset-key=\"fi4kn-0-0\">Este a\u00f1o tuvimos la gran suerte de contar con dos finalistas de Santa Pola, Pablo Llamas en categor\u00eda &#8220;social media&#8221; y a Gabri Ca\u00f1estro en categor\u00eda &#8220;mejor canci\u00f3n&#8221;.<\/span><\/div>\n<div data-offset-key=\"fi4kn-0-0\"><\/div>\n<\/div>\n<div data-offset-key=\"fi4kn-0-0\">\u00a0Pablo Llamas tiene 23 a\u00f1os, y es t\u00e9cnico inform\u00e1tico. Desde hace a\u00f1o y medio se ha centrado en crear una aplicaci\u00f3n que ha bautizado con el nombre de BEE CHAT, y que ya est\u00e1 siendo utilizada por cientos de personas, y que sirve como canal de comunicaci\u00f3n entre sus usuarios, con un perfil principalmente joven. Es una plataforma similar a Facebook, con un dise\u00f1o y planteamiento totalmente gestionado por este joven emprendedor, mediante la cual se pueden compartir noticias, comentarios, videos, im\u00e1genes, etc&#8230; fue uno de los Finalistas a categor\u00eda SOCIAL MEDIA en los recientes premios provinciales de la Juventud Top Creation de la Diputaci\u00f3n de Alicante.<\/div>\n<div data-offset-key=\"fi4kn-0-0\"><\/div>\n<div data-offset-key=\"fi4kn-0-0\">Gabri Ca\u00f1estro es un joven cantautor y m\u00fasico santapolero de 23 a\u00f1os. Actualmente reside en Madrid, donde se encuentra realizando sus estudios de grado en Historia y Ciencias de la M\u00fasica y Tecnolog\u00eda Musical. Su gran pasi\u00f3n siempre ha sido la m\u00fasica, a la que se ha entregado en los \u00faltimos tres a\u00f1os con m\u00e1s insistencia y esfuerzo, mostrando sus composiciones en peque\u00f1os conciertos, en las redes como youtube, o en Spotify. Con influencias pop, rock y con incursiones en el trap y el rap, el m\u00fasico tiene una carrera prometedora, y con su \u00faltimo tema &#8220;Inestable&#8221;, convenci\u00f3 al jurado de los premios provinciales de Juventud Top Creation 2022, por lo que la Diputaci\u00f3n de Alicante le concedi\u00f3 el primer premio en Categor\u00eda Musical.<\/div>\n<div class=\"\" data-block=\"true\" data-editor=\"aslfd\" data-offset-key=\"7000v-0-0\">\n<div class=\"_1mf _1mj\" data-offset-key=\"7000v-0-0\"><\/div>\n<\/div>\n","protected":false},"excerpt":{"rendered":"<p>Este pasado jueves 13 de octubre, vivimos en directo la Gala de Entrega de Premios Juventud Diputaci\u00f3n de Alicante , donde se premia el talento de los j\u00f3venes de la provincia. Este a\u00f1o tuvimos la gran suerte de contar con dos finalistas de Santa Pola, Pablo Llamas en categor\u00eda &#8220;social media&#8221; y a Gabri Ca\u00f1estro [&hellip;]<\/p>\n","protected":false},"author":75,"featured_media":16664,"comment_status":"closed","ping_status":"closed","sticky":false,"template":"","format":"standard","meta":{"_et_pb_use_builder":"","_et_pb_old_content":"","_et_gb_content_width":"","footnotes":""},"categories":[60,66],"tags":[],"class_list":["post-16663","post","type-post","status-publish","format-standard","has-post-thumbnail","hentry","category-educacion-juventud","category-inicio"],"yoast_head":"<!-- This site is optimized with the Yoast SEO plugin v27.4 - https:\/\/yoast.com\/product\/yoast-seo-wordpress\/ -->\n<title>Premios al talento juvenil santapolero - Ajuntament de Santa Pola<\/title>\n<meta name=\"robots\" content=\"index, follow, max-snippet:-1, max-image-preview:large, max-video-preview:-1\" \/>\n<link rel=\"canonical\" href=\"https:\/\/santapola.es\/ca\/premios-al-talento-juvenil-santapolero\/\" \/>\n<meta property=\"og:locale\" content=\"ca_ES\" \/>\n<meta property=\"og:type\" content=\"article\" \/>\n<meta property=\"og:title\" content=\"Premios al talento juvenil santapolero - Ajuntament de Santa Pola\" \/>\n<meta property=\"og:description\" content=\"Este pasado jueves 13 de octubre, vivimos en directo la Gala de Entrega de Premios Juventud Diputaci\u00f3n de Alicante , donde se premia el talento de los j\u00f3venes de la provincia. Este a\u00f1o tuvimos la gran suerte de contar con dos finalistas de Santa Pola, Pablo Llamas en categor\u00eda &#8220;social media&#8221; y a Gabri Ca\u00f1estro [&hellip;]\" \/>\n<meta property=\"og:url\" content=\"https:\/\/santapola.es\/ca\/premios-al-talento-juvenil-santapolero\/\" \/>\n<meta property=\"og:site_name\" content=\"Ajuntament de Santa Pola\" \/>\n<meta property=\"article:publisher\" content=\"https:\/\/www.facebook.com\/AyuntamientoSantaPola\/\" \/>\n<meta property=\"article:published_time\" content=\"2022-10-17T10:15:38+00:00\" \/>\n<meta property=\"article:modified_time\" content=\"2024-03-07T17:41:04+00:00\" \/>\n<meta property=\"og:image\" content=\"https:\/\/santapola.es\/wp-content\/uploads\/2022\/10\/311730029_565645615563021_6785998773268726285_n.jpg\" \/>\n\t<meta property=\"og:image:width\" content=\"1080\" \/>\n\t<meta property=\"og:image:height\" content=\"720\" \/>\n\t<meta property=\"og:image:type\" content=\"image\/jpeg\" \/>\n<meta name=\"author\" content=\"\u00c1rea Municipal Alcald\u00eda\" \/>\n<meta name=\"twitter:card\" content=\"summary_large_image\" \/>\n<meta name=\"twitter:creator\" content=\"@SantaPolaAyunt\" \/>\n<meta name=\"twitter:site\" content=\"@SantaPolaAyunt\" \/>\n<script type=\"application\/ld+json\" class=\"yoast-schema-graph\">{\"@context\":\"https:\\\/\\\/schema.org\",\"@graph\":[{\"@type\":\"Article\",\"@id\":\"https:\\\/\\\/santapola.es\\\/ca\\\/premios-al-talento-juvenil-santapolero\\\/#article\",\"isPartOf\":{\"@id\":\"https:\\\/\\\/santapola.es\\\/ca\\\/premios-al-talento-juvenil-santapolero\\\/\"},\"author\":{\"name\":\"\u00c1rea Municipal Alcald\u00eda\",\"@id\":\"https:\\\/\\\/santapola.es\\\/ca\\\/#\\\/schema\\\/person\\\/c08381290b84c068e06ca5dc1f5a08a7\"},\"headline\":\"Premios al talento juvenil santapolero\",\"datePublished\":\"2022-10-17T10:15:38+00:00\",\"dateModified\":\"2024-03-07T17:41:04+00:00\",\"mainEntityOfPage\":{\"@id\":\"https:\\\/\\\/santapola.es\\\/ca\\\/premios-al-talento-juvenil-santapolero\\\/\"},\"wordCount\":320,\"image\":{\"@id\":\"https:\\\/\\\/santapola.es\\\/ca\\\/premios-al-talento-juvenil-santapolero\\\/#primaryimage\"},\"thumbnailUrl\":\"https:\\\/\\\/santapola.es\\\/wp-content\\\/uploads\\\/2022\\\/10\\\/311730029_565645615563021_6785998773268726285_n.jpg\",\"articleSection\":[\"Educaci\u00f3n \\\/ Juventud\",\"Inicio\"],\"inLanguage\":\"ca\"},{\"@type\":\"WebPage\",\"@id\":\"https:\\\/\\\/santapola.es\\\/ca\\\/premios-al-talento-juvenil-santapolero\\\/\",\"url\":\"https:\\\/\\\/santapola.es\\\/ca\\\/premios-al-talento-juvenil-santapolero\\\/\",\"name\":\"Premios al talento juvenil santapolero - Ajuntament de Santa Pola\",\"isPartOf\":{\"@id\":\"https:\\\/\\\/santapola.es\\\/ca\\\/#website\"},\"primaryImageOfPage\":{\"@id\":\"https:\\\/\\\/santapola.es\\\/ca\\\/premios-al-talento-juvenil-santapolero\\\/#primaryimage\"},\"image\":{\"@id\":\"https:\\\/\\\/santapola.es\\\/ca\\\/premios-al-talento-juvenil-santapolero\\\/#primaryimage\"},\"thumbnailUrl\":\"https:\\\/\\\/santapola.es\\\/wp-content\\\/uploads\\\/2022\\\/10\\\/311730029_565645615563021_6785998773268726285_n.jpg\",\"datePublished\":\"2022-10-17T10:15:38+00:00\",\"dateModified\":\"2024-03-07T17:41:04+00:00\",\"author\":{\"@id\":\"https:\\\/\\\/santapola.es\\\/ca\\\/#\\\/schema\\\/person\\\/c08381290b84c068e06ca5dc1f5a08a7\"},\"breadcrumb\":{\"@id\":\"https:\\\/\\\/santapola.es\\\/ca\\\/premios-al-talento-juvenil-santapolero\\\/#breadcrumb\"},\"inLanguage\":\"ca\",\"potentialAction\":[{\"@type\":\"ReadAction\",\"target\":[\"https:\\\/\\\/santapola.es\\\/ca\\\/premios-al-talento-juvenil-santapolero\\\/\"]}]},{\"@type\":\"ImageObject\",\"inLanguage\":\"ca\",\"@id\":\"https:\\\/\\\/santapola.es\\\/ca\\\/premios-al-talento-juvenil-santapolero\\\/#primaryimage\",\"url\":\"https:\\\/\\\/santapola.es\\\/wp-content\\\/uploads\\\/2022\\\/10\\\/311730029_565645615563021_6785998773268726285_n.jpg\",\"contentUrl\":\"https:\\\/\\\/santapola.es\\\/wp-content\\\/uploads\\\/2022\\\/10\\\/311730029_565645615563021_6785998773268726285_n.jpg\",\"width\":1080,\"height\":720},{\"@type\":\"BreadcrumbList\",\"@id\":\"https:\\\/\\\/santapola.es\\\/ca\\\/premios-al-talento-juvenil-santapolero\\\/#breadcrumb\",\"itemListElement\":[{\"@type\":\"ListItem\",\"position\":1,\"name\":\"Inici\",\"item\":\"https:\\\/\\\/santapola.es\\\/ca\\\/\"},{\"@type\":\"ListItem\",\"position\":2,\"name\":\"Premios al talento juvenil santapolero\"}]},{\"@type\":\"WebSite\",\"@id\":\"https:\\\/\\\/santapola.es\\\/ca\\\/#website\",\"url\":\"https:\\\/\\\/santapola.es\\\/ca\\\/\",\"name\":\"Ayuntamiento de Santa Pola\",\"description\":\"Web de l'Ajuntament de Santa Pola\",\"potentialAction\":[{\"@type\":\"SearchAction\",\"target\":{\"@type\":\"EntryPoint\",\"urlTemplate\":\"https:\\\/\\\/santapola.es\\\/ca\\\/?s={search_term_string}\"},\"query-input\":{\"@type\":\"PropertyValueSpecification\",\"valueRequired\":true,\"valueName\":\"search_term_string\"}}],\"inLanguage\":\"ca\"},{\"@type\":\"Person\",\"@id\":\"https:\\\/\\\/santapola.es\\\/ca\\\/#\\\/schema\\\/person\\\/c08381290b84c068e06ca5dc1f5a08a7\",\"name\":\"\u00c1rea Municipal Alcald\u00eda\"}]}<\/script>\n<!-- \/ Yoast SEO plugin. -->","yoast_head_json":{"title":"Premios al talento juvenil santapolero - Ajuntament de Santa Pola","robots":{"index":"index","follow":"follow","max-snippet":"max-snippet:-1","max-image-preview":"max-image-preview:large","max-video-preview":"max-video-preview:-1"},"canonical":"https:\/\/santapola.es\/ca\/premios-al-talento-juvenil-santapolero\/","og_locale":"ca_ES","og_type":"article","og_title":"Premios al talento juvenil santapolero - Ajuntament de Santa Pola","og_description":"Este pasado jueves 13 de octubre, vivimos en directo la Gala de Entrega de Premios Juventud Diputaci\u00f3n de Alicante , donde se premia el talento de los j\u00f3venes de la provincia. Este a\u00f1o tuvimos la gran suerte de contar con dos finalistas de Santa Pola, Pablo Llamas en categor\u00eda &#8220;social media&#8221; y a Gabri Ca\u00f1estro [&hellip;]","og_url":"https:\/\/santapola.es\/ca\/premios-al-talento-juvenil-santapolero\/","og_site_name":"Ajuntament de Santa Pola","article_publisher":"https:\/\/www.facebook.com\/AyuntamientoSantaPola\/","article_published_time":"2022-10-17T10:15:38+00:00","article_modified_time":"2024-03-07T17:41:04+00:00","og_image":[{"width":1080,"height":720,"url":"https:\/\/santapola.es\/wp-content\/uploads\/2022\/10\/311730029_565645615563021_6785998773268726285_n.jpg","type":"image\/jpeg"}],"author":"\u00c1rea Municipal Alcald\u00eda","twitter_card":"summary_large_image","twitter_creator":"@SantaPolaAyunt","twitter_site":"@SantaPolaAyunt","schema":{"@context":"https:\/\/schema.org","@graph":[{"@type":"Article","@id":"https:\/\/santapola.es\/ca\/premios-al-talento-juvenil-santapolero\/#article","isPartOf":{"@id":"https:\/\/santapola.es\/ca\/premios-al-talento-juvenil-santapolero\/"},"author":{"name":"\u00c1rea Municipal Alcald\u00eda","@id":"https:\/\/santapola.es\/ca\/#\/schema\/person\/c08381290b84c068e06ca5dc1f5a08a7"},"headline":"Premios al talento juvenil santapolero","datePublished":"2022-10-17T10:15:38+00:00","dateModified":"2024-03-07T17:41:04+00:00","mainEntityOfPage":{"@id":"https:\/\/santapola.es\/ca\/premios-al-talento-juvenil-santapolero\/"},"wordCount":320,"image":{"@id":"https:\/\/santapola.es\/ca\/premios-al-talento-juvenil-santapolero\/#primaryimage"},"thumbnailUrl":"https:\/\/santapola.es\/wp-content\/uploads\/2022\/10\/311730029_565645615563021_6785998773268726285_n.jpg","articleSection":["Educaci\u00f3n \/ Juventud","Inicio"],"inLanguage":"ca"},{"@type":"WebPage","@id":"https:\/\/santapola.es\/ca\/premios-al-talento-juvenil-santapolero\/","url":"https:\/\/santapola.es\/ca\/premios-al-talento-juvenil-santapolero\/","name":"Premios al talento juvenil santapolero - Ajuntament de Santa Pola","isPartOf":{"@id":"https:\/\/santapola.es\/ca\/#website"},"primaryImageOfPage":{"@id":"https:\/\/santapola.es\/ca\/premios-al-talento-juvenil-santapolero\/#primaryimage"},"image":{"@id":"https:\/\/santapola.es\/ca\/premios-al-talento-juvenil-santapolero\/#primaryimage"},"thumbnailUrl":"https:\/\/santapola.es\/wp-content\/uploads\/2022\/10\/311730029_565645615563021_6785998773268726285_n.jpg","datePublished":"2022-10-17T10:15:38+00:00","dateModified":"2024-03-07T17:41:04+00:00","author":{"@id":"https:\/\/santapola.es\/ca\/#\/schema\/person\/c08381290b84c068e06ca5dc1f5a08a7"},"breadcrumb":{"@id":"https:\/\/santapola.es\/ca\/premios-al-talento-juvenil-santapolero\/#breadcrumb"},"inLanguage":"ca","potentialAction":[{"@type":"ReadAction","target":["https:\/\/santapola.es\/ca\/premios-al-talento-juvenil-santapolero\/"]}]},{"@type":"ImageObject","inLanguage":"ca","@id":"https:\/\/santapola.es\/ca\/premios-al-talento-juvenil-santapolero\/#primaryimage","url":"https:\/\/santapola.es\/wp-content\/uploads\/2022\/10\/311730029_565645615563021_6785998773268726285_n.jpg","contentUrl":"https:\/\/santapola.es\/wp-content\/uploads\/2022\/10\/311730029_565645615563021_6785998773268726285_n.jpg","width":1080,"height":720},{"@type":"BreadcrumbList","@id":"https:\/\/santapola.es\/ca\/premios-al-talento-juvenil-santapolero\/#breadcrumb","itemListElement":[{"@type":"ListItem","position":1,"name":"Inici","item":"https:\/\/santapola.es\/ca\/"},{"@type":"ListItem","position":2,"name":"Premios al talento juvenil santapolero"}]},{"@type":"WebSite","@id":"https:\/\/santapola.es\/ca\/#website","url":"https:\/\/santapola.es\/ca\/","name":"Ayuntamiento de Santa Pola","description":"Web de l'Ajuntament de Santa Pola","potentialAction":[{"@type":"SearchAction","target":{"@type":"EntryPoint","urlTemplate":"https:\/\/santapola.es\/ca\/?s={search_term_string}"},"query-input":{"@type":"PropertyValueSpecification","valueRequired":true,"valueName":"search_term_string"}}],"inLanguage":"ca"},{"@type":"Person","@id":"https:\/\/santapola.es\/ca\/#\/schema\/person\/c08381290b84c068e06ca5dc1f5a08a7","name":"\u00c1rea Municipal Alcald\u00eda"}]}},"_links":{"self":[{"href":"https:\/\/santapola.es\/ca\/wp-json\/wp\/v2\/posts\/16663","targetHints":{"allow":["GET"]}}],"collection":[{"href":"https:\/\/santapola.es\/ca\/wp-json\/wp\/v2\/posts"}],"about":[{"href":"https:\/\/santapola.es\/ca\/wp-json\/wp\/v2\/types\/post"}],"author":[{"embeddable":true,"href":"https:\/\/santapola.es\/ca\/wp-json\/wp\/v2\/users\/75"}],"replies":[{"embeddable":true,"href":"https:\/\/santapola.es\/ca\/wp-json\/wp\/v2\/comments?post=16663"}],"version-history":[{"count":0,"href":"https:\/\/santapola.es\/ca\/wp-json\/wp\/v2\/posts\/16663\/revisions"}],"wp:featuredmedia":[{"embeddable":true,"href":"https:\/\/santapola.es\/ca\/wp-json\/wp\/v2\/media\/16664"}],"wp:attachment":[{"href":"https:\/\/santapola.es\/ca\/wp-json\/wp\/v2\/media?parent=16663"}],"wp:term":[{"taxonomy":"category","embeddable":true,"href":"https:\/\/santapola.es\/ca\/wp-json\/wp\/v2\/categories?post=16663"},{"taxonomy":"post_tag","embeddable":true,"href":"https:\/\/santapola.es\/ca\/wp-json\/wp\/v2\/tags?post=16663"}],"curies":[{"name":"wp","href":"https:\/\/api.w.org\/{rel}","templated":true}]}}