{"id":16640,"date":"2022-10-05T09:48:43","date_gmt":"2022-10-05T08:48:43","guid":{"rendered":"https:\/\/www.santapola.es\/?p=16640"},"modified":"2024-03-07T18:41:02","modified_gmt":"2024-03-07T17:41:02","slug":"patron-de-la-policia-local-de-santa-pola","status":"publish","type":"post","link":"https:\/\/santapola.es\/ca\/patron-de-la-policia-local-de-santa-pola\/","title":{"rendered":"Patr\u00f3n de la Polic\u00eda Local de Santa Pola"},"content":{"rendered":"<div class=\"\" data-block=\"true\" data-editor=\"30rgo\" data-offset-key=\"3lguq-0-0\">\n<div class=\"_1mf _1mj\" data-offset-key=\"3lguq-0-0\"><span data-offset-key=\"3lguq-0-0\">\ud83d\udc6eEsta semana hemos celebrado la festividad de los \u00c1ngeles Custodios, Patr\u00f3n de nuestra <\/span><span class=\"_247o\" spellcheck=\"false\" data-offset-key=\"3lguq-1-0\"><span data-offset-key=\"3lguq-1-0\">Polic\u00eda Local de Santa Pola<\/span><\/span><span data-offset-key=\"3lguq-2-0\">.<\/span><\/div>\n<\/div>\n<div class=\"\" data-block=\"true\" data-editor=\"30rgo\" data-offset-key=\"dt3ki-0-0\">\n<div class=\"_1mf _1mj\" data-offset-key=\"dt3ki-0-0\"><span data-offset-key=\"dt3ki-0-0\">Durante el acto instituci\u00f3n se realizaron varios reconocimientos:<\/span><\/div>\n<\/div>\n<div class=\"\" data-block=\"true\" data-editor=\"30rgo\" data-offset-key=\"fnrk4-0-0\">\n<div class=\"_1mf _1mj\" data-offset-key=\"fnrk4-0-0\"><span data-offset-key=\"fnrk4-0-0\">\u25b6Batiste L\u00f3pez P\u00e9rez, encargado del departamento de gr\u00faas<\/span><\/div>\n<\/div>\n<div class=\"\" data-block=\"true\" data-editor=\"30rgo\" data-offset-key=\"4fun9-0-0\">\n<div class=\"_1mf _1mj\" data-offset-key=\"4fun9-0-0\"><span data-offset-key=\"4fun9-0-0\">\u25b6Antonia Fern\u00e1ndez Navarro, oficinas Polic\u00eda y reci\u00e9n jubilada<\/span><\/div>\n<\/div>\n<div class=\"\" data-block=\"true\" data-editor=\"30rgo\" data-offset-key=\"aurff-0-0\">\n<div class=\"_1mf _1mj\" data-offset-key=\"aurff-0-0\"><span data-offset-key=\"aurff-0-0\">\u25b6Tom\u00e1s P\u00e9rez L\u00f3pez, Tom\u00e1s &#8220;Pereta&#8221;. Voluntario en el parque de tr\u00e1fico.<\/span><\/div>\n<\/div>\n<div class=\"\" data-block=\"true\" data-editor=\"30rgo\" data-offset-key=\"24s61-0-0\">\n<div class=\"_1mf _1mj\" data-offset-key=\"24s61-0-0\"><span data-offset-key=\"24s61-0-0\">Adem\u00e1s, se ha iniciado la solicitud de la Cruz al M\u00e9rito Policial con distintivo Blanco para:<\/span><\/div>\n<\/div>\n<div class=\"\" data-block=\"true\" data-editor=\"30rgo\" data-offset-key=\"6s2n2-0-0\">\n<div class=\"_1mf _1mj\" data-offset-key=\"6s2n2-0-0\"><span data-offset-key=\"6s2n2-0-0\">\u26aa\ufe0fManuel \u00d1\u00edguez S\u00e1nchez<\/span><\/div>\n<\/div>\n<div class=\"\" data-block=\"true\" data-editor=\"30rgo\" data-offset-key=\"ebdqm-0-0\">\n<div class=\"_1mf _1mj\" data-offset-key=\"ebdqm-0-0\"><span data-offset-key=\"ebdqm-0-0\">\u26aa\ufe0fVicente Soler Bonmat\u00ed<\/span><\/div>\n<\/div>\n<div class=\"\" data-block=\"true\" data-editor=\"30rgo\" data-offset-key=\"dkpo4-0-0\">\n<div class=\"_1mf _1mj\" data-offset-key=\"dkpo4-0-0\"><span data-offset-key=\"dkpo4-0-0\">\u26aa\ufe0fAntonio Mart\u00ednez Piedecausa y<\/span><\/div>\n<\/div>\n<div class=\"\" data-block=\"true\" data-editor=\"30rgo\" data-offset-key=\"3bc1e-0-0\">\n<div class=\"_1mf _1mj\" data-offset-key=\"3bc1e-0-0\"><span data-offset-key=\"3bc1e-0-0\">\u26aa\ufe0fJos\u00e9 Luis Chazarra Rodr\u00edguez<\/span><\/div>\n<\/div>\n<div class=\"\" data-block=\"true\" data-editor=\"30rgo\" data-offset-key=\"dv43d-0-0\">\n<div class=\"_1mf _1mj\" data-offset-key=\"dv43d-0-0\"><span data-offset-key=\"dv43d-0-0\">\u00a0<\/span><\/div>\n<\/div>\n<div class=\"\" data-block=\"true\" data-editor=\"30rgo\" data-offset-key=\"7nj6r-0-0\">\n<div class=\"_1mf _1mj\" data-offset-key=\"7nj6r-0-0\"><span data-offset-key=\"7nj6r-0-0\">Felicitaciones por servicios o actuaciones<\/span><\/div>\n<\/div>\n<div class=\"\" data-block=\"true\" data-editor=\"30rgo\" data-offset-key=\"61vrh-0-0\">\n<div class=\"_1mf _1mj\" data-offset-key=\"61vrh-0-0\"><span data-offset-key=\"61vrh-0-0\">\ud83d\udc49Israel Gonz\u00e1lez Mart\u00ednez<\/span><\/div>\n<\/div>\n<div class=\"\" data-block=\"true\" data-editor=\"30rgo\" data-offset-key=\"edl19-0-0\">\n<div class=\"_1mf _1mj\" data-offset-key=\"edl19-0-0\"><span data-offset-key=\"edl19-0-0\">\ud83d\udc49Andr\u00e9s Esclapez Sansano<\/span><\/div>\n<\/div>\n<div class=\"\" data-block=\"true\" data-editor=\"30rgo\" data-offset-key=\"3rfs5-0-0\">\n<div class=\"_1mf _1mj\" data-offset-key=\"3rfs5-0-0\"><span data-offset-key=\"3rfs5-0-0\">\ud83d\udc49Luis Francisco S\u00e1nchez Jim\u00e9nez<\/span><\/div>\n<\/div>\n<div class=\"\" data-block=\"true\" data-editor=\"30rgo\" data-offset-key=\"514ic-0-0\">\n<div class=\"_1mf _1mj\" data-offset-key=\"514ic-0-0\"><span data-offset-key=\"514ic-0-0\">\ud83d\udc49J\u00f6el Mart\u00ednez Mart\u00ednez <\/span><\/div>\n<\/div>\n<div class=\"\" data-block=\"true\" data-editor=\"30rgo\" data-offset-key=\"d1vkb-0-0\">\n<div class=\"_1mf _1mj\" data-offset-key=\"d1vkb-0-0\"><span data-offset-key=\"d1vkb-0-0\">\ud83d\udc49Manuel Ib\u00e1\u00f1ez Prado<\/span><\/div>\n<\/div>\n<div class=\"\" data-block=\"true\" data-editor=\"30rgo\" data-offset-key=\"bjea0-0-0\">\n<div class=\"_1mf _1mj\" data-offset-key=\"bjea0-0-0\"><span data-offset-key=\"bjea0-0-0\">\ud83d\udc49Francisco L\u00f3pez Ubassy<\/span><\/div>\n<\/div>\n<div class=\"\" data-block=\"true\" data-editor=\"30rgo\" data-offset-key=\"cv0e5-0-0\">\n<div class=\"_1mf _1mj\" data-offset-key=\"cv0e5-0-0\"><span data-offset-key=\"cv0e5-0-0\">\ud83d\udc49Jos\u00e9 Desiderio Esteban Delgado<\/span><\/div>\n<\/div>\n<div class=\"\" data-block=\"true\" data-editor=\"30rgo\" data-offset-key=\"bqrlv-0-0\">\n<div class=\"_1mf _1mj\" data-offset-key=\"bqrlv-0-0\"><span data-offset-key=\"bqrlv-0-0\">\ud83d\udc49Roberto Mart\u00ednez Garc\u00eda <\/span><\/div>\n<\/div>\n<div class=\"\" data-block=\"true\" data-editor=\"30rgo\" data-offset-key=\"9decf-0-0\">\n<div class=\"_1mf _1mj\" data-offset-key=\"9decf-0-0\"><span data-offset-key=\"9decf-0-0\">\ud83d\udc49Javier Pomares Oliver<\/span><\/div>\n<\/div>\n<div class=\"\" data-block=\"true\" data-editor=\"30rgo\" data-offset-key=\"8jmev-0-0\">\n<div class=\"_1mf _1mj\" data-offset-key=\"8jmev-0-0\"><span data-offset-key=\"8jmev-0-0\">\u00a0<\/span><\/div>\n<\/div>\n<div class=\"\" data-block=\"true\" data-editor=\"30rgo\" data-offset-key=\"j79r-0-0\">\n<div class=\"_1mf _1mj\" data-offset-key=\"j79r-0-0\"><span data-offset-key=\"j79r-0-0\">\ud83c\udf96 Entrega de medallas por a\u00f1os de servicio:<\/span><\/div>\n<\/div>\n<div class=\"\" data-block=\"true\" data-editor=\"30rgo\" data-offset-key=\"emrsr-0-0\">\n<div class=\"_1mf _1mj\" data-offset-key=\"emrsr-0-0\"><span data-offset-key=\"emrsr-0-0\">Por sus 2\ufe0f\u20e30\ufe0f\u20e3 a\u00f1os de Servicio a los Agentes: <\/span><\/div>\n<\/div>\n<div class=\"\" data-block=\"true\" data-editor=\"30rgo\" data-offset-key=\"4oaon-0-0\">\n<div class=\"_1mf _1mj\" data-offset-key=\"4oaon-0-0\"><span data-offset-key=\"4oaon-0-0\">\u23faAndr\u00e9s Miguel Esclapez Sansano <\/span><\/div>\n<\/div>\n<div class=\"\" data-block=\"true\" data-editor=\"30rgo\" data-offset-key=\"c99rh-0-0\">\n<div class=\"_1mf _1mj\" data-offset-key=\"c99rh-0-0\"><span data-offset-key=\"c99rh-0-0\">\u23faV\u00edctor Ferm\u00edn P\u00e9rez Raja<\/span><\/div>\n<\/div>\n<div class=\"\" data-block=\"true\" data-editor=\"30rgo\" data-offset-key=\"9ns54-0-0\">\n<div class=\"_1mf _1mj\" data-offset-key=\"9ns54-0-0\"><span data-offset-key=\"9ns54-0-0\">\u23faJos\u00e9 Desiderio Esteban Delgado<\/span><\/div>\n<\/div>\n<div class=\"\" data-block=\"true\" data-editor=\"30rgo\" data-offset-key=\"ed2ih-0-0\">\n<div class=\"_1mf _1mj\" data-offset-key=\"ed2ih-0-0\"><span data-offset-key=\"ed2ih-0-0\">\u23faFran L\u00f3pez Ubassy <\/span><\/div>\n<\/div>\n<div class=\"\" data-block=\"true\" data-editor=\"30rgo\" data-offset-key=\"fpbdb-0-0\">\n<div class=\"_1mf _1mj\" data-offset-key=\"fpbdb-0-0\"><span data-offset-key=\"fpbdb-0-0\">\u23faAntonio Mart\u00edn Picazo<\/span><\/div>\n<\/div>\n<div class=\"\" data-block=\"true\" data-editor=\"30rgo\" data-offset-key=\"1c59b-0-0\">\n<div class=\"_1mf _1mj\" data-offset-key=\"1c59b-0-0\"><span data-offset-key=\"1c59b-0-0\">\u00a0<\/span><\/div>\n<\/div>\n<div class=\"\" data-block=\"true\" data-editor=\"30rgo\" data-offset-key=\"5564u-0-0\">\n<div class=\"_1mf _1mj\" data-offset-key=\"5564u-0-0\"><span data-offset-key=\"5564u-0-0\">\ud83c\udf96Por sus 2\ufe0f\u20e35\ufe0f\u20e3 a\u00f1os de Servicio a los Agentes: <\/span><\/div>\n<\/div>\n<div class=\"\" data-block=\"true\" data-editor=\"30rgo\" data-offset-key=\"db3b9-0-0\">\n<div class=\"_1mf _1mj\" data-offset-key=\"db3b9-0-0\"><span data-offset-key=\"db3b9-0-0\">\u23faAntonia Isabel Bonmat\u00ed Pastor<\/span><\/div>\n<\/div>\n<div class=\"\" data-block=\"true\" data-editor=\"30rgo\" data-offset-key=\"f6e07-0-0\">\n<div class=\"_1mf _1mj\" data-offset-key=\"f6e07-0-0\"><span data-offset-key=\"f6e07-0-0\">\u23faPablo Jim\u00e9nez Vizca\u00edno<\/span><\/div>\n<\/div>\n<div class=\"\" data-block=\"true\" data-editor=\"30rgo\" data-offset-key=\"3h2e6-0-0\">\n<div class=\"_1mf _1mj\" data-offset-key=\"3h2e6-0-0\"><span data-offset-key=\"3h2e6-0-0\">\u23faFrancisco Javier Fern\u00e1ndez Costa<\/span><\/div>\n<\/div>\n<div class=\"\" data-block=\"true\" data-editor=\"30rgo\" data-offset-key=\"5jct1-0-0\">\n<div class=\"_1mf _1mj\" data-offset-key=\"5jct1-0-0\"><span data-offset-key=\"5jct1-0-0\">\u00a0<\/span><\/div>\n<\/div>\n<div class=\"\" data-block=\"true\" data-editor=\"30rgo\" data-offset-key=\"dmmji-0-0\">\n<div class=\"_1mf _1mj\" data-offset-key=\"dmmji-0-0\"><span data-offset-key=\"dmmji-0-0\">\ud83c\udf96Por sus 3\ufe0f\u20e30\ufe0f\u20e3 a\u00f1os de Servicio a los Agentes<\/span><\/div>\n<\/div>\n<div class=\"\" data-block=\"true\" data-editor=\"30rgo\" data-offset-key=\"fn05m-0-0\">\n<div class=\"_1mf _1mj\" data-offset-key=\"fn05m-0-0\"><span data-offset-key=\"fn05m-0-0\">\u23faSalvador L\u00f3pez Espinosa<\/span><\/div>\n<\/div>\n<div class=\"\" data-block=\"true\" data-editor=\"30rgo\" data-offset-key=\"bgeci-0-0\">\n<div class=\"_1mf _1mj\" data-offset-key=\"bgeci-0-0\"><span data-offset-key=\"bgeci-0-0\">\u23faAntonio Campos Sempere<\/span><\/div>\n<\/div>\n<div class=\"\" data-block=\"true\" data-editor=\"30rgo\" data-offset-key=\"5s58a-0-0\">\n<div class=\"_1mf _1mj\" data-offset-key=\"5s58a-0-0\"><span data-offset-key=\"5s58a-0-0\">\u00a0<\/span><\/div>\n<\/div>\n<div class=\"\" data-block=\"true\" data-editor=\"30rgo\" data-offset-key=\"5g8jq-0-0\">\n<div class=\"_1mf _1mj\" data-offset-key=\"5g8jq-0-0\"><span data-offset-key=\"5g8jq-0-0\">\ud83c\udf96Por sus 3\ufe0f\u20e35\ufe0f\u20e3 a\u00f1os de Servicio a los Agentes<\/span><\/div>\n<\/div>\n<div class=\"\" data-block=\"true\" data-editor=\"30rgo\" data-offset-key=\"bhg1j-0-0\">\n<div class=\"_1mf _1mj\" data-offset-key=\"bhg1j-0-0\"><span data-offset-key=\"bhg1j-0-0\">\u23faFrancisco Jos\u00e9 Baile Carbonell<\/span><\/div>\n<\/div>\n<div class=\"\" data-block=\"true\" data-editor=\"30rgo\" data-offset-key=\"8u9ov-0-0\">\n<div class=\"_1mf _1mj\" data-offset-key=\"8u9ov-0-0\"><span data-offset-key=\"8u9ov-0-0\">\u23faManuel Vicente Torregosa Climent<\/span><\/div>\n<\/div>\n<div class=\"\" data-block=\"true\" data-editor=\"30rgo\" data-offset-key=\"4fu3v-0-0\">\n<div class=\"_1mf _1mj\" data-offset-key=\"4fu3v-0-0\"><span data-offset-key=\"4fu3v-0-0\">\u23faAntonio Irles Filiu<\/span><\/div>\n<\/div>\n","protected":false},"excerpt":{"rendered":"<p>\ud83d\udc6eEsta semana hemos celebrado la festividad de los \u00c1ngeles Custodios, Patr\u00f3n de nuestra Polic\u00eda Local de Santa Pola. Durante el acto instituci\u00f3n se realizaron varios reconocimientos: \u25b6Batiste L\u00f3pez P\u00e9rez, encargado del departamento de gr\u00faas \u25b6Antonia Fern\u00e1ndez Navarro, oficinas Polic\u00eda y reci\u00e9n jubilada \u25b6Tom\u00e1s P\u00e9rez L\u00f3pez, Tom\u00e1s &#8220;Pereta&#8221;. Voluntario en el parque de tr\u00e1fico. Adem\u00e1s, se [&hellip;]<\/p>\n","protected":false},"author":75,"featured_media":16641,"comment_status":"closed","ping_status":"closed","sticky":false,"template":"","format":"standard","meta":{"_et_pb_use_builder":"","_et_pb_old_content":"","_et_gb_content_width":"","footnotes":""},"categories":[66,56],"tags":[],"class_list":["post-16640","post","type-post","status-publish","format-standard","has-post-thumbnail","hentry","category-inicio","category-seguridad-ciudadana-proteccion-civil"],"yoast_head":"<!-- This site is optimized with the Yoast SEO plugin v27.4 - https:\/\/yoast.com\/product\/yoast-seo-wordpress\/ -->\n<title>Patr\u00f3n de la Polic\u00eda Local de Santa Pola - Ajuntament de Santa Pola<\/title>\n<meta name=\"robots\" content=\"index, follow, max-snippet:-1, max-image-preview:large, max-video-preview:-1\" \/>\n<link rel=\"canonical\" href=\"https:\/\/santapola.es\/ca\/patron-de-la-policia-local-de-santa-pola\/\" \/>\n<meta property=\"og:locale\" content=\"ca_ES\" \/>\n<meta property=\"og:type\" content=\"article\" \/>\n<meta property=\"og:title\" content=\"Patr\u00f3n de la Polic\u00eda Local de Santa Pola - Ajuntament de Santa Pola\" \/>\n<meta property=\"og:description\" content=\"\ud83d\udc6eEsta semana hemos celebrado la festividad de los \u00c1ngeles Custodios, Patr\u00f3n de nuestra Polic\u00eda Local de Santa Pola. Durante el acto instituci\u00f3n se realizaron varios reconocimientos: \u25b6Batiste L\u00f3pez P\u00e9rez, encargado del departamento de gr\u00faas \u25b6Antonia Fern\u00e1ndez Navarro, oficinas Polic\u00eda y reci\u00e9n jubilada \u25b6Tom\u00e1s P\u00e9rez L\u00f3pez, Tom\u00e1s &#8220;Pereta&#8221;. Voluntario en el parque de tr\u00e1fico. Adem\u00e1s, se [&hellip;]\" \/>\n<meta property=\"og:url\" content=\"https:\/\/santapola.es\/ca\/patron-de-la-policia-local-de-santa-pola\/\" \/>\n<meta property=\"og:site_name\" content=\"Ajuntament de Santa Pola\" \/>\n<meta property=\"article:publisher\" content=\"https:\/\/www.facebook.com\/AyuntamientoSantaPola\/\" \/>\n<meta property=\"article:published_time\" content=\"2022-10-05T08:48:43+00:00\" \/>\n<meta property=\"article:modified_time\" content=\"2024-03-07T17:41:02+00:00\" \/>\n<meta property=\"og:image\" content=\"https:\/\/santapola.es\/wp-content\/uploads\/2022\/10\/WhatsApp-Image-2022-10-03-at-3.23.28-PM.jpeg\" \/>\n\t<meta property=\"og:image:width\" content=\"1600\" \/>\n\t<meta property=\"og:image:height\" content=\"1059\" \/>\n\t<meta property=\"og:image:type\" content=\"image\/jpeg\" \/>\n<meta name=\"author\" content=\"\u00c1rea Municipal Alcald\u00eda\" \/>\n<meta name=\"twitter:card\" content=\"summary_large_image\" \/>\n<meta name=\"twitter:creator\" content=\"@SantaPolaAyunt\" \/>\n<meta name=\"twitter:site\" content=\"@SantaPolaAyunt\" \/>\n<script type=\"application\/ld+json\" class=\"yoast-schema-graph\">{\"@context\":\"https:\\\/\\\/schema.org\",\"@graph\":[{\"@type\":\"Article\",\"@id\":\"https:\\\/\\\/santapola.es\\\/ca\\\/patron-de-la-policia-local-de-santa-pola\\\/#article\",\"isPartOf\":{\"@id\":\"https:\\\/\\\/santapola.es\\\/ca\\\/patron-de-la-policia-local-de-santa-pola\\\/\"},\"author\":{\"name\":\"\u00c1rea Municipal Alcald\u00eda\",\"@id\":\"https:\\\/\\\/santapola.es\\\/ca\\\/#\\\/schema\\\/person\\\/c08381290b84c068e06ca5dc1f5a08a7\"},\"headline\":\"Patr\u00f3n de la Polic\u00eda Local de Santa Pola\",\"datePublished\":\"2022-10-05T08:48:43+00:00\",\"dateModified\":\"2024-03-07T17:41:02+00:00\",\"mainEntityOfPage\":{\"@id\":\"https:\\\/\\\/santapola.es\\\/ca\\\/patron-de-la-policia-local-de-santa-pola\\\/\"},\"wordCount\":258,\"image\":{\"@id\":\"https:\\\/\\\/santapola.es\\\/ca\\\/patron-de-la-policia-local-de-santa-pola\\\/#primaryimage\"},\"thumbnailUrl\":\"https:\\\/\\\/santapola.es\\\/wp-content\\\/uploads\\\/2022\\\/10\\\/WhatsApp-Image-2022-10-03-at-3.23.28-PM.jpeg\",\"articleSection\":[\"Inicio\",\"Seguridad Ciudadana \\\/ Protecci\u00f3n Civil\"],\"inLanguage\":\"ca\"},{\"@type\":\"WebPage\",\"@id\":\"https:\\\/\\\/santapola.es\\\/ca\\\/patron-de-la-policia-local-de-santa-pola\\\/\",\"url\":\"https:\\\/\\\/santapola.es\\\/ca\\\/patron-de-la-policia-local-de-santa-pola\\\/\",\"name\":\"Patr\u00f3n de la Polic\u00eda Local de Santa Pola - Ajuntament de Santa Pola\",\"isPartOf\":{\"@id\":\"https:\\\/\\\/santapola.es\\\/ca\\\/#website\"},\"primaryImageOfPage\":{\"@id\":\"https:\\\/\\\/santapola.es\\\/ca\\\/patron-de-la-policia-local-de-santa-pola\\\/#primaryimage\"},\"image\":{\"@id\":\"https:\\\/\\\/santapola.es\\\/ca\\\/patron-de-la-policia-local-de-santa-pola\\\/#primaryimage\"},\"thumbnailUrl\":\"https:\\\/\\\/santapola.es\\\/wp-content\\\/uploads\\\/2022\\\/10\\\/WhatsApp-Image-2022-10-03-at-3.23.28-PM.jpeg\",\"datePublished\":\"2022-10-05T08:48:43+00:00\",\"dateModified\":\"2024-03-07T17:41:02+00:00\",\"author\":{\"@id\":\"https:\\\/\\\/santapola.es\\\/ca\\\/#\\\/schema\\\/person\\\/c08381290b84c068e06ca5dc1f5a08a7\"},\"breadcrumb\":{\"@id\":\"https:\\\/\\\/santapola.es\\\/ca\\\/patron-de-la-policia-local-de-santa-pola\\\/#breadcrumb\"},\"inLanguage\":\"ca\",\"potentialAction\":[{\"@type\":\"ReadAction\",\"target\":[\"https:\\\/\\\/santapola.es\\\/ca\\\/patron-de-la-policia-local-de-santa-pola\\\/\"]}]},{\"@type\":\"ImageObject\",\"inLanguage\":\"ca\",\"@id\":\"https:\\\/\\\/santapola.es\\\/ca\\\/patron-de-la-policia-local-de-santa-pola\\\/#primaryimage\",\"url\":\"https:\\\/\\\/santapola.es\\\/wp-content\\\/uploads\\\/2022\\\/10\\\/WhatsApp-Image-2022-10-03-at-3.23.28-PM.jpeg\",\"contentUrl\":\"https:\\\/\\\/santapola.es\\\/wp-content\\\/uploads\\\/2022\\\/10\\\/WhatsApp-Image-2022-10-03-at-3.23.28-PM.jpeg\",\"width\":1600,\"height\":1059},{\"@type\":\"BreadcrumbList\",\"@id\":\"https:\\\/\\\/santapola.es\\\/ca\\\/patron-de-la-policia-local-de-santa-pola\\\/#breadcrumb\",\"itemListElement\":[{\"@type\":\"ListItem\",\"position\":1,\"name\":\"Inici\",\"item\":\"https:\\\/\\\/santapola.es\\\/ca\\\/\"},{\"@type\":\"ListItem\",\"position\":2,\"name\":\"Patr\u00f3n de la Polic\u00eda Local de Santa Pola\"}]},{\"@type\":\"WebSite\",\"@id\":\"https:\\\/\\\/santapola.es\\\/ca\\\/#website\",\"url\":\"https:\\\/\\\/santapola.es\\\/ca\\\/\",\"name\":\"Ayuntamiento de Santa Pola\",\"description\":\"Web de l'Ajuntament de Santa Pola\",\"potentialAction\":[{\"@type\":\"SearchAction\",\"target\":{\"@type\":\"EntryPoint\",\"urlTemplate\":\"https:\\\/\\\/santapola.es\\\/ca\\\/?s={search_term_string}\"},\"query-input\":{\"@type\":\"PropertyValueSpecification\",\"valueRequired\":true,\"valueName\":\"search_term_string\"}}],\"inLanguage\":\"ca\"},{\"@type\":\"Person\",\"@id\":\"https:\\\/\\\/santapola.es\\\/ca\\\/#\\\/schema\\\/person\\\/c08381290b84c068e06ca5dc1f5a08a7\",\"name\":\"\u00c1rea Municipal Alcald\u00eda\"}]}<\/script>\n<!-- \/ Yoast SEO plugin. -->","yoast_head_json":{"title":"Patr\u00f3n de la Polic\u00eda Local de Santa Pola - Ajuntament de Santa Pola","robots":{"index":"index","follow":"follow","max-snippet":"max-snippet:-1","max-image-preview":"max-image-preview:large","max-video-preview":"max-video-preview:-1"},"canonical":"https:\/\/santapola.es\/ca\/patron-de-la-policia-local-de-santa-pola\/","og_locale":"ca_ES","og_type":"article","og_title":"Patr\u00f3n de la Polic\u00eda Local de Santa Pola - Ajuntament de Santa Pola","og_description":"\ud83d\udc6eEsta semana hemos celebrado la festividad de los \u00c1ngeles Custodios, Patr\u00f3n de nuestra Polic\u00eda Local de Santa Pola. Durante el acto instituci\u00f3n se realizaron varios reconocimientos: \u25b6Batiste L\u00f3pez P\u00e9rez, encargado del departamento de gr\u00faas \u25b6Antonia Fern\u00e1ndez Navarro, oficinas Polic\u00eda y reci\u00e9n jubilada \u25b6Tom\u00e1s P\u00e9rez L\u00f3pez, Tom\u00e1s &#8220;Pereta&#8221;. Voluntario en el parque de tr\u00e1fico. Adem\u00e1s, se [&hellip;]","og_url":"https:\/\/santapola.es\/ca\/patron-de-la-policia-local-de-santa-pola\/","og_site_name":"Ajuntament de Santa Pola","article_publisher":"https:\/\/www.facebook.com\/AyuntamientoSantaPola\/","article_published_time":"2022-10-05T08:48:43+00:00","article_modified_time":"2024-03-07T17:41:02+00:00","og_image":[{"width":1600,"height":1059,"url":"https:\/\/santapola.es\/wp-content\/uploads\/2022\/10\/WhatsApp-Image-2022-10-03-at-3.23.28-PM.jpeg","type":"image\/jpeg"}],"author":"\u00c1rea Municipal Alcald\u00eda","twitter_card":"summary_large_image","twitter_creator":"@SantaPolaAyunt","twitter_site":"@SantaPolaAyunt","schema":{"@context":"https:\/\/schema.org","@graph":[{"@type":"Article","@id":"https:\/\/santapola.es\/ca\/patron-de-la-policia-local-de-santa-pola\/#article","isPartOf":{"@id":"https:\/\/santapola.es\/ca\/patron-de-la-policia-local-de-santa-pola\/"},"author":{"name":"\u00c1rea Municipal Alcald\u00eda","@id":"https:\/\/santapola.es\/ca\/#\/schema\/person\/c08381290b84c068e06ca5dc1f5a08a7"},"headline":"Patr\u00f3n de la Polic\u00eda Local de Santa Pola","datePublished":"2022-10-05T08:48:43+00:00","dateModified":"2024-03-07T17:41:02+00:00","mainEntityOfPage":{"@id":"https:\/\/santapola.es\/ca\/patron-de-la-policia-local-de-santa-pola\/"},"wordCount":258,"image":{"@id":"https:\/\/santapola.es\/ca\/patron-de-la-policia-local-de-santa-pola\/#primaryimage"},"thumbnailUrl":"https:\/\/santapola.es\/wp-content\/uploads\/2022\/10\/WhatsApp-Image-2022-10-03-at-3.23.28-PM.jpeg","articleSection":["Inicio","Seguridad Ciudadana \/ Protecci\u00f3n Civil"],"inLanguage":"ca"},{"@type":"WebPage","@id":"https:\/\/santapola.es\/ca\/patron-de-la-policia-local-de-santa-pola\/","url":"https:\/\/santapola.es\/ca\/patron-de-la-policia-local-de-santa-pola\/","name":"Patr\u00f3n de la Polic\u00eda Local de Santa Pola - Ajuntament de Santa Pola","isPartOf":{"@id":"https:\/\/santapola.es\/ca\/#website"},"primaryImageOfPage":{"@id":"https:\/\/santapola.es\/ca\/patron-de-la-policia-local-de-santa-pola\/#primaryimage"},"image":{"@id":"https:\/\/santapola.es\/ca\/patron-de-la-policia-local-de-santa-pola\/#primaryimage"},"thumbnailUrl":"https:\/\/santapola.es\/wp-content\/uploads\/2022\/10\/WhatsApp-Image-2022-10-03-at-3.23.28-PM.jpeg","datePublished":"2022-10-05T08:48:43+00:00","dateModified":"2024-03-07T17:41:02+00:00","author":{"@id":"https:\/\/santapola.es\/ca\/#\/schema\/person\/c08381290b84c068e06ca5dc1f5a08a7"},"breadcrumb":{"@id":"https:\/\/santapola.es\/ca\/patron-de-la-policia-local-de-santa-pola\/#breadcrumb"},"inLanguage":"ca","potentialAction":[{"@type":"ReadAction","target":["https:\/\/santapola.es\/ca\/patron-de-la-policia-local-de-santa-pola\/"]}]},{"@type":"ImageObject","inLanguage":"ca","@id":"https:\/\/santapola.es\/ca\/patron-de-la-policia-local-de-santa-pola\/#primaryimage","url":"https:\/\/santapola.es\/wp-content\/uploads\/2022\/10\/WhatsApp-Image-2022-10-03-at-3.23.28-PM.jpeg","contentUrl":"https:\/\/santapola.es\/wp-content\/uploads\/2022\/10\/WhatsApp-Image-2022-10-03-at-3.23.28-PM.jpeg","width":1600,"height":1059},{"@type":"BreadcrumbList","@id":"https:\/\/santapola.es\/ca\/patron-de-la-policia-local-de-santa-pola\/#breadcrumb","itemListElement":[{"@type":"ListItem","position":1,"name":"Inici","item":"https:\/\/santapola.es\/ca\/"},{"@type":"ListItem","position":2,"name":"Patr\u00f3n de la Polic\u00eda Local de Santa Pola"}]},{"@type":"WebSite","@id":"https:\/\/santapola.es\/ca\/#website","url":"https:\/\/santapola.es\/ca\/","name":"Ayuntamiento de Santa Pola","description":"Web de l'Ajuntament de Santa Pola","potentialAction":[{"@type":"SearchAction","target":{"@type":"EntryPoint","urlTemplate":"https:\/\/santapola.es\/ca\/?s={search_term_string}"},"query-input":{"@type":"PropertyValueSpecification","valueRequired":true,"valueName":"search_term_string"}}],"inLanguage":"ca"},{"@type":"Person","@id":"https:\/\/santapola.es\/ca\/#\/schema\/person\/c08381290b84c068e06ca5dc1f5a08a7","name":"\u00c1rea Municipal Alcald\u00eda"}]}},"_links":{"self":[{"href":"https:\/\/santapola.es\/ca\/wp-json\/wp\/v2\/posts\/16640","targetHints":{"allow":["GET"]}}],"collection":[{"href":"https:\/\/santapola.es\/ca\/wp-json\/wp\/v2\/posts"}],"about":[{"href":"https:\/\/santapola.es\/ca\/wp-json\/wp\/v2\/types\/post"}],"author":[{"embeddable":true,"href":"https:\/\/santapola.es\/ca\/wp-json\/wp\/v2\/users\/75"}],"replies":[{"embeddable":true,"href":"https:\/\/santapola.es\/ca\/wp-json\/wp\/v2\/comments?post=16640"}],"version-history":[{"count":0,"href":"https:\/\/santapola.es\/ca\/wp-json\/wp\/v2\/posts\/16640\/revisions"}],"wp:featuredmedia":[{"embeddable":true,"href":"https:\/\/santapola.es\/ca\/wp-json\/wp\/v2\/media\/16641"}],"wp:attachment":[{"href":"https:\/\/santapola.es\/ca\/wp-json\/wp\/v2\/media?parent=16640"}],"wp:term":[{"taxonomy":"category","embeddable":true,"href":"https:\/\/santapola.es\/ca\/wp-json\/wp\/v2\/categories?post=16640"},{"taxonomy":"post_tag","embeddable":true,"href":"https:\/\/santapola.es\/ca\/wp-json\/wp\/v2\/tags?post=16640"}],"curies":[{"name":"wp","href":"https:\/\/api.w.org\/{rel}","templated":true}]}}