{"id":16637,"date":"2022-09-30T11:41:32","date_gmt":"2022-09-30T10:41:32","guid":{"rendered":"https:\/\/www.santapola.es\/?p=16637"},"modified":"2024-03-07T18:41:02","modified_gmt":"2024-03-07T17:41:02","slug":"octubre-cultural-en-santa-pola","status":"publish","type":"post","link":"https:\/\/santapola.es\/ca\/octubre-cultural-en-santa-pola\/","title":{"rendered":"Octubre Cultural en Santa Pola"},"content":{"rendered":"<p><strong>DIMARTS 4: TEATRE<\/strong><\/p>\n<p><strong>Teatre per als alumnes dels IES: \u00abEl ver\u00ed del teatre\u00bb<\/strong><\/p>\n<p><strong>Hora: 11:30<\/strong><\/p>\n<p><strong>Lloc: <\/strong>Sal\u00f3 d\u2019Actes de la Casa de Cultura<\/p>\n<p><strong>Representaci\u00f3 oberta al p\u00fablic: El ver\u00ed del teatre<\/strong><\/p>\n<p><strong>Hora: 20:00<\/strong><\/p>\n<p><strong>Lloc: <\/strong>Sal\u00f3 d\u2019Actes de la Casa de Cultura<\/p>\n<p>&nbsp;<\/p>\n<p><strong>DIMECRES 5.<\/strong><\/p>\n<p><strong>Elaboraci\u00f3 del mural del 9 d\u2019octubre<\/strong> en el que han participat els col\u00b7legis de prim\u00e0ria de Santa Pola.<\/p>\n<p>Hora: 9:30<\/p>\n<p>Lloc: Pla\u00e7a del Castell-Fortalesa<\/p>\n<p><strong>DIJOUS 6<\/strong><\/p>\n<p>Presentaci\u00f3 de la publicaci\u00f3 del \u00abQuadern de Toponimia de Santa Pola\u00bb de l\u2019Academia Valenciana de la Llengua<\/p>\n<p>Hora: 19:30<\/p>\n<p>Lloc: Biblioteca Central<\/p>\n<p>&nbsp;<\/p>\n<p><strong>DISSABTE 8 D\u2019OCTUBRE<\/strong><\/p>\n<p><strong>Concert de rock per a tota la fam\u00edlia. RAMONETS<\/strong><\/p>\n<p><strong>Hora: 19.00<\/strong><\/p>\n<p>LLOC: Glorieta<\/p>\n<p>CIRCUIT CULTURAL VALENCI\u00c1<\/p>\n<p>&nbsp;<\/p>\n<p><strong>DIUMENGE 9 (Dia de la Comunitat Valenciana). ACTE INSTITUCIONAL<\/strong><\/p>\n<p><strong>12: Declaraci\u00f3 institucional<\/strong><\/p>\n<p><strong>Concert a c\u00e0rrec de l\u2019Associaci\u00f3 Musical Mare de D\u00e9u de Loreto<\/strong><\/p>\n<p><strong>13:00Masclet\u00e1<\/strong><\/p>\n<p><strong>Lloc: Glorieta<\/strong><\/p>\n<p>&nbsp;<\/p>\n<p><strong>DIJOUS 13<\/strong><\/p>\n<p><strong>Presentaci\u00f3 del llibre\u00a0 \u00abEl f\u00fatbol en Santa Pola\u00bb<\/strong><\/p>\n<p><strong>Hora: 19:30<\/strong> hores<\/p>\n<p><strong>Lloc:<\/strong> Sal\u00f3 d\u2019Actes de la Casa de Cultura<\/p>\n<p>Llibre subvencionat en la campanya \u201cActividades culturales, musicales y esc\u00e9nicas, anualidad 2022\u201d de la Excma. Diputaci\u00f3 Provincial d\u2019Alacant.<\/p>\n<p><strong>\u00a0<\/strong><\/p>\n<p><strong>DIVENDRES 14<\/strong><\/p>\n<p><strong>M\u00daSICA AL CARRER<\/strong><\/p>\n<p><strong>Actuaci\u00f3 de COOL DE SAC<\/strong><\/p>\n<p><strong>Hora:<\/strong> 20:00<\/p>\n<p><strong>Lloc:<\/strong> Pla\u00e7a de la Glorieta<\/p>\n<p>FESTIVAL PROVINCIAL D\u2019ARTS ESC\u00c8NIQUES de la Diputaci\u00f3 Provincial d\u2019Alacant<\/p>\n<p><strong>\u00a0<\/strong><\/p>\n<p><strong>DISSABTE 15<\/strong><\/p>\n<p><strong>CONCERT \u00abXXV ANIVERSARI COLLA EL FREU\u00bb<\/strong><\/p>\n<p>Lloc: Pla\u00e7a del Castell-Fortalesa<\/p>\n<p>Hora: 19:00<\/p>\n<p>&nbsp;<\/p>\n<p><strong>DIJOUS 20<\/strong><\/p>\n<p><strong>Inauguraci\u00f3 exposicici\u00f3 \u00abXXV ANYS L\u2019ANTINA. LA NOSTRALLENGUA, LA NOSTRA CULTURA\u00bb<\/strong><\/p>\n<p>Hora:19:30<\/p>\n<p>Lloc: Casa de Cultura<\/p>\n<p>&nbsp;<\/p>\n<p><strong>DIVENDRES 21:<\/strong><\/p>\n<p><strong>EUGENI ALEMA\u00d1. \u00abEn persona guanye\u00bb<\/strong><\/p>\n<p><strong>Hora:<\/strong> 20.00<\/p>\n<p><strong>Lloc:<\/strong> Casa de Cultura<\/p>\n<p><strong>Entrades en<\/strong> <a href=\"http:\/\/www.culturadesarrollo.santapola.es\/\">www.culturadesarrollo.santapola.es<\/a><\/p>\n<p>CIRCUIT CULTURAL VALENCI\u00c1<\/p>\n<p>&nbsp;<\/p>\n<p><strong>DISSABTE 29<\/strong><\/p>\n<p>Taller de titelles a c\u00e0rrec del Marionetari<\/p>\n<p>Hora: 11:00<\/p>\n<p>Lloc: Biblioteca Infantil i Juvenil (Centre c\u00edvic)<\/p>\n<p>&nbsp;<\/p>\n<p><strong>\u00a0<\/strong><\/p>\n<p><strong>\u00a0V<\/strong> <strong>FESTIVAL DE TITELLES:HOMENATGE A EMPAR CLARAMUNT<\/strong><\/p>\n<p><strong>Divendres 28: PALLA, FUSTA, PEDRA<\/strong><strong> \u2013 Cia. Galiot Teatre<\/strong><\/p>\n<p><strong>Hora:<\/strong>18.30h.<\/p>\n<p><strong>Lloc:<\/strong> Sal\u00f3 d\u2019Actes Casa de Cultura<\/p>\n<p><strong>Invitacions:<\/strong> <a href=\"https:\/\/biblioteques.wordpress.com\/\">https:\/\/biblioteques.wordpress.com<\/a><\/p>\n<p>&nbsp;<\/p>\n<p><strong>Dissabte 29: VICENT, EL PIRATA VALENT<\/strong>\u2013<strong> Cia. La Carreta Teatre<\/strong><\/p>\n<p><strong>Hora:<\/strong>18:30<\/p>\n<p><strong>Lloc: <\/strong>Sal\u00f3 d\u2019Actes Casa de Cultura<\/p>\n<p><strong>Invitacions: <\/strong><a href=\"https:\/\/biblioteques.wordpress.com\/\">https:\/\/biblioteques.wordpress.com<\/a><\/p>\n<p>Obra inclosa en el FESTIVAL PROVINCIAL D\u2019ARTS ESC\u00c8NIQUES 2022 de la Diputaci\u00f3 Provincial d\u2019Alacant<\/p>\n<p>&nbsp;<\/p>\n<p><strong>Diumenge 30: TINA, LA BRUIXA FINA-Cia. La Fornal Teatre<\/strong><\/p>\n<p><strong>Hora<\/strong>:18.30h.<\/p>\n<p><strong>Lloc:<\/strong> Sal\u00f3 d\u2019Actes Casa de Cultura<\/p>\n<p><strong>Entrades en <\/strong><a href=\"https:\/\/biblioteques.wordpress.com\/\">https:\/\/biblioteques.wordpress.com<\/a><\/p>\n<p>&nbsp;<\/p>\n<p>&nbsp;<\/p>\n","protected":false},"excerpt":{"rendered":"<p>DIMARTS 4: TEATRE Teatre per als alumnes dels IES: \u00abEl ver\u00ed del teatre\u00bb Hora: 11:30 Lloc: Sal\u00f3 d\u2019Actes de la Casa de Cultura Representaci\u00f3 oberta al p\u00fablic: El ver\u00ed del teatre Hora: 20:00 Lloc: Sal\u00f3 d\u2019Actes de la Casa de Cultura &nbsp; DIMECRES 5. Elaboraci\u00f3 del mural del 9 d\u2019octubre en el que han participat [&hellip;]<\/p>\n","protected":false},"author":75,"featured_media":16638,"comment_status":"closed","ping_status":"closed","sticky":false,"template":"","format":"standard","meta":{"_et_pb_use_builder":"","_et_pb_old_content":"","_et_gb_content_width":"","footnotes":""},"categories":[51,66],"tags":[],"class_list":["post-16637","post","type-post","status-publish","format-standard","has-post-thumbnail","hentry","category-cultura-fiestas","category-inicio"],"yoast_head":"<!-- This site is optimized with the Yoast SEO plugin v27.4 - https:\/\/yoast.com\/product\/yoast-seo-wordpress\/ -->\n<title>Octubre Cultural en Santa Pola - Ajuntament de Santa Pola<\/title>\n<meta name=\"robots\" content=\"index, follow, max-snippet:-1, max-image-preview:large, max-video-preview:-1\" \/>\n<link rel=\"canonical\" href=\"https:\/\/santapola.es\/ca\/octubre-cultural-en-santa-pola\/\" \/>\n<meta property=\"og:locale\" content=\"ca_ES\" \/>\n<meta property=\"og:type\" content=\"article\" \/>\n<meta property=\"og:title\" content=\"Octubre Cultural en Santa Pola - Ajuntament de Santa Pola\" \/>\n<meta property=\"og:description\" content=\"DIMARTS 4: TEATRE Teatre per als alumnes dels IES: \u00abEl ver\u00ed del teatre\u00bb Hora: 11:30 Lloc: Sal\u00f3 d\u2019Actes de la Casa de Cultura Representaci\u00f3 oberta al p\u00fablic: El ver\u00ed del teatre Hora: 20:00 Lloc: Sal\u00f3 d\u2019Actes de la Casa de Cultura &nbsp; DIMECRES 5. Elaboraci\u00f3 del mural del 9 d\u2019octubre en el que han participat [&hellip;]\" \/>\n<meta property=\"og:url\" content=\"https:\/\/santapola.es\/ca\/octubre-cultural-en-santa-pola\/\" \/>\n<meta property=\"og:site_name\" content=\"Ajuntament de Santa Pola\" \/>\n<meta property=\"article:publisher\" content=\"https:\/\/www.facebook.com\/AyuntamientoSantaPola\/\" \/>\n<meta property=\"article:published_time\" content=\"2022-09-30T10:41:32+00:00\" \/>\n<meta property=\"article:modified_time\" content=\"2024-03-07T17:41:02+00:00\" \/>\n<meta property=\"og:image\" content=\"https:\/\/santapola.es\/wp-content\/uploads\/2022\/09\/WhatsApp-Image-2022-09-29-at-6.01.09-PM.jpeg\" \/>\n\t<meta property=\"og:image:width\" content=\"1280\" \/>\n\t<meta property=\"og:image:height\" content=\"1600\" \/>\n\t<meta property=\"og:image:type\" content=\"image\/jpeg\" \/>\n<meta name=\"author\" content=\"\u00c1rea Municipal Alcald\u00eda\" \/>\n<meta name=\"twitter:card\" content=\"summary_large_image\" \/>\n<meta name=\"twitter:creator\" content=\"@SantaPolaAyunt\" \/>\n<meta name=\"twitter:site\" content=\"@SantaPolaAyunt\" \/>\n<script type=\"application\/ld+json\" class=\"yoast-schema-graph\">{\"@context\":\"https:\\\/\\\/schema.org\",\"@graph\":[{\"@type\":\"Article\",\"@id\":\"https:\\\/\\\/santapola.es\\\/ca\\\/octubre-cultural-en-santa-pola\\\/#article\",\"isPartOf\":{\"@id\":\"https:\\\/\\\/santapola.es\\\/ca\\\/octubre-cultural-en-santa-pola\\\/\"},\"author\":{\"name\":\"\u00c1rea Municipal Alcald\u00eda\",\"@id\":\"https:\\\/\\\/santapola.es\\\/ca\\\/#\\\/schema\\\/person\\\/c08381290b84c068e06ca5dc1f5a08a7\"},\"headline\":\"Octubre Cultural en Santa Pola\",\"datePublished\":\"2022-09-30T10:41:32+00:00\",\"dateModified\":\"2024-03-07T17:41:02+00:00\",\"mainEntityOfPage\":{\"@id\":\"https:\\\/\\\/santapola.es\\\/ca\\\/octubre-cultural-en-santa-pola\\\/\"},\"wordCount\":381,\"image\":{\"@id\":\"https:\\\/\\\/santapola.es\\\/ca\\\/octubre-cultural-en-santa-pola\\\/#primaryimage\"},\"thumbnailUrl\":\"https:\\\/\\\/santapola.es\\\/wp-content\\\/uploads\\\/2022\\\/09\\\/WhatsApp-Image-2022-09-29-at-6.01.09-PM.jpeg\",\"articleSection\":[\"Cultura\\\/ Fiestas\",\"Inicio\"],\"inLanguage\":\"ca\"},{\"@type\":\"WebPage\",\"@id\":\"https:\\\/\\\/santapola.es\\\/ca\\\/octubre-cultural-en-santa-pola\\\/\",\"url\":\"https:\\\/\\\/santapola.es\\\/ca\\\/octubre-cultural-en-santa-pola\\\/\",\"name\":\"Octubre Cultural en Santa Pola - Ajuntament de Santa Pola\",\"isPartOf\":{\"@id\":\"https:\\\/\\\/santapola.es\\\/ca\\\/#website\"},\"primaryImageOfPage\":{\"@id\":\"https:\\\/\\\/santapola.es\\\/ca\\\/octubre-cultural-en-santa-pola\\\/#primaryimage\"},\"image\":{\"@id\":\"https:\\\/\\\/santapola.es\\\/ca\\\/octubre-cultural-en-santa-pola\\\/#primaryimage\"},\"thumbnailUrl\":\"https:\\\/\\\/santapola.es\\\/wp-content\\\/uploads\\\/2022\\\/09\\\/WhatsApp-Image-2022-09-29-at-6.01.09-PM.jpeg\",\"datePublished\":\"2022-09-30T10:41:32+00:00\",\"dateModified\":\"2024-03-07T17:41:02+00:00\",\"author\":{\"@id\":\"https:\\\/\\\/santapola.es\\\/ca\\\/#\\\/schema\\\/person\\\/c08381290b84c068e06ca5dc1f5a08a7\"},\"breadcrumb\":{\"@id\":\"https:\\\/\\\/santapola.es\\\/ca\\\/octubre-cultural-en-santa-pola\\\/#breadcrumb\"},\"inLanguage\":\"ca\",\"potentialAction\":[{\"@type\":\"ReadAction\",\"target\":[\"https:\\\/\\\/santapola.es\\\/ca\\\/octubre-cultural-en-santa-pola\\\/\"]}]},{\"@type\":\"ImageObject\",\"inLanguage\":\"ca\",\"@id\":\"https:\\\/\\\/santapola.es\\\/ca\\\/octubre-cultural-en-santa-pola\\\/#primaryimage\",\"url\":\"https:\\\/\\\/santapola.es\\\/wp-content\\\/uploads\\\/2022\\\/09\\\/WhatsApp-Image-2022-09-29-at-6.01.09-PM.jpeg\",\"contentUrl\":\"https:\\\/\\\/santapola.es\\\/wp-content\\\/uploads\\\/2022\\\/09\\\/WhatsApp-Image-2022-09-29-at-6.01.09-PM.jpeg\",\"width\":1280,\"height\":1600},{\"@type\":\"BreadcrumbList\",\"@id\":\"https:\\\/\\\/santapola.es\\\/ca\\\/octubre-cultural-en-santa-pola\\\/#breadcrumb\",\"itemListElement\":[{\"@type\":\"ListItem\",\"position\":1,\"name\":\"Inici\",\"item\":\"https:\\\/\\\/santapola.es\\\/ca\\\/\"},{\"@type\":\"ListItem\",\"position\":2,\"name\":\"Octubre Cultural en Santa Pola\"}]},{\"@type\":\"WebSite\",\"@id\":\"https:\\\/\\\/santapola.es\\\/ca\\\/#website\",\"url\":\"https:\\\/\\\/santapola.es\\\/ca\\\/\",\"name\":\"Ayuntamiento de Santa Pola\",\"description\":\"Web de l'Ajuntament de Santa Pola\",\"potentialAction\":[{\"@type\":\"SearchAction\",\"target\":{\"@type\":\"EntryPoint\",\"urlTemplate\":\"https:\\\/\\\/santapola.es\\\/ca\\\/?s={search_term_string}\"},\"query-input\":{\"@type\":\"PropertyValueSpecification\",\"valueRequired\":true,\"valueName\":\"search_term_string\"}}],\"inLanguage\":\"ca\"},{\"@type\":\"Person\",\"@id\":\"https:\\\/\\\/santapola.es\\\/ca\\\/#\\\/schema\\\/person\\\/c08381290b84c068e06ca5dc1f5a08a7\",\"name\":\"\u00c1rea Municipal Alcald\u00eda\"}]}<\/script>\n<!-- \/ Yoast SEO plugin. -->","yoast_head_json":{"title":"Octubre Cultural en Santa Pola - Ajuntament de Santa Pola","robots":{"index":"index","follow":"follow","max-snippet":"max-snippet:-1","max-image-preview":"max-image-preview:large","max-video-preview":"max-video-preview:-1"},"canonical":"https:\/\/santapola.es\/ca\/octubre-cultural-en-santa-pola\/","og_locale":"ca_ES","og_type":"article","og_title":"Octubre Cultural en Santa Pola - Ajuntament de Santa Pola","og_description":"DIMARTS 4: TEATRE Teatre per als alumnes dels IES: \u00abEl ver\u00ed del teatre\u00bb Hora: 11:30 Lloc: Sal\u00f3 d\u2019Actes de la Casa de Cultura Representaci\u00f3 oberta al p\u00fablic: El ver\u00ed del teatre Hora: 20:00 Lloc: Sal\u00f3 d\u2019Actes de la Casa de Cultura &nbsp; DIMECRES 5. Elaboraci\u00f3 del mural del 9 d\u2019octubre en el que han participat [&hellip;]","og_url":"https:\/\/santapola.es\/ca\/octubre-cultural-en-santa-pola\/","og_site_name":"Ajuntament de Santa Pola","article_publisher":"https:\/\/www.facebook.com\/AyuntamientoSantaPola\/","article_published_time":"2022-09-30T10:41:32+00:00","article_modified_time":"2024-03-07T17:41:02+00:00","og_image":[{"width":1280,"height":1600,"url":"https:\/\/santapola.es\/wp-content\/uploads\/2022\/09\/WhatsApp-Image-2022-09-29-at-6.01.09-PM.jpeg","type":"image\/jpeg"}],"author":"\u00c1rea Municipal Alcald\u00eda","twitter_card":"summary_large_image","twitter_creator":"@SantaPolaAyunt","twitter_site":"@SantaPolaAyunt","schema":{"@context":"https:\/\/schema.org","@graph":[{"@type":"Article","@id":"https:\/\/santapola.es\/ca\/octubre-cultural-en-santa-pola\/#article","isPartOf":{"@id":"https:\/\/santapola.es\/ca\/octubre-cultural-en-santa-pola\/"},"author":{"name":"\u00c1rea Municipal Alcald\u00eda","@id":"https:\/\/santapola.es\/ca\/#\/schema\/person\/c08381290b84c068e06ca5dc1f5a08a7"},"headline":"Octubre Cultural en Santa Pola","datePublished":"2022-09-30T10:41:32+00:00","dateModified":"2024-03-07T17:41:02+00:00","mainEntityOfPage":{"@id":"https:\/\/santapola.es\/ca\/octubre-cultural-en-santa-pola\/"},"wordCount":381,"image":{"@id":"https:\/\/santapola.es\/ca\/octubre-cultural-en-santa-pola\/#primaryimage"},"thumbnailUrl":"https:\/\/santapola.es\/wp-content\/uploads\/2022\/09\/WhatsApp-Image-2022-09-29-at-6.01.09-PM.jpeg","articleSection":["Cultura\/ Fiestas","Inicio"],"inLanguage":"ca"},{"@type":"WebPage","@id":"https:\/\/santapola.es\/ca\/octubre-cultural-en-santa-pola\/","url":"https:\/\/santapola.es\/ca\/octubre-cultural-en-santa-pola\/","name":"Octubre Cultural en Santa Pola - Ajuntament de Santa Pola","isPartOf":{"@id":"https:\/\/santapola.es\/ca\/#website"},"primaryImageOfPage":{"@id":"https:\/\/santapola.es\/ca\/octubre-cultural-en-santa-pola\/#primaryimage"},"image":{"@id":"https:\/\/santapola.es\/ca\/octubre-cultural-en-santa-pola\/#primaryimage"},"thumbnailUrl":"https:\/\/santapola.es\/wp-content\/uploads\/2022\/09\/WhatsApp-Image-2022-09-29-at-6.01.09-PM.jpeg","datePublished":"2022-09-30T10:41:32+00:00","dateModified":"2024-03-07T17:41:02+00:00","author":{"@id":"https:\/\/santapola.es\/ca\/#\/schema\/person\/c08381290b84c068e06ca5dc1f5a08a7"},"breadcrumb":{"@id":"https:\/\/santapola.es\/ca\/octubre-cultural-en-santa-pola\/#breadcrumb"},"inLanguage":"ca","potentialAction":[{"@type":"ReadAction","target":["https:\/\/santapola.es\/ca\/octubre-cultural-en-santa-pola\/"]}]},{"@type":"ImageObject","inLanguage":"ca","@id":"https:\/\/santapola.es\/ca\/octubre-cultural-en-santa-pola\/#primaryimage","url":"https:\/\/santapola.es\/wp-content\/uploads\/2022\/09\/WhatsApp-Image-2022-09-29-at-6.01.09-PM.jpeg","contentUrl":"https:\/\/santapola.es\/wp-content\/uploads\/2022\/09\/WhatsApp-Image-2022-09-29-at-6.01.09-PM.jpeg","width":1280,"height":1600},{"@type":"BreadcrumbList","@id":"https:\/\/santapola.es\/ca\/octubre-cultural-en-santa-pola\/#breadcrumb","itemListElement":[{"@type":"ListItem","position":1,"name":"Inici","item":"https:\/\/santapola.es\/ca\/"},{"@type":"ListItem","position":2,"name":"Octubre Cultural en Santa Pola"}]},{"@type":"WebSite","@id":"https:\/\/santapola.es\/ca\/#website","url":"https:\/\/santapola.es\/ca\/","name":"Ayuntamiento de Santa Pola","description":"Web de l'Ajuntament de Santa Pola","potentialAction":[{"@type":"SearchAction","target":{"@type":"EntryPoint","urlTemplate":"https:\/\/santapola.es\/ca\/?s={search_term_string}"},"query-input":{"@type":"PropertyValueSpecification","valueRequired":true,"valueName":"search_term_string"}}],"inLanguage":"ca"},{"@type":"Person","@id":"https:\/\/santapola.es\/ca\/#\/schema\/person\/c08381290b84c068e06ca5dc1f5a08a7","name":"\u00c1rea Municipal Alcald\u00eda"}]}},"_links":{"self":[{"href":"https:\/\/santapola.es\/ca\/wp-json\/wp\/v2\/posts\/16637","targetHints":{"allow":["GET"]}}],"collection":[{"href":"https:\/\/santapola.es\/ca\/wp-json\/wp\/v2\/posts"}],"about":[{"href":"https:\/\/santapola.es\/ca\/wp-json\/wp\/v2\/types\/post"}],"author":[{"embeddable":true,"href":"https:\/\/santapola.es\/ca\/wp-json\/wp\/v2\/users\/75"}],"replies":[{"embeddable":true,"href":"https:\/\/santapola.es\/ca\/wp-json\/wp\/v2\/comments?post=16637"}],"version-history":[{"count":0,"href":"https:\/\/santapola.es\/ca\/wp-json\/wp\/v2\/posts\/16637\/revisions"}],"wp:featuredmedia":[{"embeddable":true,"href":"https:\/\/santapola.es\/ca\/wp-json\/wp\/v2\/media\/16638"}],"wp:attachment":[{"href":"https:\/\/santapola.es\/ca\/wp-json\/wp\/v2\/media?parent=16637"}],"wp:term":[{"taxonomy":"category","embeddable":true,"href":"https:\/\/santapola.es\/ca\/wp-json\/wp\/v2\/categories?post=16637"},{"taxonomy":"post_tag","embeddable":true,"href":"https:\/\/santapola.es\/ca\/wp-json\/wp\/v2\/tags?post=16637"}],"curies":[{"name":"wp","href":"https:\/\/api.w.org\/{rel}","templated":true}]}}