{"id":16627,"date":"2022-09-28T16:21:44","date_gmt":"2022-09-28T15:21:44","guid":{"rendered":"https:\/\/www.santapola.es\/?p=16627"},"modified":"2024-03-07T18:41:01","modified_gmt":"2024-03-07T17:41:01","slug":"el-ayuntamiento-de-santa-pola-a-traves-del-servicio-emprende-santa-pola-organiza-jornadas-gratuitas-para-personas-emprendedoras","status":"publish","type":"post","link":"https:\/\/santapola.es\/ca\/el-ayuntamiento-de-santa-pola-a-traves-del-servicio-emprende-santa-pola-organiza-jornadas-gratuitas-para-personas-emprendedoras\/","title":{"rendered":"EL AYUNTAMIENTO DE SANTA POLA, A TRAV\u00c9S DEL SERVICIO EMPRENDE SANTA POLA, ORGANIZA JORNADAS GRATUITAS PARA PERSONAS EMPRENDEDORAS."},"content":{"rendered":"<p><strong>P<u>rograma: <\/u><\/strong><\/p>\n<p>&nbsp;<\/p>\n<p>Se realizar\u00e1n en 3 jornadas en modalidad presencial los d\u00edas 17, 19 y 21 de octubre de 2022, de 10.00 h a 14.00 h<\/p>\n<p>&nbsp;<\/p>\n<p><strong><u>Lugar<\/u><\/strong>: Sala Baluarte (Castillo de Santa Pola).<\/p>\n<p><u>\u00a0<\/u><\/p>\n<p><u>Contenidos: <\/u><\/p>\n<p>&nbsp;<\/p>\n<ul>\n<li>Fundamentos del aut\u00f3nomo (Definici\u00f3n aut\u00f3nomo y TRADE, normativa de aplicaci\u00f3n).<\/li>\n<li>Claves para emprender.<\/li>\n<li>Importancia y calidad de la atenci\u00f3n al cliente (habilidades para lograr la calidad).<\/li>\n<li>Marketing para aut\u00f3nomos y pymes (fidelizar al cliente y posicionar los productos de la empresa frente a la competencia).<\/li>\n<li>Content Marketing (t\u00e9cnica de marketing que se basa en crear contenido en diferentes formatos como art\u00edculos, blog post, videos, tutoriales y webinars).<\/li>\n<\/ul>\n<p>&nbsp;<\/p>\n<p>Y adem\u00e1s las personas participantes tendr\u00e1n 15 horas de teleformaci\u00f3n sobre la materia tratada.<\/p>\n<p>&nbsp;<\/p>\n<p><strong><u>Dirigidos a:<\/u><\/strong><strong>\u00a0<\/strong>PERSONAS EMPRENDEDORAS, AUT\u00d3NOMOS, COMERCIOS y PYMES ,<\/p>\n<p>&nbsp;<\/p>\n<p><strong><u>Inscripciones:<\/u><\/strong> Email: emprende@desarrollo.santapola.es o en el tel\u00e9fono 96 669 05 91 y en Servicio Emprende Santa Pola C\/ Cervantes, 28 de Santa Pola.<\/p>\n<p><strong>Plazas limitadas.<\/strong><\/p>\n<p>&nbsp;<\/p>\n<p>Actuaciones realizadas gracias a subvenci\u00f3n de la Excma. Diputaci\u00f3n Provincial de Alicante y el Ayuntamiento de Santa Pola.<\/p>\n","protected":false},"excerpt":{"rendered":"<p>Programa: &nbsp; Se realizar\u00e1n en 3 jornadas en modalidad presencial los d\u00edas 17, 19 y 21 de octubre de 2022, de 10.00 h a 14.00 h &nbsp; Lugar: Sala Baluarte (Castillo de Santa Pola). \u00a0 Contenidos: &nbsp; Fundamentos del aut\u00f3nomo (Definici\u00f3n aut\u00f3nomo y TRADE, normativa de aplicaci\u00f3n). Claves para emprender. Importancia y calidad de la [&hellip;]<\/p>\n","protected":false},"author":75,"featured_media":16628,"comment_status":"closed","ping_status":"closed","sticky":false,"template":"","format":"standard","meta":{"_et_pb_use_builder":"","_et_pb_old_content":"","_et_gb_content_width":"","footnotes":""},"categories":[62,66],"tags":[],"class_list":["post-16627","post","type-post","status-publish","format-standard","has-post-thumbnail","hentry","category-emprende","category-inicio"],"yoast_head":"<!-- This site is optimized with the Yoast SEO plugin v27.4 - https:\/\/yoast.com\/product\/yoast-seo-wordpress\/ -->\n<title>EL AYUNTAMIENTO DE SANTA POLA, A TRAV\u00c9S DEL SERVICIO EMPRENDE SANTA POLA, ORGANIZA JORNADAS GRATUITAS PARA PERSONAS EMPRENDEDORAS. - Ajuntament de Santa Pola<\/title>\n<meta name=\"robots\" content=\"index, follow, max-snippet:-1, max-image-preview:large, max-video-preview:-1\" \/>\n<link rel=\"canonical\" href=\"https:\/\/santapola.es\/ca\/el-ayuntamiento-de-santa-pola-a-traves-del-servicio-emprende-santa-pola-organiza-jornadas-gratuitas-para-personas-emprendedoras\/\" \/>\n<meta property=\"og:locale\" content=\"ca_ES\" \/>\n<meta property=\"og:type\" content=\"article\" \/>\n<meta property=\"og:title\" content=\"EL AYUNTAMIENTO DE SANTA POLA, A TRAV\u00c9S DEL SERVICIO EMPRENDE SANTA POLA, ORGANIZA JORNADAS GRATUITAS PARA PERSONAS EMPRENDEDORAS. - Ajuntament de Santa Pola\" \/>\n<meta property=\"og:description\" content=\"Programa: &nbsp; Se realizar\u00e1n en 3 jornadas en modalidad presencial los d\u00edas 17, 19 y 21 de octubre de 2022, de 10.00 h a 14.00 h &nbsp; Lugar: Sala Baluarte (Castillo de Santa Pola). \u00a0 Contenidos: &nbsp; Fundamentos del aut\u00f3nomo (Definici\u00f3n aut\u00f3nomo y TRADE, normativa de aplicaci\u00f3n). Claves para emprender. Importancia y calidad de la [&hellip;]\" \/>\n<meta property=\"og:url\" content=\"https:\/\/santapola.es\/ca\/el-ayuntamiento-de-santa-pola-a-traves-del-servicio-emprende-santa-pola-organiza-jornadas-gratuitas-para-personas-emprendedoras\/\" \/>\n<meta property=\"og:site_name\" content=\"Ajuntament de Santa Pola\" \/>\n<meta property=\"article:publisher\" content=\"https:\/\/www.facebook.com\/AyuntamientoSantaPola\/\" \/>\n<meta property=\"article:published_time\" content=\"2022-09-28T15:21:44+00:00\" \/>\n<meta property=\"article:modified_time\" content=\"2024-03-07T17:41:01+00:00\" \/>\n<meta property=\"og:image\" content=\"https:\/\/santapola.es\/wp-content\/uploads\/2022\/09\/CARTEL-JORNADA-EMPRENDIMIENTO.png\" \/>\n\t<meta property=\"og:image:width\" content=\"2245\" \/>\n\t<meta property=\"og:image:height\" content=\"1587\" \/>\n\t<meta property=\"og:image:type\" content=\"image\/png\" \/>\n<meta name=\"author\" content=\"\u00c1rea Municipal Alcald\u00eda\" \/>\n<meta name=\"twitter:card\" content=\"summary_large_image\" \/>\n<meta name=\"twitter:creator\" content=\"@SantaPolaAyunt\" \/>\n<meta name=\"twitter:site\" content=\"@SantaPolaAyunt\" \/>\n<script type=\"application\/ld+json\" class=\"yoast-schema-graph\">{\"@context\":\"https:\\\/\\\/schema.org\",\"@graph\":[{\"@type\":\"Article\",\"@id\":\"https:\\\/\\\/santapola.es\\\/ca\\\/el-ayuntamiento-de-santa-pola-a-traves-del-servicio-emprende-santa-pola-organiza-jornadas-gratuitas-para-personas-emprendedoras\\\/#article\",\"isPartOf\":{\"@id\":\"https:\\\/\\\/santapola.es\\\/ca\\\/el-ayuntamiento-de-santa-pola-a-traves-del-servicio-emprende-santa-pola-organiza-jornadas-gratuitas-para-personas-emprendedoras\\\/\"},\"author\":{\"name\":\"\u00c1rea Municipal Alcald\u00eda\",\"@id\":\"https:\\\/\\\/santapola.es\\\/ca\\\/#\\\/schema\\\/person\\\/c08381290b84c068e06ca5dc1f5a08a7\"},\"headline\":\"EL AYUNTAMIENTO DE SANTA POLA, A TRAV\u00c9S DEL SERVICIO EMPRENDE SANTA POLA, ORGANIZA JORNADAS GRATUITAS PARA PERSONAS EMPRENDEDORAS.\",\"datePublished\":\"2022-09-28T15:21:44+00:00\",\"dateModified\":\"2024-03-07T17:41:01+00:00\",\"mainEntityOfPage\":{\"@id\":\"https:\\\/\\\/santapola.es\\\/ca\\\/el-ayuntamiento-de-santa-pola-a-traves-del-servicio-emprende-santa-pola-organiza-jornadas-gratuitas-para-personas-emprendedoras\\\/\"},\"wordCount\":198,\"image\":{\"@id\":\"https:\\\/\\\/santapola.es\\\/ca\\\/el-ayuntamiento-de-santa-pola-a-traves-del-servicio-emprende-santa-pola-organiza-jornadas-gratuitas-para-personas-emprendedoras\\\/#primaryimage\"},\"thumbnailUrl\":\"https:\\\/\\\/santapola.es\\\/wp-content\\\/uploads\\\/2022\\\/09\\\/CARTEL-JORNADA-EMPRENDIMIENTO.png\",\"articleSection\":[\"Emprende Santa Pola\",\"Inicio\"],\"inLanguage\":\"ca\"},{\"@type\":\"WebPage\",\"@id\":\"https:\\\/\\\/santapola.es\\\/ca\\\/el-ayuntamiento-de-santa-pola-a-traves-del-servicio-emprende-santa-pola-organiza-jornadas-gratuitas-para-personas-emprendedoras\\\/\",\"url\":\"https:\\\/\\\/santapola.es\\\/ca\\\/el-ayuntamiento-de-santa-pola-a-traves-del-servicio-emprende-santa-pola-organiza-jornadas-gratuitas-para-personas-emprendedoras\\\/\",\"name\":\"EL AYUNTAMIENTO DE SANTA POLA, A TRAV\u00c9S DEL SERVICIO EMPRENDE SANTA POLA, ORGANIZA JORNADAS GRATUITAS PARA PERSONAS EMPRENDEDORAS. - Ajuntament de Santa Pola\",\"isPartOf\":{\"@id\":\"https:\\\/\\\/santapola.es\\\/ca\\\/#website\"},\"primaryImageOfPage\":{\"@id\":\"https:\\\/\\\/santapola.es\\\/ca\\\/el-ayuntamiento-de-santa-pola-a-traves-del-servicio-emprende-santa-pola-organiza-jornadas-gratuitas-para-personas-emprendedoras\\\/#primaryimage\"},\"image\":{\"@id\":\"https:\\\/\\\/santapola.es\\\/ca\\\/el-ayuntamiento-de-santa-pola-a-traves-del-servicio-emprende-santa-pola-organiza-jornadas-gratuitas-para-personas-emprendedoras\\\/#primaryimage\"},\"thumbnailUrl\":\"https:\\\/\\\/santapola.es\\\/wp-content\\\/uploads\\\/2022\\\/09\\\/CARTEL-JORNADA-EMPRENDIMIENTO.png\",\"datePublished\":\"2022-09-28T15:21:44+00:00\",\"dateModified\":\"2024-03-07T17:41:01+00:00\",\"author\":{\"@id\":\"https:\\\/\\\/santapola.es\\\/ca\\\/#\\\/schema\\\/person\\\/c08381290b84c068e06ca5dc1f5a08a7\"},\"breadcrumb\":{\"@id\":\"https:\\\/\\\/santapola.es\\\/ca\\\/el-ayuntamiento-de-santa-pola-a-traves-del-servicio-emprende-santa-pola-organiza-jornadas-gratuitas-para-personas-emprendedoras\\\/#breadcrumb\"},\"inLanguage\":\"ca\",\"potentialAction\":[{\"@type\":\"ReadAction\",\"target\":[\"https:\\\/\\\/santapola.es\\\/ca\\\/el-ayuntamiento-de-santa-pola-a-traves-del-servicio-emprende-santa-pola-organiza-jornadas-gratuitas-para-personas-emprendedoras\\\/\"]}]},{\"@type\":\"ImageObject\",\"inLanguage\":\"ca\",\"@id\":\"https:\\\/\\\/santapola.es\\\/ca\\\/el-ayuntamiento-de-santa-pola-a-traves-del-servicio-emprende-santa-pola-organiza-jornadas-gratuitas-para-personas-emprendedoras\\\/#primaryimage\",\"url\":\"https:\\\/\\\/santapola.es\\\/wp-content\\\/uploads\\\/2022\\\/09\\\/CARTEL-JORNADA-EMPRENDIMIENTO.png\",\"contentUrl\":\"https:\\\/\\\/santapola.es\\\/wp-content\\\/uploads\\\/2022\\\/09\\\/CARTEL-JORNADA-EMPRENDIMIENTO.png\",\"width\":2245,\"height\":1587},{\"@type\":\"BreadcrumbList\",\"@id\":\"https:\\\/\\\/santapola.es\\\/ca\\\/el-ayuntamiento-de-santa-pola-a-traves-del-servicio-emprende-santa-pola-organiza-jornadas-gratuitas-para-personas-emprendedoras\\\/#breadcrumb\",\"itemListElement\":[{\"@type\":\"ListItem\",\"position\":1,\"name\":\"Inici\",\"item\":\"https:\\\/\\\/santapola.es\\\/ca\\\/\"},{\"@type\":\"ListItem\",\"position\":2,\"name\":\"EL AYUNTAMIENTO DE SANTA POLA, A TRAV\u00c9S DEL SERVICIO EMPRENDE SANTA POLA, ORGANIZA JORNADAS GRATUITAS PARA PERSONAS EMPRENDEDORAS.\"}]},{\"@type\":\"WebSite\",\"@id\":\"https:\\\/\\\/santapola.es\\\/ca\\\/#website\",\"url\":\"https:\\\/\\\/santapola.es\\\/ca\\\/\",\"name\":\"Ayuntamiento de Santa Pola\",\"description\":\"Web de l'Ajuntament de Santa Pola\",\"potentialAction\":[{\"@type\":\"SearchAction\",\"target\":{\"@type\":\"EntryPoint\",\"urlTemplate\":\"https:\\\/\\\/santapola.es\\\/ca\\\/?s={search_term_string}\"},\"query-input\":{\"@type\":\"PropertyValueSpecification\",\"valueRequired\":true,\"valueName\":\"search_term_string\"}}],\"inLanguage\":\"ca\"},{\"@type\":\"Person\",\"@id\":\"https:\\\/\\\/santapola.es\\\/ca\\\/#\\\/schema\\\/person\\\/c08381290b84c068e06ca5dc1f5a08a7\",\"name\":\"\u00c1rea Municipal Alcald\u00eda\"}]}<\/script>\n<!-- \/ Yoast SEO plugin. -->","yoast_head_json":{"title":"EL AYUNTAMIENTO DE SANTA POLA, A TRAV\u00c9S DEL SERVICIO EMPRENDE SANTA POLA, ORGANIZA JORNADAS GRATUITAS PARA PERSONAS EMPRENDEDORAS. - Ajuntament de Santa Pola","robots":{"index":"index","follow":"follow","max-snippet":"max-snippet:-1","max-image-preview":"max-image-preview:large","max-video-preview":"max-video-preview:-1"},"canonical":"https:\/\/santapola.es\/ca\/el-ayuntamiento-de-santa-pola-a-traves-del-servicio-emprende-santa-pola-organiza-jornadas-gratuitas-para-personas-emprendedoras\/","og_locale":"ca_ES","og_type":"article","og_title":"EL AYUNTAMIENTO DE SANTA POLA, A TRAV\u00c9S DEL SERVICIO EMPRENDE SANTA POLA, ORGANIZA JORNADAS GRATUITAS PARA PERSONAS EMPRENDEDORAS. - Ajuntament de Santa Pola","og_description":"Programa: &nbsp; Se realizar\u00e1n en 3 jornadas en modalidad presencial los d\u00edas 17, 19 y 21 de octubre de 2022, de 10.00 h a 14.00 h &nbsp; Lugar: Sala Baluarte (Castillo de Santa Pola). \u00a0 Contenidos: &nbsp; Fundamentos del aut\u00f3nomo (Definici\u00f3n aut\u00f3nomo y TRADE, normativa de aplicaci\u00f3n). Claves para emprender. Importancia y calidad de la [&hellip;]","og_url":"https:\/\/santapola.es\/ca\/el-ayuntamiento-de-santa-pola-a-traves-del-servicio-emprende-santa-pola-organiza-jornadas-gratuitas-para-personas-emprendedoras\/","og_site_name":"Ajuntament de Santa Pola","article_publisher":"https:\/\/www.facebook.com\/AyuntamientoSantaPola\/","article_published_time":"2022-09-28T15:21:44+00:00","article_modified_time":"2024-03-07T17:41:01+00:00","og_image":[{"width":2245,"height":1587,"url":"https:\/\/santapola.es\/wp-content\/uploads\/2022\/09\/CARTEL-JORNADA-EMPRENDIMIENTO.png","type":"image\/png"}],"author":"\u00c1rea Municipal Alcald\u00eda","twitter_card":"summary_large_image","twitter_creator":"@SantaPolaAyunt","twitter_site":"@SantaPolaAyunt","schema":{"@context":"https:\/\/schema.org","@graph":[{"@type":"Article","@id":"https:\/\/santapola.es\/ca\/el-ayuntamiento-de-santa-pola-a-traves-del-servicio-emprende-santa-pola-organiza-jornadas-gratuitas-para-personas-emprendedoras\/#article","isPartOf":{"@id":"https:\/\/santapola.es\/ca\/el-ayuntamiento-de-santa-pola-a-traves-del-servicio-emprende-santa-pola-organiza-jornadas-gratuitas-para-personas-emprendedoras\/"},"author":{"name":"\u00c1rea Municipal Alcald\u00eda","@id":"https:\/\/santapola.es\/ca\/#\/schema\/person\/c08381290b84c068e06ca5dc1f5a08a7"},"headline":"EL AYUNTAMIENTO DE SANTA POLA, A TRAV\u00c9S DEL SERVICIO EMPRENDE SANTA POLA, ORGANIZA JORNADAS GRATUITAS PARA PERSONAS EMPRENDEDORAS.","datePublished":"2022-09-28T15:21:44+00:00","dateModified":"2024-03-07T17:41:01+00:00","mainEntityOfPage":{"@id":"https:\/\/santapola.es\/ca\/el-ayuntamiento-de-santa-pola-a-traves-del-servicio-emprende-santa-pola-organiza-jornadas-gratuitas-para-personas-emprendedoras\/"},"wordCount":198,"image":{"@id":"https:\/\/santapola.es\/ca\/el-ayuntamiento-de-santa-pola-a-traves-del-servicio-emprende-santa-pola-organiza-jornadas-gratuitas-para-personas-emprendedoras\/#primaryimage"},"thumbnailUrl":"https:\/\/santapola.es\/wp-content\/uploads\/2022\/09\/CARTEL-JORNADA-EMPRENDIMIENTO.png","articleSection":["Emprende Santa Pola","Inicio"],"inLanguage":"ca"},{"@type":"WebPage","@id":"https:\/\/santapola.es\/ca\/el-ayuntamiento-de-santa-pola-a-traves-del-servicio-emprende-santa-pola-organiza-jornadas-gratuitas-para-personas-emprendedoras\/","url":"https:\/\/santapola.es\/ca\/el-ayuntamiento-de-santa-pola-a-traves-del-servicio-emprende-santa-pola-organiza-jornadas-gratuitas-para-personas-emprendedoras\/","name":"EL AYUNTAMIENTO DE SANTA POLA, A TRAV\u00c9S DEL SERVICIO EMPRENDE SANTA POLA, ORGANIZA JORNADAS GRATUITAS PARA PERSONAS EMPRENDEDORAS. - Ajuntament de Santa Pola","isPartOf":{"@id":"https:\/\/santapola.es\/ca\/#website"},"primaryImageOfPage":{"@id":"https:\/\/santapola.es\/ca\/el-ayuntamiento-de-santa-pola-a-traves-del-servicio-emprende-santa-pola-organiza-jornadas-gratuitas-para-personas-emprendedoras\/#primaryimage"},"image":{"@id":"https:\/\/santapola.es\/ca\/el-ayuntamiento-de-santa-pola-a-traves-del-servicio-emprende-santa-pola-organiza-jornadas-gratuitas-para-personas-emprendedoras\/#primaryimage"},"thumbnailUrl":"https:\/\/santapola.es\/wp-content\/uploads\/2022\/09\/CARTEL-JORNADA-EMPRENDIMIENTO.png","datePublished":"2022-09-28T15:21:44+00:00","dateModified":"2024-03-07T17:41:01+00:00","author":{"@id":"https:\/\/santapola.es\/ca\/#\/schema\/person\/c08381290b84c068e06ca5dc1f5a08a7"},"breadcrumb":{"@id":"https:\/\/santapola.es\/ca\/el-ayuntamiento-de-santa-pola-a-traves-del-servicio-emprende-santa-pola-organiza-jornadas-gratuitas-para-personas-emprendedoras\/#breadcrumb"},"inLanguage":"ca","potentialAction":[{"@type":"ReadAction","target":["https:\/\/santapola.es\/ca\/el-ayuntamiento-de-santa-pola-a-traves-del-servicio-emprende-santa-pola-organiza-jornadas-gratuitas-para-personas-emprendedoras\/"]}]},{"@type":"ImageObject","inLanguage":"ca","@id":"https:\/\/santapola.es\/ca\/el-ayuntamiento-de-santa-pola-a-traves-del-servicio-emprende-santa-pola-organiza-jornadas-gratuitas-para-personas-emprendedoras\/#primaryimage","url":"https:\/\/santapola.es\/wp-content\/uploads\/2022\/09\/CARTEL-JORNADA-EMPRENDIMIENTO.png","contentUrl":"https:\/\/santapola.es\/wp-content\/uploads\/2022\/09\/CARTEL-JORNADA-EMPRENDIMIENTO.png","width":2245,"height":1587},{"@type":"BreadcrumbList","@id":"https:\/\/santapola.es\/ca\/el-ayuntamiento-de-santa-pola-a-traves-del-servicio-emprende-santa-pola-organiza-jornadas-gratuitas-para-personas-emprendedoras\/#breadcrumb","itemListElement":[{"@type":"ListItem","position":1,"name":"Inici","item":"https:\/\/santapola.es\/ca\/"},{"@type":"ListItem","position":2,"name":"EL AYUNTAMIENTO DE SANTA POLA, A TRAV\u00c9S DEL SERVICIO EMPRENDE SANTA POLA, ORGANIZA JORNADAS GRATUITAS PARA PERSONAS EMPRENDEDORAS."}]},{"@type":"WebSite","@id":"https:\/\/santapola.es\/ca\/#website","url":"https:\/\/santapola.es\/ca\/","name":"Ayuntamiento de Santa Pola","description":"Web de l'Ajuntament de Santa Pola","potentialAction":[{"@type":"SearchAction","target":{"@type":"EntryPoint","urlTemplate":"https:\/\/santapola.es\/ca\/?s={search_term_string}"},"query-input":{"@type":"PropertyValueSpecification","valueRequired":true,"valueName":"search_term_string"}}],"inLanguage":"ca"},{"@type":"Person","@id":"https:\/\/santapola.es\/ca\/#\/schema\/person\/c08381290b84c068e06ca5dc1f5a08a7","name":"\u00c1rea Municipal Alcald\u00eda"}]}},"_links":{"self":[{"href":"https:\/\/santapola.es\/ca\/wp-json\/wp\/v2\/posts\/16627","targetHints":{"allow":["GET"]}}],"collection":[{"href":"https:\/\/santapola.es\/ca\/wp-json\/wp\/v2\/posts"}],"about":[{"href":"https:\/\/santapola.es\/ca\/wp-json\/wp\/v2\/types\/post"}],"author":[{"embeddable":true,"href":"https:\/\/santapola.es\/ca\/wp-json\/wp\/v2\/users\/75"}],"replies":[{"embeddable":true,"href":"https:\/\/santapola.es\/ca\/wp-json\/wp\/v2\/comments?post=16627"}],"version-history":[{"count":0,"href":"https:\/\/santapola.es\/ca\/wp-json\/wp\/v2\/posts\/16627\/revisions"}],"wp:featuredmedia":[{"embeddable":true,"href":"https:\/\/santapola.es\/ca\/wp-json\/wp\/v2\/media\/16628"}],"wp:attachment":[{"href":"https:\/\/santapola.es\/ca\/wp-json\/wp\/v2\/media?parent=16627"}],"wp:term":[{"taxonomy":"category","embeddable":true,"href":"https:\/\/santapola.es\/ca\/wp-json\/wp\/v2\/categories?post=16627"},{"taxonomy":"post_tag","embeddable":true,"href":"https:\/\/santapola.es\/ca\/wp-json\/wp\/v2\/tags?post=16627"}],"curies":[{"name":"wp","href":"https:\/\/api.w.org\/{rel}","templated":true}]}}