{"id":16575,"date":"2022-09-16T10:30:08","date_gmt":"2022-09-16T09:30:08","guid":{"rendered":"https:\/\/www.santapola.es\/?p=16575"},"modified":"2024-03-07T18:40:58","modified_gmt":"2024-03-07T17:40:58","slug":"santa-pola-acoge-del-28-de-septiembre-al-2-de-octubre-un-galeon-y-un-paleibote","status":"publish","type":"post","link":"https:\/\/santapola.es\/ca\/santa-pola-acoge-del-28-de-septiembre-al-2-de-octubre-un-galeon-y-un-paleibote\/","title":{"rendered":"Santa Pola acoge del 28 de septiembre al 2 de octubre un gale\u00f3n y un paleibote"},"content":{"rendered":"<p>El puerto de Santa Pola, dentro de los actos del 50 aniversario del Club N\u00e1utico, acoge a 2 barcos hist\u00f3ricos durante 5 d\u00edas. se trata del Gale\u00f3n Andaluc\u00eda, una r\u00e9plica de los galeones espa\u00f1oles en el S.XVI y el paleibote &#8220;Pascual Flores&#8221;, un velero de 3 palos que antiguamente transportaba sal entre Torrevieja y el norte de \u00c1frica.<\/p>\n<p>La Alcaldesa Loreto Serrano y el Presidente del Club N\u00e1utico, Pascual Orts, han presentado la actividad esta ma\u00f1ana ene le Ayuntamiento. El Gale\u00f3n Andaluc\u00eda ser\u00e1 visitable por todos aquellos que quieran descubrir c\u00f3mo era, c\u00f3mo se viv\u00eda y trabajaba en un gale\u00f3n espa\u00f1ol de hace 400 a\u00f1os. El precio de las entradas es de 7\u20ac para adultos, 4\u20ac para ni\u00f1os y 18\u20ac para familias de hasta 5 personas.<\/p>\n<p>En el Paleibote se podr\u00e1 disfrutar de una jornada de 3 horas de navegaci\u00f3n tanto por la ma\u00f1ana como por la tarde, con un m\u00e1ximo de 50 personas. El precio de las entradas es de 45\u20ac para adultos y 25\u20ac para ni\u00f1os.<\/p>\n<p>Las entradas se pueden adquirir con antelaci\u00f3n en <a href=\"http:\/\/www.velacuadra.es\">www.velacuadra.es<\/a><\/p>\n","protected":false},"excerpt":{"rendered":"<p>El puerto de Santa Pola, dentro de los actos del 50 aniversario del Club N\u00e1utico, acoge a 2 barcos hist\u00f3ricos durante 5 d\u00edas. se trata del Gale\u00f3n Andaluc\u00eda, una r\u00e9plica de los galeones espa\u00f1oles en el S.XVI y el paleibote &#8220;Pascual Flores&#8221;, un velero de 3 palos que antiguamente transportaba sal entre Torrevieja y el [&hellip;]<\/p>\n","protected":false},"author":75,"featured_media":16576,"comment_status":"closed","ping_status":"closed","sticky":false,"template":"","format":"standard","meta":{"_et_pb_use_builder":"","_et_pb_old_content":"","_et_gb_content_width":"","footnotes":""},"categories":[61,66],"tags":[],"class_list":["post-16575","post","type-post","status-publish","format-standard","has-post-thumbnail","hentry","category-alcaldia","category-inicio"],"yoast_head":"<!-- This site is optimized with the Yoast SEO plugin v27.4 - https:\/\/yoast.com\/product\/yoast-seo-wordpress\/ -->\n<title>Santa Pola acoge del 28 de septiembre al 2 de octubre un gale\u00f3n y un paleibote - Ajuntament de Santa Pola<\/title>\n<meta name=\"robots\" content=\"index, follow, max-snippet:-1, max-image-preview:large, max-video-preview:-1\" \/>\n<link rel=\"canonical\" href=\"https:\/\/santapola.es\/ca\/santa-pola-acoge-del-28-de-septiembre-al-2-de-octubre-un-galeon-y-un-paleibote\/\" \/>\n<meta property=\"og:locale\" content=\"ca_ES\" \/>\n<meta property=\"og:type\" content=\"article\" \/>\n<meta property=\"og:title\" content=\"Santa Pola acoge del 28 de septiembre al 2 de octubre un gale\u00f3n y un paleibote - Ajuntament de Santa Pola\" \/>\n<meta property=\"og:description\" content=\"El puerto de Santa Pola, dentro de los actos del 50 aniversario del Club N\u00e1utico, acoge a 2 barcos hist\u00f3ricos durante 5 d\u00edas. se trata del Gale\u00f3n Andaluc\u00eda, una r\u00e9plica de los galeones espa\u00f1oles en el S.XVI y el paleibote &#8220;Pascual Flores&#8221;, un velero de 3 palos que antiguamente transportaba sal entre Torrevieja y el [&hellip;]\" \/>\n<meta property=\"og:url\" content=\"https:\/\/santapola.es\/ca\/santa-pola-acoge-del-28-de-septiembre-al-2-de-octubre-un-galeon-y-un-paleibote\/\" \/>\n<meta property=\"og:site_name\" content=\"Ajuntament de Santa Pola\" \/>\n<meta property=\"article:publisher\" content=\"https:\/\/www.facebook.com\/AyuntamientoSantaPola\/\" \/>\n<meta property=\"article:published_time\" content=\"2022-09-16T09:30:08+00:00\" \/>\n<meta property=\"article:modified_time\" content=\"2024-03-07T17:40:58+00:00\" \/>\n<meta property=\"og:image\" content=\"https:\/\/santapola.es\/wp-content\/uploads\/2022\/09\/WhatsApp-Image-2022-09-16-at-11.08.26-AM.jpeg\" \/>\n\t<meta property=\"og:image:width\" content=\"2048\" \/>\n\t<meta property=\"og:image:height\" content=\"1536\" \/>\n\t<meta property=\"og:image:type\" content=\"image\/jpeg\" \/>\n<meta name=\"author\" content=\"\u00c1rea Municipal Alcald\u00eda\" \/>\n<meta name=\"twitter:card\" content=\"summary_large_image\" \/>\n<meta name=\"twitter:creator\" content=\"@SantaPolaAyunt\" \/>\n<meta name=\"twitter:site\" content=\"@SantaPolaAyunt\" \/>\n<script type=\"application\/ld+json\" class=\"yoast-schema-graph\">{\"@context\":\"https:\\\/\\\/schema.org\",\"@graph\":[{\"@type\":\"Article\",\"@id\":\"https:\\\/\\\/santapola.es\\\/ca\\\/santa-pola-acoge-del-28-de-septiembre-al-2-de-octubre-un-galeon-y-un-paleibote\\\/#article\",\"isPartOf\":{\"@id\":\"https:\\\/\\\/santapola.es\\\/ca\\\/santa-pola-acoge-del-28-de-septiembre-al-2-de-octubre-un-galeon-y-un-paleibote\\\/\"},\"author\":{\"name\":\"\u00c1rea Municipal Alcald\u00eda\",\"@id\":\"https:\\\/\\\/santapola.es\\\/ca\\\/#\\\/schema\\\/person\\\/c08381290b84c068e06ca5dc1f5a08a7\"},\"headline\":\"Santa Pola acoge del 28 de septiembre al 2 de octubre un gale\u00f3n y un paleibote\",\"datePublished\":\"2022-09-16T09:30:08+00:00\",\"dateModified\":\"2024-03-07T17:40:58+00:00\",\"mainEntityOfPage\":{\"@id\":\"https:\\\/\\\/santapola.es\\\/ca\\\/santa-pola-acoge-del-28-de-septiembre-al-2-de-octubre-un-galeon-y-un-paleibote\\\/\"},\"wordCount\":205,\"image\":{\"@id\":\"https:\\\/\\\/santapola.es\\\/ca\\\/santa-pola-acoge-del-28-de-septiembre-al-2-de-octubre-un-galeon-y-un-paleibote\\\/#primaryimage\"},\"thumbnailUrl\":\"https:\\\/\\\/santapola.es\\\/wp-content\\\/uploads\\\/2022\\\/09\\\/WhatsApp-Image-2022-09-16-at-11.08.26-AM.jpeg\",\"articleSection\":[\"Alcald\u00eda\",\"Inicio\"],\"inLanguage\":\"ca\"},{\"@type\":\"WebPage\",\"@id\":\"https:\\\/\\\/santapola.es\\\/ca\\\/santa-pola-acoge-del-28-de-septiembre-al-2-de-octubre-un-galeon-y-un-paleibote\\\/\",\"url\":\"https:\\\/\\\/santapola.es\\\/ca\\\/santa-pola-acoge-del-28-de-septiembre-al-2-de-octubre-un-galeon-y-un-paleibote\\\/\",\"name\":\"Santa Pola acoge del 28 de septiembre al 2 de octubre un gale\u00f3n y un paleibote - Ajuntament de Santa Pola\",\"isPartOf\":{\"@id\":\"https:\\\/\\\/santapola.es\\\/ca\\\/#website\"},\"primaryImageOfPage\":{\"@id\":\"https:\\\/\\\/santapola.es\\\/ca\\\/santa-pola-acoge-del-28-de-septiembre-al-2-de-octubre-un-galeon-y-un-paleibote\\\/#primaryimage\"},\"image\":{\"@id\":\"https:\\\/\\\/santapola.es\\\/ca\\\/santa-pola-acoge-del-28-de-septiembre-al-2-de-octubre-un-galeon-y-un-paleibote\\\/#primaryimage\"},\"thumbnailUrl\":\"https:\\\/\\\/santapola.es\\\/wp-content\\\/uploads\\\/2022\\\/09\\\/WhatsApp-Image-2022-09-16-at-11.08.26-AM.jpeg\",\"datePublished\":\"2022-09-16T09:30:08+00:00\",\"dateModified\":\"2024-03-07T17:40:58+00:00\",\"author\":{\"@id\":\"https:\\\/\\\/santapola.es\\\/ca\\\/#\\\/schema\\\/person\\\/c08381290b84c068e06ca5dc1f5a08a7\"},\"breadcrumb\":{\"@id\":\"https:\\\/\\\/santapola.es\\\/ca\\\/santa-pola-acoge-del-28-de-septiembre-al-2-de-octubre-un-galeon-y-un-paleibote\\\/#breadcrumb\"},\"inLanguage\":\"ca\",\"potentialAction\":[{\"@type\":\"ReadAction\",\"target\":[\"https:\\\/\\\/santapola.es\\\/ca\\\/santa-pola-acoge-del-28-de-septiembre-al-2-de-octubre-un-galeon-y-un-paleibote\\\/\"]}]},{\"@type\":\"ImageObject\",\"inLanguage\":\"ca\",\"@id\":\"https:\\\/\\\/santapola.es\\\/ca\\\/santa-pola-acoge-del-28-de-septiembre-al-2-de-octubre-un-galeon-y-un-paleibote\\\/#primaryimage\",\"url\":\"https:\\\/\\\/santapola.es\\\/wp-content\\\/uploads\\\/2022\\\/09\\\/WhatsApp-Image-2022-09-16-at-11.08.26-AM.jpeg\",\"contentUrl\":\"https:\\\/\\\/santapola.es\\\/wp-content\\\/uploads\\\/2022\\\/09\\\/WhatsApp-Image-2022-09-16-at-11.08.26-AM.jpeg\",\"width\":2048,\"height\":1536},{\"@type\":\"BreadcrumbList\",\"@id\":\"https:\\\/\\\/santapola.es\\\/ca\\\/santa-pola-acoge-del-28-de-septiembre-al-2-de-octubre-un-galeon-y-un-paleibote\\\/#breadcrumb\",\"itemListElement\":[{\"@type\":\"ListItem\",\"position\":1,\"name\":\"Inici\",\"item\":\"https:\\\/\\\/santapola.es\\\/ca\\\/\"},{\"@type\":\"ListItem\",\"position\":2,\"name\":\"Santa Pola acoge del 28 de septiembre al 2 de octubre un gale\u00f3n y un paleibote\"}]},{\"@type\":\"WebSite\",\"@id\":\"https:\\\/\\\/santapola.es\\\/ca\\\/#website\",\"url\":\"https:\\\/\\\/santapola.es\\\/ca\\\/\",\"name\":\"Ayuntamiento de Santa Pola\",\"description\":\"Web de l'Ajuntament de Santa Pola\",\"potentialAction\":[{\"@type\":\"SearchAction\",\"target\":{\"@type\":\"EntryPoint\",\"urlTemplate\":\"https:\\\/\\\/santapola.es\\\/ca\\\/?s={search_term_string}\"},\"query-input\":{\"@type\":\"PropertyValueSpecification\",\"valueRequired\":true,\"valueName\":\"search_term_string\"}}],\"inLanguage\":\"ca\"},{\"@type\":\"Person\",\"@id\":\"https:\\\/\\\/santapola.es\\\/ca\\\/#\\\/schema\\\/person\\\/c08381290b84c068e06ca5dc1f5a08a7\",\"name\":\"\u00c1rea Municipal Alcald\u00eda\"}]}<\/script>\n<!-- \/ Yoast SEO plugin. -->","yoast_head_json":{"title":"Santa Pola acoge del 28 de septiembre al 2 de octubre un gale\u00f3n y un paleibote - Ajuntament de Santa Pola","robots":{"index":"index","follow":"follow","max-snippet":"max-snippet:-1","max-image-preview":"max-image-preview:large","max-video-preview":"max-video-preview:-1"},"canonical":"https:\/\/santapola.es\/ca\/santa-pola-acoge-del-28-de-septiembre-al-2-de-octubre-un-galeon-y-un-paleibote\/","og_locale":"ca_ES","og_type":"article","og_title":"Santa Pola acoge del 28 de septiembre al 2 de octubre un gale\u00f3n y un paleibote - Ajuntament de Santa Pola","og_description":"El puerto de Santa Pola, dentro de los actos del 50 aniversario del Club N\u00e1utico, acoge a 2 barcos hist\u00f3ricos durante 5 d\u00edas. se trata del Gale\u00f3n Andaluc\u00eda, una r\u00e9plica de los galeones espa\u00f1oles en el S.XVI y el paleibote &#8220;Pascual Flores&#8221;, un velero de 3 palos que antiguamente transportaba sal entre Torrevieja y el [&hellip;]","og_url":"https:\/\/santapola.es\/ca\/santa-pola-acoge-del-28-de-septiembre-al-2-de-octubre-un-galeon-y-un-paleibote\/","og_site_name":"Ajuntament de Santa Pola","article_publisher":"https:\/\/www.facebook.com\/AyuntamientoSantaPola\/","article_published_time":"2022-09-16T09:30:08+00:00","article_modified_time":"2024-03-07T17:40:58+00:00","og_image":[{"width":2048,"height":1536,"url":"https:\/\/santapola.es\/wp-content\/uploads\/2022\/09\/WhatsApp-Image-2022-09-16-at-11.08.26-AM.jpeg","type":"image\/jpeg"}],"author":"\u00c1rea Municipal Alcald\u00eda","twitter_card":"summary_large_image","twitter_creator":"@SantaPolaAyunt","twitter_site":"@SantaPolaAyunt","schema":{"@context":"https:\/\/schema.org","@graph":[{"@type":"Article","@id":"https:\/\/santapola.es\/ca\/santa-pola-acoge-del-28-de-septiembre-al-2-de-octubre-un-galeon-y-un-paleibote\/#article","isPartOf":{"@id":"https:\/\/santapola.es\/ca\/santa-pola-acoge-del-28-de-septiembre-al-2-de-octubre-un-galeon-y-un-paleibote\/"},"author":{"name":"\u00c1rea Municipal Alcald\u00eda","@id":"https:\/\/santapola.es\/ca\/#\/schema\/person\/c08381290b84c068e06ca5dc1f5a08a7"},"headline":"Santa Pola acoge del 28 de septiembre al 2 de octubre un gale\u00f3n y un paleibote","datePublished":"2022-09-16T09:30:08+00:00","dateModified":"2024-03-07T17:40:58+00:00","mainEntityOfPage":{"@id":"https:\/\/santapola.es\/ca\/santa-pola-acoge-del-28-de-septiembre-al-2-de-octubre-un-galeon-y-un-paleibote\/"},"wordCount":205,"image":{"@id":"https:\/\/santapola.es\/ca\/santa-pola-acoge-del-28-de-septiembre-al-2-de-octubre-un-galeon-y-un-paleibote\/#primaryimage"},"thumbnailUrl":"https:\/\/santapola.es\/wp-content\/uploads\/2022\/09\/WhatsApp-Image-2022-09-16-at-11.08.26-AM.jpeg","articleSection":["Alcald\u00eda","Inicio"],"inLanguage":"ca"},{"@type":"WebPage","@id":"https:\/\/santapola.es\/ca\/santa-pola-acoge-del-28-de-septiembre-al-2-de-octubre-un-galeon-y-un-paleibote\/","url":"https:\/\/santapola.es\/ca\/santa-pola-acoge-del-28-de-septiembre-al-2-de-octubre-un-galeon-y-un-paleibote\/","name":"Santa Pola acoge del 28 de septiembre al 2 de octubre un gale\u00f3n y un paleibote - Ajuntament de Santa Pola","isPartOf":{"@id":"https:\/\/santapola.es\/ca\/#website"},"primaryImageOfPage":{"@id":"https:\/\/santapola.es\/ca\/santa-pola-acoge-del-28-de-septiembre-al-2-de-octubre-un-galeon-y-un-paleibote\/#primaryimage"},"image":{"@id":"https:\/\/santapola.es\/ca\/santa-pola-acoge-del-28-de-septiembre-al-2-de-octubre-un-galeon-y-un-paleibote\/#primaryimage"},"thumbnailUrl":"https:\/\/santapola.es\/wp-content\/uploads\/2022\/09\/WhatsApp-Image-2022-09-16-at-11.08.26-AM.jpeg","datePublished":"2022-09-16T09:30:08+00:00","dateModified":"2024-03-07T17:40:58+00:00","author":{"@id":"https:\/\/santapola.es\/ca\/#\/schema\/person\/c08381290b84c068e06ca5dc1f5a08a7"},"breadcrumb":{"@id":"https:\/\/santapola.es\/ca\/santa-pola-acoge-del-28-de-septiembre-al-2-de-octubre-un-galeon-y-un-paleibote\/#breadcrumb"},"inLanguage":"ca","potentialAction":[{"@type":"ReadAction","target":["https:\/\/santapola.es\/ca\/santa-pola-acoge-del-28-de-septiembre-al-2-de-octubre-un-galeon-y-un-paleibote\/"]}]},{"@type":"ImageObject","inLanguage":"ca","@id":"https:\/\/santapola.es\/ca\/santa-pola-acoge-del-28-de-septiembre-al-2-de-octubre-un-galeon-y-un-paleibote\/#primaryimage","url":"https:\/\/santapola.es\/wp-content\/uploads\/2022\/09\/WhatsApp-Image-2022-09-16-at-11.08.26-AM.jpeg","contentUrl":"https:\/\/santapola.es\/wp-content\/uploads\/2022\/09\/WhatsApp-Image-2022-09-16-at-11.08.26-AM.jpeg","width":2048,"height":1536},{"@type":"BreadcrumbList","@id":"https:\/\/santapola.es\/ca\/santa-pola-acoge-del-28-de-septiembre-al-2-de-octubre-un-galeon-y-un-paleibote\/#breadcrumb","itemListElement":[{"@type":"ListItem","position":1,"name":"Inici","item":"https:\/\/santapola.es\/ca\/"},{"@type":"ListItem","position":2,"name":"Santa Pola acoge del 28 de septiembre al 2 de octubre un gale\u00f3n y un paleibote"}]},{"@type":"WebSite","@id":"https:\/\/santapola.es\/ca\/#website","url":"https:\/\/santapola.es\/ca\/","name":"Ayuntamiento de Santa Pola","description":"Web de l'Ajuntament de Santa Pola","potentialAction":[{"@type":"SearchAction","target":{"@type":"EntryPoint","urlTemplate":"https:\/\/santapola.es\/ca\/?s={search_term_string}"},"query-input":{"@type":"PropertyValueSpecification","valueRequired":true,"valueName":"search_term_string"}}],"inLanguage":"ca"},{"@type":"Person","@id":"https:\/\/santapola.es\/ca\/#\/schema\/person\/c08381290b84c068e06ca5dc1f5a08a7","name":"\u00c1rea Municipal Alcald\u00eda"}]}},"_links":{"self":[{"href":"https:\/\/santapola.es\/ca\/wp-json\/wp\/v2\/posts\/16575","targetHints":{"allow":["GET"]}}],"collection":[{"href":"https:\/\/santapola.es\/ca\/wp-json\/wp\/v2\/posts"}],"about":[{"href":"https:\/\/santapola.es\/ca\/wp-json\/wp\/v2\/types\/post"}],"author":[{"embeddable":true,"href":"https:\/\/santapola.es\/ca\/wp-json\/wp\/v2\/users\/75"}],"replies":[{"embeddable":true,"href":"https:\/\/santapola.es\/ca\/wp-json\/wp\/v2\/comments?post=16575"}],"version-history":[{"count":0,"href":"https:\/\/santapola.es\/ca\/wp-json\/wp\/v2\/posts\/16575\/revisions"}],"wp:featuredmedia":[{"embeddable":true,"href":"https:\/\/santapola.es\/ca\/wp-json\/wp\/v2\/media\/16576"}],"wp:attachment":[{"href":"https:\/\/santapola.es\/ca\/wp-json\/wp\/v2\/media?parent=16575"}],"wp:term":[{"taxonomy":"category","embeddable":true,"href":"https:\/\/santapola.es\/ca\/wp-json\/wp\/v2\/categories?post=16575"},{"taxonomy":"post_tag","embeddable":true,"href":"https:\/\/santapola.es\/ca\/wp-json\/wp\/v2\/tags?post=16575"}],"curies":[{"name":"wp","href":"https:\/\/api.w.org\/{rel}","templated":true}]}}