{"id":16538,"date":"2022-08-30T12:38:02","date_gmt":"2022-08-30T11:38:02","guid":{"rendered":"https:\/\/www.santapola.es\/?p=16538"},"modified":"2024-03-07T18:40:57","modified_gmt":"2024-03-07T17:40:57","slug":"homenaje-a-jose-v-ballesteros-y-jose-anton-dura","status":"publish","type":"post","link":"https:\/\/santapola.es\/ca\/homenaje-a-jose-v-ballesteros-y-jose-anton-dura\/","title":{"rendered":"Homenaje a Jose V. Ballesteros y Jos\u00e9 Ant\u00f3n Dur\u00e1"},"content":{"rendered":"<p>El pleno municipal del mes de agost\u00f3 aprob\u00f3 por unanimidad de todos los grupos pol\u00edticos realizar un homenaje a dos santapoleros ilustres que han dado su vida por el deporte en la localidad.<\/p>\n<p>Se ha aprobado que el campo de tiro con arco de Santa Pola lleve el nombre de Jos\u00e9 Vicente Ballesteros Sempere,<br \/>\ny que la pista de atletismo ubicada en el Estadio municipal de deportes Manolo Maci\u00e0 lleve el nombre de Jos\u00e9 Ant\u00f3n Dur\u00e1, por sus amplias trayectorias dedicadas al deporte y a Santa Pola.<\/p>\n","protected":false},"excerpt":{"rendered":"<p>El pleno municipal del mes de agost\u00f3 aprob\u00f3 por unanimidad de todos los grupos pol\u00edticos realizar un homenaje a dos santapoleros ilustres que han dado su vida por el deporte en la localidad. Se ha aprobado que el campo de tiro con arco de Santa Pola lleve el nombre de Jos\u00e9 Vicente Ballesteros Sempere, y [&hellip;]<\/p>\n","protected":false},"author":75,"featured_media":16539,"comment_status":"closed","ping_status":"closed","sticky":false,"template":"","format":"standard","meta":{"_et_pb_use_builder":"","_et_pb_old_content":"","_et_gb_content_width":"","footnotes":""},"categories":[59,66],"tags":[],"class_list":["post-16538","post","type-post","status-publish","format-standard","has-post-thumbnail","hentry","category-deportes","category-inicio"],"yoast_head":"<!-- This site is optimized with the Yoast SEO plugin v27.4 - https:\/\/yoast.com\/product\/yoast-seo-wordpress\/ -->\n<title>Homenaje a Jose V. Ballesteros y Jos\u00e9 Ant\u00f3n Dur\u00e1 - Ajuntament de Santa Pola<\/title>\n<meta name=\"robots\" content=\"index, follow, max-snippet:-1, max-image-preview:large, max-video-preview:-1\" \/>\n<link rel=\"canonical\" href=\"https:\/\/santapola.es\/ca\/homenaje-a-jose-v-ballesteros-y-jose-anton-dura\/\" \/>\n<meta property=\"og:locale\" content=\"ca_ES\" \/>\n<meta property=\"og:type\" content=\"article\" \/>\n<meta property=\"og:title\" content=\"Homenaje a Jose V. Ballesteros y Jos\u00e9 Ant\u00f3n Dur\u00e1 - Ajuntament de Santa Pola\" \/>\n<meta property=\"og:description\" content=\"El pleno municipal del mes de agost\u00f3 aprob\u00f3 por unanimidad de todos los grupos pol\u00edticos realizar un homenaje a dos santapoleros ilustres que han dado su vida por el deporte en la localidad. Se ha aprobado que el campo de tiro con arco de Santa Pola lleve el nombre de Jos\u00e9 Vicente Ballesteros Sempere, y [&hellip;]\" \/>\n<meta property=\"og:url\" content=\"https:\/\/santapola.es\/ca\/homenaje-a-jose-v-ballesteros-y-jose-anton-dura\/\" \/>\n<meta property=\"og:site_name\" content=\"Ajuntament de Santa Pola\" \/>\n<meta property=\"article:publisher\" content=\"https:\/\/www.facebook.com\/AyuntamientoSantaPola\/\" \/>\n<meta property=\"article:published_time\" content=\"2022-08-30T11:38:02+00:00\" \/>\n<meta property=\"article:modified_time\" content=\"2024-03-07T17:40:57+00:00\" \/>\n<meta property=\"og:image\" content=\"https:\/\/santapola.es\/wp-content\/uploads\/2022\/08\/302535297_380368720944963_1278646275810345937_n.jpg\" \/>\n\t<meta property=\"og:image:width\" content=\"1440\" \/>\n\t<meta property=\"og:image:height\" content=\"954\" \/>\n\t<meta property=\"og:image:type\" content=\"image\/jpeg\" \/>\n<meta name=\"author\" content=\"\u00c1rea Municipal Alcald\u00eda\" \/>\n<meta name=\"twitter:card\" content=\"summary_large_image\" \/>\n<meta name=\"twitter:creator\" content=\"@SantaPolaAyunt\" \/>\n<meta name=\"twitter:site\" content=\"@SantaPolaAyunt\" \/>\n<script type=\"application\/ld+json\" class=\"yoast-schema-graph\">{\"@context\":\"https:\\\/\\\/schema.org\",\"@graph\":[{\"@type\":\"Article\",\"@id\":\"https:\\\/\\\/santapola.es\\\/ca\\\/homenaje-a-jose-v-ballesteros-y-jose-anton-dura\\\/#article\",\"isPartOf\":{\"@id\":\"https:\\\/\\\/santapola.es\\\/ca\\\/homenaje-a-jose-v-ballesteros-y-jose-anton-dura\\\/\"},\"author\":{\"name\":\"\u00c1rea Municipal Alcald\u00eda\",\"@id\":\"https:\\\/\\\/santapola.es\\\/ca\\\/#\\\/schema\\\/person\\\/c08381290b84c068e06ca5dc1f5a08a7\"},\"headline\":\"Homenaje a Jose V. Ballesteros y Jos\u00e9 Ant\u00f3n Dur\u00e1\",\"datePublished\":\"2022-08-30T11:38:02+00:00\",\"dateModified\":\"2024-03-07T17:40:57+00:00\",\"mainEntityOfPage\":{\"@id\":\"https:\\\/\\\/santapola.es\\\/ca\\\/homenaje-a-jose-v-ballesteros-y-jose-anton-dura\\\/\"},\"wordCount\":99,\"image\":{\"@id\":\"https:\\\/\\\/santapola.es\\\/ca\\\/homenaje-a-jose-v-ballesteros-y-jose-anton-dura\\\/#primaryimage\"},\"thumbnailUrl\":\"https:\\\/\\\/santapola.es\\\/wp-content\\\/uploads\\\/2022\\\/08\\\/302535297_380368720944963_1278646275810345937_n.jpg\",\"articleSection\":[\"Deportes\",\"Inicio\"],\"inLanguage\":\"ca\"},{\"@type\":\"WebPage\",\"@id\":\"https:\\\/\\\/santapola.es\\\/ca\\\/homenaje-a-jose-v-ballesteros-y-jose-anton-dura\\\/\",\"url\":\"https:\\\/\\\/santapola.es\\\/ca\\\/homenaje-a-jose-v-ballesteros-y-jose-anton-dura\\\/\",\"name\":\"Homenaje a Jose V. Ballesteros y Jos\u00e9 Ant\u00f3n Dur\u00e1 - Ajuntament de Santa Pola\",\"isPartOf\":{\"@id\":\"https:\\\/\\\/santapola.es\\\/ca\\\/#website\"},\"primaryImageOfPage\":{\"@id\":\"https:\\\/\\\/santapola.es\\\/ca\\\/homenaje-a-jose-v-ballesteros-y-jose-anton-dura\\\/#primaryimage\"},\"image\":{\"@id\":\"https:\\\/\\\/santapola.es\\\/ca\\\/homenaje-a-jose-v-ballesteros-y-jose-anton-dura\\\/#primaryimage\"},\"thumbnailUrl\":\"https:\\\/\\\/santapola.es\\\/wp-content\\\/uploads\\\/2022\\\/08\\\/302535297_380368720944963_1278646275810345937_n.jpg\",\"datePublished\":\"2022-08-30T11:38:02+00:00\",\"dateModified\":\"2024-03-07T17:40:57+00:00\",\"author\":{\"@id\":\"https:\\\/\\\/santapola.es\\\/ca\\\/#\\\/schema\\\/person\\\/c08381290b84c068e06ca5dc1f5a08a7\"},\"breadcrumb\":{\"@id\":\"https:\\\/\\\/santapola.es\\\/ca\\\/homenaje-a-jose-v-ballesteros-y-jose-anton-dura\\\/#breadcrumb\"},\"inLanguage\":\"ca\",\"potentialAction\":[{\"@type\":\"ReadAction\",\"target\":[\"https:\\\/\\\/santapola.es\\\/ca\\\/homenaje-a-jose-v-ballesteros-y-jose-anton-dura\\\/\"]}]},{\"@type\":\"ImageObject\",\"inLanguage\":\"ca\",\"@id\":\"https:\\\/\\\/santapola.es\\\/ca\\\/homenaje-a-jose-v-ballesteros-y-jose-anton-dura\\\/#primaryimage\",\"url\":\"https:\\\/\\\/santapola.es\\\/wp-content\\\/uploads\\\/2022\\\/08\\\/302535297_380368720944963_1278646275810345937_n.jpg\",\"contentUrl\":\"https:\\\/\\\/santapola.es\\\/wp-content\\\/uploads\\\/2022\\\/08\\\/302535297_380368720944963_1278646275810345937_n.jpg\",\"width\":1440,\"height\":954},{\"@type\":\"BreadcrumbList\",\"@id\":\"https:\\\/\\\/santapola.es\\\/ca\\\/homenaje-a-jose-v-ballesteros-y-jose-anton-dura\\\/#breadcrumb\",\"itemListElement\":[{\"@type\":\"ListItem\",\"position\":1,\"name\":\"Inici\",\"item\":\"https:\\\/\\\/santapola.es\\\/ca\\\/\"},{\"@type\":\"ListItem\",\"position\":2,\"name\":\"Homenaje a Jose V. Ballesteros y Jos\u00e9 Ant\u00f3n Dur\u00e1\"}]},{\"@type\":\"WebSite\",\"@id\":\"https:\\\/\\\/santapola.es\\\/ca\\\/#website\",\"url\":\"https:\\\/\\\/santapola.es\\\/ca\\\/\",\"name\":\"Ayuntamiento de Santa Pola\",\"description\":\"Web de l'Ajuntament de Santa Pola\",\"potentialAction\":[{\"@type\":\"SearchAction\",\"target\":{\"@type\":\"EntryPoint\",\"urlTemplate\":\"https:\\\/\\\/santapola.es\\\/ca\\\/?s={search_term_string}\"},\"query-input\":{\"@type\":\"PropertyValueSpecification\",\"valueRequired\":true,\"valueName\":\"search_term_string\"}}],\"inLanguage\":\"ca\"},{\"@type\":\"Person\",\"@id\":\"https:\\\/\\\/santapola.es\\\/ca\\\/#\\\/schema\\\/person\\\/c08381290b84c068e06ca5dc1f5a08a7\",\"name\":\"\u00c1rea Municipal Alcald\u00eda\"}]}<\/script>\n<!-- \/ Yoast SEO plugin. -->","yoast_head_json":{"title":"Homenaje a Jose V. Ballesteros y Jos\u00e9 Ant\u00f3n Dur\u00e1 - Ajuntament de Santa Pola","robots":{"index":"index","follow":"follow","max-snippet":"max-snippet:-1","max-image-preview":"max-image-preview:large","max-video-preview":"max-video-preview:-1"},"canonical":"https:\/\/santapola.es\/ca\/homenaje-a-jose-v-ballesteros-y-jose-anton-dura\/","og_locale":"ca_ES","og_type":"article","og_title":"Homenaje a Jose V. Ballesteros y Jos\u00e9 Ant\u00f3n Dur\u00e1 - Ajuntament de Santa Pola","og_description":"El pleno municipal del mes de agost\u00f3 aprob\u00f3 por unanimidad de todos los grupos pol\u00edticos realizar un homenaje a dos santapoleros ilustres que han dado su vida por el deporte en la localidad. Se ha aprobado que el campo de tiro con arco de Santa Pola lleve el nombre de Jos\u00e9 Vicente Ballesteros Sempere, y [&hellip;]","og_url":"https:\/\/santapola.es\/ca\/homenaje-a-jose-v-ballesteros-y-jose-anton-dura\/","og_site_name":"Ajuntament de Santa Pola","article_publisher":"https:\/\/www.facebook.com\/AyuntamientoSantaPola\/","article_published_time":"2022-08-30T11:38:02+00:00","article_modified_time":"2024-03-07T17:40:57+00:00","og_image":[{"width":1440,"height":954,"url":"https:\/\/santapola.es\/wp-content\/uploads\/2022\/08\/302535297_380368720944963_1278646275810345937_n.jpg","type":"image\/jpeg"}],"author":"\u00c1rea Municipal Alcald\u00eda","twitter_card":"summary_large_image","twitter_creator":"@SantaPolaAyunt","twitter_site":"@SantaPolaAyunt","schema":{"@context":"https:\/\/schema.org","@graph":[{"@type":"Article","@id":"https:\/\/santapola.es\/ca\/homenaje-a-jose-v-ballesteros-y-jose-anton-dura\/#article","isPartOf":{"@id":"https:\/\/santapola.es\/ca\/homenaje-a-jose-v-ballesteros-y-jose-anton-dura\/"},"author":{"name":"\u00c1rea Municipal Alcald\u00eda","@id":"https:\/\/santapola.es\/ca\/#\/schema\/person\/c08381290b84c068e06ca5dc1f5a08a7"},"headline":"Homenaje a Jose V. Ballesteros y Jos\u00e9 Ant\u00f3n Dur\u00e1","datePublished":"2022-08-30T11:38:02+00:00","dateModified":"2024-03-07T17:40:57+00:00","mainEntityOfPage":{"@id":"https:\/\/santapola.es\/ca\/homenaje-a-jose-v-ballesteros-y-jose-anton-dura\/"},"wordCount":99,"image":{"@id":"https:\/\/santapola.es\/ca\/homenaje-a-jose-v-ballesteros-y-jose-anton-dura\/#primaryimage"},"thumbnailUrl":"https:\/\/santapola.es\/wp-content\/uploads\/2022\/08\/302535297_380368720944963_1278646275810345937_n.jpg","articleSection":["Deportes","Inicio"],"inLanguage":"ca"},{"@type":"WebPage","@id":"https:\/\/santapola.es\/ca\/homenaje-a-jose-v-ballesteros-y-jose-anton-dura\/","url":"https:\/\/santapola.es\/ca\/homenaje-a-jose-v-ballesteros-y-jose-anton-dura\/","name":"Homenaje a Jose V. Ballesteros y Jos\u00e9 Ant\u00f3n Dur\u00e1 - Ajuntament de Santa Pola","isPartOf":{"@id":"https:\/\/santapola.es\/ca\/#website"},"primaryImageOfPage":{"@id":"https:\/\/santapola.es\/ca\/homenaje-a-jose-v-ballesteros-y-jose-anton-dura\/#primaryimage"},"image":{"@id":"https:\/\/santapola.es\/ca\/homenaje-a-jose-v-ballesteros-y-jose-anton-dura\/#primaryimage"},"thumbnailUrl":"https:\/\/santapola.es\/wp-content\/uploads\/2022\/08\/302535297_380368720944963_1278646275810345937_n.jpg","datePublished":"2022-08-30T11:38:02+00:00","dateModified":"2024-03-07T17:40:57+00:00","author":{"@id":"https:\/\/santapola.es\/ca\/#\/schema\/person\/c08381290b84c068e06ca5dc1f5a08a7"},"breadcrumb":{"@id":"https:\/\/santapola.es\/ca\/homenaje-a-jose-v-ballesteros-y-jose-anton-dura\/#breadcrumb"},"inLanguage":"ca","potentialAction":[{"@type":"ReadAction","target":["https:\/\/santapola.es\/ca\/homenaje-a-jose-v-ballesteros-y-jose-anton-dura\/"]}]},{"@type":"ImageObject","inLanguage":"ca","@id":"https:\/\/santapola.es\/ca\/homenaje-a-jose-v-ballesteros-y-jose-anton-dura\/#primaryimage","url":"https:\/\/santapola.es\/wp-content\/uploads\/2022\/08\/302535297_380368720944963_1278646275810345937_n.jpg","contentUrl":"https:\/\/santapola.es\/wp-content\/uploads\/2022\/08\/302535297_380368720944963_1278646275810345937_n.jpg","width":1440,"height":954},{"@type":"BreadcrumbList","@id":"https:\/\/santapola.es\/ca\/homenaje-a-jose-v-ballesteros-y-jose-anton-dura\/#breadcrumb","itemListElement":[{"@type":"ListItem","position":1,"name":"Inici","item":"https:\/\/santapola.es\/ca\/"},{"@type":"ListItem","position":2,"name":"Homenaje a Jose V. Ballesteros y Jos\u00e9 Ant\u00f3n Dur\u00e1"}]},{"@type":"WebSite","@id":"https:\/\/santapola.es\/ca\/#website","url":"https:\/\/santapola.es\/ca\/","name":"Ayuntamiento de Santa Pola","description":"Web de l'Ajuntament de Santa Pola","potentialAction":[{"@type":"SearchAction","target":{"@type":"EntryPoint","urlTemplate":"https:\/\/santapola.es\/ca\/?s={search_term_string}"},"query-input":{"@type":"PropertyValueSpecification","valueRequired":true,"valueName":"search_term_string"}}],"inLanguage":"ca"},{"@type":"Person","@id":"https:\/\/santapola.es\/ca\/#\/schema\/person\/c08381290b84c068e06ca5dc1f5a08a7","name":"\u00c1rea Municipal Alcald\u00eda"}]}},"_links":{"self":[{"href":"https:\/\/santapola.es\/ca\/wp-json\/wp\/v2\/posts\/16538","targetHints":{"allow":["GET"]}}],"collection":[{"href":"https:\/\/santapola.es\/ca\/wp-json\/wp\/v2\/posts"}],"about":[{"href":"https:\/\/santapola.es\/ca\/wp-json\/wp\/v2\/types\/post"}],"author":[{"embeddable":true,"href":"https:\/\/santapola.es\/ca\/wp-json\/wp\/v2\/users\/75"}],"replies":[{"embeddable":true,"href":"https:\/\/santapola.es\/ca\/wp-json\/wp\/v2\/comments?post=16538"}],"version-history":[{"count":0,"href":"https:\/\/santapola.es\/ca\/wp-json\/wp\/v2\/posts\/16538\/revisions"}],"wp:featuredmedia":[{"embeddable":true,"href":"https:\/\/santapola.es\/ca\/wp-json\/wp\/v2\/media\/16539"}],"wp:attachment":[{"href":"https:\/\/santapola.es\/ca\/wp-json\/wp\/v2\/media?parent=16538"}],"wp:term":[{"taxonomy":"category","embeddable":true,"href":"https:\/\/santapola.es\/ca\/wp-json\/wp\/v2\/categories?post=16538"},{"taxonomy":"post_tag","embeddable":true,"href":"https:\/\/santapola.es\/ca\/wp-json\/wp\/v2\/tags?post=16538"}],"curies":[{"name":"wp","href":"https:\/\/api.w.org\/{rel}","templated":true}]}}