{"id":16504,"date":"2022-08-18T07:41:20","date_gmt":"2022-08-18T06:41:20","guid":{"rendered":"https:\/\/www.santapola.es\/?p=16504"},"modified":"2024-03-07T18:40:54","modified_gmt":"2024-03-07T17:40:54","slug":"santa-pola-registra-un-total-de-1834-servicios-de-bano-adaptado-en-el-mes-de-julio","status":"publish","type":"post","link":"https:\/\/santapola.es\/ca\/santa-pola-registra-un-total-de-1834-servicios-de-bano-adaptado-en-el-mes-de-julio\/","title":{"rendered":"Santa Pola registra un total de 1834 servicios de ba\u00f1o adaptado en el mes de julio"},"content":{"rendered":"<p>Durante el mes de julio, con la puesta en marcha del servicio de playas accesibles y el ba\u00f1o adaptado para las personas con discapacidad, Santa Pola ha recibido un total de 1834 reservas para este servicio, tan solo en el mes de julio.<\/p>\n<p>Un cifra muy alta con respecto a los a\u00f1os anteriores, en los que sufrimos la pandemia, y que supone una media de 59 servicios al d\u00eda. Adem\u00e1s, este a\u00f1o Santa Pola ha recuperado por parte de la Generalitat, la isla de ba\u00f1o adaptado con m\u00e1s de una veintena de sillas que facilita el ba\u00f1o a los mayores.<\/p>\n<p>El concejal de Playas, \u00c1ngel Piedecausa subraya que \u201cestamos muy satisfechos con el servicio en las 2 playas accesibles de la localidad, que como es habitual, est\u00e1 teniendo una gran demanda por parte de las personas con necesidades. 1834 reservas y atenci\u00f3n durante el mes de julio es un cifra muy alta, que hemos podido atender correctamente. En Santa Pola llevamos muchos a\u00f1os ofreciendo este servicio y supone un gran alivio para las personas con discapacidad\u201d.<\/p>\n<p>&nbsp;<\/p>\n<p>Santa Pola dispone de 2 playas adaptadas: la Playa de Levante y Gran Playa, con puntos accesibles para que las personas con movilidad reducida o con capacidades diferentes puedan acceder a la orilla con facilidad, ba\u00f1arse con total seguridad. Adem\u00e1s, estas playas ofrecen un \u00e1rea especial para personas con capacidades ps\u00edquico-sensoriales diferentes, donde pueden disfrutar de actividades l\u00fadicas y pedag\u00f3gicas en un espacio de ocio, atendidos por personal altamente cualificado.<\/p>\n<p>La playa de Levante est\u00e1 galardonada desde 2003 con la distinci\u00f3n de &#8220;Ruptura de Barreras Arquitect\u00f3nicas y Atenci\u00f3n a Personas con Discapacidades&#8221;. Ambas playas est\u00e1n consideradas por PREDIF y CASER entre las 8 playas\u00a0mejor adaptadas y accesibles\u00a0del Levante espa\u00f1ol.<\/p>\n<p>Los \u00a0<strong>servicios disponibles en estas \u00e1reas:<\/strong> Aparcamientos reservados, desfibrilador, Veh\u00edculo de intervenci\u00f3n r\u00e1pida, rampas, pasarelas adaptadas de ancho especial hasta la orilla, zona de sombra, aseo, ducha y vestuario adaptado, sillas y muletas anfibias, gr\u00faa de Transferencia. Material de Higiene, zona Balizada, \u00a0personal de apoyo cualificado y socorrismo, lengua de signos espa\u00f1ola (LSE), carteler\u00eda en braille, isla de ba\u00f1o adaptado.<\/p>\n<p>Las playas urbanas de Tamarit, Calas Santiago Bernab\u00e9u y Varadero cuentan con las siguientes adaptaciones: pasarelas adaptadas de mayor anchura y longitud, y una silla anfibia de uso particular para las personas que lo requieran.<\/p>\n<p>&nbsp;<\/p>\n","protected":false},"excerpt":{"rendered":"<p>Durante el mes de julio, con la puesta en marcha del servicio de playas accesibles y el ba\u00f1o adaptado para las personas con discapacidad, Santa Pola ha recibido un total de 1834 reservas para este servicio, tan solo en el mes de julio. Un cifra muy alta con respecto a los a\u00f1os anteriores, en los [&hellip;]<\/p>\n","protected":false},"author":75,"featured_media":16505,"comment_status":"closed","ping_status":"closed","sticky":false,"template":"","format":"standard","meta":{"_et_pb_use_builder":"","_et_pb_old_content":"","_et_gb_content_width":"","footnotes":""},"categories":[66,57],"tags":[],"class_list":["post-16504","post","type-post","status-publish","format-standard","has-post-thumbnail","hentry","category-inicio","category-playas-turismo-pesca"],"yoast_head":"<!-- This site is optimized with the Yoast SEO plugin v27.4 - https:\/\/yoast.com\/product\/yoast-seo-wordpress\/ -->\n<title>Santa Pola registra un total de 1834 servicios de ba\u00f1o adaptado en el mes de julio - Ajuntament de Santa Pola<\/title>\n<meta name=\"robots\" content=\"index, follow, max-snippet:-1, max-image-preview:large, max-video-preview:-1\" \/>\n<link rel=\"canonical\" href=\"https:\/\/santapola.es\/ca\/santa-pola-registra-un-total-de-1834-servicios-de-bano-adaptado-en-el-mes-de-julio\/\" \/>\n<meta property=\"og:locale\" content=\"ca_ES\" \/>\n<meta property=\"og:type\" content=\"article\" \/>\n<meta property=\"og:title\" content=\"Santa Pola registra un total de 1834 servicios de ba\u00f1o adaptado en el mes de julio - Ajuntament de Santa Pola\" \/>\n<meta property=\"og:description\" content=\"Durante el mes de julio, con la puesta en marcha del servicio de playas accesibles y el ba\u00f1o adaptado para las personas con discapacidad, Santa Pola ha recibido un total de 1834 reservas para este servicio, tan solo en el mes de julio. Un cifra muy alta con respecto a los a\u00f1os anteriores, en los [&hellip;]\" \/>\n<meta property=\"og:url\" content=\"https:\/\/santapola.es\/ca\/santa-pola-registra-un-total-de-1834-servicios-de-bano-adaptado-en-el-mes-de-julio\/\" \/>\n<meta property=\"og:site_name\" content=\"Ajuntament de Santa Pola\" \/>\n<meta property=\"article:publisher\" content=\"https:\/\/www.facebook.com\/AyuntamientoSantaPola\/\" \/>\n<meta property=\"article:published_time\" content=\"2022-08-18T06:41:20+00:00\" \/>\n<meta property=\"article:modified_time\" content=\"2024-03-07T17:40:54+00:00\" \/>\n<meta property=\"og:image\" content=\"https:\/\/santapola.es\/wp-content\/uploads\/2022\/08\/WhatsApp-Image-2022-08-18-at-8.38.36-AM.jpeg\" \/>\n\t<meta property=\"og:image:width\" content=\"2000\" \/>\n\t<meta property=\"og:image:height\" content=\"1500\" \/>\n\t<meta property=\"og:image:type\" content=\"image\/jpeg\" \/>\n<meta name=\"author\" content=\"\u00c1rea Municipal Alcald\u00eda\" \/>\n<meta name=\"twitter:card\" content=\"summary_large_image\" \/>\n<meta name=\"twitter:creator\" content=\"@SantaPolaAyunt\" \/>\n<meta name=\"twitter:site\" content=\"@SantaPolaAyunt\" \/>\n<script type=\"application\/ld+json\" class=\"yoast-schema-graph\">{\"@context\":\"https:\\\/\\\/schema.org\",\"@graph\":[{\"@type\":\"Article\",\"@id\":\"https:\\\/\\\/santapola.es\\\/ca\\\/santa-pola-registra-un-total-de-1834-servicios-de-bano-adaptado-en-el-mes-de-julio\\\/#article\",\"isPartOf\":{\"@id\":\"https:\\\/\\\/santapola.es\\\/ca\\\/santa-pola-registra-un-total-de-1834-servicios-de-bano-adaptado-en-el-mes-de-julio\\\/\"},\"author\":{\"name\":\"\u00c1rea Municipal Alcald\u00eda\",\"@id\":\"https:\\\/\\\/santapola.es\\\/ca\\\/#\\\/schema\\\/person\\\/c08381290b84c068e06ca5dc1f5a08a7\"},\"headline\":\"Santa Pola registra un total de 1834 servicios de ba\u00f1o adaptado en el mes de julio\",\"datePublished\":\"2022-08-18T06:41:20+00:00\",\"dateModified\":\"2024-03-07T17:40:54+00:00\",\"mainEntityOfPage\":{\"@id\":\"https:\\\/\\\/santapola.es\\\/ca\\\/santa-pola-registra-un-total-de-1834-servicios-de-bano-adaptado-en-el-mes-de-julio\\\/\"},\"wordCount\":421,\"image\":{\"@id\":\"https:\\\/\\\/santapola.es\\\/ca\\\/santa-pola-registra-un-total-de-1834-servicios-de-bano-adaptado-en-el-mes-de-julio\\\/#primaryimage\"},\"thumbnailUrl\":\"https:\\\/\\\/santapola.es\\\/wp-content\\\/uploads\\\/2022\\\/08\\\/WhatsApp-Image-2022-08-18-at-8.38.36-AM.jpeg\",\"articleSection\":[\"Inicio\",\"Playas \\\/ Turismo \\\/ Pesca\"],\"inLanguage\":\"ca\"},{\"@type\":\"WebPage\",\"@id\":\"https:\\\/\\\/santapola.es\\\/ca\\\/santa-pola-registra-un-total-de-1834-servicios-de-bano-adaptado-en-el-mes-de-julio\\\/\",\"url\":\"https:\\\/\\\/santapola.es\\\/ca\\\/santa-pola-registra-un-total-de-1834-servicios-de-bano-adaptado-en-el-mes-de-julio\\\/\",\"name\":\"Santa Pola registra un total de 1834 servicios de ba\u00f1o adaptado en el mes de julio - Ajuntament de Santa Pola\",\"isPartOf\":{\"@id\":\"https:\\\/\\\/santapola.es\\\/ca\\\/#website\"},\"primaryImageOfPage\":{\"@id\":\"https:\\\/\\\/santapola.es\\\/ca\\\/santa-pola-registra-un-total-de-1834-servicios-de-bano-adaptado-en-el-mes-de-julio\\\/#primaryimage\"},\"image\":{\"@id\":\"https:\\\/\\\/santapola.es\\\/ca\\\/santa-pola-registra-un-total-de-1834-servicios-de-bano-adaptado-en-el-mes-de-julio\\\/#primaryimage\"},\"thumbnailUrl\":\"https:\\\/\\\/santapola.es\\\/wp-content\\\/uploads\\\/2022\\\/08\\\/WhatsApp-Image-2022-08-18-at-8.38.36-AM.jpeg\",\"datePublished\":\"2022-08-18T06:41:20+00:00\",\"dateModified\":\"2024-03-07T17:40:54+00:00\",\"author\":{\"@id\":\"https:\\\/\\\/santapola.es\\\/ca\\\/#\\\/schema\\\/person\\\/c08381290b84c068e06ca5dc1f5a08a7\"},\"breadcrumb\":{\"@id\":\"https:\\\/\\\/santapola.es\\\/ca\\\/santa-pola-registra-un-total-de-1834-servicios-de-bano-adaptado-en-el-mes-de-julio\\\/#breadcrumb\"},\"inLanguage\":\"ca\",\"potentialAction\":[{\"@type\":\"ReadAction\",\"target\":[\"https:\\\/\\\/santapola.es\\\/ca\\\/santa-pola-registra-un-total-de-1834-servicios-de-bano-adaptado-en-el-mes-de-julio\\\/\"]}]},{\"@type\":\"ImageObject\",\"inLanguage\":\"ca\",\"@id\":\"https:\\\/\\\/santapola.es\\\/ca\\\/santa-pola-registra-un-total-de-1834-servicios-de-bano-adaptado-en-el-mes-de-julio\\\/#primaryimage\",\"url\":\"https:\\\/\\\/santapola.es\\\/wp-content\\\/uploads\\\/2022\\\/08\\\/WhatsApp-Image-2022-08-18-at-8.38.36-AM.jpeg\",\"contentUrl\":\"https:\\\/\\\/santapola.es\\\/wp-content\\\/uploads\\\/2022\\\/08\\\/WhatsApp-Image-2022-08-18-at-8.38.36-AM.jpeg\",\"width\":2000,\"height\":1500},{\"@type\":\"BreadcrumbList\",\"@id\":\"https:\\\/\\\/santapola.es\\\/ca\\\/santa-pola-registra-un-total-de-1834-servicios-de-bano-adaptado-en-el-mes-de-julio\\\/#breadcrumb\",\"itemListElement\":[{\"@type\":\"ListItem\",\"position\":1,\"name\":\"Inici\",\"item\":\"https:\\\/\\\/santapola.es\\\/ca\\\/\"},{\"@type\":\"ListItem\",\"position\":2,\"name\":\"Santa Pola registra un total de 1834 servicios de ba\u00f1o adaptado en el mes de julio\"}]},{\"@type\":\"WebSite\",\"@id\":\"https:\\\/\\\/santapola.es\\\/ca\\\/#website\",\"url\":\"https:\\\/\\\/santapola.es\\\/ca\\\/\",\"name\":\"Ayuntamiento de Santa Pola\",\"description\":\"Web de l'Ajuntament de Santa Pola\",\"potentialAction\":[{\"@type\":\"SearchAction\",\"target\":{\"@type\":\"EntryPoint\",\"urlTemplate\":\"https:\\\/\\\/santapola.es\\\/ca\\\/?s={search_term_string}\"},\"query-input\":{\"@type\":\"PropertyValueSpecification\",\"valueRequired\":true,\"valueName\":\"search_term_string\"}}],\"inLanguage\":\"ca\"},{\"@type\":\"Person\",\"@id\":\"https:\\\/\\\/santapola.es\\\/ca\\\/#\\\/schema\\\/person\\\/c08381290b84c068e06ca5dc1f5a08a7\",\"name\":\"\u00c1rea Municipal Alcald\u00eda\"}]}<\/script>\n<!-- \/ Yoast SEO plugin. -->","yoast_head_json":{"title":"Santa Pola registra un total de 1834 servicios de ba\u00f1o adaptado en el mes de julio - Ajuntament de Santa Pola","robots":{"index":"index","follow":"follow","max-snippet":"max-snippet:-1","max-image-preview":"max-image-preview:large","max-video-preview":"max-video-preview:-1"},"canonical":"https:\/\/santapola.es\/ca\/santa-pola-registra-un-total-de-1834-servicios-de-bano-adaptado-en-el-mes-de-julio\/","og_locale":"ca_ES","og_type":"article","og_title":"Santa Pola registra un total de 1834 servicios de ba\u00f1o adaptado en el mes de julio - Ajuntament de Santa Pola","og_description":"Durante el mes de julio, con la puesta en marcha del servicio de playas accesibles y el ba\u00f1o adaptado para las personas con discapacidad, Santa Pola ha recibido un total de 1834 reservas para este servicio, tan solo en el mes de julio. Un cifra muy alta con respecto a los a\u00f1os anteriores, en los [&hellip;]","og_url":"https:\/\/santapola.es\/ca\/santa-pola-registra-un-total-de-1834-servicios-de-bano-adaptado-en-el-mes-de-julio\/","og_site_name":"Ajuntament de Santa Pola","article_publisher":"https:\/\/www.facebook.com\/AyuntamientoSantaPola\/","article_published_time":"2022-08-18T06:41:20+00:00","article_modified_time":"2024-03-07T17:40:54+00:00","og_image":[{"width":2000,"height":1500,"url":"https:\/\/santapola.es\/wp-content\/uploads\/2022\/08\/WhatsApp-Image-2022-08-18-at-8.38.36-AM.jpeg","type":"image\/jpeg"}],"author":"\u00c1rea Municipal Alcald\u00eda","twitter_card":"summary_large_image","twitter_creator":"@SantaPolaAyunt","twitter_site":"@SantaPolaAyunt","schema":{"@context":"https:\/\/schema.org","@graph":[{"@type":"Article","@id":"https:\/\/santapola.es\/ca\/santa-pola-registra-un-total-de-1834-servicios-de-bano-adaptado-en-el-mes-de-julio\/#article","isPartOf":{"@id":"https:\/\/santapola.es\/ca\/santa-pola-registra-un-total-de-1834-servicios-de-bano-adaptado-en-el-mes-de-julio\/"},"author":{"name":"\u00c1rea Municipal Alcald\u00eda","@id":"https:\/\/santapola.es\/ca\/#\/schema\/person\/c08381290b84c068e06ca5dc1f5a08a7"},"headline":"Santa Pola registra un total de 1834 servicios de ba\u00f1o adaptado en el mes de julio","datePublished":"2022-08-18T06:41:20+00:00","dateModified":"2024-03-07T17:40:54+00:00","mainEntityOfPage":{"@id":"https:\/\/santapola.es\/ca\/santa-pola-registra-un-total-de-1834-servicios-de-bano-adaptado-en-el-mes-de-julio\/"},"wordCount":421,"image":{"@id":"https:\/\/santapola.es\/ca\/santa-pola-registra-un-total-de-1834-servicios-de-bano-adaptado-en-el-mes-de-julio\/#primaryimage"},"thumbnailUrl":"https:\/\/santapola.es\/wp-content\/uploads\/2022\/08\/WhatsApp-Image-2022-08-18-at-8.38.36-AM.jpeg","articleSection":["Inicio","Playas \/ Turismo \/ Pesca"],"inLanguage":"ca"},{"@type":"WebPage","@id":"https:\/\/santapola.es\/ca\/santa-pola-registra-un-total-de-1834-servicios-de-bano-adaptado-en-el-mes-de-julio\/","url":"https:\/\/santapola.es\/ca\/santa-pola-registra-un-total-de-1834-servicios-de-bano-adaptado-en-el-mes-de-julio\/","name":"Santa Pola registra un total de 1834 servicios de ba\u00f1o adaptado en el mes de julio - Ajuntament de Santa Pola","isPartOf":{"@id":"https:\/\/santapola.es\/ca\/#website"},"primaryImageOfPage":{"@id":"https:\/\/santapola.es\/ca\/santa-pola-registra-un-total-de-1834-servicios-de-bano-adaptado-en-el-mes-de-julio\/#primaryimage"},"image":{"@id":"https:\/\/santapola.es\/ca\/santa-pola-registra-un-total-de-1834-servicios-de-bano-adaptado-en-el-mes-de-julio\/#primaryimage"},"thumbnailUrl":"https:\/\/santapola.es\/wp-content\/uploads\/2022\/08\/WhatsApp-Image-2022-08-18-at-8.38.36-AM.jpeg","datePublished":"2022-08-18T06:41:20+00:00","dateModified":"2024-03-07T17:40:54+00:00","author":{"@id":"https:\/\/santapola.es\/ca\/#\/schema\/person\/c08381290b84c068e06ca5dc1f5a08a7"},"breadcrumb":{"@id":"https:\/\/santapola.es\/ca\/santa-pola-registra-un-total-de-1834-servicios-de-bano-adaptado-en-el-mes-de-julio\/#breadcrumb"},"inLanguage":"ca","potentialAction":[{"@type":"ReadAction","target":["https:\/\/santapola.es\/ca\/santa-pola-registra-un-total-de-1834-servicios-de-bano-adaptado-en-el-mes-de-julio\/"]}]},{"@type":"ImageObject","inLanguage":"ca","@id":"https:\/\/santapola.es\/ca\/santa-pola-registra-un-total-de-1834-servicios-de-bano-adaptado-en-el-mes-de-julio\/#primaryimage","url":"https:\/\/santapola.es\/wp-content\/uploads\/2022\/08\/WhatsApp-Image-2022-08-18-at-8.38.36-AM.jpeg","contentUrl":"https:\/\/santapola.es\/wp-content\/uploads\/2022\/08\/WhatsApp-Image-2022-08-18-at-8.38.36-AM.jpeg","width":2000,"height":1500},{"@type":"BreadcrumbList","@id":"https:\/\/santapola.es\/ca\/santa-pola-registra-un-total-de-1834-servicios-de-bano-adaptado-en-el-mes-de-julio\/#breadcrumb","itemListElement":[{"@type":"ListItem","position":1,"name":"Inici","item":"https:\/\/santapola.es\/ca\/"},{"@type":"ListItem","position":2,"name":"Santa Pola registra un total de 1834 servicios de ba\u00f1o adaptado en el mes de julio"}]},{"@type":"WebSite","@id":"https:\/\/santapola.es\/ca\/#website","url":"https:\/\/santapola.es\/ca\/","name":"Ayuntamiento de Santa Pola","description":"Web de l'Ajuntament de Santa Pola","potentialAction":[{"@type":"SearchAction","target":{"@type":"EntryPoint","urlTemplate":"https:\/\/santapola.es\/ca\/?s={search_term_string}"},"query-input":{"@type":"PropertyValueSpecification","valueRequired":true,"valueName":"search_term_string"}}],"inLanguage":"ca"},{"@type":"Person","@id":"https:\/\/santapola.es\/ca\/#\/schema\/person\/c08381290b84c068e06ca5dc1f5a08a7","name":"\u00c1rea Municipal Alcald\u00eda"}]}},"_links":{"self":[{"href":"https:\/\/santapola.es\/ca\/wp-json\/wp\/v2\/posts\/16504","targetHints":{"allow":["GET"]}}],"collection":[{"href":"https:\/\/santapola.es\/ca\/wp-json\/wp\/v2\/posts"}],"about":[{"href":"https:\/\/santapola.es\/ca\/wp-json\/wp\/v2\/types\/post"}],"author":[{"embeddable":true,"href":"https:\/\/santapola.es\/ca\/wp-json\/wp\/v2\/users\/75"}],"replies":[{"embeddable":true,"href":"https:\/\/santapola.es\/ca\/wp-json\/wp\/v2\/comments?post=16504"}],"version-history":[{"count":0,"href":"https:\/\/santapola.es\/ca\/wp-json\/wp\/v2\/posts\/16504\/revisions"}],"wp:featuredmedia":[{"embeddable":true,"href":"https:\/\/santapola.es\/ca\/wp-json\/wp\/v2\/media\/16505"}],"wp:attachment":[{"href":"https:\/\/santapola.es\/ca\/wp-json\/wp\/v2\/media?parent=16504"}],"wp:term":[{"taxonomy":"category","embeddable":true,"href":"https:\/\/santapola.es\/ca\/wp-json\/wp\/v2\/categories?post=16504"},{"taxonomy":"post_tag","embeddable":true,"href":"https:\/\/santapola.es\/ca\/wp-json\/wp\/v2\/tags?post=16504"}],"curies":[{"name":"wp","href":"https:\/\/api.w.org\/{rel}","templated":true}]}}