{"id":16404,"date":"2022-07-29T06:31:52","date_gmt":"2022-07-29T05:31:52","guid":{"rendered":"https:\/\/www.santapola.es\/?p=16404"},"modified":"2024-03-07T18:40:49","modified_gmt":"2024-03-07T17:40:49","slug":"santa-pola-competira-este-verano-con-hasta-39-municipios-de-la-comunitat-valenciana-por-conseguir-la-bandera-verde-de-la-sostenibilidad-hostelera-de-ecovidrio","status":"publish","type":"post","link":"https:\/\/santapola.es\/ca\/santa-pola-competira-este-verano-con-hasta-39-municipios-de-la-comunitat-valenciana-por-conseguir-la-bandera-verde-de-la-sostenibilidad-hostelera-de-ecovidrio\/","title":{"rendered":"Santa Pola competir\u00e1 este verano con hasta 39 municipios de la Comunitat Valenciana por conseguir la Bandera Verde de la sostenibilidad hostelera de Ecovidrio"},"content":{"rendered":"<ul>\n<li>Banderas Verdes premia el esfuerzo de la hosteler\u00eda local y al propio consistorio por su compromiso con el reciclaje de envases de vidrio y la lucha contra el cambio clim\u00e1tico.<\/li>\n<li>Un total de 204 restaurantes, bares y chiringuitos de la localidad se han sumado ya a esta iniciativa en colaboraci\u00f3n con el Ayuntamiento de Santa Pola y Ecovidrio.<\/li>\n<li>Calpe y El Campello resultaron ganadores de la \u00faltima edici\u00f3n y competir\u00e1n por revalidar una de las dos Banderas que Ecovidrio entrega en la Comunitat Valenciana.<\/li>\n<li>Durante la campa\u00f1a Ecovidrio lanzar\u00e1 el I Bar\u00f3metro sobre la sostenibilidad hostelera en nuestras costas en la Comunitat Valenciana y premiar\u00e1 a los dos chiringuitos de la regi\u00f3n m\u00e1s comprometidos con la econom\u00eda circular y la protecci\u00f3n de nuestro entorno.<\/li>\n<\/ul>\n<p>&nbsp;<\/p>\n<p>Ecovidrio, la entidad sin \u00e1nimo de lucro encargada de la gesti\u00f3n del reciclado de los residuos de envases de vidrio en Espa\u00f1a, lanza la tercera edici\u00f3n del Movimiento Banderas Verdes. Esta iniciativa tiene como objetivo galardonar el esfuerzo de establecimientos hosteleros de la zona la hosteler\u00eda local y el activismo de los municipios costeros por la sostenibilidad durante el verano, en especial en lo relativo a la gesti\u00f3n correcta de sus residuos.<\/p>\n<p>&nbsp;<\/p>\n<p>&nbsp;<\/p>\n<p>Esta edici\u00f3n contar\u00e1 con la participaci\u00f3n de 39 municipios de la Comunitat Valenciana, a los que se ha unido el Ayuntamiento de Santa Pola y 204 establecimientos hosteleros de la localidad. Juntos tratar\u00e1n de incrementar los niveles de recogida selectiva de envases de vidrio y movilizar al sector hostelero para arrebatar la Bandera Verde a Calpe y El Campello, ganadores de la \u00faltima edici\u00f3n.<\/p>\n<p>&nbsp;<\/p>\n<p>&nbsp;<\/p>\n<p>La campa\u00f1a, que se desarrollar\u00e1 del 15 de junio al 31 de agosto, contempla acciones para dar respuesta al notable incremento de la generaci\u00f3n de residuos de envases de vidrio en zonas costeras ocasionado por el turismo estival. En verano se consumen un tercio de los envases de vidrio que se ponen en circulaci\u00f3n y un 52% de ellos se genera directamente en el sector hostelero, por lo que su implicaci\u00f3n es clave para generar una transici\u00f3n real hacia un modelo m\u00e1s circular y descarbonizado.<\/p>\n<p>&nbsp;<\/p>\n<p>&nbsp;<\/p>\n<p><strong>I Bar\u00f3metro sobre la sostenibilidad hostelera en nuestras costas <\/strong><\/p>\n<p><strong>\u00a0<\/strong><\/p>\n<p>Ecovidrio ha puesto en marcha el primer estudio de campo para conocer el nivel de implantaci\u00f3n de las medidas de sostenibilidad que aplican los bares y restaurantes costeros en la Comunitat Valenciana.<\/p>\n<p>&nbsp;<\/p>\n<p>Las encuestas las realizar\u00e1n educadores ambientales de forma presencial durante el mes de julio y alcanzar\u00e1 un universo de 2.315 establecimientos entre bares, chiringuitos y restaurantes de la Comunitat Valenciana.<\/p>\n<p>&nbsp;<\/p>\n<p>Algunos de los \u00e1mbitos que se analizar\u00e1n ser\u00e1n la gesti\u00f3n eficiente de los residuos, la eficiencia energ\u00e9tica o el consumo responsable. En un contexto de emergencia clim\u00e1tica, ser\u00e1 posible contar con una fotograf\u00eda del sector en este \u00e1mbito y compartir casos de \u00e9xito y buenas pr\u00e1cticas escalables.<\/p>\n<p>&nbsp;<\/p>\n<p>Al finalizar la temporada, Ecovidrio premiar\u00e1 a los establecimientos m\u00e1s maduros en la gesti\u00f3n ambiental de su actividad.<\/p>\n<p>&nbsp;<\/p>\n<p><strong>Banderas Verdes: se consolida el movimiento a favor de la sostenibilidad en nuestras costas<\/strong><\/p>\n<p>&nbsp;<\/p>\n<p>Banderas Verdes se consolida como una de las iniciativas clave de la alianza de Ecovidrio con la hosteler\u00eda. De hecho, a nivel nacional, esta campa\u00f1a se desarrolla en 144 municipios costeros, de cinco comunidades aut\u00f3nomas diferentes y cuenta con la participaci\u00f3n de casi 15.000 establecimientos hosteleros.<\/p>\n<p>&nbsp;<\/p>\n<p>Almer\u00eda, Moj\u00e1car, Castelldefels, Torroella de Montgr\u00ed \u2013 l\u2019Estartit, El Campello, Calp, Cartagena y Sant Antoni de Portmany fueron los ocho reconocidos por su activismo en favor de la econom\u00eda circular y la recuperaci\u00f3n verde el a\u00f1o pasado y competir\u00e1n por revalidar el reconocimiento. Gracias al movimiento Banderas Verdes en 2021 se recogieron 31.045 toneladas de envases de vidrio, en las 127 localidades costeras participantes, cuyo posterior reciclado logr\u00f3 evitar la emisi\u00f3n de 17.700 toneladas de CO2, tales como retirar 8.000 coches de la circulaci\u00f3n durante un a\u00f1o.<\/p>\n<p>&nbsp;<\/p>\n<p><strong>La competici\u00f3n por la Bandera Verde: sistema de puntuaci\u00f3n<\/strong><\/p>\n<p><strong>\u00a0<\/strong><\/p>\n<p>&nbsp;<\/p>\n<p>La competici\u00f3n por las banderas verdes de Ecovidrio cuenta con un sistema de puntuaci\u00f3n que valora aspectos como el aumento del volumen en la recogida selectiva de envases de vidrio del municipio, el porcentaje de hosteler\u00eda local participante y su colaboraci\u00f3n para lograr los objetivos, y el compromiso adquirido por los consistorios locales para fomentar la campa\u00f1a entre la hosteler\u00eda y darle difusi\u00f3n a la misma ante la ciudadan\u00eda y visitantes.<\/p>\n<p>&nbsp;<\/p>\n<p>Con el fin de facilitar a todos los hosteleros su labor, Ecovidrio reforzar\u00e1 la contenerizaci\u00f3n y entregar\u00e1 medios de manera gratuita para el transporte de los residuos. Con un equipo sobre el terreno formado por casi 100 personas, la entidad recorrer\u00e1 uno a uno los establecimientos para ofrecer formaci\u00f3n ambiental y fomentar medidas de econom\u00eda circular entre los participantes. Adem\u00e1s, realizar\u00e1 un control de los vol\u00famenes de llenado para reforzar las rutas de recogida si es necesario.<\/p>\n<p>&nbsp;<\/p>\n<p>&nbsp;<\/p>\n<p><strong>\u00a0<\/strong><\/p>\n<p><strong>Sobre Ecovidrio<\/strong><\/p>\n<p><strong>\u00a0<\/strong><\/p>\n<p>Ecovidrio es la entidad sin \u00e1nimo de lucro encargada de la gesti\u00f3n del reciclado de residuos de envases de vidrio en Espa\u00f1a. En 1997, tras la aprobaci\u00f3n de la Ley de Envases y Residuos de Envases en 1997 y el arranque de sus operaciones en 1998, se convirti\u00f3 en la entidad gestora de un modelo de reciclado que garantiza un servicio completo y al que tienen acceso todos los ciudadanos. En t\u00e9rminos de financiaci\u00f3n, 8.000 compa\u00f1\u00edas envasadoras hacen posible, con su aportaci\u00f3n a trav\u00e9s del punto verde, el sistema de reciclado.<\/p>\n<p>&nbsp;<\/p>\n<p>La labor de Ecovidrio destaca por garantizar el reciclado de alta calidad a trav\u00e9s del contenedor, potenciar las infraestructuras de contenerizaci\u00f3n y recogida, invertir en planes y recursos destinados a incrementar el reciclaje de envases de vidrio en la hosteler\u00eda, movilizar a los ciudadanos a trav\u00e9s de campa\u00f1as de sensibilizaci\u00f3n y promover la prevenci\u00f3n y el ecodise\u00f1o de los envases.<\/p>\n<p>&nbsp;<\/p>\n<p>En las \u00faltimas dos d\u00e9cadas el sistema de Ecovidrio ha permitido el crecimiento exponencial de la tasa de reciclado pasando de un 31,3% en el a\u00f1o 2000 al 76,8% en 2018, seg\u00fan los \u00faltimos datos oficiales del Ministerio para la Transici\u00f3n Ecol\u00f3gico y Reto Demogr\u00e1fico (MITERD).<\/p>\n<p>&nbsp;<\/p>\n<p>El reciclaje de envases de vidrio es un elemento fundamental para contribuir al desarrollo sostenible, fomentar la transici\u00f3n hacia la econom\u00eda circular y luchar contra el cambio clim\u00e1tico. Adem\u00e1s, el reciclaje de envases de vidrio es una actividad apoya el cumplimiento de la Agenda 2030 y los Objetivos de Desarrollo Sostenible, concretamente, redunda sobre los objetivos (11) Ciudades y comunidades sostenibles, (12) Producci\u00f3n y consumo responsables y (13) Acci\u00f3n por el clima.<\/p>\n","protected":false},"excerpt":{"rendered":"<p>Banderas Verdes premia el esfuerzo de la hosteler\u00eda local y al propio consistorio por su compromiso con el reciclaje de envases de vidrio y la lucha contra el cambio clim\u00e1tico. Un total de 204 restaurantes, bares y chiringuitos de la localidad se han sumado ya a esta iniciativa en colaboraci\u00f3n con el Ayuntamiento de Santa [&hellip;]<\/p>\n","protected":false},"author":75,"featured_media":16405,"comment_status":"closed","ping_status":"closed","sticky":false,"template":"","format":"standard","meta":{"_et_pb_use_builder":"","_et_pb_old_content":"","_et_gb_content_width":"","footnotes":""},"categories":[52,66,58],"tags":[],"class_list":["post-16404","post","type-post","status-publish","format-standard","has-post-thumbnail","hentry","category-comercioconsumo","category-inicio","category-sostenibilidad-sanidad"],"yoast_head":"<!-- This site is optimized with the Yoast SEO plugin v27.4 - https:\/\/yoast.com\/product\/yoast-seo-wordpress\/ -->\n<title>Santa Pola competir\u00e1 este verano con hasta 39 municipios de la Comunitat Valenciana por conseguir la Bandera Verde de la sostenibilidad hostelera de Ecovidrio - Ajuntament de Santa Pola<\/title>\n<meta name=\"robots\" content=\"index, follow, max-snippet:-1, max-image-preview:large, max-video-preview:-1\" \/>\n<link rel=\"canonical\" href=\"https:\/\/santapola.es\/ca\/santa-pola-competira-este-verano-con-hasta-39-municipios-de-la-comunitat-valenciana-por-conseguir-la-bandera-verde-de-la-sostenibilidad-hostelera-de-ecovidrio\/\" \/>\n<meta property=\"og:locale\" content=\"ca_ES\" \/>\n<meta property=\"og:type\" content=\"article\" \/>\n<meta property=\"og:title\" content=\"Santa Pola competir\u00e1 este verano con hasta 39 municipios de la Comunitat Valenciana por conseguir la Bandera Verde de la sostenibilidad hostelera de Ecovidrio - Ajuntament de Santa Pola\" \/>\n<meta property=\"og:description\" content=\"Banderas Verdes premia el esfuerzo de la hosteler\u00eda local y al propio consistorio por su compromiso con el reciclaje de envases de vidrio y la lucha contra el cambio clim\u00e1tico. Un total de 204 restaurantes, bares y chiringuitos de la localidad se han sumado ya a esta iniciativa en colaboraci\u00f3n con el Ayuntamiento de Santa [&hellip;]\" \/>\n<meta property=\"og:url\" content=\"https:\/\/santapola.es\/ca\/santa-pola-competira-este-verano-con-hasta-39-municipios-de-la-comunitat-valenciana-por-conseguir-la-bandera-verde-de-la-sostenibilidad-hostelera-de-ecovidrio\/\" \/>\n<meta property=\"og:site_name\" content=\"Ajuntament de Santa Pola\" \/>\n<meta property=\"article:publisher\" content=\"https:\/\/www.facebook.com\/AyuntamientoSantaPola\/\" \/>\n<meta property=\"article:published_time\" content=\"2022-07-29T05:31:52+00:00\" \/>\n<meta property=\"article:modified_time\" content=\"2024-03-07T17:40:49+00:00\" \/>\n<meta property=\"og:image\" content=\"https:\/\/santapola.es\/wp-content\/uploads\/2022\/07\/Bandera-Verde-FaceInsta-1080x1080-Cast.jpg\" \/>\n\t<meta property=\"og:image:width\" content=\"1080\" \/>\n\t<meta property=\"og:image:height\" content=\"1081\" \/>\n\t<meta property=\"og:image:type\" content=\"image\/jpeg\" \/>\n<meta name=\"author\" content=\"\u00c1rea Municipal Alcald\u00eda\" \/>\n<meta name=\"twitter:card\" content=\"summary_large_image\" \/>\n<meta name=\"twitter:creator\" content=\"@SantaPolaAyunt\" \/>\n<meta name=\"twitter:site\" content=\"@SantaPolaAyunt\" \/>\n<script type=\"application\/ld+json\" class=\"yoast-schema-graph\">{\"@context\":\"https:\\\/\\\/schema.org\",\"@graph\":[{\"@type\":\"Article\",\"@id\":\"https:\\\/\\\/santapola.es\\\/ca\\\/santa-pola-competira-este-verano-con-hasta-39-municipios-de-la-comunitat-valenciana-por-conseguir-la-bandera-verde-de-la-sostenibilidad-hostelera-de-ecovidrio\\\/#article\",\"isPartOf\":{\"@id\":\"https:\\\/\\\/santapola.es\\\/ca\\\/santa-pola-competira-este-verano-con-hasta-39-municipios-de-la-comunitat-valenciana-por-conseguir-la-bandera-verde-de-la-sostenibilidad-hostelera-de-ecovidrio\\\/\"},\"author\":{\"name\":\"\u00c1rea Municipal Alcald\u00eda\",\"@id\":\"https:\\\/\\\/santapola.es\\\/ca\\\/#\\\/schema\\\/person\\\/c08381290b84c068e06ca5dc1f5a08a7\"},\"headline\":\"Santa Pola competir\u00e1 este verano con hasta 39 municipios de la Comunitat Valenciana por conseguir la Bandera Verde de la sostenibilidad hostelera de Ecovidrio\",\"datePublished\":\"2022-07-29T05:31:52+00:00\",\"dateModified\":\"2024-03-07T17:40:49+00:00\",\"mainEntityOfPage\":{\"@id\":\"https:\\\/\\\/santapola.es\\\/ca\\\/santa-pola-competira-este-verano-con-hasta-39-municipios-de-la-comunitat-valenciana-por-conseguir-la-bandera-verde-de-la-sostenibilidad-hostelera-de-ecovidrio\\\/\"},\"wordCount\":1167,\"image\":{\"@id\":\"https:\\\/\\\/santapola.es\\\/ca\\\/santa-pola-competira-este-verano-con-hasta-39-municipios-de-la-comunitat-valenciana-por-conseguir-la-bandera-verde-de-la-sostenibilidad-hostelera-de-ecovidrio\\\/#primaryimage\"},\"thumbnailUrl\":\"https:\\\/\\\/santapola.es\\\/wp-content\\\/uploads\\\/2022\\\/07\\\/Bandera-Verde-FaceInsta-1080x1080-Cast.jpg\",\"articleSection\":[\"Comercio\\\/ Consumo\",\"Inicio\",\"Sostenibilidad \\\/ Sanidad\"],\"inLanguage\":\"ca\"},{\"@type\":\"WebPage\",\"@id\":\"https:\\\/\\\/santapola.es\\\/ca\\\/santa-pola-competira-este-verano-con-hasta-39-municipios-de-la-comunitat-valenciana-por-conseguir-la-bandera-verde-de-la-sostenibilidad-hostelera-de-ecovidrio\\\/\",\"url\":\"https:\\\/\\\/santapola.es\\\/ca\\\/santa-pola-competira-este-verano-con-hasta-39-municipios-de-la-comunitat-valenciana-por-conseguir-la-bandera-verde-de-la-sostenibilidad-hostelera-de-ecovidrio\\\/\",\"name\":\"Santa Pola competir\u00e1 este verano con hasta 39 municipios de la Comunitat Valenciana por conseguir la Bandera Verde de la sostenibilidad hostelera de Ecovidrio - Ajuntament de Santa Pola\",\"isPartOf\":{\"@id\":\"https:\\\/\\\/santapola.es\\\/ca\\\/#website\"},\"primaryImageOfPage\":{\"@id\":\"https:\\\/\\\/santapola.es\\\/ca\\\/santa-pola-competira-este-verano-con-hasta-39-municipios-de-la-comunitat-valenciana-por-conseguir-la-bandera-verde-de-la-sostenibilidad-hostelera-de-ecovidrio\\\/#primaryimage\"},\"image\":{\"@id\":\"https:\\\/\\\/santapola.es\\\/ca\\\/santa-pola-competira-este-verano-con-hasta-39-municipios-de-la-comunitat-valenciana-por-conseguir-la-bandera-verde-de-la-sostenibilidad-hostelera-de-ecovidrio\\\/#primaryimage\"},\"thumbnailUrl\":\"https:\\\/\\\/santapola.es\\\/wp-content\\\/uploads\\\/2022\\\/07\\\/Bandera-Verde-FaceInsta-1080x1080-Cast.jpg\",\"datePublished\":\"2022-07-29T05:31:52+00:00\",\"dateModified\":\"2024-03-07T17:40:49+00:00\",\"author\":{\"@id\":\"https:\\\/\\\/santapola.es\\\/ca\\\/#\\\/schema\\\/person\\\/c08381290b84c068e06ca5dc1f5a08a7\"},\"breadcrumb\":{\"@id\":\"https:\\\/\\\/santapola.es\\\/ca\\\/santa-pola-competira-este-verano-con-hasta-39-municipios-de-la-comunitat-valenciana-por-conseguir-la-bandera-verde-de-la-sostenibilidad-hostelera-de-ecovidrio\\\/#breadcrumb\"},\"inLanguage\":\"ca\",\"potentialAction\":[{\"@type\":\"ReadAction\",\"target\":[\"https:\\\/\\\/santapola.es\\\/ca\\\/santa-pola-competira-este-verano-con-hasta-39-municipios-de-la-comunitat-valenciana-por-conseguir-la-bandera-verde-de-la-sostenibilidad-hostelera-de-ecovidrio\\\/\"]}]},{\"@type\":\"ImageObject\",\"inLanguage\":\"ca\",\"@id\":\"https:\\\/\\\/santapola.es\\\/ca\\\/santa-pola-competira-este-verano-con-hasta-39-municipios-de-la-comunitat-valenciana-por-conseguir-la-bandera-verde-de-la-sostenibilidad-hostelera-de-ecovidrio\\\/#primaryimage\",\"url\":\"https:\\\/\\\/santapola.es\\\/wp-content\\\/uploads\\\/2022\\\/07\\\/Bandera-Verde-FaceInsta-1080x1080-Cast.jpg\",\"contentUrl\":\"https:\\\/\\\/santapola.es\\\/wp-content\\\/uploads\\\/2022\\\/07\\\/Bandera-Verde-FaceInsta-1080x1080-Cast.jpg\",\"width\":1080,\"height\":1081},{\"@type\":\"BreadcrumbList\",\"@id\":\"https:\\\/\\\/santapola.es\\\/ca\\\/santa-pola-competira-este-verano-con-hasta-39-municipios-de-la-comunitat-valenciana-por-conseguir-la-bandera-verde-de-la-sostenibilidad-hostelera-de-ecovidrio\\\/#breadcrumb\",\"itemListElement\":[{\"@type\":\"ListItem\",\"position\":1,\"name\":\"Inici\",\"item\":\"https:\\\/\\\/santapola.es\\\/ca\\\/\"},{\"@type\":\"ListItem\",\"position\":2,\"name\":\"Santa Pola competir\u00e1 este verano con hasta 39 municipios de la Comunitat Valenciana por conseguir la Bandera Verde de la sostenibilidad hostelera de Ecovidrio\"}]},{\"@type\":\"WebSite\",\"@id\":\"https:\\\/\\\/santapola.es\\\/ca\\\/#website\",\"url\":\"https:\\\/\\\/santapola.es\\\/ca\\\/\",\"name\":\"Ayuntamiento de Santa Pola\",\"description\":\"Web de l'Ajuntament de Santa Pola\",\"potentialAction\":[{\"@type\":\"SearchAction\",\"target\":{\"@type\":\"EntryPoint\",\"urlTemplate\":\"https:\\\/\\\/santapola.es\\\/ca\\\/?s={search_term_string}\"},\"query-input\":{\"@type\":\"PropertyValueSpecification\",\"valueRequired\":true,\"valueName\":\"search_term_string\"}}],\"inLanguage\":\"ca\"},{\"@type\":\"Person\",\"@id\":\"https:\\\/\\\/santapola.es\\\/ca\\\/#\\\/schema\\\/person\\\/c08381290b84c068e06ca5dc1f5a08a7\",\"name\":\"\u00c1rea Municipal Alcald\u00eda\"}]}<\/script>\n<!-- \/ Yoast SEO plugin. -->","yoast_head_json":{"title":"Santa Pola competir\u00e1 este verano con hasta 39 municipios de la Comunitat Valenciana por conseguir la Bandera Verde de la sostenibilidad hostelera de Ecovidrio - Ajuntament de Santa Pola","robots":{"index":"index","follow":"follow","max-snippet":"max-snippet:-1","max-image-preview":"max-image-preview:large","max-video-preview":"max-video-preview:-1"},"canonical":"https:\/\/santapola.es\/ca\/santa-pola-competira-este-verano-con-hasta-39-municipios-de-la-comunitat-valenciana-por-conseguir-la-bandera-verde-de-la-sostenibilidad-hostelera-de-ecovidrio\/","og_locale":"ca_ES","og_type":"article","og_title":"Santa Pola competir\u00e1 este verano con hasta 39 municipios de la Comunitat Valenciana por conseguir la Bandera Verde de la sostenibilidad hostelera de Ecovidrio - Ajuntament de Santa Pola","og_description":"Banderas Verdes premia el esfuerzo de la hosteler\u00eda local y al propio consistorio por su compromiso con el reciclaje de envases de vidrio y la lucha contra el cambio clim\u00e1tico. Un total de 204 restaurantes, bares y chiringuitos de la localidad se han sumado ya a esta iniciativa en colaboraci\u00f3n con el Ayuntamiento de Santa [&hellip;]","og_url":"https:\/\/santapola.es\/ca\/santa-pola-competira-este-verano-con-hasta-39-municipios-de-la-comunitat-valenciana-por-conseguir-la-bandera-verde-de-la-sostenibilidad-hostelera-de-ecovidrio\/","og_site_name":"Ajuntament de Santa Pola","article_publisher":"https:\/\/www.facebook.com\/AyuntamientoSantaPola\/","article_published_time":"2022-07-29T05:31:52+00:00","article_modified_time":"2024-03-07T17:40:49+00:00","og_image":[{"width":1080,"height":1081,"url":"https:\/\/santapola.es\/wp-content\/uploads\/2022\/07\/Bandera-Verde-FaceInsta-1080x1080-Cast.jpg","type":"image\/jpeg"}],"author":"\u00c1rea Municipal Alcald\u00eda","twitter_card":"summary_large_image","twitter_creator":"@SantaPolaAyunt","twitter_site":"@SantaPolaAyunt","schema":{"@context":"https:\/\/schema.org","@graph":[{"@type":"Article","@id":"https:\/\/santapola.es\/ca\/santa-pola-competira-este-verano-con-hasta-39-municipios-de-la-comunitat-valenciana-por-conseguir-la-bandera-verde-de-la-sostenibilidad-hostelera-de-ecovidrio\/#article","isPartOf":{"@id":"https:\/\/santapola.es\/ca\/santa-pola-competira-este-verano-con-hasta-39-municipios-de-la-comunitat-valenciana-por-conseguir-la-bandera-verde-de-la-sostenibilidad-hostelera-de-ecovidrio\/"},"author":{"name":"\u00c1rea Municipal Alcald\u00eda","@id":"https:\/\/santapola.es\/ca\/#\/schema\/person\/c08381290b84c068e06ca5dc1f5a08a7"},"headline":"Santa Pola competir\u00e1 este verano con hasta 39 municipios de la Comunitat Valenciana por conseguir la Bandera Verde de la sostenibilidad hostelera de Ecovidrio","datePublished":"2022-07-29T05:31:52+00:00","dateModified":"2024-03-07T17:40:49+00:00","mainEntityOfPage":{"@id":"https:\/\/santapola.es\/ca\/santa-pola-competira-este-verano-con-hasta-39-municipios-de-la-comunitat-valenciana-por-conseguir-la-bandera-verde-de-la-sostenibilidad-hostelera-de-ecovidrio\/"},"wordCount":1167,"image":{"@id":"https:\/\/santapola.es\/ca\/santa-pola-competira-este-verano-con-hasta-39-municipios-de-la-comunitat-valenciana-por-conseguir-la-bandera-verde-de-la-sostenibilidad-hostelera-de-ecovidrio\/#primaryimage"},"thumbnailUrl":"https:\/\/santapola.es\/wp-content\/uploads\/2022\/07\/Bandera-Verde-FaceInsta-1080x1080-Cast.jpg","articleSection":["Comercio\/ Consumo","Inicio","Sostenibilidad \/ Sanidad"],"inLanguage":"ca"},{"@type":"WebPage","@id":"https:\/\/santapola.es\/ca\/santa-pola-competira-este-verano-con-hasta-39-municipios-de-la-comunitat-valenciana-por-conseguir-la-bandera-verde-de-la-sostenibilidad-hostelera-de-ecovidrio\/","url":"https:\/\/santapola.es\/ca\/santa-pola-competira-este-verano-con-hasta-39-municipios-de-la-comunitat-valenciana-por-conseguir-la-bandera-verde-de-la-sostenibilidad-hostelera-de-ecovidrio\/","name":"Santa Pola competir\u00e1 este verano con hasta 39 municipios de la Comunitat Valenciana por conseguir la Bandera Verde de la sostenibilidad hostelera de Ecovidrio - Ajuntament de Santa Pola","isPartOf":{"@id":"https:\/\/santapola.es\/ca\/#website"},"primaryImageOfPage":{"@id":"https:\/\/santapola.es\/ca\/santa-pola-competira-este-verano-con-hasta-39-municipios-de-la-comunitat-valenciana-por-conseguir-la-bandera-verde-de-la-sostenibilidad-hostelera-de-ecovidrio\/#primaryimage"},"image":{"@id":"https:\/\/santapola.es\/ca\/santa-pola-competira-este-verano-con-hasta-39-municipios-de-la-comunitat-valenciana-por-conseguir-la-bandera-verde-de-la-sostenibilidad-hostelera-de-ecovidrio\/#primaryimage"},"thumbnailUrl":"https:\/\/santapola.es\/wp-content\/uploads\/2022\/07\/Bandera-Verde-FaceInsta-1080x1080-Cast.jpg","datePublished":"2022-07-29T05:31:52+00:00","dateModified":"2024-03-07T17:40:49+00:00","author":{"@id":"https:\/\/santapola.es\/ca\/#\/schema\/person\/c08381290b84c068e06ca5dc1f5a08a7"},"breadcrumb":{"@id":"https:\/\/santapola.es\/ca\/santa-pola-competira-este-verano-con-hasta-39-municipios-de-la-comunitat-valenciana-por-conseguir-la-bandera-verde-de-la-sostenibilidad-hostelera-de-ecovidrio\/#breadcrumb"},"inLanguage":"ca","potentialAction":[{"@type":"ReadAction","target":["https:\/\/santapola.es\/ca\/santa-pola-competira-este-verano-con-hasta-39-municipios-de-la-comunitat-valenciana-por-conseguir-la-bandera-verde-de-la-sostenibilidad-hostelera-de-ecovidrio\/"]}]},{"@type":"ImageObject","inLanguage":"ca","@id":"https:\/\/santapola.es\/ca\/santa-pola-competira-este-verano-con-hasta-39-municipios-de-la-comunitat-valenciana-por-conseguir-la-bandera-verde-de-la-sostenibilidad-hostelera-de-ecovidrio\/#primaryimage","url":"https:\/\/santapola.es\/wp-content\/uploads\/2022\/07\/Bandera-Verde-FaceInsta-1080x1080-Cast.jpg","contentUrl":"https:\/\/santapola.es\/wp-content\/uploads\/2022\/07\/Bandera-Verde-FaceInsta-1080x1080-Cast.jpg","width":1080,"height":1081},{"@type":"BreadcrumbList","@id":"https:\/\/santapola.es\/ca\/santa-pola-competira-este-verano-con-hasta-39-municipios-de-la-comunitat-valenciana-por-conseguir-la-bandera-verde-de-la-sostenibilidad-hostelera-de-ecovidrio\/#breadcrumb","itemListElement":[{"@type":"ListItem","position":1,"name":"Inici","item":"https:\/\/santapola.es\/ca\/"},{"@type":"ListItem","position":2,"name":"Santa Pola competir\u00e1 este verano con hasta 39 municipios de la Comunitat Valenciana por conseguir la Bandera Verde de la sostenibilidad hostelera de Ecovidrio"}]},{"@type":"WebSite","@id":"https:\/\/santapola.es\/ca\/#website","url":"https:\/\/santapola.es\/ca\/","name":"Ayuntamiento de Santa Pola","description":"Web de l'Ajuntament de Santa Pola","potentialAction":[{"@type":"SearchAction","target":{"@type":"EntryPoint","urlTemplate":"https:\/\/santapola.es\/ca\/?s={search_term_string}"},"query-input":{"@type":"PropertyValueSpecification","valueRequired":true,"valueName":"search_term_string"}}],"inLanguage":"ca"},{"@type":"Person","@id":"https:\/\/santapola.es\/ca\/#\/schema\/person\/c08381290b84c068e06ca5dc1f5a08a7","name":"\u00c1rea Municipal Alcald\u00eda"}]}},"_links":{"self":[{"href":"https:\/\/santapola.es\/ca\/wp-json\/wp\/v2\/posts\/16404","targetHints":{"allow":["GET"]}}],"collection":[{"href":"https:\/\/santapola.es\/ca\/wp-json\/wp\/v2\/posts"}],"about":[{"href":"https:\/\/santapola.es\/ca\/wp-json\/wp\/v2\/types\/post"}],"author":[{"embeddable":true,"href":"https:\/\/santapola.es\/ca\/wp-json\/wp\/v2\/users\/75"}],"replies":[{"embeddable":true,"href":"https:\/\/santapola.es\/ca\/wp-json\/wp\/v2\/comments?post=16404"}],"version-history":[{"count":0,"href":"https:\/\/santapola.es\/ca\/wp-json\/wp\/v2\/posts\/16404\/revisions"}],"wp:featuredmedia":[{"embeddable":true,"href":"https:\/\/santapola.es\/ca\/wp-json\/wp\/v2\/media\/16405"}],"wp:attachment":[{"href":"https:\/\/santapola.es\/ca\/wp-json\/wp\/v2\/media?parent=16404"}],"wp:term":[{"taxonomy":"category","embeddable":true,"href":"https:\/\/santapola.es\/ca\/wp-json\/wp\/v2\/categories?post=16404"},{"taxonomy":"post_tag","embeddable":true,"href":"https:\/\/santapola.es\/ca\/wp-json\/wp\/v2\/tags?post=16404"}],"curies":[{"name":"wp","href":"https:\/\/api.w.org\/{rel}","templated":true}]}}