{"id":16394,"date":"2022-07-28T11:28:18","date_gmt":"2022-07-28T10:28:18","guid":{"rendered":"https:\/\/www.santapola.es\/?p=16394"},"modified":"2024-03-07T18:40:48","modified_gmt":"2024-03-07T17:40:48","slug":"continuan-las-obras-de-la-nueva-grada-del-campo-els-xiprerets","status":"publish","type":"post","link":"https:\/\/santapola.es\/ca\/continuan-las-obras-de-la-nueva-grada-del-campo-els-xiprerets\/","title":{"rendered":"Contin\u00faan las obras de la nueva grada del campo Els Xiprerets"},"content":{"rendered":"<div class=\"\" data-block=\"true\" data-editor=\"faomo\" data-offset-key=\"923ca-0-0\">\n<div class=\"_1mf _1mj\" data-offset-key=\"923ca-0-0\"><span data-offset-key=\"923ca-0-0\">Contin\u00faan las obras de construcci\u00f3n de la nueva grada del campo de Els Xiprerets, que comenzaron la primera semana de julio. La obra cuenta con un presupuesto total de 48 mil euros subvencionados por la Diputaci\u00f3n de Alicante, dentro del Plan + Deporte.<\/span><\/div>\n<\/div>\n<div class=\"\" data-block=\"true\" data-editor=\"faomo\" data-offset-key=\"2sujj-0-0\">\n<div class=\"_1mf _1mj\" data-offset-key=\"2sujj-0-0\"><span data-offset-key=\"2sujj-0-0\">Se est\u00e1 levantando una grada de hormig\u00f3n con capacidad para 120 personas, con el objetivo de dotar al campo de espacio para los aficionados. Las obras tienen un plazo de ejecuci\u00f3n superior al mes, por lo que se estima que puedan estar acabadas durante el mes de agosto.<\/span><\/div>\n<\/div>\n<div class=\"\" data-block=\"true\" data-editor=\"faomo\" data-offset-key=\"5f6mt-0-0\">\n<div class=\"_1mf _1mj\" data-offset-key=\"5f6mt-0-0\"><\/div>\n<\/div>\n","protected":false},"excerpt":{"rendered":"<p>Contin\u00faan las obras de construcci\u00f3n de la nueva grada del campo de Els Xiprerets, que comenzaron la primera semana de julio. La obra cuenta con un presupuesto total de 48 mil euros subvencionados por la Diputaci\u00f3n de Alicante, dentro del Plan + Deporte. Se est\u00e1 levantando una grada de hormig\u00f3n con capacidad para 120 personas, [&hellip;]<\/p>\n","protected":false},"author":75,"featured_media":16395,"comment_status":"closed","ping_status":"closed","sticky":false,"template":"","format":"standard","meta":{"_et_pb_use_builder":"","_et_pb_old_content":"","_et_gb_content_width":"","footnotes":""},"categories":[59,66],"tags":[],"class_list":["post-16394","post","type-post","status-publish","format-standard","has-post-thumbnail","hentry","category-deportes","category-inicio"],"yoast_head":"<!-- This site is optimized with the Yoast SEO plugin v27.4 - https:\/\/yoast.com\/product\/yoast-seo-wordpress\/ -->\n<title>Contin\u00faan las obras de la nueva grada del campo Els Xiprerets - Ajuntament de Santa Pola<\/title>\n<meta name=\"robots\" content=\"index, follow, max-snippet:-1, max-image-preview:large, max-video-preview:-1\" \/>\n<link rel=\"canonical\" href=\"https:\/\/santapola.es\/ca\/continuan-las-obras-de-la-nueva-grada-del-campo-els-xiprerets\/\" \/>\n<meta property=\"og:locale\" content=\"ca_ES\" \/>\n<meta property=\"og:type\" content=\"article\" \/>\n<meta property=\"og:title\" content=\"Contin\u00faan las obras de la nueva grada del campo Els Xiprerets - Ajuntament de Santa Pola\" \/>\n<meta property=\"og:description\" content=\"Contin\u00faan las obras de construcci\u00f3n de la nueva grada del campo de Els Xiprerets, que comenzaron la primera semana de julio. La obra cuenta con un presupuesto total de 48 mil euros subvencionados por la Diputaci\u00f3n de Alicante, dentro del Plan + Deporte. Se est\u00e1 levantando una grada de hormig\u00f3n con capacidad para 120 personas, [&hellip;]\" \/>\n<meta property=\"og:url\" content=\"https:\/\/santapola.es\/ca\/continuan-las-obras-de-la-nueva-grada-del-campo-els-xiprerets\/\" \/>\n<meta property=\"og:site_name\" content=\"Ajuntament de Santa Pola\" \/>\n<meta property=\"article:publisher\" content=\"https:\/\/www.facebook.com\/AyuntamientoSantaPola\/\" \/>\n<meta property=\"article:published_time\" content=\"2022-07-28T10:28:18+00:00\" \/>\n<meta property=\"article:modified_time\" content=\"2024-03-07T17:40:48+00:00\" \/>\n<meta property=\"og:image\" content=\"https:\/\/santapola.es\/wp-content\/uploads\/2022\/07\/WhatsApp-Image-2022-07-28-at-10.28.12-AM.jpeg\" \/>\n\t<meta property=\"og:image:width\" content=\"1024\" \/>\n\t<meta property=\"og:image:height\" content=\"768\" \/>\n\t<meta property=\"og:image:type\" content=\"image\/jpeg\" \/>\n<meta name=\"author\" content=\"\u00c1rea Municipal Alcald\u00eda\" \/>\n<meta name=\"twitter:card\" content=\"summary_large_image\" \/>\n<meta name=\"twitter:creator\" content=\"@SantaPolaAyunt\" \/>\n<meta name=\"twitter:site\" content=\"@SantaPolaAyunt\" \/>\n<script type=\"application\/ld+json\" class=\"yoast-schema-graph\">{\"@context\":\"https:\\\/\\\/schema.org\",\"@graph\":[{\"@type\":\"Article\",\"@id\":\"https:\\\/\\\/santapola.es\\\/ca\\\/continuan-las-obras-de-la-nueva-grada-del-campo-els-xiprerets\\\/#article\",\"isPartOf\":{\"@id\":\"https:\\\/\\\/santapola.es\\\/ca\\\/continuan-las-obras-de-la-nueva-grada-del-campo-els-xiprerets\\\/\"},\"author\":{\"name\":\"\u00c1rea Municipal Alcald\u00eda\",\"@id\":\"https:\\\/\\\/santapola.es\\\/ca\\\/#\\\/schema\\\/person\\\/c08381290b84c068e06ca5dc1f5a08a7\"},\"headline\":\"Contin\u00faan las obras de la nueva grada del campo Els Xiprerets\",\"datePublished\":\"2022-07-28T10:28:18+00:00\",\"dateModified\":\"2024-03-07T17:40:48+00:00\",\"mainEntityOfPage\":{\"@id\":\"https:\\\/\\\/santapola.es\\\/ca\\\/continuan-las-obras-de-la-nueva-grada-del-campo-els-xiprerets\\\/\"},\"wordCount\":105,\"image\":{\"@id\":\"https:\\\/\\\/santapola.es\\\/ca\\\/continuan-las-obras-de-la-nueva-grada-del-campo-els-xiprerets\\\/#primaryimage\"},\"thumbnailUrl\":\"https:\\\/\\\/santapola.es\\\/wp-content\\\/uploads\\\/2022\\\/07\\\/WhatsApp-Image-2022-07-28-at-10.28.12-AM.jpeg\",\"articleSection\":[\"Deportes\",\"Inicio\"],\"inLanguage\":\"ca\"},{\"@type\":\"WebPage\",\"@id\":\"https:\\\/\\\/santapola.es\\\/ca\\\/continuan-las-obras-de-la-nueva-grada-del-campo-els-xiprerets\\\/\",\"url\":\"https:\\\/\\\/santapola.es\\\/ca\\\/continuan-las-obras-de-la-nueva-grada-del-campo-els-xiprerets\\\/\",\"name\":\"Contin\u00faan las obras de la nueva grada del campo Els Xiprerets - Ajuntament de Santa Pola\",\"isPartOf\":{\"@id\":\"https:\\\/\\\/santapola.es\\\/ca\\\/#website\"},\"primaryImageOfPage\":{\"@id\":\"https:\\\/\\\/santapola.es\\\/ca\\\/continuan-las-obras-de-la-nueva-grada-del-campo-els-xiprerets\\\/#primaryimage\"},\"image\":{\"@id\":\"https:\\\/\\\/santapola.es\\\/ca\\\/continuan-las-obras-de-la-nueva-grada-del-campo-els-xiprerets\\\/#primaryimage\"},\"thumbnailUrl\":\"https:\\\/\\\/santapola.es\\\/wp-content\\\/uploads\\\/2022\\\/07\\\/WhatsApp-Image-2022-07-28-at-10.28.12-AM.jpeg\",\"datePublished\":\"2022-07-28T10:28:18+00:00\",\"dateModified\":\"2024-03-07T17:40:48+00:00\",\"author\":{\"@id\":\"https:\\\/\\\/santapola.es\\\/ca\\\/#\\\/schema\\\/person\\\/c08381290b84c068e06ca5dc1f5a08a7\"},\"breadcrumb\":{\"@id\":\"https:\\\/\\\/santapola.es\\\/ca\\\/continuan-las-obras-de-la-nueva-grada-del-campo-els-xiprerets\\\/#breadcrumb\"},\"inLanguage\":\"ca\",\"potentialAction\":[{\"@type\":\"ReadAction\",\"target\":[\"https:\\\/\\\/santapola.es\\\/ca\\\/continuan-las-obras-de-la-nueva-grada-del-campo-els-xiprerets\\\/\"]}]},{\"@type\":\"ImageObject\",\"inLanguage\":\"ca\",\"@id\":\"https:\\\/\\\/santapola.es\\\/ca\\\/continuan-las-obras-de-la-nueva-grada-del-campo-els-xiprerets\\\/#primaryimage\",\"url\":\"https:\\\/\\\/santapola.es\\\/wp-content\\\/uploads\\\/2022\\\/07\\\/WhatsApp-Image-2022-07-28-at-10.28.12-AM.jpeg\",\"contentUrl\":\"https:\\\/\\\/santapola.es\\\/wp-content\\\/uploads\\\/2022\\\/07\\\/WhatsApp-Image-2022-07-28-at-10.28.12-AM.jpeg\",\"width\":1024,\"height\":768},{\"@type\":\"BreadcrumbList\",\"@id\":\"https:\\\/\\\/santapola.es\\\/ca\\\/continuan-las-obras-de-la-nueva-grada-del-campo-els-xiprerets\\\/#breadcrumb\",\"itemListElement\":[{\"@type\":\"ListItem\",\"position\":1,\"name\":\"Inici\",\"item\":\"https:\\\/\\\/santapola.es\\\/ca\\\/\"},{\"@type\":\"ListItem\",\"position\":2,\"name\":\"Contin\u00faan las obras de la nueva grada del campo Els Xiprerets\"}]},{\"@type\":\"WebSite\",\"@id\":\"https:\\\/\\\/santapola.es\\\/ca\\\/#website\",\"url\":\"https:\\\/\\\/santapola.es\\\/ca\\\/\",\"name\":\"Ayuntamiento de Santa Pola\",\"description\":\"Web de l'Ajuntament de Santa Pola\",\"potentialAction\":[{\"@type\":\"SearchAction\",\"target\":{\"@type\":\"EntryPoint\",\"urlTemplate\":\"https:\\\/\\\/santapola.es\\\/ca\\\/?s={search_term_string}\"},\"query-input\":{\"@type\":\"PropertyValueSpecification\",\"valueRequired\":true,\"valueName\":\"search_term_string\"}}],\"inLanguage\":\"ca\"},{\"@type\":\"Person\",\"@id\":\"https:\\\/\\\/santapola.es\\\/ca\\\/#\\\/schema\\\/person\\\/c08381290b84c068e06ca5dc1f5a08a7\",\"name\":\"\u00c1rea Municipal Alcald\u00eda\"}]}<\/script>\n<!-- \/ Yoast SEO plugin. -->","yoast_head_json":{"title":"Contin\u00faan las obras de la nueva grada del campo Els Xiprerets - Ajuntament de Santa Pola","robots":{"index":"index","follow":"follow","max-snippet":"max-snippet:-1","max-image-preview":"max-image-preview:large","max-video-preview":"max-video-preview:-1"},"canonical":"https:\/\/santapola.es\/ca\/continuan-las-obras-de-la-nueva-grada-del-campo-els-xiprerets\/","og_locale":"ca_ES","og_type":"article","og_title":"Contin\u00faan las obras de la nueva grada del campo Els Xiprerets - Ajuntament de Santa Pola","og_description":"Contin\u00faan las obras de construcci\u00f3n de la nueva grada del campo de Els Xiprerets, que comenzaron la primera semana de julio. La obra cuenta con un presupuesto total de 48 mil euros subvencionados por la Diputaci\u00f3n de Alicante, dentro del Plan + Deporte. Se est\u00e1 levantando una grada de hormig\u00f3n con capacidad para 120 personas, [&hellip;]","og_url":"https:\/\/santapola.es\/ca\/continuan-las-obras-de-la-nueva-grada-del-campo-els-xiprerets\/","og_site_name":"Ajuntament de Santa Pola","article_publisher":"https:\/\/www.facebook.com\/AyuntamientoSantaPola\/","article_published_time":"2022-07-28T10:28:18+00:00","article_modified_time":"2024-03-07T17:40:48+00:00","og_image":[{"width":1024,"height":768,"url":"https:\/\/santapola.es\/wp-content\/uploads\/2022\/07\/WhatsApp-Image-2022-07-28-at-10.28.12-AM.jpeg","type":"image\/jpeg"}],"author":"\u00c1rea Municipal Alcald\u00eda","twitter_card":"summary_large_image","twitter_creator":"@SantaPolaAyunt","twitter_site":"@SantaPolaAyunt","schema":{"@context":"https:\/\/schema.org","@graph":[{"@type":"Article","@id":"https:\/\/santapola.es\/ca\/continuan-las-obras-de-la-nueva-grada-del-campo-els-xiprerets\/#article","isPartOf":{"@id":"https:\/\/santapola.es\/ca\/continuan-las-obras-de-la-nueva-grada-del-campo-els-xiprerets\/"},"author":{"name":"\u00c1rea Municipal Alcald\u00eda","@id":"https:\/\/santapola.es\/ca\/#\/schema\/person\/c08381290b84c068e06ca5dc1f5a08a7"},"headline":"Contin\u00faan las obras de la nueva grada del campo Els Xiprerets","datePublished":"2022-07-28T10:28:18+00:00","dateModified":"2024-03-07T17:40:48+00:00","mainEntityOfPage":{"@id":"https:\/\/santapola.es\/ca\/continuan-las-obras-de-la-nueva-grada-del-campo-els-xiprerets\/"},"wordCount":105,"image":{"@id":"https:\/\/santapola.es\/ca\/continuan-las-obras-de-la-nueva-grada-del-campo-els-xiprerets\/#primaryimage"},"thumbnailUrl":"https:\/\/santapola.es\/wp-content\/uploads\/2022\/07\/WhatsApp-Image-2022-07-28-at-10.28.12-AM.jpeg","articleSection":["Deportes","Inicio"],"inLanguage":"ca"},{"@type":"WebPage","@id":"https:\/\/santapola.es\/ca\/continuan-las-obras-de-la-nueva-grada-del-campo-els-xiprerets\/","url":"https:\/\/santapola.es\/ca\/continuan-las-obras-de-la-nueva-grada-del-campo-els-xiprerets\/","name":"Contin\u00faan las obras de la nueva grada del campo Els Xiprerets - Ajuntament de Santa Pola","isPartOf":{"@id":"https:\/\/santapola.es\/ca\/#website"},"primaryImageOfPage":{"@id":"https:\/\/santapola.es\/ca\/continuan-las-obras-de-la-nueva-grada-del-campo-els-xiprerets\/#primaryimage"},"image":{"@id":"https:\/\/santapola.es\/ca\/continuan-las-obras-de-la-nueva-grada-del-campo-els-xiprerets\/#primaryimage"},"thumbnailUrl":"https:\/\/santapola.es\/wp-content\/uploads\/2022\/07\/WhatsApp-Image-2022-07-28-at-10.28.12-AM.jpeg","datePublished":"2022-07-28T10:28:18+00:00","dateModified":"2024-03-07T17:40:48+00:00","author":{"@id":"https:\/\/santapola.es\/ca\/#\/schema\/person\/c08381290b84c068e06ca5dc1f5a08a7"},"breadcrumb":{"@id":"https:\/\/santapola.es\/ca\/continuan-las-obras-de-la-nueva-grada-del-campo-els-xiprerets\/#breadcrumb"},"inLanguage":"ca","potentialAction":[{"@type":"ReadAction","target":["https:\/\/santapola.es\/ca\/continuan-las-obras-de-la-nueva-grada-del-campo-els-xiprerets\/"]}]},{"@type":"ImageObject","inLanguage":"ca","@id":"https:\/\/santapola.es\/ca\/continuan-las-obras-de-la-nueva-grada-del-campo-els-xiprerets\/#primaryimage","url":"https:\/\/santapola.es\/wp-content\/uploads\/2022\/07\/WhatsApp-Image-2022-07-28-at-10.28.12-AM.jpeg","contentUrl":"https:\/\/santapola.es\/wp-content\/uploads\/2022\/07\/WhatsApp-Image-2022-07-28-at-10.28.12-AM.jpeg","width":1024,"height":768},{"@type":"BreadcrumbList","@id":"https:\/\/santapola.es\/ca\/continuan-las-obras-de-la-nueva-grada-del-campo-els-xiprerets\/#breadcrumb","itemListElement":[{"@type":"ListItem","position":1,"name":"Inici","item":"https:\/\/santapola.es\/ca\/"},{"@type":"ListItem","position":2,"name":"Contin\u00faan las obras de la nueva grada del campo Els Xiprerets"}]},{"@type":"WebSite","@id":"https:\/\/santapola.es\/ca\/#website","url":"https:\/\/santapola.es\/ca\/","name":"Ayuntamiento de Santa Pola","description":"Web de l'Ajuntament de Santa Pola","potentialAction":[{"@type":"SearchAction","target":{"@type":"EntryPoint","urlTemplate":"https:\/\/santapola.es\/ca\/?s={search_term_string}"},"query-input":{"@type":"PropertyValueSpecification","valueRequired":true,"valueName":"search_term_string"}}],"inLanguage":"ca"},{"@type":"Person","@id":"https:\/\/santapola.es\/ca\/#\/schema\/person\/c08381290b84c068e06ca5dc1f5a08a7","name":"\u00c1rea Municipal Alcald\u00eda"}]}},"_links":{"self":[{"href":"https:\/\/santapola.es\/ca\/wp-json\/wp\/v2\/posts\/16394","targetHints":{"allow":["GET"]}}],"collection":[{"href":"https:\/\/santapola.es\/ca\/wp-json\/wp\/v2\/posts"}],"about":[{"href":"https:\/\/santapola.es\/ca\/wp-json\/wp\/v2\/types\/post"}],"author":[{"embeddable":true,"href":"https:\/\/santapola.es\/ca\/wp-json\/wp\/v2\/users\/75"}],"replies":[{"embeddable":true,"href":"https:\/\/santapola.es\/ca\/wp-json\/wp\/v2\/comments?post=16394"}],"version-history":[{"count":0,"href":"https:\/\/santapola.es\/ca\/wp-json\/wp\/v2\/posts\/16394\/revisions"}],"wp:featuredmedia":[{"embeddable":true,"href":"https:\/\/santapola.es\/ca\/wp-json\/wp\/v2\/media\/16395"}],"wp:attachment":[{"href":"https:\/\/santapola.es\/ca\/wp-json\/wp\/v2\/media?parent=16394"}],"wp:term":[{"taxonomy":"category","embeddable":true,"href":"https:\/\/santapola.es\/ca\/wp-json\/wp\/v2\/categories?post=16394"},{"taxonomy":"post_tag","embeddable":true,"href":"https:\/\/santapola.es\/ca\/wp-json\/wp\/v2\/tags?post=16394"}],"curies":[{"name":"wp","href":"https:\/\/api.w.org\/{rel}","templated":true}]}}