{"id":15996,"date":"2022-05-06T08:44:21","date_gmt":"2022-05-06T07:44:21","guid":{"rendered":"https:\/\/www.santapola.es\/?p=15996"},"modified":"2024-03-07T18:40:33","modified_gmt":"2024-03-07T17:40:33","slug":"santa-pola-estudiara-la-accesibilidad-de-la-cubierta-del-castillo-fortaleza-para-hacerla-visitable","status":"publish","type":"post","link":"https:\/\/santapola.es\/ca\/santa-pola-estudiara-la-accesibilidad-de-la-cubierta-del-castillo-fortaleza-para-hacerla-visitable\/","title":{"rendered":"Santa Pola estudiar\u00e1 la accesibilidad de la cubierta del Castillo-Fortaleza para hacerla visitable"},"content":{"rendered":"<p>La Alcaldesa de Santa Pola, Loreto Serrano junto con la concejala de Infraestructuras, Trini Ortiz y la directora del Museo del Mar, Mar\u00eda Jos\u00e9 Cerd\u00e0 han mantenido este jueves una reuni\u00f3n en la Direcci\u00f3n Territorial de Cultura en Alicante sobre el plan de accesibilidad del Castillo- Fortaleza de Santa Pola.<\/p>\n<p>&nbsp;<\/p>\n<p>El Consistorio ha recibido el permiso para el cambio de la pasarela de acceso por la puerta principal que da acceso a la Glorieta. En breve se licitar\u00e1 el contrato para la reposici\u00f3n de la pasarela.<\/p>\n<p>&nbsp;<\/p>\n<p>Adem\u00e1s, desde el Ayuntamiento de Santa Pola se va a plantear un informe sobre las posibilidades de hacer accesible y visitable a los turistas la cubierta del Castillo- Fortaleza.<\/p>\n<p>&nbsp;<\/p>\n<p>La concejala de Infraestructuras, Trini Ortiz indica que \u201ccreemos que puede ser un atractivo m\u00e1s que interesante para Santa Pola y la puesta en valor de nuestro castillo que es un elemento central y muy querido en la ciudad. El primer paso es realizar el informe t\u00e9cnico y luego estudiaremos con la Direcci\u00f3n Territorial los permisos para gestionar la posibilidad de hacerlo accesible\u201d.<\/p>\n<p>&nbsp;<\/p>\n<p>El Castillo de Santa Pola fue construido en el siglo XVI y\u00a0 se trata de una fortaleza de planta cuadrada, con dos baluartes\u00a0y dos torreones en las esquinas nordeste y sudoeste, propios del arte militar renacentista. El primero se utiliz\u00f3 como palacio del duque hasta el\u00a0siglo XVIII. En los otros dos \u00e1ngulos noroeste y sudeste se encuentran el &#8220;Baluarte del Duque&#8221; y el &#8220;Baluarte del Rey&#8221; respectivamente.<\/p>\n","protected":false},"excerpt":{"rendered":"<p>La Alcaldesa de Santa Pola, Loreto Serrano junto con la concejala de Infraestructuras, Trini Ortiz y la directora del Museo del Mar, Mar\u00eda Jos\u00e9 Cerd\u00e0 han mantenido este jueves una reuni\u00f3n en la Direcci\u00f3n Territorial de Cultura en Alicante sobre el plan de accesibilidad del Castillo- Fortaleza de Santa Pola. &nbsp; El Consistorio ha recibido [&hellip;]<\/p>\n","protected":false},"author":75,"featured_media":15997,"comment_status":"closed","ping_status":"closed","sticky":false,"template":"","format":"standard","meta":{"_et_pb_use_builder":"","_et_pb_old_content":"","_et_gb_content_width":"","footnotes":""},"categories":[61,66,54],"tags":[],"class_list":["post-15996","post","type-post","status-publish","format-standard","has-post-thumbnail","hentry","category-alcaldia","category-inicio","category-servicios-publicos-infraestructura-fomento-cementerios"],"yoast_head":"<!-- This site is optimized with the Yoast SEO plugin v27.4 - https:\/\/yoast.com\/product\/yoast-seo-wordpress\/ -->\n<title>Santa Pola estudiar\u00e1 la accesibilidad de la cubierta del Castillo-Fortaleza para hacerla visitable - Ajuntament de Santa Pola<\/title>\n<meta name=\"robots\" content=\"index, follow, max-snippet:-1, max-image-preview:large, max-video-preview:-1\" \/>\n<link rel=\"canonical\" href=\"https:\/\/santapola.es\/ca\/santa-pola-estudiara-la-accesibilidad-de-la-cubierta-del-castillo-fortaleza-para-hacerla-visitable\/\" \/>\n<meta property=\"og:locale\" content=\"ca_ES\" \/>\n<meta property=\"og:type\" content=\"article\" \/>\n<meta property=\"og:title\" content=\"Santa Pola estudiar\u00e1 la accesibilidad de la cubierta del Castillo-Fortaleza para hacerla visitable - Ajuntament de Santa Pola\" \/>\n<meta property=\"og:description\" content=\"La Alcaldesa de Santa Pola, Loreto Serrano junto con la concejala de Infraestructuras, Trini Ortiz y la directora del Museo del Mar, Mar\u00eda Jos\u00e9 Cerd\u00e0 han mantenido este jueves una reuni\u00f3n en la Direcci\u00f3n Territorial de Cultura en Alicante sobre el plan de accesibilidad del Castillo- Fortaleza de Santa Pola. &nbsp; El Consistorio ha recibido [&hellip;]\" \/>\n<meta property=\"og:url\" content=\"https:\/\/santapola.es\/ca\/santa-pola-estudiara-la-accesibilidad-de-la-cubierta-del-castillo-fortaleza-para-hacerla-visitable\/\" \/>\n<meta property=\"og:site_name\" content=\"Ajuntament de Santa Pola\" \/>\n<meta property=\"article:publisher\" content=\"https:\/\/www.facebook.com\/AyuntamientoSantaPola\/\" \/>\n<meta property=\"article:published_time\" content=\"2022-05-06T07:44:21+00:00\" \/>\n<meta property=\"article:modified_time\" content=\"2024-03-07T17:40:33+00:00\" \/>\n<meta property=\"og:image\" content=\"https:\/\/santapola.es\/wp-content\/uploads\/2022\/05\/castillo-fortaleza-de.jpg\" \/>\n\t<meta property=\"og:image:width\" content=\"1200\" \/>\n\t<meta property=\"og:image:height\" content=\"1200\" \/>\n\t<meta property=\"og:image:type\" content=\"image\/jpeg\" \/>\n<meta name=\"author\" content=\"\u00c1rea Municipal Alcald\u00eda\" \/>\n<meta name=\"twitter:card\" content=\"summary_large_image\" \/>\n<meta name=\"twitter:creator\" content=\"@SantaPolaAyunt\" \/>\n<meta name=\"twitter:site\" content=\"@SantaPolaAyunt\" \/>\n<script type=\"application\/ld+json\" class=\"yoast-schema-graph\">{\"@context\":\"https:\\\/\\\/schema.org\",\"@graph\":[{\"@type\":\"Article\",\"@id\":\"https:\\\/\\\/santapola.es\\\/ca\\\/santa-pola-estudiara-la-accesibilidad-de-la-cubierta-del-castillo-fortaleza-para-hacerla-visitable\\\/#article\",\"isPartOf\":{\"@id\":\"https:\\\/\\\/santapola.es\\\/ca\\\/santa-pola-estudiara-la-accesibilidad-de-la-cubierta-del-castillo-fortaleza-para-hacerla-visitable\\\/\"},\"author\":{\"name\":\"\u00c1rea Municipal Alcald\u00eda\",\"@id\":\"https:\\\/\\\/santapola.es\\\/ca\\\/#\\\/schema\\\/person\\\/c08381290b84c068e06ca5dc1f5a08a7\"},\"headline\":\"Santa Pola estudiar\u00e1 la accesibilidad de la cubierta del Castillo-Fortaleza para hacerla visitable\",\"datePublished\":\"2022-05-06T07:44:21+00:00\",\"dateModified\":\"2024-03-07T17:40:33+00:00\",\"mainEntityOfPage\":{\"@id\":\"https:\\\/\\\/santapola.es\\\/ca\\\/santa-pola-estudiara-la-accesibilidad-de-la-cubierta-del-castillo-fortaleza-para-hacerla-visitable\\\/\"},\"wordCount\":272,\"image\":{\"@id\":\"https:\\\/\\\/santapola.es\\\/ca\\\/santa-pola-estudiara-la-accesibilidad-de-la-cubierta-del-castillo-fortaleza-para-hacerla-visitable\\\/#primaryimage\"},\"thumbnailUrl\":\"https:\\\/\\\/santapola.es\\\/wp-content\\\/uploads\\\/2022\\\/05\\\/castillo-fortaleza-de.jpg\",\"articleSection\":[\"Alcald\u00eda\",\"Inicio\",\"Servicios p\u00fablicos \\\/ infraestructura \\\/ fomento \\\/ cementerios\"],\"inLanguage\":\"ca\"},{\"@type\":\"WebPage\",\"@id\":\"https:\\\/\\\/santapola.es\\\/ca\\\/santa-pola-estudiara-la-accesibilidad-de-la-cubierta-del-castillo-fortaleza-para-hacerla-visitable\\\/\",\"url\":\"https:\\\/\\\/santapola.es\\\/ca\\\/santa-pola-estudiara-la-accesibilidad-de-la-cubierta-del-castillo-fortaleza-para-hacerla-visitable\\\/\",\"name\":\"Santa Pola estudiar\u00e1 la accesibilidad de la cubierta del Castillo-Fortaleza para hacerla visitable - Ajuntament de Santa Pola\",\"isPartOf\":{\"@id\":\"https:\\\/\\\/santapola.es\\\/ca\\\/#website\"},\"primaryImageOfPage\":{\"@id\":\"https:\\\/\\\/santapola.es\\\/ca\\\/santa-pola-estudiara-la-accesibilidad-de-la-cubierta-del-castillo-fortaleza-para-hacerla-visitable\\\/#primaryimage\"},\"image\":{\"@id\":\"https:\\\/\\\/santapola.es\\\/ca\\\/santa-pola-estudiara-la-accesibilidad-de-la-cubierta-del-castillo-fortaleza-para-hacerla-visitable\\\/#primaryimage\"},\"thumbnailUrl\":\"https:\\\/\\\/santapola.es\\\/wp-content\\\/uploads\\\/2022\\\/05\\\/castillo-fortaleza-de.jpg\",\"datePublished\":\"2022-05-06T07:44:21+00:00\",\"dateModified\":\"2024-03-07T17:40:33+00:00\",\"author\":{\"@id\":\"https:\\\/\\\/santapola.es\\\/ca\\\/#\\\/schema\\\/person\\\/c08381290b84c068e06ca5dc1f5a08a7\"},\"breadcrumb\":{\"@id\":\"https:\\\/\\\/santapola.es\\\/ca\\\/santa-pola-estudiara-la-accesibilidad-de-la-cubierta-del-castillo-fortaleza-para-hacerla-visitable\\\/#breadcrumb\"},\"inLanguage\":\"ca\",\"potentialAction\":[{\"@type\":\"ReadAction\",\"target\":[\"https:\\\/\\\/santapola.es\\\/ca\\\/santa-pola-estudiara-la-accesibilidad-de-la-cubierta-del-castillo-fortaleza-para-hacerla-visitable\\\/\"]}]},{\"@type\":\"ImageObject\",\"inLanguage\":\"ca\",\"@id\":\"https:\\\/\\\/santapola.es\\\/ca\\\/santa-pola-estudiara-la-accesibilidad-de-la-cubierta-del-castillo-fortaleza-para-hacerla-visitable\\\/#primaryimage\",\"url\":\"https:\\\/\\\/santapola.es\\\/wp-content\\\/uploads\\\/2022\\\/05\\\/castillo-fortaleza-de.jpg\",\"contentUrl\":\"https:\\\/\\\/santapola.es\\\/wp-content\\\/uploads\\\/2022\\\/05\\\/castillo-fortaleza-de.jpg\",\"width\":1200,\"height\":1200},{\"@type\":\"BreadcrumbList\",\"@id\":\"https:\\\/\\\/santapola.es\\\/ca\\\/santa-pola-estudiara-la-accesibilidad-de-la-cubierta-del-castillo-fortaleza-para-hacerla-visitable\\\/#breadcrumb\",\"itemListElement\":[{\"@type\":\"ListItem\",\"position\":1,\"name\":\"Inici\",\"item\":\"https:\\\/\\\/santapola.es\\\/ca\\\/\"},{\"@type\":\"ListItem\",\"position\":2,\"name\":\"Santa Pola estudiar\u00e1 la accesibilidad de la cubierta del Castillo-Fortaleza para hacerla visitable\"}]},{\"@type\":\"WebSite\",\"@id\":\"https:\\\/\\\/santapola.es\\\/ca\\\/#website\",\"url\":\"https:\\\/\\\/santapola.es\\\/ca\\\/\",\"name\":\"Ayuntamiento de Santa Pola\",\"description\":\"Web de l'Ajuntament de Santa Pola\",\"potentialAction\":[{\"@type\":\"SearchAction\",\"target\":{\"@type\":\"EntryPoint\",\"urlTemplate\":\"https:\\\/\\\/santapola.es\\\/ca\\\/?s={search_term_string}\"},\"query-input\":{\"@type\":\"PropertyValueSpecification\",\"valueRequired\":true,\"valueName\":\"search_term_string\"}}],\"inLanguage\":\"ca\"},{\"@type\":\"Person\",\"@id\":\"https:\\\/\\\/santapola.es\\\/ca\\\/#\\\/schema\\\/person\\\/c08381290b84c068e06ca5dc1f5a08a7\",\"name\":\"\u00c1rea Municipal Alcald\u00eda\"}]}<\/script>\n<!-- \/ Yoast SEO plugin. -->","yoast_head_json":{"title":"Santa Pola estudiar\u00e1 la accesibilidad de la cubierta del Castillo-Fortaleza para hacerla visitable - Ajuntament de Santa Pola","robots":{"index":"index","follow":"follow","max-snippet":"max-snippet:-1","max-image-preview":"max-image-preview:large","max-video-preview":"max-video-preview:-1"},"canonical":"https:\/\/santapola.es\/ca\/santa-pola-estudiara-la-accesibilidad-de-la-cubierta-del-castillo-fortaleza-para-hacerla-visitable\/","og_locale":"ca_ES","og_type":"article","og_title":"Santa Pola estudiar\u00e1 la accesibilidad de la cubierta del Castillo-Fortaleza para hacerla visitable - Ajuntament de Santa Pola","og_description":"La Alcaldesa de Santa Pola, Loreto Serrano junto con la concejala de Infraestructuras, Trini Ortiz y la directora del Museo del Mar, Mar\u00eda Jos\u00e9 Cerd\u00e0 han mantenido este jueves una reuni\u00f3n en la Direcci\u00f3n Territorial de Cultura en Alicante sobre el plan de accesibilidad del Castillo- Fortaleza de Santa Pola. &nbsp; El Consistorio ha recibido [&hellip;]","og_url":"https:\/\/santapola.es\/ca\/santa-pola-estudiara-la-accesibilidad-de-la-cubierta-del-castillo-fortaleza-para-hacerla-visitable\/","og_site_name":"Ajuntament de Santa Pola","article_publisher":"https:\/\/www.facebook.com\/AyuntamientoSantaPola\/","article_published_time":"2022-05-06T07:44:21+00:00","article_modified_time":"2024-03-07T17:40:33+00:00","og_image":[{"width":1200,"height":1200,"url":"https:\/\/santapola.es\/wp-content\/uploads\/2022\/05\/castillo-fortaleza-de.jpg","type":"image\/jpeg"}],"author":"\u00c1rea Municipal Alcald\u00eda","twitter_card":"summary_large_image","twitter_creator":"@SantaPolaAyunt","twitter_site":"@SantaPolaAyunt","schema":{"@context":"https:\/\/schema.org","@graph":[{"@type":"Article","@id":"https:\/\/santapola.es\/ca\/santa-pola-estudiara-la-accesibilidad-de-la-cubierta-del-castillo-fortaleza-para-hacerla-visitable\/#article","isPartOf":{"@id":"https:\/\/santapola.es\/ca\/santa-pola-estudiara-la-accesibilidad-de-la-cubierta-del-castillo-fortaleza-para-hacerla-visitable\/"},"author":{"name":"\u00c1rea Municipal Alcald\u00eda","@id":"https:\/\/santapola.es\/ca\/#\/schema\/person\/c08381290b84c068e06ca5dc1f5a08a7"},"headline":"Santa Pola estudiar\u00e1 la accesibilidad de la cubierta del Castillo-Fortaleza para hacerla visitable","datePublished":"2022-05-06T07:44:21+00:00","dateModified":"2024-03-07T17:40:33+00:00","mainEntityOfPage":{"@id":"https:\/\/santapola.es\/ca\/santa-pola-estudiara-la-accesibilidad-de-la-cubierta-del-castillo-fortaleza-para-hacerla-visitable\/"},"wordCount":272,"image":{"@id":"https:\/\/santapola.es\/ca\/santa-pola-estudiara-la-accesibilidad-de-la-cubierta-del-castillo-fortaleza-para-hacerla-visitable\/#primaryimage"},"thumbnailUrl":"https:\/\/santapola.es\/wp-content\/uploads\/2022\/05\/castillo-fortaleza-de.jpg","articleSection":["Alcald\u00eda","Inicio","Servicios p\u00fablicos \/ infraestructura \/ fomento \/ cementerios"],"inLanguage":"ca"},{"@type":"WebPage","@id":"https:\/\/santapola.es\/ca\/santa-pola-estudiara-la-accesibilidad-de-la-cubierta-del-castillo-fortaleza-para-hacerla-visitable\/","url":"https:\/\/santapola.es\/ca\/santa-pola-estudiara-la-accesibilidad-de-la-cubierta-del-castillo-fortaleza-para-hacerla-visitable\/","name":"Santa Pola estudiar\u00e1 la accesibilidad de la cubierta del Castillo-Fortaleza para hacerla visitable - Ajuntament de Santa Pola","isPartOf":{"@id":"https:\/\/santapola.es\/ca\/#website"},"primaryImageOfPage":{"@id":"https:\/\/santapola.es\/ca\/santa-pola-estudiara-la-accesibilidad-de-la-cubierta-del-castillo-fortaleza-para-hacerla-visitable\/#primaryimage"},"image":{"@id":"https:\/\/santapola.es\/ca\/santa-pola-estudiara-la-accesibilidad-de-la-cubierta-del-castillo-fortaleza-para-hacerla-visitable\/#primaryimage"},"thumbnailUrl":"https:\/\/santapola.es\/wp-content\/uploads\/2022\/05\/castillo-fortaleza-de.jpg","datePublished":"2022-05-06T07:44:21+00:00","dateModified":"2024-03-07T17:40:33+00:00","author":{"@id":"https:\/\/santapola.es\/ca\/#\/schema\/person\/c08381290b84c068e06ca5dc1f5a08a7"},"breadcrumb":{"@id":"https:\/\/santapola.es\/ca\/santa-pola-estudiara-la-accesibilidad-de-la-cubierta-del-castillo-fortaleza-para-hacerla-visitable\/#breadcrumb"},"inLanguage":"ca","potentialAction":[{"@type":"ReadAction","target":["https:\/\/santapola.es\/ca\/santa-pola-estudiara-la-accesibilidad-de-la-cubierta-del-castillo-fortaleza-para-hacerla-visitable\/"]}]},{"@type":"ImageObject","inLanguage":"ca","@id":"https:\/\/santapola.es\/ca\/santa-pola-estudiara-la-accesibilidad-de-la-cubierta-del-castillo-fortaleza-para-hacerla-visitable\/#primaryimage","url":"https:\/\/santapola.es\/wp-content\/uploads\/2022\/05\/castillo-fortaleza-de.jpg","contentUrl":"https:\/\/santapola.es\/wp-content\/uploads\/2022\/05\/castillo-fortaleza-de.jpg","width":1200,"height":1200},{"@type":"BreadcrumbList","@id":"https:\/\/santapola.es\/ca\/santa-pola-estudiara-la-accesibilidad-de-la-cubierta-del-castillo-fortaleza-para-hacerla-visitable\/#breadcrumb","itemListElement":[{"@type":"ListItem","position":1,"name":"Inici","item":"https:\/\/santapola.es\/ca\/"},{"@type":"ListItem","position":2,"name":"Santa Pola estudiar\u00e1 la accesibilidad de la cubierta del Castillo-Fortaleza para hacerla visitable"}]},{"@type":"WebSite","@id":"https:\/\/santapola.es\/ca\/#website","url":"https:\/\/santapola.es\/ca\/","name":"Ayuntamiento de Santa Pola","description":"Web de l'Ajuntament de Santa Pola","potentialAction":[{"@type":"SearchAction","target":{"@type":"EntryPoint","urlTemplate":"https:\/\/santapola.es\/ca\/?s={search_term_string}"},"query-input":{"@type":"PropertyValueSpecification","valueRequired":true,"valueName":"search_term_string"}}],"inLanguage":"ca"},{"@type":"Person","@id":"https:\/\/santapola.es\/ca\/#\/schema\/person\/c08381290b84c068e06ca5dc1f5a08a7","name":"\u00c1rea Municipal Alcald\u00eda"}]}},"_links":{"self":[{"href":"https:\/\/santapola.es\/ca\/wp-json\/wp\/v2\/posts\/15996","targetHints":{"allow":["GET"]}}],"collection":[{"href":"https:\/\/santapola.es\/ca\/wp-json\/wp\/v2\/posts"}],"about":[{"href":"https:\/\/santapola.es\/ca\/wp-json\/wp\/v2\/types\/post"}],"author":[{"embeddable":true,"href":"https:\/\/santapola.es\/ca\/wp-json\/wp\/v2\/users\/75"}],"replies":[{"embeddable":true,"href":"https:\/\/santapola.es\/ca\/wp-json\/wp\/v2\/comments?post=15996"}],"version-history":[{"count":0,"href":"https:\/\/santapola.es\/ca\/wp-json\/wp\/v2\/posts\/15996\/revisions"}],"wp:featuredmedia":[{"embeddable":true,"href":"https:\/\/santapola.es\/ca\/wp-json\/wp\/v2\/media\/15997"}],"wp:attachment":[{"href":"https:\/\/santapola.es\/ca\/wp-json\/wp\/v2\/media?parent=15996"}],"wp:term":[{"taxonomy":"category","embeddable":true,"href":"https:\/\/santapola.es\/ca\/wp-json\/wp\/v2\/categories?post=15996"},{"taxonomy":"post_tag","embeddable":true,"href":"https:\/\/santapola.es\/ca\/wp-json\/wp\/v2\/tags?post=15996"}],"curies":[{"name":"wp","href":"https:\/\/api.w.org\/{rel}","templated":true}]}}