{"id":15863,"date":"2022-03-21T09:33:53","date_gmt":"2022-03-21T08:33:53","guid":{"rendered":"https:\/\/www.santapola.es\/?p=15863"},"modified":"2024-03-07T18:40:26","modified_gmt":"2024-03-07T17:40:26","slug":"santa-pola-pone-en-marcha-los-talleres-de-memoria-dirigido-a-los-mayores","status":"publish","type":"post","link":"https:\/\/santapola.es\/ca\/santa-pola-pone-en-marcha-los-talleres-de-memoria-dirigido-a-los-mayores\/","title":{"rendered":"Santa Pola pone en marcha los talleres de memoria dirigido a los mayores"},"content":{"rendered":"<p>El Ayuntamiento de Santa Pola, a trav\u00e9s del Departamento de Salud Municipal nos comunican que comienza la actual edici\u00f3n de los Talleres de Memoria, actividad preventiva de estimulaci\u00f3n para colectivos vulnerables, bajo el concepto de <strong>PROGRAMA PARA LA PROMOCI\u00d3N DEL BIENESTAR EMOCIONAL Y ENVEJECIMIENTO ACTIVO DE NUESTROS MAYORES<em>.<\/em><\/strong><\/p>\n<p>Los talleres comenzaron el d\u00eda 14 de marzo de 2022, en nuestro horario y sesiones habituales, y durante seis meses se desarrollar\u00e1n los talleres los lunes, martes y jueves, de 17,30 a 19h , en Sala Polivalente del Centro C\u00edvico, los mi\u00e9rcoles en la Biblioteca Internacional Gran Alacant y,\u00a0 ante el\u00a0 aumento de la demanda, se ha habilitado una sesi\u00f3n de los jueves por la ma\u00f1ana en los locales cedidos a la asociaci\u00f3n de vecinos de playa lisa<\/p>\n<p>Se han formado los cinco grupos que acudir\u00e1n a una sesi\u00f3n semanal. Con descanso en periodo de pascua\u00a0 hasta completar un total de 20 sesiones ,.<\/p>\n<p>La Concejala de Sanidad, Gela Roche indica que \u201cEstamos muy contentos con la gran demanda que han tenido los talleres y, si algunos de nuestros vecinos empadronados\u00a0 est\u00e1 interesado en participar y aun no se ha inscrito, pueden\u00a0 hacerlo\u00a0 en las dependencias del Centro C\u00edvico,\u00a0 dejar sus datos y\u00a0 nos pondremos en contacto con ustedes para concertar la cita de evaluaci\u00f3n cl\u00ednica\u201d.<\/p>\n<p><strong>\u00a0Foto de Archivo\u00a0<\/strong><\/p>\n<p><strong>\u00a0<\/strong><\/p>\n<p>&nbsp;<\/p>\n","protected":false},"excerpt":{"rendered":"<p>El Ayuntamiento de Santa Pola, a trav\u00e9s del Departamento de Salud Municipal nos comunican que comienza la actual edici\u00f3n de los Talleres de Memoria, actividad preventiva de estimulaci\u00f3n para colectivos vulnerables, bajo el concepto de PROGRAMA PARA LA PROMOCI\u00d3N DEL BIENESTAR EMOCIONAL Y ENVEJECIMIENTO ACTIVO DE NUESTROS MAYORES. Los talleres comenzaron el d\u00eda 14 de [&hellip;]<\/p>\n","protected":false},"author":75,"featured_media":15864,"comment_status":"closed","ping_status":"closed","sticky":false,"template":"","format":"standard","meta":{"_et_pb_use_builder":"","_et_pb_old_content":"","_et_gb_content_width":"","footnotes":""},"categories":[53,66],"tags":[],"class_list":["post-15863","post","type-post","status-publish","format-standard","has-post-thumbnail","hentry","category-igualdad-diversidad-ac-social-vivienda","category-inicio"],"yoast_head":"<!-- This site is optimized with the Yoast SEO plugin v27.4 - https:\/\/yoast.com\/product\/yoast-seo-wordpress\/ -->\n<title>Santa Pola pone en marcha los talleres de memoria dirigido a los mayores - Ajuntament de Santa Pola<\/title>\n<meta name=\"robots\" content=\"index, follow, max-snippet:-1, max-image-preview:large, max-video-preview:-1\" \/>\n<link rel=\"canonical\" href=\"https:\/\/santapola.es\/ca\/santa-pola-pone-en-marcha-los-talleres-de-memoria-dirigido-a-los-mayores\/\" \/>\n<meta property=\"og:locale\" content=\"ca_ES\" \/>\n<meta property=\"og:type\" content=\"article\" \/>\n<meta property=\"og:title\" content=\"Santa Pola pone en marcha los talleres de memoria dirigido a los mayores - Ajuntament de Santa Pola\" \/>\n<meta property=\"og:description\" content=\"El Ayuntamiento de Santa Pola, a trav\u00e9s del Departamento de Salud Municipal nos comunican que comienza la actual edici\u00f3n de los Talleres de Memoria, actividad preventiva de estimulaci\u00f3n para colectivos vulnerables, bajo el concepto de PROGRAMA PARA LA PROMOCI\u00d3N DEL BIENESTAR EMOCIONAL Y ENVEJECIMIENTO ACTIVO DE NUESTROS MAYORES. Los talleres comenzaron el d\u00eda 14 de [&hellip;]\" \/>\n<meta property=\"og:url\" content=\"https:\/\/santapola.es\/ca\/santa-pola-pone-en-marcha-los-talleres-de-memoria-dirigido-a-los-mayores\/\" \/>\n<meta property=\"og:site_name\" content=\"Ajuntament de Santa Pola\" \/>\n<meta property=\"article:publisher\" content=\"https:\/\/www.facebook.com\/AyuntamientoSantaPola\/\" \/>\n<meta property=\"article:published_time\" content=\"2022-03-21T08:33:53+00:00\" \/>\n<meta property=\"article:modified_time\" content=\"2024-03-07T17:40:26+00:00\" \/>\n<meta property=\"og:image\" content=\"https:\/\/santapola.es\/wp-content\/uploads\/2022\/03\/talleres-memoria-archivo.jpg\" \/>\n\t<meta property=\"og:image:width\" content=\"1600\" \/>\n\t<meta property=\"og:image:height\" content=\"900\" \/>\n\t<meta property=\"og:image:type\" content=\"image\/jpeg\" \/>\n<meta name=\"author\" content=\"\u00c1rea Municipal Alcald\u00eda\" \/>\n<meta name=\"twitter:card\" content=\"summary_large_image\" \/>\n<meta name=\"twitter:creator\" content=\"@SantaPolaAyunt\" \/>\n<meta name=\"twitter:site\" content=\"@SantaPolaAyunt\" \/>\n<script type=\"application\/ld+json\" class=\"yoast-schema-graph\">{\"@context\":\"https:\\\/\\\/schema.org\",\"@graph\":[{\"@type\":\"Article\",\"@id\":\"https:\\\/\\\/santapola.es\\\/ca\\\/santa-pola-pone-en-marcha-los-talleres-de-memoria-dirigido-a-los-mayores\\\/#article\",\"isPartOf\":{\"@id\":\"https:\\\/\\\/santapola.es\\\/ca\\\/santa-pola-pone-en-marcha-los-talleres-de-memoria-dirigido-a-los-mayores\\\/\"},\"author\":{\"name\":\"\u00c1rea Municipal Alcald\u00eda\",\"@id\":\"https:\\\/\\\/santapola.es\\\/ca\\\/#\\\/schema\\\/person\\\/c08381290b84c068e06ca5dc1f5a08a7\"},\"headline\":\"Santa Pola pone en marcha los talleres de memoria dirigido a los mayores\",\"datePublished\":\"2022-03-21T08:33:53+00:00\",\"dateModified\":\"2024-03-07T17:40:26+00:00\",\"mainEntityOfPage\":{\"@id\":\"https:\\\/\\\/santapola.es\\\/ca\\\/santa-pola-pone-en-marcha-los-talleres-de-memoria-dirigido-a-los-mayores\\\/\"},\"wordCount\":241,\"image\":{\"@id\":\"https:\\\/\\\/santapola.es\\\/ca\\\/santa-pola-pone-en-marcha-los-talleres-de-memoria-dirigido-a-los-mayores\\\/#primaryimage\"},\"thumbnailUrl\":\"https:\\\/\\\/santapola.es\\\/wp-content\\\/uploads\\\/2022\\\/03\\\/talleres-memoria-archivo.jpg\",\"articleSection\":[\"Igualdad\\\/ Diversidad\\\/ Ac Social\\\/ Vivienda\",\"Inicio\"],\"inLanguage\":\"ca\"},{\"@type\":\"WebPage\",\"@id\":\"https:\\\/\\\/santapola.es\\\/ca\\\/santa-pola-pone-en-marcha-los-talleres-de-memoria-dirigido-a-los-mayores\\\/\",\"url\":\"https:\\\/\\\/santapola.es\\\/ca\\\/santa-pola-pone-en-marcha-los-talleres-de-memoria-dirigido-a-los-mayores\\\/\",\"name\":\"Santa Pola pone en marcha los talleres de memoria dirigido a los mayores - Ajuntament de Santa Pola\",\"isPartOf\":{\"@id\":\"https:\\\/\\\/santapola.es\\\/ca\\\/#website\"},\"primaryImageOfPage\":{\"@id\":\"https:\\\/\\\/santapola.es\\\/ca\\\/santa-pola-pone-en-marcha-los-talleres-de-memoria-dirigido-a-los-mayores\\\/#primaryimage\"},\"image\":{\"@id\":\"https:\\\/\\\/santapola.es\\\/ca\\\/santa-pola-pone-en-marcha-los-talleres-de-memoria-dirigido-a-los-mayores\\\/#primaryimage\"},\"thumbnailUrl\":\"https:\\\/\\\/santapola.es\\\/wp-content\\\/uploads\\\/2022\\\/03\\\/talleres-memoria-archivo.jpg\",\"datePublished\":\"2022-03-21T08:33:53+00:00\",\"dateModified\":\"2024-03-07T17:40:26+00:00\",\"author\":{\"@id\":\"https:\\\/\\\/santapola.es\\\/ca\\\/#\\\/schema\\\/person\\\/c08381290b84c068e06ca5dc1f5a08a7\"},\"breadcrumb\":{\"@id\":\"https:\\\/\\\/santapola.es\\\/ca\\\/santa-pola-pone-en-marcha-los-talleres-de-memoria-dirigido-a-los-mayores\\\/#breadcrumb\"},\"inLanguage\":\"ca\",\"potentialAction\":[{\"@type\":\"ReadAction\",\"target\":[\"https:\\\/\\\/santapola.es\\\/ca\\\/santa-pola-pone-en-marcha-los-talleres-de-memoria-dirigido-a-los-mayores\\\/\"]}]},{\"@type\":\"ImageObject\",\"inLanguage\":\"ca\",\"@id\":\"https:\\\/\\\/santapola.es\\\/ca\\\/santa-pola-pone-en-marcha-los-talleres-de-memoria-dirigido-a-los-mayores\\\/#primaryimage\",\"url\":\"https:\\\/\\\/santapola.es\\\/wp-content\\\/uploads\\\/2022\\\/03\\\/talleres-memoria-archivo.jpg\",\"contentUrl\":\"https:\\\/\\\/santapola.es\\\/wp-content\\\/uploads\\\/2022\\\/03\\\/talleres-memoria-archivo.jpg\",\"width\":1600,\"height\":900},{\"@type\":\"BreadcrumbList\",\"@id\":\"https:\\\/\\\/santapola.es\\\/ca\\\/santa-pola-pone-en-marcha-los-talleres-de-memoria-dirigido-a-los-mayores\\\/#breadcrumb\",\"itemListElement\":[{\"@type\":\"ListItem\",\"position\":1,\"name\":\"Inici\",\"item\":\"https:\\\/\\\/santapola.es\\\/ca\\\/\"},{\"@type\":\"ListItem\",\"position\":2,\"name\":\"Santa Pola pone en marcha los talleres de memoria dirigido a los mayores\"}]},{\"@type\":\"WebSite\",\"@id\":\"https:\\\/\\\/santapola.es\\\/ca\\\/#website\",\"url\":\"https:\\\/\\\/santapola.es\\\/ca\\\/\",\"name\":\"Ayuntamiento de Santa Pola\",\"description\":\"Web de l'Ajuntament de Santa Pola\",\"potentialAction\":[{\"@type\":\"SearchAction\",\"target\":{\"@type\":\"EntryPoint\",\"urlTemplate\":\"https:\\\/\\\/santapola.es\\\/ca\\\/?s={search_term_string}\"},\"query-input\":{\"@type\":\"PropertyValueSpecification\",\"valueRequired\":true,\"valueName\":\"search_term_string\"}}],\"inLanguage\":\"ca\"},{\"@type\":\"Person\",\"@id\":\"https:\\\/\\\/santapola.es\\\/ca\\\/#\\\/schema\\\/person\\\/c08381290b84c068e06ca5dc1f5a08a7\",\"name\":\"\u00c1rea Municipal Alcald\u00eda\"}]}<\/script>\n<!-- \/ Yoast SEO plugin. -->","yoast_head_json":{"title":"Santa Pola pone en marcha los talleres de memoria dirigido a los mayores - Ajuntament de Santa Pola","robots":{"index":"index","follow":"follow","max-snippet":"max-snippet:-1","max-image-preview":"max-image-preview:large","max-video-preview":"max-video-preview:-1"},"canonical":"https:\/\/santapola.es\/ca\/santa-pola-pone-en-marcha-los-talleres-de-memoria-dirigido-a-los-mayores\/","og_locale":"ca_ES","og_type":"article","og_title":"Santa Pola pone en marcha los talleres de memoria dirigido a los mayores - Ajuntament de Santa Pola","og_description":"El Ayuntamiento de Santa Pola, a trav\u00e9s del Departamento de Salud Municipal nos comunican que comienza la actual edici\u00f3n de los Talleres de Memoria, actividad preventiva de estimulaci\u00f3n para colectivos vulnerables, bajo el concepto de PROGRAMA PARA LA PROMOCI\u00d3N DEL BIENESTAR EMOCIONAL Y ENVEJECIMIENTO ACTIVO DE NUESTROS MAYORES. Los talleres comenzaron el d\u00eda 14 de [&hellip;]","og_url":"https:\/\/santapola.es\/ca\/santa-pola-pone-en-marcha-los-talleres-de-memoria-dirigido-a-los-mayores\/","og_site_name":"Ajuntament de Santa Pola","article_publisher":"https:\/\/www.facebook.com\/AyuntamientoSantaPola\/","article_published_time":"2022-03-21T08:33:53+00:00","article_modified_time":"2024-03-07T17:40:26+00:00","og_image":[{"width":1600,"height":900,"url":"https:\/\/santapola.es\/wp-content\/uploads\/2022\/03\/talleres-memoria-archivo.jpg","type":"image\/jpeg"}],"author":"\u00c1rea Municipal Alcald\u00eda","twitter_card":"summary_large_image","twitter_creator":"@SantaPolaAyunt","twitter_site":"@SantaPolaAyunt","schema":{"@context":"https:\/\/schema.org","@graph":[{"@type":"Article","@id":"https:\/\/santapola.es\/ca\/santa-pola-pone-en-marcha-los-talleres-de-memoria-dirigido-a-los-mayores\/#article","isPartOf":{"@id":"https:\/\/santapola.es\/ca\/santa-pola-pone-en-marcha-los-talleres-de-memoria-dirigido-a-los-mayores\/"},"author":{"name":"\u00c1rea Municipal Alcald\u00eda","@id":"https:\/\/santapola.es\/ca\/#\/schema\/person\/c08381290b84c068e06ca5dc1f5a08a7"},"headline":"Santa Pola pone en marcha los talleres de memoria dirigido a los mayores","datePublished":"2022-03-21T08:33:53+00:00","dateModified":"2024-03-07T17:40:26+00:00","mainEntityOfPage":{"@id":"https:\/\/santapola.es\/ca\/santa-pola-pone-en-marcha-los-talleres-de-memoria-dirigido-a-los-mayores\/"},"wordCount":241,"image":{"@id":"https:\/\/santapola.es\/ca\/santa-pola-pone-en-marcha-los-talleres-de-memoria-dirigido-a-los-mayores\/#primaryimage"},"thumbnailUrl":"https:\/\/santapola.es\/wp-content\/uploads\/2022\/03\/talleres-memoria-archivo.jpg","articleSection":["Igualdad\/ Diversidad\/ Ac Social\/ Vivienda","Inicio"],"inLanguage":"ca"},{"@type":"WebPage","@id":"https:\/\/santapola.es\/ca\/santa-pola-pone-en-marcha-los-talleres-de-memoria-dirigido-a-los-mayores\/","url":"https:\/\/santapola.es\/ca\/santa-pola-pone-en-marcha-los-talleres-de-memoria-dirigido-a-los-mayores\/","name":"Santa Pola pone en marcha los talleres de memoria dirigido a los mayores - Ajuntament de Santa Pola","isPartOf":{"@id":"https:\/\/santapola.es\/ca\/#website"},"primaryImageOfPage":{"@id":"https:\/\/santapola.es\/ca\/santa-pola-pone-en-marcha-los-talleres-de-memoria-dirigido-a-los-mayores\/#primaryimage"},"image":{"@id":"https:\/\/santapola.es\/ca\/santa-pola-pone-en-marcha-los-talleres-de-memoria-dirigido-a-los-mayores\/#primaryimage"},"thumbnailUrl":"https:\/\/santapola.es\/wp-content\/uploads\/2022\/03\/talleres-memoria-archivo.jpg","datePublished":"2022-03-21T08:33:53+00:00","dateModified":"2024-03-07T17:40:26+00:00","author":{"@id":"https:\/\/santapola.es\/ca\/#\/schema\/person\/c08381290b84c068e06ca5dc1f5a08a7"},"breadcrumb":{"@id":"https:\/\/santapola.es\/ca\/santa-pola-pone-en-marcha-los-talleres-de-memoria-dirigido-a-los-mayores\/#breadcrumb"},"inLanguage":"ca","potentialAction":[{"@type":"ReadAction","target":["https:\/\/santapola.es\/ca\/santa-pola-pone-en-marcha-los-talleres-de-memoria-dirigido-a-los-mayores\/"]}]},{"@type":"ImageObject","inLanguage":"ca","@id":"https:\/\/santapola.es\/ca\/santa-pola-pone-en-marcha-los-talleres-de-memoria-dirigido-a-los-mayores\/#primaryimage","url":"https:\/\/santapola.es\/wp-content\/uploads\/2022\/03\/talleres-memoria-archivo.jpg","contentUrl":"https:\/\/santapola.es\/wp-content\/uploads\/2022\/03\/talleres-memoria-archivo.jpg","width":1600,"height":900},{"@type":"BreadcrumbList","@id":"https:\/\/santapola.es\/ca\/santa-pola-pone-en-marcha-los-talleres-de-memoria-dirigido-a-los-mayores\/#breadcrumb","itemListElement":[{"@type":"ListItem","position":1,"name":"Inici","item":"https:\/\/santapola.es\/ca\/"},{"@type":"ListItem","position":2,"name":"Santa Pola pone en marcha los talleres de memoria dirigido a los mayores"}]},{"@type":"WebSite","@id":"https:\/\/santapola.es\/ca\/#website","url":"https:\/\/santapola.es\/ca\/","name":"Ayuntamiento de Santa Pola","description":"Web de l'Ajuntament de Santa Pola","potentialAction":[{"@type":"SearchAction","target":{"@type":"EntryPoint","urlTemplate":"https:\/\/santapola.es\/ca\/?s={search_term_string}"},"query-input":{"@type":"PropertyValueSpecification","valueRequired":true,"valueName":"search_term_string"}}],"inLanguage":"ca"},{"@type":"Person","@id":"https:\/\/santapola.es\/ca\/#\/schema\/person\/c08381290b84c068e06ca5dc1f5a08a7","name":"\u00c1rea Municipal Alcald\u00eda"}]}},"_links":{"self":[{"href":"https:\/\/santapola.es\/ca\/wp-json\/wp\/v2\/posts\/15863","targetHints":{"allow":["GET"]}}],"collection":[{"href":"https:\/\/santapola.es\/ca\/wp-json\/wp\/v2\/posts"}],"about":[{"href":"https:\/\/santapola.es\/ca\/wp-json\/wp\/v2\/types\/post"}],"author":[{"embeddable":true,"href":"https:\/\/santapola.es\/ca\/wp-json\/wp\/v2\/users\/75"}],"replies":[{"embeddable":true,"href":"https:\/\/santapola.es\/ca\/wp-json\/wp\/v2\/comments?post=15863"}],"version-history":[{"count":0,"href":"https:\/\/santapola.es\/ca\/wp-json\/wp\/v2\/posts\/15863\/revisions"}],"wp:featuredmedia":[{"embeddable":true,"href":"https:\/\/santapola.es\/ca\/wp-json\/wp\/v2\/media\/15864"}],"wp:attachment":[{"href":"https:\/\/santapola.es\/ca\/wp-json\/wp\/v2\/media?parent=15863"}],"wp:term":[{"taxonomy":"category","embeddable":true,"href":"https:\/\/santapola.es\/ca\/wp-json\/wp\/v2\/categories?post=15863"},{"taxonomy":"post_tag","embeddable":true,"href":"https:\/\/santapola.es\/ca\/wp-json\/wp\/v2\/tags?post=15863"}],"curies":[{"name":"wp","href":"https:\/\/api.w.org\/{rel}","templated":true}]}}