{"id":15785,"date":"2022-03-08T12:23:35","date_gmt":"2022-03-08T11:23:35","guid":{"rendered":"https:\/\/www.santapola.es\/?p=15785"},"modified":"2024-03-07T18:40:23","modified_gmt":"2024-03-07T17:40:23","slug":"santa-pola-celebra-el-8m-con-una-ruta-que-visualiza-a-las-mujeres-santapoleras-en-el-callejero-de-la-ciudad","status":"publish","type":"post","link":"https:\/\/santapola.es\/ca\/santa-pola-celebra-el-8m-con-una-ruta-que-visualiza-a-las-mujeres-santapoleras-en-el-callejero-de-la-ciudad\/","title":{"rendered":"Santa Pola celebra el 8M con una ruta que visualiza a las mujeres santapoleras en el callejero de la ciudad"},"content":{"rendered":"<p>Santa Pola ha programado un ciclo de actividades sociales y culturales para conmemorar el 8 de Marzo en la villa marinera, adem\u00e1s de las conferencias y exposiciones que se inauguran hoy:<\/p>\n<ul>\n<li>17,30h. Baluarte del Duque. Conferencia. \u201cEl Divino y la Fornarina. Un amor intenso hasta la muerte\u201d. A cargo de Valeriano Venneri (Historiador y cr\u00edtico de Arte). Presentaci\u00f3n Pa\u00f1uelos de Artista Vincenzo Nasuto.<\/li>\n<li>19:00h. Inauguraci\u00f3n Exposici\u00f3n en Casa de la Cultura. \u201cCosas de mujeres\u201d. Fina Mari (disponible para el p\u00fablico del 8 de marzo al 1 de abril)<\/li>\n<\/ul>\n<p>El Ayuntamiento, a trav\u00e9s de la Biblioteca, pone para los estudiantes de secundaria de los institutos de Santa Pola la Ruta Violeta, que trata de poner en valor a 8 mujeres destacables de la historia de Santa Pola: Margarita Bascu\u00f1ana, Mar\u00eda L\u00f3pez, Josefina Quislant, Emma Bonmat\u00ed, Felisa L\u00e1zaro, Victoria Cases, Encarnita Alonso y Maribel L\u00f3pez P\u00e9rez-Ojeda.<\/p>\n<p>La Alcaldesa de Santa Pola, Loreto Serrano ha querido felicitar a todas las mujeres en este 8M y ha subrayado que \u201cesta es una propuesta muy interisante, donde se destaca a 8 mujeres de la localidad que fueron relevantes como maestras, m\u00fasica, matronas\u2026 y es una muy buena idea para recordar a los j\u00f3venes como ha sido nuestro pasado y c\u00f3mo debemos inspirarnos para nuestro futuro\u201d.<\/p>\n<p>&nbsp;<\/p>\n<p>Con estas mujeres se ha creado una Ruta que pasa por lugares relacionados con estas Mujeres. En algunos casos son las calles que se le han dedicado (todas ellas tienen una calle excepto Felisa L\u00e1zaro) y en otros, son lugares relacionados con ellas.<\/p>\n<p>&nbsp;<\/p>\n<p>En abril se llevar\u00e1 a cabo\u00a0 esta \u00a0Ruta Violeta con los alumnos de Secundaria de Santa Pola, los cuales previamente elaborar\u00e1n una ficha a partir de la informaci\u00f3n en distintos formatos que les proporcionemos la Biblioteca (entrevistas de familiares, audios, art\u00edculos, etc.)<\/p>\n<p>&nbsp;<\/p>\n<p>Adem\u00e1s la Biblioteca va a crear unos paneles informativos de cada mujer que mostraremos durante la Ruta.<\/p>\n<p>&nbsp;<\/p>\n<p>En la presentaci\u00f3n de la ruta violeta han participado una decena de personas, pertenecientes a los talleres de LABORA en Santa Pola que han reivindicado el papel de diferentes mujeres y su aportaci\u00f3n a la historia de la humanidad. Esta performance recorrer\u00e1 durante el d\u00eda de hoy diversos puntos y edificios municipales de Santa Pola.<\/p>\n<p>&nbsp;<\/p>\n","protected":false},"excerpt":{"rendered":"<p>Santa Pola ha programado un ciclo de actividades sociales y culturales para conmemorar el 8 de Marzo en la villa marinera, adem\u00e1s de las conferencias y exposiciones que se inauguran hoy: 17,30h. Baluarte del Duque. Conferencia. \u201cEl Divino y la Fornarina. Un amor intenso hasta la muerte\u201d. A cargo de Valeriano Venneri (Historiador y cr\u00edtico [&hellip;]<\/p>\n","protected":false},"author":75,"featured_media":15786,"comment_status":"closed","ping_status":"closed","sticky":false,"template":"","format":"standard","meta":{"_et_pb_use_builder":"","_et_pb_old_content":"","_et_gb_content_width":"","footnotes":""},"categories":[61,53,66],"tags":[],"class_list":["post-15785","post","type-post","status-publish","format-standard","has-post-thumbnail","hentry","category-alcaldia","category-igualdad-diversidad-ac-social-vivienda","category-inicio"],"yoast_head":"<!-- This site is optimized with the Yoast SEO plugin v27.4 - https:\/\/yoast.com\/product\/yoast-seo-wordpress\/ -->\n<title>Santa Pola celebra el 8M con una ruta que visualiza a las mujeres santapoleras en el callejero de la ciudad - Ajuntament de Santa Pola<\/title>\n<meta name=\"robots\" content=\"index, follow, max-snippet:-1, max-image-preview:large, max-video-preview:-1\" \/>\n<link rel=\"canonical\" href=\"https:\/\/santapola.es\/ca\/santa-pola-celebra-el-8m-con-una-ruta-que-visualiza-a-las-mujeres-santapoleras-en-el-callejero-de-la-ciudad\/\" \/>\n<meta property=\"og:locale\" content=\"ca_ES\" \/>\n<meta property=\"og:type\" content=\"article\" \/>\n<meta property=\"og:title\" content=\"Santa Pola celebra el 8M con una ruta que visualiza a las mujeres santapoleras en el callejero de la ciudad - Ajuntament de Santa Pola\" \/>\n<meta property=\"og:description\" content=\"Santa Pola ha programado un ciclo de actividades sociales y culturales para conmemorar el 8 de Marzo en la villa marinera, adem\u00e1s de las conferencias y exposiciones que se inauguran hoy: 17,30h. Baluarte del Duque. Conferencia. \u201cEl Divino y la Fornarina. Un amor intenso hasta la muerte\u201d. A cargo de Valeriano Venneri (Historiador y cr\u00edtico [&hellip;]\" \/>\n<meta property=\"og:url\" content=\"https:\/\/santapola.es\/ca\/santa-pola-celebra-el-8m-con-una-ruta-que-visualiza-a-las-mujeres-santapoleras-en-el-callejero-de-la-ciudad\/\" \/>\n<meta property=\"og:site_name\" content=\"Ajuntament de Santa Pola\" \/>\n<meta property=\"article:publisher\" content=\"https:\/\/www.facebook.com\/AyuntamientoSantaPola\/\" \/>\n<meta property=\"article:published_time\" content=\"2022-03-08T11:23:35+00:00\" \/>\n<meta property=\"article:modified_time\" content=\"2024-03-07T17:40:23+00:00\" \/>\n<meta property=\"og:image\" content=\"https:\/\/santapola.es\/wp-content\/uploads\/2022\/03\/WhatsApp-Image-2022-03-08-at-11.54.59-AM-5.jpeg\" \/>\n\t<meta property=\"og:image:width\" content=\"1024\" \/>\n\t<meta property=\"og:image:height\" content=\"768\" \/>\n\t<meta property=\"og:image:type\" content=\"image\/jpeg\" \/>\n<meta name=\"author\" content=\"\u00c1rea Municipal Alcald\u00eda\" \/>\n<meta name=\"twitter:card\" content=\"summary_large_image\" \/>\n<meta name=\"twitter:creator\" content=\"@SantaPolaAyunt\" \/>\n<meta name=\"twitter:site\" content=\"@SantaPolaAyunt\" \/>\n<script type=\"application\/ld+json\" class=\"yoast-schema-graph\">{\"@context\":\"https:\\\/\\\/schema.org\",\"@graph\":[{\"@type\":\"Article\",\"@id\":\"https:\\\/\\\/santapola.es\\\/ca\\\/santa-pola-celebra-el-8m-con-una-ruta-que-visualiza-a-las-mujeres-santapoleras-en-el-callejero-de-la-ciudad\\\/#article\",\"isPartOf\":{\"@id\":\"https:\\\/\\\/santapola.es\\\/ca\\\/santa-pola-celebra-el-8m-con-una-ruta-que-visualiza-a-las-mujeres-santapoleras-en-el-callejero-de-la-ciudad\\\/\"},\"author\":{\"name\":\"\u00c1rea Municipal Alcald\u00eda\",\"@id\":\"https:\\\/\\\/santapola.es\\\/ca\\\/#\\\/schema\\\/person\\\/c08381290b84c068e06ca5dc1f5a08a7\"},\"headline\":\"Santa Pola celebra el 8M con una ruta que visualiza a las mujeres santapoleras en el callejero de la ciudad\",\"datePublished\":\"2022-03-08T11:23:35+00:00\",\"dateModified\":\"2024-03-07T17:40:23+00:00\",\"mainEntityOfPage\":{\"@id\":\"https:\\\/\\\/santapola.es\\\/ca\\\/santa-pola-celebra-el-8m-con-una-ruta-que-visualiza-a-las-mujeres-santapoleras-en-el-callejero-de-la-ciudad\\\/\"},\"wordCount\":412,\"image\":{\"@id\":\"https:\\\/\\\/santapola.es\\\/ca\\\/santa-pola-celebra-el-8m-con-una-ruta-que-visualiza-a-las-mujeres-santapoleras-en-el-callejero-de-la-ciudad\\\/#primaryimage\"},\"thumbnailUrl\":\"https:\\\/\\\/santapola.es\\\/wp-content\\\/uploads\\\/2022\\\/03\\\/WhatsApp-Image-2022-03-08-at-11.54.59-AM-5.jpeg\",\"articleSection\":[\"Alcald\u00eda\",\"Igualdad\\\/ Diversidad\\\/ Ac Social\\\/ Vivienda\",\"Inicio\"],\"inLanguage\":\"ca\"},{\"@type\":\"WebPage\",\"@id\":\"https:\\\/\\\/santapola.es\\\/ca\\\/santa-pola-celebra-el-8m-con-una-ruta-que-visualiza-a-las-mujeres-santapoleras-en-el-callejero-de-la-ciudad\\\/\",\"url\":\"https:\\\/\\\/santapola.es\\\/ca\\\/santa-pola-celebra-el-8m-con-una-ruta-que-visualiza-a-las-mujeres-santapoleras-en-el-callejero-de-la-ciudad\\\/\",\"name\":\"Santa Pola celebra el 8M con una ruta que visualiza a las mujeres santapoleras en el callejero de la ciudad - Ajuntament de Santa Pola\",\"isPartOf\":{\"@id\":\"https:\\\/\\\/santapola.es\\\/ca\\\/#website\"},\"primaryImageOfPage\":{\"@id\":\"https:\\\/\\\/santapola.es\\\/ca\\\/santa-pola-celebra-el-8m-con-una-ruta-que-visualiza-a-las-mujeres-santapoleras-en-el-callejero-de-la-ciudad\\\/#primaryimage\"},\"image\":{\"@id\":\"https:\\\/\\\/santapola.es\\\/ca\\\/santa-pola-celebra-el-8m-con-una-ruta-que-visualiza-a-las-mujeres-santapoleras-en-el-callejero-de-la-ciudad\\\/#primaryimage\"},\"thumbnailUrl\":\"https:\\\/\\\/santapola.es\\\/wp-content\\\/uploads\\\/2022\\\/03\\\/WhatsApp-Image-2022-03-08-at-11.54.59-AM-5.jpeg\",\"datePublished\":\"2022-03-08T11:23:35+00:00\",\"dateModified\":\"2024-03-07T17:40:23+00:00\",\"author\":{\"@id\":\"https:\\\/\\\/santapola.es\\\/ca\\\/#\\\/schema\\\/person\\\/c08381290b84c068e06ca5dc1f5a08a7\"},\"breadcrumb\":{\"@id\":\"https:\\\/\\\/santapola.es\\\/ca\\\/santa-pola-celebra-el-8m-con-una-ruta-que-visualiza-a-las-mujeres-santapoleras-en-el-callejero-de-la-ciudad\\\/#breadcrumb\"},\"inLanguage\":\"ca\",\"potentialAction\":[{\"@type\":\"ReadAction\",\"target\":[\"https:\\\/\\\/santapola.es\\\/ca\\\/santa-pola-celebra-el-8m-con-una-ruta-que-visualiza-a-las-mujeres-santapoleras-en-el-callejero-de-la-ciudad\\\/\"]}]},{\"@type\":\"ImageObject\",\"inLanguage\":\"ca\",\"@id\":\"https:\\\/\\\/santapola.es\\\/ca\\\/santa-pola-celebra-el-8m-con-una-ruta-que-visualiza-a-las-mujeres-santapoleras-en-el-callejero-de-la-ciudad\\\/#primaryimage\",\"url\":\"https:\\\/\\\/santapola.es\\\/wp-content\\\/uploads\\\/2022\\\/03\\\/WhatsApp-Image-2022-03-08-at-11.54.59-AM-5.jpeg\",\"contentUrl\":\"https:\\\/\\\/santapola.es\\\/wp-content\\\/uploads\\\/2022\\\/03\\\/WhatsApp-Image-2022-03-08-at-11.54.59-AM-5.jpeg\",\"width\":1024,\"height\":768},{\"@type\":\"BreadcrumbList\",\"@id\":\"https:\\\/\\\/santapola.es\\\/ca\\\/santa-pola-celebra-el-8m-con-una-ruta-que-visualiza-a-las-mujeres-santapoleras-en-el-callejero-de-la-ciudad\\\/#breadcrumb\",\"itemListElement\":[{\"@type\":\"ListItem\",\"position\":1,\"name\":\"Inici\",\"item\":\"https:\\\/\\\/santapola.es\\\/ca\\\/\"},{\"@type\":\"ListItem\",\"position\":2,\"name\":\"Santa Pola celebra el 8M con una ruta que visualiza a las mujeres santapoleras en el callejero de la ciudad\"}]},{\"@type\":\"WebSite\",\"@id\":\"https:\\\/\\\/santapola.es\\\/ca\\\/#website\",\"url\":\"https:\\\/\\\/santapola.es\\\/ca\\\/\",\"name\":\"Ayuntamiento de Santa Pola\",\"description\":\"Web de l'Ajuntament de Santa Pola\",\"potentialAction\":[{\"@type\":\"SearchAction\",\"target\":{\"@type\":\"EntryPoint\",\"urlTemplate\":\"https:\\\/\\\/santapola.es\\\/ca\\\/?s={search_term_string}\"},\"query-input\":{\"@type\":\"PropertyValueSpecification\",\"valueRequired\":true,\"valueName\":\"search_term_string\"}}],\"inLanguage\":\"ca\"},{\"@type\":\"Person\",\"@id\":\"https:\\\/\\\/santapola.es\\\/ca\\\/#\\\/schema\\\/person\\\/c08381290b84c068e06ca5dc1f5a08a7\",\"name\":\"\u00c1rea Municipal Alcald\u00eda\"}]}<\/script>\n<!-- \/ Yoast SEO plugin. -->","yoast_head_json":{"title":"Santa Pola celebra el 8M con una ruta que visualiza a las mujeres santapoleras en el callejero de la ciudad - Ajuntament de Santa Pola","robots":{"index":"index","follow":"follow","max-snippet":"max-snippet:-1","max-image-preview":"max-image-preview:large","max-video-preview":"max-video-preview:-1"},"canonical":"https:\/\/santapola.es\/ca\/santa-pola-celebra-el-8m-con-una-ruta-que-visualiza-a-las-mujeres-santapoleras-en-el-callejero-de-la-ciudad\/","og_locale":"ca_ES","og_type":"article","og_title":"Santa Pola celebra el 8M con una ruta que visualiza a las mujeres santapoleras en el callejero de la ciudad - Ajuntament de Santa Pola","og_description":"Santa Pola ha programado un ciclo de actividades sociales y culturales para conmemorar el 8 de Marzo en la villa marinera, adem\u00e1s de las conferencias y exposiciones que se inauguran hoy: 17,30h. Baluarte del Duque. Conferencia. \u201cEl Divino y la Fornarina. Un amor intenso hasta la muerte\u201d. A cargo de Valeriano Venneri (Historiador y cr\u00edtico [&hellip;]","og_url":"https:\/\/santapola.es\/ca\/santa-pola-celebra-el-8m-con-una-ruta-que-visualiza-a-las-mujeres-santapoleras-en-el-callejero-de-la-ciudad\/","og_site_name":"Ajuntament de Santa Pola","article_publisher":"https:\/\/www.facebook.com\/AyuntamientoSantaPola\/","article_published_time":"2022-03-08T11:23:35+00:00","article_modified_time":"2024-03-07T17:40:23+00:00","og_image":[{"width":1024,"height":768,"url":"https:\/\/santapola.es\/wp-content\/uploads\/2022\/03\/WhatsApp-Image-2022-03-08-at-11.54.59-AM-5.jpeg","type":"image\/jpeg"}],"author":"\u00c1rea Municipal Alcald\u00eda","twitter_card":"summary_large_image","twitter_creator":"@SantaPolaAyunt","twitter_site":"@SantaPolaAyunt","schema":{"@context":"https:\/\/schema.org","@graph":[{"@type":"Article","@id":"https:\/\/santapola.es\/ca\/santa-pola-celebra-el-8m-con-una-ruta-que-visualiza-a-las-mujeres-santapoleras-en-el-callejero-de-la-ciudad\/#article","isPartOf":{"@id":"https:\/\/santapola.es\/ca\/santa-pola-celebra-el-8m-con-una-ruta-que-visualiza-a-las-mujeres-santapoleras-en-el-callejero-de-la-ciudad\/"},"author":{"name":"\u00c1rea Municipal Alcald\u00eda","@id":"https:\/\/santapola.es\/ca\/#\/schema\/person\/c08381290b84c068e06ca5dc1f5a08a7"},"headline":"Santa Pola celebra el 8M con una ruta que visualiza a las mujeres santapoleras en el callejero de la ciudad","datePublished":"2022-03-08T11:23:35+00:00","dateModified":"2024-03-07T17:40:23+00:00","mainEntityOfPage":{"@id":"https:\/\/santapola.es\/ca\/santa-pola-celebra-el-8m-con-una-ruta-que-visualiza-a-las-mujeres-santapoleras-en-el-callejero-de-la-ciudad\/"},"wordCount":412,"image":{"@id":"https:\/\/santapola.es\/ca\/santa-pola-celebra-el-8m-con-una-ruta-que-visualiza-a-las-mujeres-santapoleras-en-el-callejero-de-la-ciudad\/#primaryimage"},"thumbnailUrl":"https:\/\/santapola.es\/wp-content\/uploads\/2022\/03\/WhatsApp-Image-2022-03-08-at-11.54.59-AM-5.jpeg","articleSection":["Alcald\u00eda","Igualdad\/ Diversidad\/ Ac Social\/ Vivienda","Inicio"],"inLanguage":"ca"},{"@type":"WebPage","@id":"https:\/\/santapola.es\/ca\/santa-pola-celebra-el-8m-con-una-ruta-que-visualiza-a-las-mujeres-santapoleras-en-el-callejero-de-la-ciudad\/","url":"https:\/\/santapola.es\/ca\/santa-pola-celebra-el-8m-con-una-ruta-que-visualiza-a-las-mujeres-santapoleras-en-el-callejero-de-la-ciudad\/","name":"Santa Pola celebra el 8M con una ruta que visualiza a las mujeres santapoleras en el callejero de la ciudad - Ajuntament de Santa Pola","isPartOf":{"@id":"https:\/\/santapola.es\/ca\/#website"},"primaryImageOfPage":{"@id":"https:\/\/santapola.es\/ca\/santa-pola-celebra-el-8m-con-una-ruta-que-visualiza-a-las-mujeres-santapoleras-en-el-callejero-de-la-ciudad\/#primaryimage"},"image":{"@id":"https:\/\/santapola.es\/ca\/santa-pola-celebra-el-8m-con-una-ruta-que-visualiza-a-las-mujeres-santapoleras-en-el-callejero-de-la-ciudad\/#primaryimage"},"thumbnailUrl":"https:\/\/santapola.es\/wp-content\/uploads\/2022\/03\/WhatsApp-Image-2022-03-08-at-11.54.59-AM-5.jpeg","datePublished":"2022-03-08T11:23:35+00:00","dateModified":"2024-03-07T17:40:23+00:00","author":{"@id":"https:\/\/santapola.es\/ca\/#\/schema\/person\/c08381290b84c068e06ca5dc1f5a08a7"},"breadcrumb":{"@id":"https:\/\/santapola.es\/ca\/santa-pola-celebra-el-8m-con-una-ruta-que-visualiza-a-las-mujeres-santapoleras-en-el-callejero-de-la-ciudad\/#breadcrumb"},"inLanguage":"ca","potentialAction":[{"@type":"ReadAction","target":["https:\/\/santapola.es\/ca\/santa-pola-celebra-el-8m-con-una-ruta-que-visualiza-a-las-mujeres-santapoleras-en-el-callejero-de-la-ciudad\/"]}]},{"@type":"ImageObject","inLanguage":"ca","@id":"https:\/\/santapola.es\/ca\/santa-pola-celebra-el-8m-con-una-ruta-que-visualiza-a-las-mujeres-santapoleras-en-el-callejero-de-la-ciudad\/#primaryimage","url":"https:\/\/santapola.es\/wp-content\/uploads\/2022\/03\/WhatsApp-Image-2022-03-08-at-11.54.59-AM-5.jpeg","contentUrl":"https:\/\/santapola.es\/wp-content\/uploads\/2022\/03\/WhatsApp-Image-2022-03-08-at-11.54.59-AM-5.jpeg","width":1024,"height":768},{"@type":"BreadcrumbList","@id":"https:\/\/santapola.es\/ca\/santa-pola-celebra-el-8m-con-una-ruta-que-visualiza-a-las-mujeres-santapoleras-en-el-callejero-de-la-ciudad\/#breadcrumb","itemListElement":[{"@type":"ListItem","position":1,"name":"Inici","item":"https:\/\/santapola.es\/ca\/"},{"@type":"ListItem","position":2,"name":"Santa Pola celebra el 8M con una ruta que visualiza a las mujeres santapoleras en el callejero de la ciudad"}]},{"@type":"WebSite","@id":"https:\/\/santapola.es\/ca\/#website","url":"https:\/\/santapola.es\/ca\/","name":"Ayuntamiento de Santa Pola","description":"Web de l'Ajuntament de Santa Pola","potentialAction":[{"@type":"SearchAction","target":{"@type":"EntryPoint","urlTemplate":"https:\/\/santapola.es\/ca\/?s={search_term_string}"},"query-input":{"@type":"PropertyValueSpecification","valueRequired":true,"valueName":"search_term_string"}}],"inLanguage":"ca"},{"@type":"Person","@id":"https:\/\/santapola.es\/ca\/#\/schema\/person\/c08381290b84c068e06ca5dc1f5a08a7","name":"\u00c1rea Municipal Alcald\u00eda"}]}},"_links":{"self":[{"href":"https:\/\/santapola.es\/ca\/wp-json\/wp\/v2\/posts\/15785","targetHints":{"allow":["GET"]}}],"collection":[{"href":"https:\/\/santapola.es\/ca\/wp-json\/wp\/v2\/posts"}],"about":[{"href":"https:\/\/santapola.es\/ca\/wp-json\/wp\/v2\/types\/post"}],"author":[{"embeddable":true,"href":"https:\/\/santapola.es\/ca\/wp-json\/wp\/v2\/users\/75"}],"replies":[{"embeddable":true,"href":"https:\/\/santapola.es\/ca\/wp-json\/wp\/v2\/comments?post=15785"}],"version-history":[{"count":0,"href":"https:\/\/santapola.es\/ca\/wp-json\/wp\/v2\/posts\/15785\/revisions"}],"wp:featuredmedia":[{"embeddable":true,"href":"https:\/\/santapola.es\/ca\/wp-json\/wp\/v2\/media\/15786"}],"wp:attachment":[{"href":"https:\/\/santapola.es\/ca\/wp-json\/wp\/v2\/media?parent=15785"}],"wp:term":[{"taxonomy":"category","embeddable":true,"href":"https:\/\/santapola.es\/ca\/wp-json\/wp\/v2\/categories?post=15785"},{"taxonomy":"post_tag","embeddable":true,"href":"https:\/\/santapola.es\/ca\/wp-json\/wp\/v2\/tags?post=15785"}],"curies":[{"name":"wp","href":"https:\/\/api.w.org\/{rel}","templated":true}]}}