{"id":15776,"date":"2022-03-03T18:39:59","date_gmt":"2022-03-03T17:39:59","guid":{"rendered":"https:\/\/www.santapola.es\/?p=15776"},"modified":"2024-03-07T18:40:22","modified_gmt":"2024-03-07T17:40:22","slug":"santa-pola-acoge-la-presentacion-de-fons-de-mar-un-libro-sobre-la-nomenclatura-de-los-peces-en-la-comunidad-valenciana","status":"publish","type":"post","link":"https:\/\/santapola.es\/ca\/santa-pola-acoge-la-presentacion-de-fons-de-mar-un-libro-sobre-la-nomenclatura-de-los-peces-en-la-comunidad-valenciana\/","title":{"rendered":"Santa Pola acoge la presentaci\u00f3n de \u201cFons de Mar\u201d, un libro sobre la nomenclatura de los peces en la Comunidad Valenciana"},"content":{"rendered":"<p><u>Mar\u00eda \u00c1ngels Sempere, t\u00e9cnico de la oficina AVIVA del Ayuntamiento es una de las responsables del libro, editado por la Academia Valenciana de la Lengua.<\/u><\/p>\n<p>&nbsp;<\/p>\n<p>El Sal\u00f3n de Actos de la Cofrad\u00eda de Pescadores de Santa Pola ha acogido este mediod\u00eda la presentaci\u00f3n del libro el vocabulario Fons de Mar, que ha editado la Acad\u00e8mia Valenciana de la Llengua (AVL).<\/p>\n<p>En esta presentaci\u00f3n ha participado el presidente de la AVL, Ram\u00f3n Ferrer y algunos acad\u00e9micos de esta instituci\u00f3n, entre los cuales cabr\u00eda destacar la secretar\u00eda Ver\u00f2nica Cant\u00f3, la presidenta de la Comisi\u00f3n de Publicaciones, Immaculada Cerd\u00e0, y el presidente de la Comisi\u00f3n de Fomento, Brauli Montoya.<\/p>\n<p>En el acto ha intervenido la alcaldesa de Santa Pola, Loreto Serrano y una buena representaci\u00f3n de los regidores. Adem\u00e1s del patr\u00f3n mayor \u00c1ngel Luchoro y otros patrones mayores y secretarios otras cofrad\u00edas.<\/p>\n<p>Fons de Mar recoge el\u00a0 vocabulario del nombre de los peces, crust\u00e1ceos y moluscos que se subastan en las cofrad\u00edas valencianas. Con esta propuesta, al tiempo que se hace una difusi\u00f3n entre la poblaci\u00f3n, la AVL pretende que las cofrad\u00edas utilizan en sus programas inform\u00e1ticos los t\u00e9rminos normativos de las especies que se comercializan, de este modo se evita la variedad y diversidad que encontramos actualmente en los listados y as\u00ed homogeneizar los diferentes nombres y andar hacia un posible est\u00e1ndar en este \u00e1mbito.<\/p>\n<p>El vocabulario aparece con la fotograf\u00eda de las 321 especies con el nombre cient\u00edfico, m\u00e1s el nombre normativo en valenciano y tambi\u00e9n en castellano. Este listado se ha conseguido a partir de un estudio previo que realizaron Antoni M\u00e1s, profesor de la Universidad de Alicante, y Mi. \u00c0ngels Sempere, t\u00e9cnica ling\u00fc\u00edstica de la Oficina de Valenciano del Ayuntamiento de Santa Pola.<\/p>\n<p>&nbsp;<\/p>\n<p>&nbsp;<\/p>\n<p>&nbsp;<\/p>\n<p>&nbsp;<\/p>\n<p>&nbsp;<\/p>\n","protected":false},"excerpt":{"rendered":"<p>Mar\u00eda \u00c1ngels Sempere, t\u00e9cnico de la oficina AVIVA del Ayuntamiento es una de las responsables del libro, editado por la Academia Valenciana de la Lengua. &nbsp; El Sal\u00f3n de Actos de la Cofrad\u00eda de Pescadores de Santa Pola ha acogido este mediod\u00eda la presentaci\u00f3n del libro el vocabulario Fons de Mar, que ha editado la [&hellip;]<\/p>\n","protected":false},"author":75,"featured_media":15777,"comment_status":"closed","ping_status":"closed","sticky":false,"template":"","format":"standard","meta":{"_et_pb_use_builder":"","_et_pb_old_content":"","_et_gb_content_width":"","footnotes":""},"categories":[51,66],"tags":[],"class_list":["post-15776","post","type-post","status-publish","format-standard","has-post-thumbnail","hentry","category-cultura-fiestas","category-inicio"],"yoast_head":"<!-- This site is optimized with the Yoast SEO plugin v27.4 - https:\/\/yoast.com\/product\/yoast-seo-wordpress\/ -->\n<title>Santa Pola acoge la presentaci\u00f3n de \u201cFons de Mar\u201d, un libro sobre la nomenclatura de los peces en la Comunidad Valenciana - Ajuntament de Santa Pola<\/title>\n<meta name=\"robots\" content=\"index, follow, max-snippet:-1, max-image-preview:large, max-video-preview:-1\" \/>\n<link rel=\"canonical\" href=\"https:\/\/santapola.es\/ca\/santa-pola-acoge-la-presentacion-de-fons-de-mar-un-libro-sobre-la-nomenclatura-de-los-peces-en-la-comunidad-valenciana\/\" \/>\n<meta property=\"og:locale\" content=\"ca_ES\" \/>\n<meta property=\"og:type\" content=\"article\" \/>\n<meta property=\"og:title\" content=\"Santa Pola acoge la presentaci\u00f3n de \u201cFons de Mar\u201d, un libro sobre la nomenclatura de los peces en la Comunidad Valenciana - Ajuntament de Santa Pola\" \/>\n<meta property=\"og:description\" content=\"Mar\u00eda \u00c1ngels Sempere, t\u00e9cnico de la oficina AVIVA del Ayuntamiento es una de las responsables del libro, editado por la Academia Valenciana de la Lengua. &nbsp; El Sal\u00f3n de Actos de la Cofrad\u00eda de Pescadores de Santa Pola ha acogido este mediod\u00eda la presentaci\u00f3n del libro el vocabulario Fons de Mar, que ha editado la [&hellip;]\" \/>\n<meta property=\"og:url\" content=\"https:\/\/santapola.es\/ca\/santa-pola-acoge-la-presentacion-de-fons-de-mar-un-libro-sobre-la-nomenclatura-de-los-peces-en-la-comunidad-valenciana\/\" \/>\n<meta property=\"og:site_name\" content=\"Ajuntament de Santa Pola\" \/>\n<meta property=\"article:publisher\" content=\"https:\/\/www.facebook.com\/AyuntamientoSantaPola\/\" \/>\n<meta property=\"article:published_time\" content=\"2022-03-03T17:39:59+00:00\" \/>\n<meta property=\"article:modified_time\" content=\"2024-03-07T17:40:22+00:00\" \/>\n<meta property=\"og:image\" content=\"https:\/\/santapola.es\/wp-content\/uploads\/2022\/03\/WhatsApp-Image-2022-03-03-at-3.46.53-PM.jpeg\" \/>\n\t<meta property=\"og:image:width\" content=\"2048\" \/>\n\t<meta property=\"og:image:height\" content=\"1536\" \/>\n\t<meta property=\"og:image:type\" content=\"image\/jpeg\" \/>\n<meta name=\"author\" content=\"\u00c1rea Municipal Alcald\u00eda\" \/>\n<meta name=\"twitter:card\" content=\"summary_large_image\" \/>\n<meta name=\"twitter:creator\" content=\"@SantaPolaAyunt\" \/>\n<meta name=\"twitter:site\" content=\"@SantaPolaAyunt\" \/>\n<script type=\"application\/ld+json\" class=\"yoast-schema-graph\">{\"@context\":\"https:\\\/\\\/schema.org\",\"@graph\":[{\"@type\":\"Article\",\"@id\":\"https:\\\/\\\/santapola.es\\\/ca\\\/santa-pola-acoge-la-presentacion-de-fons-de-mar-un-libro-sobre-la-nomenclatura-de-los-peces-en-la-comunidad-valenciana\\\/#article\",\"isPartOf\":{\"@id\":\"https:\\\/\\\/santapola.es\\\/ca\\\/santa-pola-acoge-la-presentacion-de-fons-de-mar-un-libro-sobre-la-nomenclatura-de-los-peces-en-la-comunidad-valenciana\\\/\"},\"author\":{\"name\":\"\u00c1rea Municipal Alcald\u00eda\",\"@id\":\"https:\\\/\\\/santapola.es\\\/ca\\\/#\\\/schema\\\/person\\\/c08381290b84c068e06ca5dc1f5a08a7\"},\"headline\":\"Santa Pola acoge la presentaci\u00f3n de \u201cFons de Mar\u201d, un libro sobre la nomenclatura de los peces en la Comunidad Valenciana\",\"datePublished\":\"2022-03-03T17:39:59+00:00\",\"dateModified\":\"2024-03-07T17:40:22+00:00\",\"mainEntityOfPage\":{\"@id\":\"https:\\\/\\\/santapola.es\\\/ca\\\/santa-pola-acoge-la-presentacion-de-fons-de-mar-un-libro-sobre-la-nomenclatura-de-los-peces-en-la-comunidad-valenciana\\\/\"},\"wordCount\":346,\"image\":{\"@id\":\"https:\\\/\\\/santapola.es\\\/ca\\\/santa-pola-acoge-la-presentacion-de-fons-de-mar-un-libro-sobre-la-nomenclatura-de-los-peces-en-la-comunidad-valenciana\\\/#primaryimage\"},\"thumbnailUrl\":\"https:\\\/\\\/santapola.es\\\/wp-content\\\/uploads\\\/2022\\\/03\\\/WhatsApp-Image-2022-03-03-at-3.46.53-PM.jpeg\",\"articleSection\":[\"Cultura\\\/ Fiestas\",\"Inicio\"],\"inLanguage\":\"ca\"},{\"@type\":\"WebPage\",\"@id\":\"https:\\\/\\\/santapola.es\\\/ca\\\/santa-pola-acoge-la-presentacion-de-fons-de-mar-un-libro-sobre-la-nomenclatura-de-los-peces-en-la-comunidad-valenciana\\\/\",\"url\":\"https:\\\/\\\/santapola.es\\\/ca\\\/santa-pola-acoge-la-presentacion-de-fons-de-mar-un-libro-sobre-la-nomenclatura-de-los-peces-en-la-comunidad-valenciana\\\/\",\"name\":\"Santa Pola acoge la presentaci\u00f3n de \u201cFons de Mar\u201d, un libro sobre la nomenclatura de los peces en la Comunidad Valenciana - Ajuntament de Santa Pola\",\"isPartOf\":{\"@id\":\"https:\\\/\\\/santapola.es\\\/ca\\\/#website\"},\"primaryImageOfPage\":{\"@id\":\"https:\\\/\\\/santapola.es\\\/ca\\\/santa-pola-acoge-la-presentacion-de-fons-de-mar-un-libro-sobre-la-nomenclatura-de-los-peces-en-la-comunidad-valenciana\\\/#primaryimage\"},\"image\":{\"@id\":\"https:\\\/\\\/santapola.es\\\/ca\\\/santa-pola-acoge-la-presentacion-de-fons-de-mar-un-libro-sobre-la-nomenclatura-de-los-peces-en-la-comunidad-valenciana\\\/#primaryimage\"},\"thumbnailUrl\":\"https:\\\/\\\/santapola.es\\\/wp-content\\\/uploads\\\/2022\\\/03\\\/WhatsApp-Image-2022-03-03-at-3.46.53-PM.jpeg\",\"datePublished\":\"2022-03-03T17:39:59+00:00\",\"dateModified\":\"2024-03-07T17:40:22+00:00\",\"author\":{\"@id\":\"https:\\\/\\\/santapola.es\\\/ca\\\/#\\\/schema\\\/person\\\/c08381290b84c068e06ca5dc1f5a08a7\"},\"breadcrumb\":{\"@id\":\"https:\\\/\\\/santapola.es\\\/ca\\\/santa-pola-acoge-la-presentacion-de-fons-de-mar-un-libro-sobre-la-nomenclatura-de-los-peces-en-la-comunidad-valenciana\\\/#breadcrumb\"},\"inLanguage\":\"ca\",\"potentialAction\":[{\"@type\":\"ReadAction\",\"target\":[\"https:\\\/\\\/santapola.es\\\/ca\\\/santa-pola-acoge-la-presentacion-de-fons-de-mar-un-libro-sobre-la-nomenclatura-de-los-peces-en-la-comunidad-valenciana\\\/\"]}]},{\"@type\":\"ImageObject\",\"inLanguage\":\"ca\",\"@id\":\"https:\\\/\\\/santapola.es\\\/ca\\\/santa-pola-acoge-la-presentacion-de-fons-de-mar-un-libro-sobre-la-nomenclatura-de-los-peces-en-la-comunidad-valenciana\\\/#primaryimage\",\"url\":\"https:\\\/\\\/santapola.es\\\/wp-content\\\/uploads\\\/2022\\\/03\\\/WhatsApp-Image-2022-03-03-at-3.46.53-PM.jpeg\",\"contentUrl\":\"https:\\\/\\\/santapola.es\\\/wp-content\\\/uploads\\\/2022\\\/03\\\/WhatsApp-Image-2022-03-03-at-3.46.53-PM.jpeg\",\"width\":2048,\"height\":1536},{\"@type\":\"BreadcrumbList\",\"@id\":\"https:\\\/\\\/santapola.es\\\/ca\\\/santa-pola-acoge-la-presentacion-de-fons-de-mar-un-libro-sobre-la-nomenclatura-de-los-peces-en-la-comunidad-valenciana\\\/#breadcrumb\",\"itemListElement\":[{\"@type\":\"ListItem\",\"position\":1,\"name\":\"Inici\",\"item\":\"https:\\\/\\\/santapola.es\\\/ca\\\/\"},{\"@type\":\"ListItem\",\"position\":2,\"name\":\"Santa Pola acoge la presentaci\u00f3n de \u201cFons de Mar\u201d, un libro sobre la nomenclatura de los peces en la Comunidad Valenciana\"}]},{\"@type\":\"WebSite\",\"@id\":\"https:\\\/\\\/santapola.es\\\/ca\\\/#website\",\"url\":\"https:\\\/\\\/santapola.es\\\/ca\\\/\",\"name\":\"Ayuntamiento de Santa Pola\",\"description\":\"Web de l'Ajuntament de Santa Pola\",\"potentialAction\":[{\"@type\":\"SearchAction\",\"target\":{\"@type\":\"EntryPoint\",\"urlTemplate\":\"https:\\\/\\\/santapola.es\\\/ca\\\/?s={search_term_string}\"},\"query-input\":{\"@type\":\"PropertyValueSpecification\",\"valueRequired\":true,\"valueName\":\"search_term_string\"}}],\"inLanguage\":\"ca\"},{\"@type\":\"Person\",\"@id\":\"https:\\\/\\\/santapola.es\\\/ca\\\/#\\\/schema\\\/person\\\/c08381290b84c068e06ca5dc1f5a08a7\",\"name\":\"\u00c1rea Municipal Alcald\u00eda\"}]}<\/script>\n<!-- \/ Yoast SEO plugin. -->","yoast_head_json":{"title":"Santa Pola acoge la presentaci\u00f3n de \u201cFons de Mar\u201d, un libro sobre la nomenclatura de los peces en la Comunidad Valenciana - Ajuntament de Santa Pola","robots":{"index":"index","follow":"follow","max-snippet":"max-snippet:-1","max-image-preview":"max-image-preview:large","max-video-preview":"max-video-preview:-1"},"canonical":"https:\/\/santapola.es\/ca\/santa-pola-acoge-la-presentacion-de-fons-de-mar-un-libro-sobre-la-nomenclatura-de-los-peces-en-la-comunidad-valenciana\/","og_locale":"ca_ES","og_type":"article","og_title":"Santa Pola acoge la presentaci\u00f3n de \u201cFons de Mar\u201d, un libro sobre la nomenclatura de los peces en la Comunidad Valenciana - Ajuntament de Santa Pola","og_description":"Mar\u00eda \u00c1ngels Sempere, t\u00e9cnico de la oficina AVIVA del Ayuntamiento es una de las responsables del libro, editado por la Academia Valenciana de la Lengua. &nbsp; El Sal\u00f3n de Actos de la Cofrad\u00eda de Pescadores de Santa Pola ha acogido este mediod\u00eda la presentaci\u00f3n del libro el vocabulario Fons de Mar, que ha editado la [&hellip;]","og_url":"https:\/\/santapola.es\/ca\/santa-pola-acoge-la-presentacion-de-fons-de-mar-un-libro-sobre-la-nomenclatura-de-los-peces-en-la-comunidad-valenciana\/","og_site_name":"Ajuntament de Santa Pola","article_publisher":"https:\/\/www.facebook.com\/AyuntamientoSantaPola\/","article_published_time":"2022-03-03T17:39:59+00:00","article_modified_time":"2024-03-07T17:40:22+00:00","og_image":[{"width":2048,"height":1536,"url":"https:\/\/santapola.es\/wp-content\/uploads\/2022\/03\/WhatsApp-Image-2022-03-03-at-3.46.53-PM.jpeg","type":"image\/jpeg"}],"author":"\u00c1rea Municipal Alcald\u00eda","twitter_card":"summary_large_image","twitter_creator":"@SantaPolaAyunt","twitter_site":"@SantaPolaAyunt","schema":{"@context":"https:\/\/schema.org","@graph":[{"@type":"Article","@id":"https:\/\/santapola.es\/ca\/santa-pola-acoge-la-presentacion-de-fons-de-mar-un-libro-sobre-la-nomenclatura-de-los-peces-en-la-comunidad-valenciana\/#article","isPartOf":{"@id":"https:\/\/santapola.es\/ca\/santa-pola-acoge-la-presentacion-de-fons-de-mar-un-libro-sobre-la-nomenclatura-de-los-peces-en-la-comunidad-valenciana\/"},"author":{"name":"\u00c1rea Municipal Alcald\u00eda","@id":"https:\/\/santapola.es\/ca\/#\/schema\/person\/c08381290b84c068e06ca5dc1f5a08a7"},"headline":"Santa Pola acoge la presentaci\u00f3n de \u201cFons de Mar\u201d, un libro sobre la nomenclatura de los peces en la Comunidad Valenciana","datePublished":"2022-03-03T17:39:59+00:00","dateModified":"2024-03-07T17:40:22+00:00","mainEntityOfPage":{"@id":"https:\/\/santapola.es\/ca\/santa-pola-acoge-la-presentacion-de-fons-de-mar-un-libro-sobre-la-nomenclatura-de-los-peces-en-la-comunidad-valenciana\/"},"wordCount":346,"image":{"@id":"https:\/\/santapola.es\/ca\/santa-pola-acoge-la-presentacion-de-fons-de-mar-un-libro-sobre-la-nomenclatura-de-los-peces-en-la-comunidad-valenciana\/#primaryimage"},"thumbnailUrl":"https:\/\/santapola.es\/wp-content\/uploads\/2022\/03\/WhatsApp-Image-2022-03-03-at-3.46.53-PM.jpeg","articleSection":["Cultura\/ Fiestas","Inicio"],"inLanguage":"ca"},{"@type":"WebPage","@id":"https:\/\/santapola.es\/ca\/santa-pola-acoge-la-presentacion-de-fons-de-mar-un-libro-sobre-la-nomenclatura-de-los-peces-en-la-comunidad-valenciana\/","url":"https:\/\/santapola.es\/ca\/santa-pola-acoge-la-presentacion-de-fons-de-mar-un-libro-sobre-la-nomenclatura-de-los-peces-en-la-comunidad-valenciana\/","name":"Santa Pola acoge la presentaci\u00f3n de \u201cFons de Mar\u201d, un libro sobre la nomenclatura de los peces en la Comunidad Valenciana - Ajuntament de Santa Pola","isPartOf":{"@id":"https:\/\/santapola.es\/ca\/#website"},"primaryImageOfPage":{"@id":"https:\/\/santapola.es\/ca\/santa-pola-acoge-la-presentacion-de-fons-de-mar-un-libro-sobre-la-nomenclatura-de-los-peces-en-la-comunidad-valenciana\/#primaryimage"},"image":{"@id":"https:\/\/santapola.es\/ca\/santa-pola-acoge-la-presentacion-de-fons-de-mar-un-libro-sobre-la-nomenclatura-de-los-peces-en-la-comunidad-valenciana\/#primaryimage"},"thumbnailUrl":"https:\/\/santapola.es\/wp-content\/uploads\/2022\/03\/WhatsApp-Image-2022-03-03-at-3.46.53-PM.jpeg","datePublished":"2022-03-03T17:39:59+00:00","dateModified":"2024-03-07T17:40:22+00:00","author":{"@id":"https:\/\/santapola.es\/ca\/#\/schema\/person\/c08381290b84c068e06ca5dc1f5a08a7"},"breadcrumb":{"@id":"https:\/\/santapola.es\/ca\/santa-pola-acoge-la-presentacion-de-fons-de-mar-un-libro-sobre-la-nomenclatura-de-los-peces-en-la-comunidad-valenciana\/#breadcrumb"},"inLanguage":"ca","potentialAction":[{"@type":"ReadAction","target":["https:\/\/santapola.es\/ca\/santa-pola-acoge-la-presentacion-de-fons-de-mar-un-libro-sobre-la-nomenclatura-de-los-peces-en-la-comunidad-valenciana\/"]}]},{"@type":"ImageObject","inLanguage":"ca","@id":"https:\/\/santapola.es\/ca\/santa-pola-acoge-la-presentacion-de-fons-de-mar-un-libro-sobre-la-nomenclatura-de-los-peces-en-la-comunidad-valenciana\/#primaryimage","url":"https:\/\/santapola.es\/wp-content\/uploads\/2022\/03\/WhatsApp-Image-2022-03-03-at-3.46.53-PM.jpeg","contentUrl":"https:\/\/santapola.es\/wp-content\/uploads\/2022\/03\/WhatsApp-Image-2022-03-03-at-3.46.53-PM.jpeg","width":2048,"height":1536},{"@type":"BreadcrumbList","@id":"https:\/\/santapola.es\/ca\/santa-pola-acoge-la-presentacion-de-fons-de-mar-un-libro-sobre-la-nomenclatura-de-los-peces-en-la-comunidad-valenciana\/#breadcrumb","itemListElement":[{"@type":"ListItem","position":1,"name":"Inici","item":"https:\/\/santapola.es\/ca\/"},{"@type":"ListItem","position":2,"name":"Santa Pola acoge la presentaci\u00f3n de \u201cFons de Mar\u201d, un libro sobre la nomenclatura de los peces en la Comunidad Valenciana"}]},{"@type":"WebSite","@id":"https:\/\/santapola.es\/ca\/#website","url":"https:\/\/santapola.es\/ca\/","name":"Ayuntamiento de Santa Pola","description":"Web de l'Ajuntament de Santa Pola","potentialAction":[{"@type":"SearchAction","target":{"@type":"EntryPoint","urlTemplate":"https:\/\/santapola.es\/ca\/?s={search_term_string}"},"query-input":{"@type":"PropertyValueSpecification","valueRequired":true,"valueName":"search_term_string"}}],"inLanguage":"ca"},{"@type":"Person","@id":"https:\/\/santapola.es\/ca\/#\/schema\/person\/c08381290b84c068e06ca5dc1f5a08a7","name":"\u00c1rea Municipal Alcald\u00eda"}]}},"_links":{"self":[{"href":"https:\/\/santapola.es\/ca\/wp-json\/wp\/v2\/posts\/15776","targetHints":{"allow":["GET"]}}],"collection":[{"href":"https:\/\/santapola.es\/ca\/wp-json\/wp\/v2\/posts"}],"about":[{"href":"https:\/\/santapola.es\/ca\/wp-json\/wp\/v2\/types\/post"}],"author":[{"embeddable":true,"href":"https:\/\/santapola.es\/ca\/wp-json\/wp\/v2\/users\/75"}],"replies":[{"embeddable":true,"href":"https:\/\/santapola.es\/ca\/wp-json\/wp\/v2\/comments?post=15776"}],"version-history":[{"count":0,"href":"https:\/\/santapola.es\/ca\/wp-json\/wp\/v2\/posts\/15776\/revisions"}],"wp:featuredmedia":[{"embeddable":true,"href":"https:\/\/santapola.es\/ca\/wp-json\/wp\/v2\/media\/15777"}],"wp:attachment":[{"href":"https:\/\/santapola.es\/ca\/wp-json\/wp\/v2\/media?parent=15776"}],"wp:term":[{"taxonomy":"category","embeddable":true,"href":"https:\/\/santapola.es\/ca\/wp-json\/wp\/v2\/categories?post=15776"},{"taxonomy":"post_tag","embeddable":true,"href":"https:\/\/santapola.es\/ca\/wp-json\/wp\/v2\/tags?post=15776"}],"curies":[{"name":"wp","href":"https:\/\/api.w.org\/{rel}","templated":true}]}}