{"id":15695,"date":"2022-02-11T08:49:49","date_gmt":"2022-02-11T07:49:49","guid":{"rendered":"https:\/\/www.santapola.es\/?p=15695"},"modified":"2024-03-07T18:40:19","modified_gmt":"2024-03-07T17:40:19","slug":"actividades-carnaval-2022","status":"publish","type":"post","link":"https:\/\/santapola.es\/ca\/actividades-carnaval-2022\/","title":{"rendered":"Actividades Carnaval 2022"},"content":{"rendered":"<div class=\"gmail_default\">Carnaval 2022<br \/>\n<b>18 de febrero en Gran Alacant<\/b>\u00a0(parking pabell\u00f3n Jose Antonio Alema\u00f1)<\/div>\n<div class=\"gmail_default\"><\/div>\n<div class=\"gmail_default\">\n<ul>\n<li>18 horas espect\u00e1culo musical \u201cQue el p\u00fablico se va\u201d (17 a 18 horas inscripciones en el parking del pabell\u00f3n)<\/li>\n<li>19 horas concurso disfraces categor\u00eda infantil individual, categor\u00eda j\u00f3venes\/adultos individual y categor\u00eda grupo (bases en web ayuntamiento)<\/li>\n<\/ul>\n<p><b>25 de febrero en el Castillo de Santa Pola<\/b><\/p>\n<ul>\n<li>18 horas concurso disfraces (17 a 18 horas inscripciones en el Castillo)<\/li>\n<li>Categor\u00eda infantil individual, categor\u00eda j\u00f3venes\/adultos individual y categor\u00eda grupo (bases en web ayuntamiento)<\/li>\n<li>Al finalizar el concurso habr\u00e1 un pasacalles con batucada \u00a0salida desde el Castillo.<\/li>\n<\/ul>\n<div>Bases concurso:\u00a0<a href=\"http:\/\/bit.ly\/Carnaval_SantaPola\" target=\"_blank\" rel=\"noopener\" data-saferedirecturl=\"https:\/\/www.google.com\/url?q=http:\/\/bit.ly\/Carnaval_SantaPola&amp;source=gmail&amp;ust=1644651331492000&amp;usg=AOvVaw0ojZlEPDVt4z9T42SPsvYR\">http:\/\/bit.ly\/<wbr \/>Carnaval_SantaPola<\/a><\/div>\n<\/div>\n<div>\n<div dir=\"ltr\" data-smartmail=\"gmail_signature\">\n<div dir=\"ltr\">\n<div>\n<div dir=\"ltr\">\n<div>\n<div dir=\"ltr\">\n<div>\n<div dir=\"ltr\">\n<div>\n<div dir=\"ltr\">\n<div>\n<div dir=\"ltr\">\n<div><span style=\"color: #666666;\"><span style=\"font-size: small;\">\u00a0 \u00a0<\/span><\/span><\/div>\n<\/div>\n<\/div>\n<\/div>\n<\/div>\n<\/div>\n<\/div>\n<\/div>\n<\/div>\n<\/div>\n<\/div>\n<\/div>\n<\/div>\n<\/div>\n","protected":false},"excerpt":{"rendered":"<p>Carnaval 2022 18 de febrero en Gran Alacant\u00a0(parking pabell\u00f3n Jose Antonio Alema\u00f1) 18 horas espect\u00e1culo musical \u201cQue el p\u00fablico se va\u201d (17 a 18 horas inscripciones en el parking del pabell\u00f3n) 19 horas concurso disfraces categor\u00eda infantil individual, categor\u00eda j\u00f3venes\/adultos individual y categor\u00eda grupo (bases en web ayuntamiento) 25 de febrero en el Castillo de [&hellip;]<\/p>\n","protected":false},"author":75,"featured_media":15696,"comment_status":"closed","ping_status":"closed","sticky":false,"template":"","format":"standard","meta":{"_et_pb_use_builder":"","_et_pb_old_content":"","_et_gb_content_width":"","footnotes":""},"categories":[51,66],"tags":[],"class_list":["post-15695","post","type-post","status-publish","format-standard","has-post-thumbnail","hentry","category-cultura-fiestas","category-inicio"],"yoast_head":"<!-- This site is optimized with the Yoast SEO plugin v27.4 - https:\/\/yoast.com\/product\/yoast-seo-wordpress\/ -->\n<title>Actividades Carnaval 2022 - Ajuntament de Santa Pola<\/title>\n<meta name=\"robots\" content=\"index, follow, max-snippet:-1, max-image-preview:large, max-video-preview:-1\" \/>\n<link rel=\"canonical\" href=\"https:\/\/santapola.es\/ca\/actividades-carnaval-2022\/\" \/>\n<meta property=\"og:locale\" content=\"ca_ES\" \/>\n<meta property=\"og:type\" content=\"article\" \/>\n<meta property=\"og:title\" content=\"Actividades Carnaval 2022 - Ajuntament de Santa Pola\" \/>\n<meta property=\"og:description\" content=\"Carnaval 2022 18 de febrero en Gran Alacant\u00a0(parking pabell\u00f3n Jose Antonio Alema\u00f1) 18 horas espect\u00e1culo musical \u201cQue el p\u00fablico se va\u201d (17 a 18 horas inscripciones en el parking del pabell\u00f3n) 19 horas concurso disfraces categor\u00eda infantil individual, categor\u00eda j\u00f3venes\/adultos individual y categor\u00eda grupo (bases en web ayuntamiento) 25 de febrero en el Castillo de [&hellip;]\" \/>\n<meta property=\"og:url\" content=\"https:\/\/santapola.es\/ca\/actividades-carnaval-2022\/\" \/>\n<meta property=\"og:site_name\" content=\"Ajuntament de Santa Pola\" \/>\n<meta property=\"article:publisher\" content=\"https:\/\/www.facebook.com\/AyuntamientoSantaPola\/\" \/>\n<meta property=\"article:published_time\" content=\"2022-02-11T07:49:49+00:00\" \/>\n<meta property=\"article:modified_time\" content=\"2024-03-07T17:40:19+00:00\" \/>\n<meta property=\"og:image\" content=\"https:\/\/santapola.es\/wp-content\/uploads\/2022\/02\/WhatsApp-Image-2022-02-09-at-10.21.50-AM.jpeg\" \/>\n\t<meta property=\"og:image:width\" content=\"1131\" \/>\n\t<meta property=\"og:image:height\" content=\"1600\" \/>\n\t<meta property=\"og:image:type\" content=\"image\/jpeg\" \/>\n<meta name=\"author\" content=\"\u00c1rea Municipal Alcald\u00eda\" \/>\n<meta name=\"twitter:card\" content=\"summary_large_image\" \/>\n<meta name=\"twitter:creator\" content=\"@SantaPolaAyunt\" \/>\n<meta name=\"twitter:site\" content=\"@SantaPolaAyunt\" \/>\n<script type=\"application\/ld+json\" class=\"yoast-schema-graph\">{\"@context\":\"https:\\\/\\\/schema.org\",\"@graph\":[{\"@type\":\"Article\",\"@id\":\"https:\\\/\\\/santapola.es\\\/ca\\\/actividades-carnaval-2022\\\/#article\",\"isPartOf\":{\"@id\":\"https:\\\/\\\/santapola.es\\\/ca\\\/actividades-carnaval-2022\\\/\"},\"author\":{\"name\":\"\u00c1rea Municipal Alcald\u00eda\",\"@id\":\"https:\\\/\\\/santapola.es\\\/ca\\\/#\\\/schema\\\/person\\\/c08381290b84c068e06ca5dc1f5a08a7\"},\"headline\":\"Actividades Carnaval 2022\",\"datePublished\":\"2022-02-11T07:49:49+00:00\",\"dateModified\":\"2024-03-07T17:40:19+00:00\",\"mainEntityOfPage\":{\"@id\":\"https:\\\/\\\/santapola.es\\\/ca\\\/actividades-carnaval-2022\\\/\"},\"wordCount\":109,\"image\":{\"@id\":\"https:\\\/\\\/santapola.es\\\/ca\\\/actividades-carnaval-2022\\\/#primaryimage\"},\"thumbnailUrl\":\"https:\\\/\\\/santapola.es\\\/wp-content\\\/uploads\\\/2022\\\/02\\\/WhatsApp-Image-2022-02-09-at-10.21.50-AM.jpeg\",\"articleSection\":[\"Cultura\\\/ Fiestas\",\"Inicio\"],\"inLanguage\":\"ca\"},{\"@type\":\"WebPage\",\"@id\":\"https:\\\/\\\/santapola.es\\\/ca\\\/actividades-carnaval-2022\\\/\",\"url\":\"https:\\\/\\\/santapola.es\\\/ca\\\/actividades-carnaval-2022\\\/\",\"name\":\"Actividades Carnaval 2022 - Ajuntament de Santa Pola\",\"isPartOf\":{\"@id\":\"https:\\\/\\\/santapola.es\\\/ca\\\/#website\"},\"primaryImageOfPage\":{\"@id\":\"https:\\\/\\\/santapola.es\\\/ca\\\/actividades-carnaval-2022\\\/#primaryimage\"},\"image\":{\"@id\":\"https:\\\/\\\/santapola.es\\\/ca\\\/actividades-carnaval-2022\\\/#primaryimage\"},\"thumbnailUrl\":\"https:\\\/\\\/santapola.es\\\/wp-content\\\/uploads\\\/2022\\\/02\\\/WhatsApp-Image-2022-02-09-at-10.21.50-AM.jpeg\",\"datePublished\":\"2022-02-11T07:49:49+00:00\",\"dateModified\":\"2024-03-07T17:40:19+00:00\",\"author\":{\"@id\":\"https:\\\/\\\/santapola.es\\\/ca\\\/#\\\/schema\\\/person\\\/c08381290b84c068e06ca5dc1f5a08a7\"},\"breadcrumb\":{\"@id\":\"https:\\\/\\\/santapola.es\\\/ca\\\/actividades-carnaval-2022\\\/#breadcrumb\"},\"inLanguage\":\"ca\",\"potentialAction\":[{\"@type\":\"ReadAction\",\"target\":[\"https:\\\/\\\/santapola.es\\\/ca\\\/actividades-carnaval-2022\\\/\"]}]},{\"@type\":\"ImageObject\",\"inLanguage\":\"ca\",\"@id\":\"https:\\\/\\\/santapola.es\\\/ca\\\/actividades-carnaval-2022\\\/#primaryimage\",\"url\":\"https:\\\/\\\/santapola.es\\\/wp-content\\\/uploads\\\/2022\\\/02\\\/WhatsApp-Image-2022-02-09-at-10.21.50-AM.jpeg\",\"contentUrl\":\"https:\\\/\\\/santapola.es\\\/wp-content\\\/uploads\\\/2022\\\/02\\\/WhatsApp-Image-2022-02-09-at-10.21.50-AM.jpeg\",\"width\":1131,\"height\":1600},{\"@type\":\"BreadcrumbList\",\"@id\":\"https:\\\/\\\/santapola.es\\\/ca\\\/actividades-carnaval-2022\\\/#breadcrumb\",\"itemListElement\":[{\"@type\":\"ListItem\",\"position\":1,\"name\":\"Inici\",\"item\":\"https:\\\/\\\/santapola.es\\\/ca\\\/\"},{\"@type\":\"ListItem\",\"position\":2,\"name\":\"Actividades Carnaval 2022\"}]},{\"@type\":\"WebSite\",\"@id\":\"https:\\\/\\\/santapola.es\\\/ca\\\/#website\",\"url\":\"https:\\\/\\\/santapola.es\\\/ca\\\/\",\"name\":\"Ayuntamiento de Santa Pola\",\"description\":\"Web de l'Ajuntament de Santa Pola\",\"potentialAction\":[{\"@type\":\"SearchAction\",\"target\":{\"@type\":\"EntryPoint\",\"urlTemplate\":\"https:\\\/\\\/santapola.es\\\/ca\\\/?s={search_term_string}\"},\"query-input\":{\"@type\":\"PropertyValueSpecification\",\"valueRequired\":true,\"valueName\":\"search_term_string\"}}],\"inLanguage\":\"ca\"},{\"@type\":\"Person\",\"@id\":\"https:\\\/\\\/santapola.es\\\/ca\\\/#\\\/schema\\\/person\\\/c08381290b84c068e06ca5dc1f5a08a7\",\"name\":\"\u00c1rea Municipal Alcald\u00eda\"}]}<\/script>\n<!-- \/ Yoast SEO plugin. -->","yoast_head_json":{"title":"Actividades Carnaval 2022 - Ajuntament de Santa Pola","robots":{"index":"index","follow":"follow","max-snippet":"max-snippet:-1","max-image-preview":"max-image-preview:large","max-video-preview":"max-video-preview:-1"},"canonical":"https:\/\/santapola.es\/ca\/actividades-carnaval-2022\/","og_locale":"ca_ES","og_type":"article","og_title":"Actividades Carnaval 2022 - Ajuntament de Santa Pola","og_description":"Carnaval 2022 18 de febrero en Gran Alacant\u00a0(parking pabell\u00f3n Jose Antonio Alema\u00f1) 18 horas espect\u00e1culo musical \u201cQue el p\u00fablico se va\u201d (17 a 18 horas inscripciones en el parking del pabell\u00f3n) 19 horas concurso disfraces categor\u00eda infantil individual, categor\u00eda j\u00f3venes\/adultos individual y categor\u00eda grupo (bases en web ayuntamiento) 25 de febrero en el Castillo de [&hellip;]","og_url":"https:\/\/santapola.es\/ca\/actividades-carnaval-2022\/","og_site_name":"Ajuntament de Santa Pola","article_publisher":"https:\/\/www.facebook.com\/AyuntamientoSantaPola\/","article_published_time":"2022-02-11T07:49:49+00:00","article_modified_time":"2024-03-07T17:40:19+00:00","og_image":[{"width":1131,"height":1600,"url":"https:\/\/santapola.es\/wp-content\/uploads\/2022\/02\/WhatsApp-Image-2022-02-09-at-10.21.50-AM.jpeg","type":"image\/jpeg"}],"author":"\u00c1rea Municipal Alcald\u00eda","twitter_card":"summary_large_image","twitter_creator":"@SantaPolaAyunt","twitter_site":"@SantaPolaAyunt","schema":{"@context":"https:\/\/schema.org","@graph":[{"@type":"Article","@id":"https:\/\/santapola.es\/ca\/actividades-carnaval-2022\/#article","isPartOf":{"@id":"https:\/\/santapola.es\/ca\/actividades-carnaval-2022\/"},"author":{"name":"\u00c1rea Municipal Alcald\u00eda","@id":"https:\/\/santapola.es\/ca\/#\/schema\/person\/c08381290b84c068e06ca5dc1f5a08a7"},"headline":"Actividades Carnaval 2022","datePublished":"2022-02-11T07:49:49+00:00","dateModified":"2024-03-07T17:40:19+00:00","mainEntityOfPage":{"@id":"https:\/\/santapola.es\/ca\/actividades-carnaval-2022\/"},"wordCount":109,"image":{"@id":"https:\/\/santapola.es\/ca\/actividades-carnaval-2022\/#primaryimage"},"thumbnailUrl":"https:\/\/santapola.es\/wp-content\/uploads\/2022\/02\/WhatsApp-Image-2022-02-09-at-10.21.50-AM.jpeg","articleSection":["Cultura\/ Fiestas","Inicio"],"inLanguage":"ca"},{"@type":"WebPage","@id":"https:\/\/santapola.es\/ca\/actividades-carnaval-2022\/","url":"https:\/\/santapola.es\/ca\/actividades-carnaval-2022\/","name":"Actividades Carnaval 2022 - Ajuntament de Santa Pola","isPartOf":{"@id":"https:\/\/santapola.es\/ca\/#website"},"primaryImageOfPage":{"@id":"https:\/\/santapola.es\/ca\/actividades-carnaval-2022\/#primaryimage"},"image":{"@id":"https:\/\/santapola.es\/ca\/actividades-carnaval-2022\/#primaryimage"},"thumbnailUrl":"https:\/\/santapola.es\/wp-content\/uploads\/2022\/02\/WhatsApp-Image-2022-02-09-at-10.21.50-AM.jpeg","datePublished":"2022-02-11T07:49:49+00:00","dateModified":"2024-03-07T17:40:19+00:00","author":{"@id":"https:\/\/santapola.es\/ca\/#\/schema\/person\/c08381290b84c068e06ca5dc1f5a08a7"},"breadcrumb":{"@id":"https:\/\/santapola.es\/ca\/actividades-carnaval-2022\/#breadcrumb"},"inLanguage":"ca","potentialAction":[{"@type":"ReadAction","target":["https:\/\/santapola.es\/ca\/actividades-carnaval-2022\/"]}]},{"@type":"ImageObject","inLanguage":"ca","@id":"https:\/\/santapola.es\/ca\/actividades-carnaval-2022\/#primaryimage","url":"https:\/\/santapola.es\/wp-content\/uploads\/2022\/02\/WhatsApp-Image-2022-02-09-at-10.21.50-AM.jpeg","contentUrl":"https:\/\/santapola.es\/wp-content\/uploads\/2022\/02\/WhatsApp-Image-2022-02-09-at-10.21.50-AM.jpeg","width":1131,"height":1600},{"@type":"BreadcrumbList","@id":"https:\/\/santapola.es\/ca\/actividades-carnaval-2022\/#breadcrumb","itemListElement":[{"@type":"ListItem","position":1,"name":"Inici","item":"https:\/\/santapola.es\/ca\/"},{"@type":"ListItem","position":2,"name":"Actividades Carnaval 2022"}]},{"@type":"WebSite","@id":"https:\/\/santapola.es\/ca\/#website","url":"https:\/\/santapola.es\/ca\/","name":"Ayuntamiento de Santa Pola","description":"Web de l'Ajuntament de Santa Pola","potentialAction":[{"@type":"SearchAction","target":{"@type":"EntryPoint","urlTemplate":"https:\/\/santapola.es\/ca\/?s={search_term_string}"},"query-input":{"@type":"PropertyValueSpecification","valueRequired":true,"valueName":"search_term_string"}}],"inLanguage":"ca"},{"@type":"Person","@id":"https:\/\/santapola.es\/ca\/#\/schema\/person\/c08381290b84c068e06ca5dc1f5a08a7","name":"\u00c1rea Municipal Alcald\u00eda"}]}},"_links":{"self":[{"href":"https:\/\/santapola.es\/ca\/wp-json\/wp\/v2\/posts\/15695","targetHints":{"allow":["GET"]}}],"collection":[{"href":"https:\/\/santapola.es\/ca\/wp-json\/wp\/v2\/posts"}],"about":[{"href":"https:\/\/santapola.es\/ca\/wp-json\/wp\/v2\/types\/post"}],"author":[{"embeddable":true,"href":"https:\/\/santapola.es\/ca\/wp-json\/wp\/v2\/users\/75"}],"replies":[{"embeddable":true,"href":"https:\/\/santapola.es\/ca\/wp-json\/wp\/v2\/comments?post=15695"}],"version-history":[{"count":0,"href":"https:\/\/santapola.es\/ca\/wp-json\/wp\/v2\/posts\/15695\/revisions"}],"wp:featuredmedia":[{"embeddable":true,"href":"https:\/\/santapola.es\/ca\/wp-json\/wp\/v2\/media\/15696"}],"wp:attachment":[{"href":"https:\/\/santapola.es\/ca\/wp-json\/wp\/v2\/media?parent=15695"}],"wp:term":[{"taxonomy":"category","embeddable":true,"href":"https:\/\/santapola.es\/ca\/wp-json\/wp\/v2\/categories?post=15695"},{"taxonomy":"post_tag","embeddable":true,"href":"https:\/\/santapola.es\/ca\/wp-json\/wp\/v2\/tags?post=15695"}],"curies":[{"name":"wp","href":"https:\/\/api.w.org\/{rel}","templated":true}]}}