{"id":15692,"date":"2022-02-10T12:27:55","date_gmt":"2022-02-10T11:27:55","guid":{"rendered":"https:\/\/www.santapola.es\/?p=15692"},"modified":"2024-03-07T18:40:18","modified_gmt":"2024-03-07T17:40:18","slug":"santa-pola-organiza-en-las-bibliotecas-municipales-el-ii-ciclo-de-visibilizacion-de-la-mujer-y-la-nina-en-el-mundo","status":"publish","type":"post","link":"https:\/\/santapola.es\/ca\/santa-pola-organiza-en-las-bibliotecas-municipales-el-ii-ciclo-de-visibilizacion-de-la-mujer-y-la-nina-en-el-mundo\/","title":{"rendered":"Santa Pola organiza en las bibliotecas municipales el II ciclo de visibilizaci\u00f3n de la mujer y la ni\u00f1a en el mundo"},"content":{"rendered":"<p>El Ayuntamiento de Santa Pola organiza en \u00a0las Bibliotecas Municipales el &#8220;II Ciclo de Visibilizaci\u00f3n de la Mujer y la Ni\u00f1a en el Mundo&#8221;, con motivo del 11 de febrero, D\u00eda Internacional de la Mujer y la Ni\u00f1a en la Ciencia.<\/p>\n<p>La concejala de Cultura de Santa Pola, Trini Ortiz indica que \u201cesta es la fecha que motiva el inicio del Ciclo de actos para la visibilizaci\u00f3n de la mujer y la ni\u00f1a en el Mundo, organizado por las Bibliotecas de Santa Pola. En esta \u00a0segunda edici\u00f3n programan actividades durante los meses de febrero y marzo incluyendo otra fecha importante como es el D\u00eda Internacional de la Mujer: 8 de marzo\u201d.<\/p>\n<p>Las actividades son:<\/p>\n<p>&#8211; 11 de febrero: una actividad de &#8220;animaci\u00f3n lectora&#8221; cerrada para alumnos de primaria, organizada por las bibliotecas infantiles. Se realiza presencialmente y on line con los colegios y en colaboraci\u00f3n con el CEFIRE ELX.<\/p>\n<p>&#8211; 22 de febrero: Mesa redonda con 5 cient\u00edficas santapoleras que contar\u00e1n su experiencia en el mundo de la ciencia y atender\u00e1n las preguntas de los alumnos de 3\u00ba ESO de los centros educativos de Santa Pola.<\/p>\n<p>&#8211; 8 de marzo: Ruta Violeta realizada con los alumnos de 1\u00aa ESO de Santa Pola.<\/p>\n<p>&#8211; 8 de marzo: Exposici\u00f3n de la fot\u00f3grafa Fina Mari Bonmat\u00ed en la Biblioteca Central<\/p>\n<p>&#8211; 31 de marzo: Poetas en la Biblioteca. Otra actuaci\u00f3n habitual en la Biblioteca po\u00e9tico musical que este mes tendr\u00e1 como protagonistas a mujeres.<\/p>\n<p>&nbsp;<\/p>\n<p>Sobre el acto del d\u00eda 22, &#8220;Mujeres de Santa Pola con ciencia&#8221;. Mesa Redonda. Se trata de una actividad cerrada, es decir sin p\u00fablico salvo los alumnos de 3\u00ba ESO a los que se dirige para que estos tengan m\u00e1s informaci\u00f3n y opciones a la hora de elegir ciencias o letras en su formaci\u00f3n y su futuro. Y sobre todo para que vean de primera mano que la mujer puede elegir ciencias en igualdad.<\/p>\n<p>El acto es presencial y on line para las cient\u00edficas y alumnos que no pueden estar.<\/p>\n<p>Las cient\u00edficas que participar\u00e1n son:<\/p>\n<p>-M\u00aa Dolores Serrano Cayuelas, ingeniera qu\u00edmica e investigadora en el Departamento I\u00a0+ D\u00a0+ i de Bras del Port, S.A. (las Salinas de Santa Pola)<\/p>\n<p>-Marina Mart\u00ednez Soler, graduada en Ciencias del Mar e investigadora en el programa de la mejora gen\u00e9tica de langostinos en Gran Canaria y Ecuador.<\/p>\n<p>-Susana Torres Mart\u00ednez, graduada en Biotecnolog\u00eda en investigadora en el Hospital Universitario de Valencia sobre el c\u00e1ncer de pulm\u00f3n.<\/p>\n<p>Barbara Mar\u00eda Mart\u00ednez Mart\u00ednez, profesora de matem\u00e1ticas en el IES Cap de l&#8217;Aljub.<\/p>\n<p>Franci\u00e1n Tom\u00e1s L\u00f3pez, profesora de Biolog\u00eda en el IES Santa Pola.<\/p>\n<p>&nbsp;<\/p>\n<p>&nbsp;<\/p>\n<p>&nbsp;<\/p>\n<p>&nbsp;<\/p>\n","protected":false},"excerpt":{"rendered":"<p>El Ayuntamiento de Santa Pola organiza en \u00a0las Bibliotecas Municipales el &#8220;II Ciclo de Visibilizaci\u00f3n de la Mujer y la Ni\u00f1a en el Mundo&#8221;, con motivo del 11 de febrero, D\u00eda Internacional de la Mujer y la Ni\u00f1a en la Ciencia. La concejala de Cultura de Santa Pola, Trini Ortiz indica que \u201cesta es la [&hellip;]<\/p>\n","protected":false},"author":75,"featured_media":15693,"comment_status":"closed","ping_status":"closed","sticky":false,"template":"","format":"standard","meta":{"_et_pb_use_builder":"","_et_pb_old_content":"","_et_gb_content_width":"","footnotes":""},"categories":[51,66],"tags":[],"class_list":["post-15692","post","type-post","status-publish","format-standard","has-post-thumbnail","hentry","category-cultura-fiestas","category-inicio"],"yoast_head":"<!-- This site is optimized with the Yoast SEO plugin v27.4 - https:\/\/yoast.com\/product\/yoast-seo-wordpress\/ -->\n<title>Santa Pola organiza en las bibliotecas municipales el II ciclo de visibilizaci\u00f3n de la mujer y la ni\u00f1a en el mundo - Ajuntament de Santa Pola<\/title>\n<meta name=\"robots\" content=\"index, follow, max-snippet:-1, max-image-preview:large, max-video-preview:-1\" \/>\n<link rel=\"canonical\" href=\"https:\/\/santapola.es\/ca\/santa-pola-organiza-en-las-bibliotecas-municipales-el-ii-ciclo-de-visibilizacion-de-la-mujer-y-la-nina-en-el-mundo\/\" \/>\n<meta property=\"og:locale\" content=\"ca_ES\" \/>\n<meta property=\"og:type\" content=\"article\" \/>\n<meta property=\"og:title\" content=\"Santa Pola organiza en las bibliotecas municipales el II ciclo de visibilizaci\u00f3n de la mujer y la ni\u00f1a en el mundo - Ajuntament de Santa Pola\" \/>\n<meta property=\"og:description\" content=\"El Ayuntamiento de Santa Pola organiza en \u00a0las Bibliotecas Municipales el &#8220;II Ciclo de Visibilizaci\u00f3n de la Mujer y la Ni\u00f1a en el Mundo&#8221;, con motivo del 11 de febrero, D\u00eda Internacional de la Mujer y la Ni\u00f1a en la Ciencia. La concejala de Cultura de Santa Pola, Trini Ortiz indica que \u201cesta es la [&hellip;]\" \/>\n<meta property=\"og:url\" content=\"https:\/\/santapola.es\/ca\/santa-pola-organiza-en-las-bibliotecas-municipales-el-ii-ciclo-de-visibilizacion-de-la-mujer-y-la-nina-en-el-mundo\/\" \/>\n<meta property=\"og:site_name\" content=\"Ajuntament de Santa Pola\" \/>\n<meta property=\"article:publisher\" content=\"https:\/\/www.facebook.com\/AyuntamientoSantaPola\/\" \/>\n<meta property=\"article:published_time\" content=\"2022-02-10T11:27:55+00:00\" \/>\n<meta property=\"article:modified_time\" content=\"2024-03-07T17:40:18+00:00\" \/>\n<meta property=\"og:image\" content=\"https:\/\/santapola.es\/wp-content\/uploads\/2022\/02\/cartel-conjunto-castellano-redes-post.png\" \/>\n\t<meta property=\"og:image:width\" content=\"1080\" \/>\n\t<meta property=\"og:image:height\" content=\"1080\" \/>\n\t<meta property=\"og:image:type\" content=\"image\/png\" \/>\n<meta name=\"author\" content=\"\u00c1rea Municipal Alcald\u00eda\" \/>\n<meta name=\"twitter:card\" content=\"summary_large_image\" \/>\n<meta name=\"twitter:creator\" content=\"@SantaPolaAyunt\" \/>\n<meta name=\"twitter:site\" content=\"@SantaPolaAyunt\" \/>\n<script type=\"application\/ld+json\" class=\"yoast-schema-graph\">{\"@context\":\"https:\\\/\\\/schema.org\",\"@graph\":[{\"@type\":\"Article\",\"@id\":\"https:\\\/\\\/santapola.es\\\/ca\\\/santa-pola-organiza-en-las-bibliotecas-municipales-el-ii-ciclo-de-visibilizacion-de-la-mujer-y-la-nina-en-el-mundo\\\/#article\",\"isPartOf\":{\"@id\":\"https:\\\/\\\/santapola.es\\\/ca\\\/santa-pola-organiza-en-las-bibliotecas-municipales-el-ii-ciclo-de-visibilizacion-de-la-mujer-y-la-nina-en-el-mundo\\\/\"},\"author\":{\"name\":\"\u00c1rea Municipal Alcald\u00eda\",\"@id\":\"https:\\\/\\\/santapola.es\\\/ca\\\/#\\\/schema\\\/person\\\/c08381290b84c068e06ca5dc1f5a08a7\"},\"headline\":\"Santa Pola organiza en las bibliotecas municipales el II ciclo de visibilizaci\u00f3n de la mujer y la ni\u00f1a en el mundo\",\"datePublished\":\"2022-02-10T11:27:55+00:00\",\"dateModified\":\"2024-03-07T17:40:18+00:00\",\"mainEntityOfPage\":{\"@id\":\"https:\\\/\\\/santapola.es\\\/ca\\\/santa-pola-organiza-en-las-bibliotecas-municipales-el-ii-ciclo-de-visibilizacion-de-la-mujer-y-la-nina-en-el-mundo\\\/\"},\"wordCount\":485,\"image\":{\"@id\":\"https:\\\/\\\/santapola.es\\\/ca\\\/santa-pola-organiza-en-las-bibliotecas-municipales-el-ii-ciclo-de-visibilizacion-de-la-mujer-y-la-nina-en-el-mundo\\\/#primaryimage\"},\"thumbnailUrl\":\"https:\\\/\\\/santapola.es\\\/wp-content\\\/uploads\\\/2022\\\/02\\\/cartel-conjunto-castellano-redes-post.png\",\"articleSection\":[\"Cultura\\\/ Fiestas\",\"Inicio\"],\"inLanguage\":\"ca\"},{\"@type\":\"WebPage\",\"@id\":\"https:\\\/\\\/santapola.es\\\/ca\\\/santa-pola-organiza-en-las-bibliotecas-municipales-el-ii-ciclo-de-visibilizacion-de-la-mujer-y-la-nina-en-el-mundo\\\/\",\"url\":\"https:\\\/\\\/santapola.es\\\/ca\\\/santa-pola-organiza-en-las-bibliotecas-municipales-el-ii-ciclo-de-visibilizacion-de-la-mujer-y-la-nina-en-el-mundo\\\/\",\"name\":\"Santa Pola organiza en las bibliotecas municipales el II ciclo de visibilizaci\u00f3n de la mujer y la ni\u00f1a en el mundo - Ajuntament de Santa Pola\",\"isPartOf\":{\"@id\":\"https:\\\/\\\/santapola.es\\\/ca\\\/#website\"},\"primaryImageOfPage\":{\"@id\":\"https:\\\/\\\/santapola.es\\\/ca\\\/santa-pola-organiza-en-las-bibliotecas-municipales-el-ii-ciclo-de-visibilizacion-de-la-mujer-y-la-nina-en-el-mundo\\\/#primaryimage\"},\"image\":{\"@id\":\"https:\\\/\\\/santapola.es\\\/ca\\\/santa-pola-organiza-en-las-bibliotecas-municipales-el-ii-ciclo-de-visibilizacion-de-la-mujer-y-la-nina-en-el-mundo\\\/#primaryimage\"},\"thumbnailUrl\":\"https:\\\/\\\/santapola.es\\\/wp-content\\\/uploads\\\/2022\\\/02\\\/cartel-conjunto-castellano-redes-post.png\",\"datePublished\":\"2022-02-10T11:27:55+00:00\",\"dateModified\":\"2024-03-07T17:40:18+00:00\",\"author\":{\"@id\":\"https:\\\/\\\/santapola.es\\\/ca\\\/#\\\/schema\\\/person\\\/c08381290b84c068e06ca5dc1f5a08a7\"},\"breadcrumb\":{\"@id\":\"https:\\\/\\\/santapola.es\\\/ca\\\/santa-pola-organiza-en-las-bibliotecas-municipales-el-ii-ciclo-de-visibilizacion-de-la-mujer-y-la-nina-en-el-mundo\\\/#breadcrumb\"},\"inLanguage\":\"ca\",\"potentialAction\":[{\"@type\":\"ReadAction\",\"target\":[\"https:\\\/\\\/santapola.es\\\/ca\\\/santa-pola-organiza-en-las-bibliotecas-municipales-el-ii-ciclo-de-visibilizacion-de-la-mujer-y-la-nina-en-el-mundo\\\/\"]}]},{\"@type\":\"ImageObject\",\"inLanguage\":\"ca\",\"@id\":\"https:\\\/\\\/santapola.es\\\/ca\\\/santa-pola-organiza-en-las-bibliotecas-municipales-el-ii-ciclo-de-visibilizacion-de-la-mujer-y-la-nina-en-el-mundo\\\/#primaryimage\",\"url\":\"https:\\\/\\\/santapola.es\\\/wp-content\\\/uploads\\\/2022\\\/02\\\/cartel-conjunto-castellano-redes-post.png\",\"contentUrl\":\"https:\\\/\\\/santapola.es\\\/wp-content\\\/uploads\\\/2022\\\/02\\\/cartel-conjunto-castellano-redes-post.png\",\"width\":1080,\"height\":1080},{\"@type\":\"BreadcrumbList\",\"@id\":\"https:\\\/\\\/santapola.es\\\/ca\\\/santa-pola-organiza-en-las-bibliotecas-municipales-el-ii-ciclo-de-visibilizacion-de-la-mujer-y-la-nina-en-el-mundo\\\/#breadcrumb\",\"itemListElement\":[{\"@type\":\"ListItem\",\"position\":1,\"name\":\"Inici\",\"item\":\"https:\\\/\\\/santapola.es\\\/ca\\\/\"},{\"@type\":\"ListItem\",\"position\":2,\"name\":\"Santa Pola organiza en las bibliotecas municipales el II ciclo de visibilizaci\u00f3n de la mujer y la ni\u00f1a en el mundo\"}]},{\"@type\":\"WebSite\",\"@id\":\"https:\\\/\\\/santapola.es\\\/ca\\\/#website\",\"url\":\"https:\\\/\\\/santapola.es\\\/ca\\\/\",\"name\":\"Ayuntamiento de Santa Pola\",\"description\":\"Web de l'Ajuntament de Santa Pola\",\"potentialAction\":[{\"@type\":\"SearchAction\",\"target\":{\"@type\":\"EntryPoint\",\"urlTemplate\":\"https:\\\/\\\/santapola.es\\\/ca\\\/?s={search_term_string}\"},\"query-input\":{\"@type\":\"PropertyValueSpecification\",\"valueRequired\":true,\"valueName\":\"search_term_string\"}}],\"inLanguage\":\"ca\"},{\"@type\":\"Person\",\"@id\":\"https:\\\/\\\/santapola.es\\\/ca\\\/#\\\/schema\\\/person\\\/c08381290b84c068e06ca5dc1f5a08a7\",\"name\":\"\u00c1rea Municipal Alcald\u00eda\"}]}<\/script>\n<!-- \/ Yoast SEO plugin. -->","yoast_head_json":{"title":"Santa Pola organiza en las bibliotecas municipales el II ciclo de visibilizaci\u00f3n de la mujer y la ni\u00f1a en el mundo - Ajuntament de Santa Pola","robots":{"index":"index","follow":"follow","max-snippet":"max-snippet:-1","max-image-preview":"max-image-preview:large","max-video-preview":"max-video-preview:-1"},"canonical":"https:\/\/santapola.es\/ca\/santa-pola-organiza-en-las-bibliotecas-municipales-el-ii-ciclo-de-visibilizacion-de-la-mujer-y-la-nina-en-el-mundo\/","og_locale":"ca_ES","og_type":"article","og_title":"Santa Pola organiza en las bibliotecas municipales el II ciclo de visibilizaci\u00f3n de la mujer y la ni\u00f1a en el mundo - Ajuntament de Santa Pola","og_description":"El Ayuntamiento de Santa Pola organiza en \u00a0las Bibliotecas Municipales el &#8220;II Ciclo de Visibilizaci\u00f3n de la Mujer y la Ni\u00f1a en el Mundo&#8221;, con motivo del 11 de febrero, D\u00eda Internacional de la Mujer y la Ni\u00f1a en la Ciencia. La concejala de Cultura de Santa Pola, Trini Ortiz indica que \u201cesta es la [&hellip;]","og_url":"https:\/\/santapola.es\/ca\/santa-pola-organiza-en-las-bibliotecas-municipales-el-ii-ciclo-de-visibilizacion-de-la-mujer-y-la-nina-en-el-mundo\/","og_site_name":"Ajuntament de Santa Pola","article_publisher":"https:\/\/www.facebook.com\/AyuntamientoSantaPola\/","article_published_time":"2022-02-10T11:27:55+00:00","article_modified_time":"2024-03-07T17:40:18+00:00","og_image":[{"width":1080,"height":1080,"url":"https:\/\/santapola.es\/wp-content\/uploads\/2022\/02\/cartel-conjunto-castellano-redes-post.png","type":"image\/png"}],"author":"\u00c1rea Municipal Alcald\u00eda","twitter_card":"summary_large_image","twitter_creator":"@SantaPolaAyunt","twitter_site":"@SantaPolaAyunt","schema":{"@context":"https:\/\/schema.org","@graph":[{"@type":"Article","@id":"https:\/\/santapola.es\/ca\/santa-pola-organiza-en-las-bibliotecas-municipales-el-ii-ciclo-de-visibilizacion-de-la-mujer-y-la-nina-en-el-mundo\/#article","isPartOf":{"@id":"https:\/\/santapola.es\/ca\/santa-pola-organiza-en-las-bibliotecas-municipales-el-ii-ciclo-de-visibilizacion-de-la-mujer-y-la-nina-en-el-mundo\/"},"author":{"name":"\u00c1rea Municipal Alcald\u00eda","@id":"https:\/\/santapola.es\/ca\/#\/schema\/person\/c08381290b84c068e06ca5dc1f5a08a7"},"headline":"Santa Pola organiza en las bibliotecas municipales el II ciclo de visibilizaci\u00f3n de la mujer y la ni\u00f1a en el mundo","datePublished":"2022-02-10T11:27:55+00:00","dateModified":"2024-03-07T17:40:18+00:00","mainEntityOfPage":{"@id":"https:\/\/santapola.es\/ca\/santa-pola-organiza-en-las-bibliotecas-municipales-el-ii-ciclo-de-visibilizacion-de-la-mujer-y-la-nina-en-el-mundo\/"},"wordCount":485,"image":{"@id":"https:\/\/santapola.es\/ca\/santa-pola-organiza-en-las-bibliotecas-municipales-el-ii-ciclo-de-visibilizacion-de-la-mujer-y-la-nina-en-el-mundo\/#primaryimage"},"thumbnailUrl":"https:\/\/santapola.es\/wp-content\/uploads\/2022\/02\/cartel-conjunto-castellano-redes-post.png","articleSection":["Cultura\/ Fiestas","Inicio"],"inLanguage":"ca"},{"@type":"WebPage","@id":"https:\/\/santapola.es\/ca\/santa-pola-organiza-en-las-bibliotecas-municipales-el-ii-ciclo-de-visibilizacion-de-la-mujer-y-la-nina-en-el-mundo\/","url":"https:\/\/santapola.es\/ca\/santa-pola-organiza-en-las-bibliotecas-municipales-el-ii-ciclo-de-visibilizacion-de-la-mujer-y-la-nina-en-el-mundo\/","name":"Santa Pola organiza en las bibliotecas municipales el II ciclo de visibilizaci\u00f3n de la mujer y la ni\u00f1a en el mundo - Ajuntament de Santa Pola","isPartOf":{"@id":"https:\/\/santapola.es\/ca\/#website"},"primaryImageOfPage":{"@id":"https:\/\/santapola.es\/ca\/santa-pola-organiza-en-las-bibliotecas-municipales-el-ii-ciclo-de-visibilizacion-de-la-mujer-y-la-nina-en-el-mundo\/#primaryimage"},"image":{"@id":"https:\/\/santapola.es\/ca\/santa-pola-organiza-en-las-bibliotecas-municipales-el-ii-ciclo-de-visibilizacion-de-la-mujer-y-la-nina-en-el-mundo\/#primaryimage"},"thumbnailUrl":"https:\/\/santapola.es\/wp-content\/uploads\/2022\/02\/cartel-conjunto-castellano-redes-post.png","datePublished":"2022-02-10T11:27:55+00:00","dateModified":"2024-03-07T17:40:18+00:00","author":{"@id":"https:\/\/santapola.es\/ca\/#\/schema\/person\/c08381290b84c068e06ca5dc1f5a08a7"},"breadcrumb":{"@id":"https:\/\/santapola.es\/ca\/santa-pola-organiza-en-las-bibliotecas-municipales-el-ii-ciclo-de-visibilizacion-de-la-mujer-y-la-nina-en-el-mundo\/#breadcrumb"},"inLanguage":"ca","potentialAction":[{"@type":"ReadAction","target":["https:\/\/santapola.es\/ca\/santa-pola-organiza-en-las-bibliotecas-municipales-el-ii-ciclo-de-visibilizacion-de-la-mujer-y-la-nina-en-el-mundo\/"]}]},{"@type":"ImageObject","inLanguage":"ca","@id":"https:\/\/santapola.es\/ca\/santa-pola-organiza-en-las-bibliotecas-municipales-el-ii-ciclo-de-visibilizacion-de-la-mujer-y-la-nina-en-el-mundo\/#primaryimage","url":"https:\/\/santapola.es\/wp-content\/uploads\/2022\/02\/cartel-conjunto-castellano-redes-post.png","contentUrl":"https:\/\/santapola.es\/wp-content\/uploads\/2022\/02\/cartel-conjunto-castellano-redes-post.png","width":1080,"height":1080},{"@type":"BreadcrumbList","@id":"https:\/\/santapola.es\/ca\/santa-pola-organiza-en-las-bibliotecas-municipales-el-ii-ciclo-de-visibilizacion-de-la-mujer-y-la-nina-en-el-mundo\/#breadcrumb","itemListElement":[{"@type":"ListItem","position":1,"name":"Inici","item":"https:\/\/santapola.es\/ca\/"},{"@type":"ListItem","position":2,"name":"Santa Pola organiza en las bibliotecas municipales el II ciclo de visibilizaci\u00f3n de la mujer y la ni\u00f1a en el mundo"}]},{"@type":"WebSite","@id":"https:\/\/santapola.es\/ca\/#website","url":"https:\/\/santapola.es\/ca\/","name":"Ayuntamiento de Santa Pola","description":"Web de l'Ajuntament de Santa Pola","potentialAction":[{"@type":"SearchAction","target":{"@type":"EntryPoint","urlTemplate":"https:\/\/santapola.es\/ca\/?s={search_term_string}"},"query-input":{"@type":"PropertyValueSpecification","valueRequired":true,"valueName":"search_term_string"}}],"inLanguage":"ca"},{"@type":"Person","@id":"https:\/\/santapola.es\/ca\/#\/schema\/person\/c08381290b84c068e06ca5dc1f5a08a7","name":"\u00c1rea Municipal Alcald\u00eda"}]}},"_links":{"self":[{"href":"https:\/\/santapola.es\/ca\/wp-json\/wp\/v2\/posts\/15692","targetHints":{"allow":["GET"]}}],"collection":[{"href":"https:\/\/santapola.es\/ca\/wp-json\/wp\/v2\/posts"}],"about":[{"href":"https:\/\/santapola.es\/ca\/wp-json\/wp\/v2\/types\/post"}],"author":[{"embeddable":true,"href":"https:\/\/santapola.es\/ca\/wp-json\/wp\/v2\/users\/75"}],"replies":[{"embeddable":true,"href":"https:\/\/santapola.es\/ca\/wp-json\/wp\/v2\/comments?post=15692"}],"version-history":[{"count":0,"href":"https:\/\/santapola.es\/ca\/wp-json\/wp\/v2\/posts\/15692\/revisions"}],"wp:featuredmedia":[{"embeddable":true,"href":"https:\/\/santapola.es\/ca\/wp-json\/wp\/v2\/media\/15693"}],"wp:attachment":[{"href":"https:\/\/santapola.es\/ca\/wp-json\/wp\/v2\/media?parent=15692"}],"wp:term":[{"taxonomy":"category","embeddable":true,"href":"https:\/\/santapola.es\/ca\/wp-json\/wp\/v2\/categories?post=15692"},{"taxonomy":"post_tag","embeddable":true,"href":"https:\/\/santapola.es\/ca\/wp-json\/wp\/v2\/tags?post=15692"}],"curies":[{"name":"wp","href":"https:\/\/api.w.org\/{rel}","templated":true}]}}