{"id":15626,"date":"2022-01-11T18:22:39","date_gmt":"2022-01-11T17:22:39","guid":{"rendered":"https:\/\/www.santapola.es\/?p=15626"},"modified":"2024-03-07T18:40:13","modified_gmt":"2024-03-07T17:40:13","slug":"santa-pola-refuerza-el-area-de-bienestar-social-con-5-nuevos-trabajadores-para-mejorar-la-atencion-al-ciudadano","status":"publish","type":"post","link":"https:\/\/santapola.es\/ca\/santa-pola-refuerza-el-area-de-bienestar-social-con-5-nuevos-trabajadores-para-mejorar-la-atencion-al-ciudadano\/","title":{"rendered":"Santa Pola refuerza el \u00e1rea de Bienestar Social con 5 nuevos trabajadores para mejorar la atenci\u00f3n al ciudadano"},"content":{"rendered":"<p>La Concejal\u00eda de Bienestar Social del Ayuntamiento de Santa Pola ha incorporado con el inicio de 2022 a cinco nuevos trabajadores que reforzar\u00e1n el \u00e1rea de atenci\u00f3n primaria de la concejal\u00eda.<br \/>\nSe trata de 2 psic\u00f3logas, una trabajadora social, una educadora social y una abogada con el objetivo de mejorar la atenci\u00f3n al ciudadano.<br \/>\nLa concejala Gela Roche asegura que \u201ccon estas 5 incorporaciones a la concejal\u00eda vamos a poder ampliar los servicios de Bienestar Social, sobre todo hacer hincapi\u00e9 en la atenci\u00f3n personalizada que damos a los usuarios que as\u00ed lo necesitan. Durante este 2022 vamos a incorporar a m\u00e1s personal para el \u00e1rea con al, menos, una decena de incorporaciones en intervenci\u00f3n social, la unidad de igualdad, y la unidad de infancia, adem\u00e1s de personal de apoyo administrativo que es muy necesario para el desarrollo del trabajo de la concejal\u00eda\u201d.<\/p>\n<p>Roche ha querido subrayar \u201cel gran trabajo que est\u00e1 haciendo el equipo de Bienestar Social, que ha trabajado y lo sigue haciendo sin descanso durante toda la pandemia, donde la administraci\u00f3n local ha llevado la mayor\u00eda del peso de la atenci\u00f3n al ciudadano. El equipo de Servicios Sociales del Ayuntamiento de Santa Pola es un ejemplo de servicios p\u00fablico y de ayuda al ciudadano que m\u00e1s lo necesita\u201d. Las contrataciones se realizan a trav\u00e9s de una subvenci\u00f3n de la Generalitat.<\/p>\n","protected":false},"excerpt":{"rendered":"<p>La Concejal\u00eda de Bienestar Social del Ayuntamiento de Santa Pola ha incorporado con el inicio de 2022 a cinco nuevos trabajadores que reforzar\u00e1n el \u00e1rea de atenci\u00f3n primaria de la concejal\u00eda. Se trata de 2 psic\u00f3logas, una trabajadora social, una educadora social y una abogada con el objetivo de mejorar la atenci\u00f3n al ciudadano. La [&hellip;]<\/p>\n","protected":false},"author":75,"featured_media":15627,"comment_status":"closed","ping_status":"closed","sticky":false,"template":"","format":"standard","meta":{"_et_pb_use_builder":"","_et_pb_old_content":"","_et_gb_content_width":"","footnotes":""},"categories":[53,66],"tags":[],"class_list":["post-15626","post","type-post","status-publish","format-standard","has-post-thumbnail","hentry","category-igualdad-diversidad-ac-social-vivienda","category-inicio"],"yoast_head":"<!-- This site is optimized with the Yoast SEO plugin v27.4 - https:\/\/yoast.com\/product\/yoast-seo-wordpress\/ -->\n<title>Santa Pola refuerza el \u00e1rea de Bienestar Social con 5 nuevos trabajadores para mejorar la atenci\u00f3n al ciudadano - Ajuntament de Santa Pola<\/title>\n<meta name=\"robots\" content=\"index, follow, max-snippet:-1, max-image-preview:large, max-video-preview:-1\" \/>\n<link rel=\"canonical\" href=\"https:\/\/santapola.es\/ca\/santa-pola-refuerza-el-area-de-bienestar-social-con-5-nuevos-trabajadores-para-mejorar-la-atencion-al-ciudadano\/\" \/>\n<meta property=\"og:locale\" content=\"ca_ES\" \/>\n<meta property=\"og:type\" content=\"article\" \/>\n<meta property=\"og:title\" content=\"Santa Pola refuerza el \u00e1rea de Bienestar Social con 5 nuevos trabajadores para mejorar la atenci\u00f3n al ciudadano - Ajuntament de Santa Pola\" \/>\n<meta property=\"og:description\" content=\"La Concejal\u00eda de Bienestar Social del Ayuntamiento de Santa Pola ha incorporado con el inicio de 2022 a cinco nuevos trabajadores que reforzar\u00e1n el \u00e1rea de atenci\u00f3n primaria de la concejal\u00eda. Se trata de 2 psic\u00f3logas, una trabajadora social, una educadora social y una abogada con el objetivo de mejorar la atenci\u00f3n al ciudadano. La [&hellip;]\" \/>\n<meta property=\"og:url\" content=\"https:\/\/santapola.es\/ca\/santa-pola-refuerza-el-area-de-bienestar-social-con-5-nuevos-trabajadores-para-mejorar-la-atencion-al-ciudadano\/\" \/>\n<meta property=\"og:site_name\" content=\"Ajuntament de Santa Pola\" \/>\n<meta property=\"article:publisher\" content=\"https:\/\/www.facebook.com\/AyuntamientoSantaPola\/\" \/>\n<meta property=\"article:published_time\" content=\"2022-01-11T17:22:39+00:00\" \/>\n<meta property=\"article:modified_time\" content=\"2024-03-07T17:40:13+00:00\" \/>\n<meta property=\"og:image\" content=\"https:\/\/santapola.es\/wp-content\/uploads\/2022\/01\/ayudas-mayores-ayuda-domicilio-teleasistencia.png\" \/>\n\t<meta property=\"og:image:width\" content=\"2172\" \/>\n\t<meta property=\"og:image:height\" content=\"1450\" \/>\n\t<meta property=\"og:image:type\" content=\"image\/png\" \/>\n<meta name=\"author\" content=\"\u00c1rea Municipal Alcald\u00eda\" \/>\n<meta name=\"twitter:card\" content=\"summary_large_image\" \/>\n<meta name=\"twitter:creator\" content=\"@SantaPolaAyunt\" \/>\n<meta name=\"twitter:site\" content=\"@SantaPolaAyunt\" \/>\n<script type=\"application\/ld+json\" class=\"yoast-schema-graph\">{\"@context\":\"https:\\\/\\\/schema.org\",\"@graph\":[{\"@type\":\"Article\",\"@id\":\"https:\\\/\\\/santapola.es\\\/ca\\\/santa-pola-refuerza-el-area-de-bienestar-social-con-5-nuevos-trabajadores-para-mejorar-la-atencion-al-ciudadano\\\/#article\",\"isPartOf\":{\"@id\":\"https:\\\/\\\/santapola.es\\\/ca\\\/santa-pola-refuerza-el-area-de-bienestar-social-con-5-nuevos-trabajadores-para-mejorar-la-atencion-al-ciudadano\\\/\"},\"author\":{\"name\":\"\u00c1rea Municipal Alcald\u00eda\",\"@id\":\"https:\\\/\\\/santapola.es\\\/ca\\\/#\\\/schema\\\/person\\\/c08381290b84c068e06ca5dc1f5a08a7\"},\"headline\":\"Santa Pola refuerza el \u00e1rea de Bienestar Social con 5 nuevos trabajadores para mejorar la atenci\u00f3n al ciudadano\",\"datePublished\":\"2022-01-11T17:22:39+00:00\",\"dateModified\":\"2024-03-07T17:40:13+00:00\",\"mainEntityOfPage\":{\"@id\":\"https:\\\/\\\/santapola.es\\\/ca\\\/santa-pola-refuerza-el-area-de-bienestar-social-con-5-nuevos-trabajadores-para-mejorar-la-atencion-al-ciudadano\\\/\"},\"wordCount\":255,\"image\":{\"@id\":\"https:\\\/\\\/santapola.es\\\/ca\\\/santa-pola-refuerza-el-area-de-bienestar-social-con-5-nuevos-trabajadores-para-mejorar-la-atencion-al-ciudadano\\\/#primaryimage\"},\"thumbnailUrl\":\"https:\\\/\\\/santapola.es\\\/wp-content\\\/uploads\\\/2022\\\/01\\\/ayudas-mayores-ayuda-domicilio-teleasistencia.png\",\"articleSection\":[\"Igualdad\\\/ Diversidad\\\/ Ac Social\\\/ Vivienda\",\"Inicio\"],\"inLanguage\":\"ca\"},{\"@type\":\"WebPage\",\"@id\":\"https:\\\/\\\/santapola.es\\\/ca\\\/santa-pola-refuerza-el-area-de-bienestar-social-con-5-nuevos-trabajadores-para-mejorar-la-atencion-al-ciudadano\\\/\",\"url\":\"https:\\\/\\\/santapola.es\\\/ca\\\/santa-pola-refuerza-el-area-de-bienestar-social-con-5-nuevos-trabajadores-para-mejorar-la-atencion-al-ciudadano\\\/\",\"name\":\"Santa Pola refuerza el \u00e1rea de Bienestar Social con 5 nuevos trabajadores para mejorar la atenci\u00f3n al ciudadano - Ajuntament de Santa Pola\",\"isPartOf\":{\"@id\":\"https:\\\/\\\/santapola.es\\\/ca\\\/#website\"},\"primaryImageOfPage\":{\"@id\":\"https:\\\/\\\/santapola.es\\\/ca\\\/santa-pola-refuerza-el-area-de-bienestar-social-con-5-nuevos-trabajadores-para-mejorar-la-atencion-al-ciudadano\\\/#primaryimage\"},\"image\":{\"@id\":\"https:\\\/\\\/santapola.es\\\/ca\\\/santa-pola-refuerza-el-area-de-bienestar-social-con-5-nuevos-trabajadores-para-mejorar-la-atencion-al-ciudadano\\\/#primaryimage\"},\"thumbnailUrl\":\"https:\\\/\\\/santapola.es\\\/wp-content\\\/uploads\\\/2022\\\/01\\\/ayudas-mayores-ayuda-domicilio-teleasistencia.png\",\"datePublished\":\"2022-01-11T17:22:39+00:00\",\"dateModified\":\"2024-03-07T17:40:13+00:00\",\"author\":{\"@id\":\"https:\\\/\\\/santapola.es\\\/ca\\\/#\\\/schema\\\/person\\\/c08381290b84c068e06ca5dc1f5a08a7\"},\"breadcrumb\":{\"@id\":\"https:\\\/\\\/santapola.es\\\/ca\\\/santa-pola-refuerza-el-area-de-bienestar-social-con-5-nuevos-trabajadores-para-mejorar-la-atencion-al-ciudadano\\\/#breadcrumb\"},\"inLanguage\":\"ca\",\"potentialAction\":[{\"@type\":\"ReadAction\",\"target\":[\"https:\\\/\\\/santapola.es\\\/ca\\\/santa-pola-refuerza-el-area-de-bienestar-social-con-5-nuevos-trabajadores-para-mejorar-la-atencion-al-ciudadano\\\/\"]}]},{\"@type\":\"ImageObject\",\"inLanguage\":\"ca\",\"@id\":\"https:\\\/\\\/santapola.es\\\/ca\\\/santa-pola-refuerza-el-area-de-bienestar-social-con-5-nuevos-trabajadores-para-mejorar-la-atencion-al-ciudadano\\\/#primaryimage\",\"url\":\"https:\\\/\\\/santapola.es\\\/wp-content\\\/uploads\\\/2022\\\/01\\\/ayudas-mayores-ayuda-domicilio-teleasistencia.png\",\"contentUrl\":\"https:\\\/\\\/santapola.es\\\/wp-content\\\/uploads\\\/2022\\\/01\\\/ayudas-mayores-ayuda-domicilio-teleasistencia.png\",\"width\":2172,\"height\":1450},{\"@type\":\"BreadcrumbList\",\"@id\":\"https:\\\/\\\/santapola.es\\\/ca\\\/santa-pola-refuerza-el-area-de-bienestar-social-con-5-nuevos-trabajadores-para-mejorar-la-atencion-al-ciudadano\\\/#breadcrumb\",\"itemListElement\":[{\"@type\":\"ListItem\",\"position\":1,\"name\":\"Inici\",\"item\":\"https:\\\/\\\/santapola.es\\\/ca\\\/\"},{\"@type\":\"ListItem\",\"position\":2,\"name\":\"Santa Pola refuerza el \u00e1rea de Bienestar Social con 5 nuevos trabajadores para mejorar la atenci\u00f3n al ciudadano\"}]},{\"@type\":\"WebSite\",\"@id\":\"https:\\\/\\\/santapola.es\\\/ca\\\/#website\",\"url\":\"https:\\\/\\\/santapola.es\\\/ca\\\/\",\"name\":\"Ayuntamiento de Santa Pola\",\"description\":\"Web de l'Ajuntament de Santa Pola\",\"potentialAction\":[{\"@type\":\"SearchAction\",\"target\":{\"@type\":\"EntryPoint\",\"urlTemplate\":\"https:\\\/\\\/santapola.es\\\/ca\\\/?s={search_term_string}\"},\"query-input\":{\"@type\":\"PropertyValueSpecification\",\"valueRequired\":true,\"valueName\":\"search_term_string\"}}],\"inLanguage\":\"ca\"},{\"@type\":\"Person\",\"@id\":\"https:\\\/\\\/santapola.es\\\/ca\\\/#\\\/schema\\\/person\\\/c08381290b84c068e06ca5dc1f5a08a7\",\"name\":\"\u00c1rea Municipal Alcald\u00eda\"}]}<\/script>\n<!-- \/ Yoast SEO plugin. -->","yoast_head_json":{"title":"Santa Pola refuerza el \u00e1rea de Bienestar Social con 5 nuevos trabajadores para mejorar la atenci\u00f3n al ciudadano - Ajuntament de Santa Pola","robots":{"index":"index","follow":"follow","max-snippet":"max-snippet:-1","max-image-preview":"max-image-preview:large","max-video-preview":"max-video-preview:-1"},"canonical":"https:\/\/santapola.es\/ca\/santa-pola-refuerza-el-area-de-bienestar-social-con-5-nuevos-trabajadores-para-mejorar-la-atencion-al-ciudadano\/","og_locale":"ca_ES","og_type":"article","og_title":"Santa Pola refuerza el \u00e1rea de Bienestar Social con 5 nuevos trabajadores para mejorar la atenci\u00f3n al ciudadano - Ajuntament de Santa Pola","og_description":"La Concejal\u00eda de Bienestar Social del Ayuntamiento de Santa Pola ha incorporado con el inicio de 2022 a cinco nuevos trabajadores que reforzar\u00e1n el \u00e1rea de atenci\u00f3n primaria de la concejal\u00eda. Se trata de 2 psic\u00f3logas, una trabajadora social, una educadora social y una abogada con el objetivo de mejorar la atenci\u00f3n al ciudadano. La [&hellip;]","og_url":"https:\/\/santapola.es\/ca\/santa-pola-refuerza-el-area-de-bienestar-social-con-5-nuevos-trabajadores-para-mejorar-la-atencion-al-ciudadano\/","og_site_name":"Ajuntament de Santa Pola","article_publisher":"https:\/\/www.facebook.com\/AyuntamientoSantaPola\/","article_published_time":"2022-01-11T17:22:39+00:00","article_modified_time":"2024-03-07T17:40:13+00:00","og_image":[{"width":2172,"height":1450,"url":"https:\/\/santapola.es\/wp-content\/uploads\/2022\/01\/ayudas-mayores-ayuda-domicilio-teleasistencia.png","type":"image\/png"}],"author":"\u00c1rea Municipal Alcald\u00eda","twitter_card":"summary_large_image","twitter_creator":"@SantaPolaAyunt","twitter_site":"@SantaPolaAyunt","schema":{"@context":"https:\/\/schema.org","@graph":[{"@type":"Article","@id":"https:\/\/santapola.es\/ca\/santa-pola-refuerza-el-area-de-bienestar-social-con-5-nuevos-trabajadores-para-mejorar-la-atencion-al-ciudadano\/#article","isPartOf":{"@id":"https:\/\/santapola.es\/ca\/santa-pola-refuerza-el-area-de-bienestar-social-con-5-nuevos-trabajadores-para-mejorar-la-atencion-al-ciudadano\/"},"author":{"name":"\u00c1rea Municipal Alcald\u00eda","@id":"https:\/\/santapola.es\/ca\/#\/schema\/person\/c08381290b84c068e06ca5dc1f5a08a7"},"headline":"Santa Pola refuerza el \u00e1rea de Bienestar Social con 5 nuevos trabajadores para mejorar la atenci\u00f3n al ciudadano","datePublished":"2022-01-11T17:22:39+00:00","dateModified":"2024-03-07T17:40:13+00:00","mainEntityOfPage":{"@id":"https:\/\/santapola.es\/ca\/santa-pola-refuerza-el-area-de-bienestar-social-con-5-nuevos-trabajadores-para-mejorar-la-atencion-al-ciudadano\/"},"wordCount":255,"image":{"@id":"https:\/\/santapola.es\/ca\/santa-pola-refuerza-el-area-de-bienestar-social-con-5-nuevos-trabajadores-para-mejorar-la-atencion-al-ciudadano\/#primaryimage"},"thumbnailUrl":"https:\/\/santapola.es\/wp-content\/uploads\/2022\/01\/ayudas-mayores-ayuda-domicilio-teleasistencia.png","articleSection":["Igualdad\/ Diversidad\/ Ac Social\/ Vivienda","Inicio"],"inLanguage":"ca"},{"@type":"WebPage","@id":"https:\/\/santapola.es\/ca\/santa-pola-refuerza-el-area-de-bienestar-social-con-5-nuevos-trabajadores-para-mejorar-la-atencion-al-ciudadano\/","url":"https:\/\/santapola.es\/ca\/santa-pola-refuerza-el-area-de-bienestar-social-con-5-nuevos-trabajadores-para-mejorar-la-atencion-al-ciudadano\/","name":"Santa Pola refuerza el \u00e1rea de Bienestar Social con 5 nuevos trabajadores para mejorar la atenci\u00f3n al ciudadano - Ajuntament de Santa Pola","isPartOf":{"@id":"https:\/\/santapola.es\/ca\/#website"},"primaryImageOfPage":{"@id":"https:\/\/santapola.es\/ca\/santa-pola-refuerza-el-area-de-bienestar-social-con-5-nuevos-trabajadores-para-mejorar-la-atencion-al-ciudadano\/#primaryimage"},"image":{"@id":"https:\/\/santapola.es\/ca\/santa-pola-refuerza-el-area-de-bienestar-social-con-5-nuevos-trabajadores-para-mejorar-la-atencion-al-ciudadano\/#primaryimage"},"thumbnailUrl":"https:\/\/santapola.es\/wp-content\/uploads\/2022\/01\/ayudas-mayores-ayuda-domicilio-teleasistencia.png","datePublished":"2022-01-11T17:22:39+00:00","dateModified":"2024-03-07T17:40:13+00:00","author":{"@id":"https:\/\/santapola.es\/ca\/#\/schema\/person\/c08381290b84c068e06ca5dc1f5a08a7"},"breadcrumb":{"@id":"https:\/\/santapola.es\/ca\/santa-pola-refuerza-el-area-de-bienestar-social-con-5-nuevos-trabajadores-para-mejorar-la-atencion-al-ciudadano\/#breadcrumb"},"inLanguage":"ca","potentialAction":[{"@type":"ReadAction","target":["https:\/\/santapola.es\/ca\/santa-pola-refuerza-el-area-de-bienestar-social-con-5-nuevos-trabajadores-para-mejorar-la-atencion-al-ciudadano\/"]}]},{"@type":"ImageObject","inLanguage":"ca","@id":"https:\/\/santapola.es\/ca\/santa-pola-refuerza-el-area-de-bienestar-social-con-5-nuevos-trabajadores-para-mejorar-la-atencion-al-ciudadano\/#primaryimage","url":"https:\/\/santapola.es\/wp-content\/uploads\/2022\/01\/ayudas-mayores-ayuda-domicilio-teleasistencia.png","contentUrl":"https:\/\/santapola.es\/wp-content\/uploads\/2022\/01\/ayudas-mayores-ayuda-domicilio-teleasistencia.png","width":2172,"height":1450},{"@type":"BreadcrumbList","@id":"https:\/\/santapola.es\/ca\/santa-pola-refuerza-el-area-de-bienestar-social-con-5-nuevos-trabajadores-para-mejorar-la-atencion-al-ciudadano\/#breadcrumb","itemListElement":[{"@type":"ListItem","position":1,"name":"Inici","item":"https:\/\/santapola.es\/ca\/"},{"@type":"ListItem","position":2,"name":"Santa Pola refuerza el \u00e1rea de Bienestar Social con 5 nuevos trabajadores para mejorar la atenci\u00f3n al ciudadano"}]},{"@type":"WebSite","@id":"https:\/\/santapola.es\/ca\/#website","url":"https:\/\/santapola.es\/ca\/","name":"Ayuntamiento de Santa Pola","description":"Web de l'Ajuntament de Santa Pola","potentialAction":[{"@type":"SearchAction","target":{"@type":"EntryPoint","urlTemplate":"https:\/\/santapola.es\/ca\/?s={search_term_string}"},"query-input":{"@type":"PropertyValueSpecification","valueRequired":true,"valueName":"search_term_string"}}],"inLanguage":"ca"},{"@type":"Person","@id":"https:\/\/santapola.es\/ca\/#\/schema\/person\/c08381290b84c068e06ca5dc1f5a08a7","name":"\u00c1rea Municipal Alcald\u00eda"}]}},"_links":{"self":[{"href":"https:\/\/santapola.es\/ca\/wp-json\/wp\/v2\/posts\/15626","targetHints":{"allow":["GET"]}}],"collection":[{"href":"https:\/\/santapola.es\/ca\/wp-json\/wp\/v2\/posts"}],"about":[{"href":"https:\/\/santapola.es\/ca\/wp-json\/wp\/v2\/types\/post"}],"author":[{"embeddable":true,"href":"https:\/\/santapola.es\/ca\/wp-json\/wp\/v2\/users\/75"}],"replies":[{"embeddable":true,"href":"https:\/\/santapola.es\/ca\/wp-json\/wp\/v2\/comments?post=15626"}],"version-history":[{"count":0,"href":"https:\/\/santapola.es\/ca\/wp-json\/wp\/v2\/posts\/15626\/revisions"}],"wp:featuredmedia":[{"embeddable":true,"href":"https:\/\/santapola.es\/ca\/wp-json\/wp\/v2\/media\/15627"}],"wp:attachment":[{"href":"https:\/\/santapola.es\/ca\/wp-json\/wp\/v2\/media?parent=15626"}],"wp:term":[{"taxonomy":"category","embeddable":true,"href":"https:\/\/santapola.es\/ca\/wp-json\/wp\/v2\/categories?post=15626"},{"taxonomy":"post_tag","embeddable":true,"href":"https:\/\/santapola.es\/ca\/wp-json\/wp\/v2\/tags?post=15626"}],"curies":[{"name":"wp","href":"https:\/\/api.w.org\/{rel}","templated":true}]}}