{"id":15518,"date":"2021-11-19T13:55:31","date_gmt":"2021-11-19T12:55:31","guid":{"rendered":"https:\/\/www.santapola.es\/?p=15518"},"modified":"2024-03-07T18:40:11","modified_gmt":"2024-03-07T17:40:11","slug":"campana-y-actividades-conmemoracion-25n","status":"publish","type":"post","link":"https:\/\/santapola.es\/ca\/campana-y-actividades-conmemoracion-25n\/","title":{"rendered":"Campa\u00f1a y actividades conmemoraci\u00f3n 25N"},"content":{"rendered":"<p>El Ayuntamiento de Santa Pola, a trav\u00e9s de su Concejal\u00eda de Igualdad, organiza la siguiente programaci\u00f3n de actividades para conmemorar y sensibilizar por el D\u00eda Internacional de la Eliminaci\u00f3n de la Violencia contra la Mujer, que se celebra anualmente el 25 de noviembre para denunciar la discriminaci\u00f3n por g\u00e9nero, ejercida por hombres hacia mujeres en todo el mundo y reclamar pol\u00edticas en todos los pa\u00edses para su eliminaci\u00f3n.<\/p>\n<p><strong>CAMPA\u00d1A DE COMUNICACI\u00d3N INSTITUCIONAL<\/strong><\/p>\n<p style=\"text-align: justify;\">Con el objetivo de visibilizar, clarificar y sensibilizar al p\u00fablico general y de todas las edades sobre la gravedad de la violencia de g\u00e9nero, se plantea una campa\u00f1a visual explicativa basada en una red de metro donde cada l\u00ednea contendr\u00e1 un tipo diferente de violencia (f\u00edsica, psicol\u00f3gica, micromachismos, sexual etc&#8230;). Cada estaci\u00f3n de dichas l\u00edneas, ser\u00e1n ejemplos concretos del tipo de violencia del que trate la l\u00ednea.<\/p>\n<p style=\"text-align: justify;\">Como cualquier mapa, contendr\u00e1 una leyenda con un c\u00f3digo de colores donde se explicar\u00e1 el contenido de cada l\u00ednea. El slogan que se plantea para la campa\u00f1a es \u201cPr\u00f3xima Estaci\u00f3n, NO VIOLENCIA &#8211; RESPETO\u201d.<\/p>\n<p style=\"text-align: justify;\">La intenci\u00f3n del mensaje es que est\u00e9s en la estaci\u00f3n que est\u00e9s, ya sea un tipo de violencia expl\u00edcita o un micromachismo, tu pr\u00f3xima estaci\u00f3n debe ser la del respeto y crearemos mensajes que lanzaremos a la ciudadan\u00eda para crear conciencia cr\u00edtica.<\/p>\n<p style=\"text-align: justify;\">Desde los CENTRO EDUCATIVOS representados por CONVIPOLA (conjunto de personas coordinadoras de igualdad, inclusi\u00f3n y convivencia, de los centros educativos de Gran Alacant y Santa Pola, coordinados con Igualdad, Juventud (Rac\u00f3 Jove) y Cultura (Bibliotecas municipales) se llevar\u00e1n a cabo las siguientes acciones:<\/p>\n<p style=\"text-align: justify;\"><strong>RUTA ESCOLAR LIBRE DE VIOLENCIA DE G\u00c9NERO<\/strong><br \/>\nAl hilo de la campa\u00f1a de comunicaci\u00f3n que lanzar\u00e1 el ayuntamiento, se crear\u00e1 una una ruta escolar con una se\u00f1al de tr\u00e1fico de direcci\u00f3n para mostrar en cada centro educativo, Rac\u00f3 Jove, Biblioteca, Centro de Dia Pablo Iglesias y el Tapis.<\/p>\n<p style=\"text-align: justify;\"><strong>CANCIONES EN EL CAMBIO DE CLASE<\/strong><br \/>\nDurante este mes sonar\u00e1n las mismas canciones en los cambios de clase en toda la localidad, analizando sus letras. Se decide que para la semana del 25 Noviembre sonar\u00e1 Puerta Violeta de Rozal\u00e9n<\/p>\n<p style=\"text-align: justify;\"><strong>VISIONADO DE VIDEOS, CUENTOS Y TEXTOS<\/strong><br \/>\nDependiendo de la edad se trabajar\u00e1n textos, canciones, cuentos y videos alusivos a estereotipos de roles y\/o desmontando el \u201camor rom\u00e1ntico\u201d.<\/p>\n<p style=\"text-align: justify;\"><strong>MI\u00c9RCOLES 24N INAUGURACI\u00d3N EXPOSICI\u00d3N CUANDO HABLAN LAS SOMBRAS. 19H CASA CULTURA<br \/>\n<\/strong>La exposici\u00f3n colectiva, \u201cCUANDO HABLAN LAS SOMBRAS\u201d, aborda el concepto de la violencia de g\u00e9nero, por desgracia siempre de actualidad.<br \/>\nCuatro son los artistas conceptuales, residentes en Elche que participan: Bego\u00f1a Zamora, Lola Soler, Lola Mart\u00ednez y \u00c1ngel Casta\u00f1o.<br \/>\nEstas artistas, nos acercan la tem\u00e1tica de los malos tratos a trav\u00e9s de sus obras bidimensionales, realizadas con diferentes t\u00e9cnicas pict\u00f3ricas.<\/p>\n<p style=\"text-align: justify;\">El hilo conductor de este proyecto por tanto es la violencia de g\u00e9nero, plasmado en cuatro estilos diferentes. Estas propuestas van encaminadas a concienciar al observador sobre la necesidad de la igualdad de g\u00e9nero.<br \/>\nEstar\u00e1 expuesta del 24 al 10 de diciembre<\/p>\n<p style=\"text-align: justify;\"><strong>JUEVES 25N ACTO DIA INTERNACIONAL CONTRA LA VIOLENCIA DE G\u00c9NERO. 19H CASA CULTURA<\/strong><br \/>\nEl jueves 25 de noviembre a las 19h se realizar\u00e1 el acto institucional. En este acto se har\u00e1 la presentaci\u00f3n de la campa\u00f1a de comunicaci\u00f3n que el Ayuntamiento, desde su concejal\u00eda de Igualdad, lanza para este 25N.<\/p>\n<p style=\"text-align: justify;\">A continuaci\u00f3n se reproducir\u00e1 el cortometraje \u201c \u00bfDONDE ESTABAS T\u00da? . Se trata de un corto de animaci\u00f3n que nos interpela directamente para hacernos reflexionar ante una realidad transversal y universal como es la violencia contra las mujeres. Violencias cotidianas, sutiles o brutales, todas terribles. Dirigido por Mar\u00eda Tr\u00e9nor.<\/p>\n<p style=\"text-align: justify;\">El Ayuntamiento de Santa Pola forma parte del Circuit Cultural Valenci\u00e0 del Instituto Valenciano de Cultura. El Circuit Cultural Valenci\u00e0 es un proyecto dirigido fundamentalmente a la ciudadan\u00eda, para que la cultura este presente y al alcance de toda la Comunidad Valenciana, pero tambi\u00e9n pretende reforzar y consolidar los sectores profesionales valencianos de las artes esc\u00e9nicas, la m\u00fasica y el audiovisual.<\/p>\n<p style=\"text-align: justify;\">Este consistorio est\u00e1 adscrito a las modalidades de Teatro, Danza, Circo, M\u00fasica y Cine-Audiovisual. Por lo que respecta a esta \u00faltima modalidad tiene el compromiso de ofrecer en la programaci\u00f3n sesiones de cortometrajes valencianos del Cat\u00e1logo preparado por el IVC para su exhibici\u00f3n.<\/p>\n<p>El cortometraje \u00bfD\u00f3nde estabas t\u00fa? Pertenece al cat\u00e1logo de 2020, y es un documental animado con 20\u2019 de duraci\u00f3n, y forma parte de la programaci\u00f3n del 2\u00ba semestre del Circuit Cultural Valenci\u00e0 en Santa Pola.<\/p>\n<p>Con relaci\u00f3n al cortometraje y para cerrar el acto, FEM DANSA nos representar\u00e1 con un baile contempor\u00e1neo de entre 20-25 minutos, donde expresar\u00e1n mediante la danza, la situaciones de dolor que sufren las mujeres v\u00edctimas de esta violencia.<\/p>\n<p>\u201cExperience\u201d es un grupo de competici\u00f3n de danza contempor\u00e1nea, que aunque se formamos en m\u00e1s disciplinas de la escuela Fem dansa , se han llevado a d\u00eda de hoy numerosos premios y reconocimientos.<\/p>\n<p>A trav\u00e9s de las piezas que bailaran, reflejar\u00e1n la lucha y fortaleza de la mujer y mostrar\u00e1n su apoyo a todas aquellas que alguna vez en su vida han sido maltratadas.<\/p>\n<p><img loading=\"lazy\" decoding=\"async\" class=\"aligncenter wp-image-15524 size-large\" src=\"https:\/\/santapola.es\/wp-content\/uploads\/2021\/11\/2021_25N_santapola-699x1024.jpg\" alt=\"\" width=\"699\" height=\"1024\" srcset=\"https:\/\/santapola.es\/wp-content\/uploads\/2021\/11\/2021_25N_santapola-699x1024.jpg 699w, https:\/\/santapola.es\/wp-content\/uploads\/2021\/11\/2021_25N_santapola-205x300.jpg 205w, https:\/\/santapola.es\/wp-content\/uploads\/2021\/11\/2021_25N_santapola-768x1126.jpg 768w, https:\/\/santapola.es\/wp-content\/uploads\/2021\/11\/2021_25N_santapola-610x894.jpg 610w, https:\/\/santapola.es\/wp-content\/uploads\/2021\/11\/2021_25N_santapola.jpg 771w\" sizes=\"(max-width: 699px) 100vw, 699px\" \/><\/p>\n<p><img loading=\"lazy\" decoding=\"async\" class=\"alignleft wp-image-15540\" src=\"https:\/\/santapola.es\/wp-content\/uploads\/2021\/11\/25_nov_21_NOViolencia_Acto_SantaPola-240x300.jpg\" alt=\"\" width=\"500\" height=\"625\" srcset=\"https:\/\/santapola.es\/wp-content\/uploads\/2021\/11\/25_nov_21_NOViolencia_Acto_SantaPola-240x300.jpg 240w, https:\/\/santapola.es\/wp-content\/uploads\/2021\/11\/25_nov_21_NOViolencia_Acto_SantaPola-819x1024.jpg 819w, https:\/\/santapola.es\/wp-content\/uploads\/2021\/11\/25_nov_21_NOViolencia_Acto_SantaPola-768x960.jpg 768w, https:\/\/santapola.es\/wp-content\/uploads\/2021\/11\/25_nov_21_NOViolencia_Acto_SantaPola-1229x1536.jpg 1229w, https:\/\/santapola.es\/wp-content\/uploads\/2021\/11\/25_nov_21_NOViolencia_Acto_SantaPola-1639x2048.jpg 1639w, https:\/\/santapola.es\/wp-content\/uploads\/2021\/11\/25_nov_21_NOViolencia_Acto_SantaPola-1080x1350.jpg 1080w, https:\/\/santapola.es\/wp-content\/uploads\/2021\/11\/25_nov_21_NOViolencia_Acto_SantaPola-610x762.jpg 610w\" sizes=\"(max-width: 500px) 100vw, 500px\" \/> <img loading=\"lazy\" decoding=\"async\" class=\"alignnone wp-image-15541\" src=\"https:\/\/santapola.es\/wp-content\/uploads\/2021\/11\/2021_Expo_NO_Violencia-240x300.jpg\" alt=\"\" width=\"500\" height=\"625\" srcset=\"https:\/\/santapola.es\/wp-content\/uploads\/2021\/11\/2021_Expo_NO_Violencia-240x300.jpg 240w, https:\/\/santapola.es\/wp-content\/uploads\/2021\/11\/2021_Expo_NO_Violencia-819x1024.jpg 819w, https:\/\/santapola.es\/wp-content\/uploads\/2021\/11\/2021_Expo_NO_Violencia-768x960.jpg 768w, https:\/\/santapola.es\/wp-content\/uploads\/2021\/11\/2021_Expo_NO_Violencia-1229x1536.jpg 1229w, https:\/\/santapola.es\/wp-content\/uploads\/2021\/11\/2021_Expo_NO_Violencia-1638x2048.jpg 1638w, https:\/\/santapola.es\/wp-content\/uploads\/2021\/11\/2021_Expo_NO_Violencia-1080x1350.jpg 1080w, https:\/\/santapola.es\/wp-content\/uploads\/2021\/11\/2021_Expo_NO_Violencia-610x763.jpg 610w\" sizes=\"(max-width: 500px) 100vw, 500px\" \/><\/p>\n<p><iframe loading=\"lazy\" title=\"YouTube video player\" src=\"https:\/\/www.youtube.com\/embed\/dnbijIkhdyI\" width=\"560\" height=\"315\" frameborder=\"0\" allowfullscreen=\"allowfullscreen\"><\/iframe><\/p>\n","protected":false},"excerpt":{"rendered":"<p>El Ayuntamiento de Santa Pola, a trav\u00e9s de su Concejal\u00eda de Igualdad, organiza la siguiente programaci\u00f3n de actividades para conmemorar y sensibilizar por el D\u00eda Internacional de la Eliminaci\u00f3n de la Violencia contra la Mujer, que se celebra anualmente el 25 de noviembre para denunciar la discriminaci\u00f3n por g\u00e9nero, ejercida por hombres hacia mujeres en [&hellip;]<\/p>\n","protected":false},"author":99,"featured_media":0,"comment_status":"closed","ping_status":"closed","sticky":false,"template":"","format":"standard","meta":{"_et_pb_use_builder":"","_et_pb_old_content":"","_et_gb_content_width":"","footnotes":""},"categories":[53,66,406],"tags":[],"class_list":["post-15518","post","type-post","status-publish","format-standard","hentry","category-igualdad-diversidad-ac-social-vivienda","category-inicio","category-sin-categorizar-2"],"yoast_head":"<!-- This site is optimized with the Yoast SEO plugin v27.4 - https:\/\/yoast.com\/product\/yoast-seo-wordpress\/ -->\n<title>Campa\u00f1a y actividades conmemoraci\u00f3n 25N - Ajuntament de Santa Pola<\/title>\n<meta name=\"robots\" content=\"index, follow, max-snippet:-1, max-image-preview:large, max-video-preview:-1\" \/>\n<link rel=\"canonical\" href=\"https:\/\/santapola.es\/ca\/campana-y-actividades-conmemoracion-25n\/\" \/>\n<meta property=\"og:locale\" content=\"ca_ES\" \/>\n<meta property=\"og:type\" content=\"article\" \/>\n<meta property=\"og:title\" content=\"Campa\u00f1a y actividades conmemoraci\u00f3n 25N - Ajuntament de Santa Pola\" \/>\n<meta property=\"og:description\" content=\"El Ayuntamiento de Santa Pola, a trav\u00e9s de su Concejal\u00eda de Igualdad, organiza la siguiente programaci\u00f3n de actividades para conmemorar y sensibilizar por el D\u00eda Internacional de la Eliminaci\u00f3n de la Violencia contra la Mujer, que se celebra anualmente el 25 de noviembre para denunciar la discriminaci\u00f3n por g\u00e9nero, ejercida por hombres hacia mujeres en [&hellip;]\" \/>\n<meta property=\"og:url\" content=\"https:\/\/santapola.es\/ca\/campana-y-actividades-conmemoracion-25n\/\" \/>\n<meta property=\"og:site_name\" content=\"Ajuntament de Santa Pola\" \/>\n<meta property=\"article:publisher\" content=\"https:\/\/www.facebook.com\/AyuntamientoSantaPola\/\" \/>\n<meta property=\"article:published_time\" content=\"2021-11-19T12:55:31+00:00\" \/>\n<meta property=\"article:modified_time\" content=\"2024-03-07T17:40:11+00:00\" \/>\n<meta property=\"og:image\" content=\"https:\/\/santapola.es\/wp-content\/uploads\/2021\/11\/2021_25N_santapola-699x1024.jpg\" \/>\n<meta name=\"author\" content=\"Usuario Gen\u00e9rico Web\" \/>\n<meta name=\"twitter:card\" content=\"summary_large_image\" \/>\n<meta name=\"twitter:creator\" content=\"@SantaPolaAyunt\" \/>\n<meta name=\"twitter:site\" content=\"@SantaPolaAyunt\" \/>\n<script type=\"application\/ld+json\" class=\"yoast-schema-graph\">{\"@context\":\"https:\\\/\\\/schema.org\",\"@graph\":[{\"@type\":\"Article\",\"@id\":\"https:\\\/\\\/santapola.es\\\/ca\\\/campana-y-actividades-conmemoracion-25n\\\/#article\",\"isPartOf\":{\"@id\":\"https:\\\/\\\/santapola.es\\\/ca\\\/campana-y-actividades-conmemoracion-25n\\\/\"},\"author\":{\"name\":\"Usuario Gen\u00e9rico Web\",\"@id\":\"https:\\\/\\\/santapola.es\\\/ca\\\/#\\\/schema\\\/person\\\/5c898695593fabd93215e23620b3a9d1\"},\"headline\":\"Campa\u00f1a y actividades conmemoraci\u00f3n 25N\",\"datePublished\":\"2021-11-19T12:55:31+00:00\",\"dateModified\":\"2024-03-07T17:40:11+00:00\",\"mainEntityOfPage\":{\"@id\":\"https:\\\/\\\/santapola.es\\\/ca\\\/campana-y-actividades-conmemoracion-25n\\\/\"},\"wordCount\":916,\"image\":{\"@id\":\"https:\\\/\\\/santapola.es\\\/ca\\\/campana-y-actividades-conmemoracion-25n\\\/#primaryimage\"},\"thumbnailUrl\":\"https:\\\/\\\/santapola.es\\\/wp-content\\\/uploads\\\/2021\\\/11\\\/2021_25N_santapola-699x1024.jpg\",\"articleSection\":[\"Igualdad\\\/ Diversidad\\\/ Ac Social\\\/ Vivienda\",\"Inicio\",\"Sin categorizar\"],\"inLanguage\":\"ca\"},{\"@type\":\"WebPage\",\"@id\":\"https:\\\/\\\/santapola.es\\\/ca\\\/campana-y-actividades-conmemoracion-25n\\\/\",\"url\":\"https:\\\/\\\/santapola.es\\\/ca\\\/campana-y-actividades-conmemoracion-25n\\\/\",\"name\":\"Campa\u00f1a y actividades conmemoraci\u00f3n 25N - Ajuntament de Santa Pola\",\"isPartOf\":{\"@id\":\"https:\\\/\\\/santapola.es\\\/ca\\\/#website\"},\"primaryImageOfPage\":{\"@id\":\"https:\\\/\\\/santapola.es\\\/ca\\\/campana-y-actividades-conmemoracion-25n\\\/#primaryimage\"},\"image\":{\"@id\":\"https:\\\/\\\/santapola.es\\\/ca\\\/campana-y-actividades-conmemoracion-25n\\\/#primaryimage\"},\"thumbnailUrl\":\"https:\\\/\\\/santapola.es\\\/wp-content\\\/uploads\\\/2021\\\/11\\\/2021_25N_santapola-699x1024.jpg\",\"datePublished\":\"2021-11-19T12:55:31+00:00\",\"dateModified\":\"2024-03-07T17:40:11+00:00\",\"author\":{\"@id\":\"https:\\\/\\\/santapola.es\\\/ca\\\/#\\\/schema\\\/person\\\/5c898695593fabd93215e23620b3a9d1\"},\"breadcrumb\":{\"@id\":\"https:\\\/\\\/santapola.es\\\/ca\\\/campana-y-actividades-conmemoracion-25n\\\/#breadcrumb\"},\"inLanguage\":\"ca\",\"potentialAction\":[{\"@type\":\"ReadAction\",\"target\":[\"https:\\\/\\\/santapola.es\\\/ca\\\/campana-y-actividades-conmemoracion-25n\\\/\"]}]},{\"@type\":\"ImageObject\",\"inLanguage\":\"ca\",\"@id\":\"https:\\\/\\\/santapola.es\\\/ca\\\/campana-y-actividades-conmemoracion-25n\\\/#primaryimage\",\"url\":\"https:\\\/\\\/santapola.es\\\/wp-content\\\/uploads\\\/2021\\\/11\\\/2021_25N_santapola-699x1024.jpg\",\"contentUrl\":\"https:\\\/\\\/santapola.es\\\/wp-content\\\/uploads\\\/2021\\\/11\\\/2021_25N_santapola-699x1024.jpg\"},{\"@type\":\"BreadcrumbList\",\"@id\":\"https:\\\/\\\/santapola.es\\\/ca\\\/campana-y-actividades-conmemoracion-25n\\\/#breadcrumb\",\"itemListElement\":[{\"@type\":\"ListItem\",\"position\":1,\"name\":\"Inici\",\"item\":\"https:\\\/\\\/santapola.es\\\/ca\\\/\"},{\"@type\":\"ListItem\",\"position\":2,\"name\":\"Campa\u00f1a y actividades conmemoraci\u00f3n 25N\"}]},{\"@type\":\"WebSite\",\"@id\":\"https:\\\/\\\/santapola.es\\\/ca\\\/#website\",\"url\":\"https:\\\/\\\/santapola.es\\\/ca\\\/\",\"name\":\"Ayuntamiento de Santa Pola\",\"description\":\"Web de l'Ajuntament de Santa Pola\",\"potentialAction\":[{\"@type\":\"SearchAction\",\"target\":{\"@type\":\"EntryPoint\",\"urlTemplate\":\"https:\\\/\\\/santapola.es\\\/ca\\\/?s={search_term_string}\"},\"query-input\":{\"@type\":\"PropertyValueSpecification\",\"valueRequired\":true,\"valueName\":\"search_term_string\"}}],\"inLanguage\":\"ca\"},{\"@type\":\"Person\",\"@id\":\"https:\\\/\\\/santapola.es\\\/ca\\\/#\\\/schema\\\/person\\\/5c898695593fabd93215e23620b3a9d1\",\"name\":\"Usuario Gen\u00e9rico Web\"}]}<\/script>\n<!-- \/ Yoast SEO plugin. -->","yoast_head_json":{"title":"Campa\u00f1a y actividades conmemoraci\u00f3n 25N - Ajuntament de Santa Pola","robots":{"index":"index","follow":"follow","max-snippet":"max-snippet:-1","max-image-preview":"max-image-preview:large","max-video-preview":"max-video-preview:-1"},"canonical":"https:\/\/santapola.es\/ca\/campana-y-actividades-conmemoracion-25n\/","og_locale":"ca_ES","og_type":"article","og_title":"Campa\u00f1a y actividades conmemoraci\u00f3n 25N - Ajuntament de Santa Pola","og_description":"El Ayuntamiento de Santa Pola, a trav\u00e9s de su Concejal\u00eda de Igualdad, organiza la siguiente programaci\u00f3n de actividades para conmemorar y sensibilizar por el D\u00eda Internacional de la Eliminaci\u00f3n de la Violencia contra la Mujer, que se celebra anualmente el 25 de noviembre para denunciar la discriminaci\u00f3n por g\u00e9nero, ejercida por hombres hacia mujeres en [&hellip;]","og_url":"https:\/\/santapola.es\/ca\/campana-y-actividades-conmemoracion-25n\/","og_site_name":"Ajuntament de Santa Pola","article_publisher":"https:\/\/www.facebook.com\/AyuntamientoSantaPola\/","article_published_time":"2021-11-19T12:55:31+00:00","article_modified_time":"2024-03-07T17:40:11+00:00","og_image":[{"url":"https:\/\/santapola.es\/wp-content\/uploads\/2021\/11\/2021_25N_santapola-699x1024.jpg","type":"","width":"","height":""}],"author":"Usuario Gen\u00e9rico Web","twitter_card":"summary_large_image","twitter_creator":"@SantaPolaAyunt","twitter_site":"@SantaPolaAyunt","schema":{"@context":"https:\/\/schema.org","@graph":[{"@type":"Article","@id":"https:\/\/santapola.es\/ca\/campana-y-actividades-conmemoracion-25n\/#article","isPartOf":{"@id":"https:\/\/santapola.es\/ca\/campana-y-actividades-conmemoracion-25n\/"},"author":{"name":"Usuario Gen\u00e9rico Web","@id":"https:\/\/santapola.es\/ca\/#\/schema\/person\/5c898695593fabd93215e23620b3a9d1"},"headline":"Campa\u00f1a y actividades conmemoraci\u00f3n 25N","datePublished":"2021-11-19T12:55:31+00:00","dateModified":"2024-03-07T17:40:11+00:00","mainEntityOfPage":{"@id":"https:\/\/santapola.es\/ca\/campana-y-actividades-conmemoracion-25n\/"},"wordCount":916,"image":{"@id":"https:\/\/santapola.es\/ca\/campana-y-actividades-conmemoracion-25n\/#primaryimage"},"thumbnailUrl":"https:\/\/santapola.es\/wp-content\/uploads\/2021\/11\/2021_25N_santapola-699x1024.jpg","articleSection":["Igualdad\/ Diversidad\/ Ac Social\/ Vivienda","Inicio","Sin categorizar"],"inLanguage":"ca"},{"@type":"WebPage","@id":"https:\/\/santapola.es\/ca\/campana-y-actividades-conmemoracion-25n\/","url":"https:\/\/santapola.es\/ca\/campana-y-actividades-conmemoracion-25n\/","name":"Campa\u00f1a y actividades conmemoraci\u00f3n 25N - Ajuntament de Santa Pola","isPartOf":{"@id":"https:\/\/santapola.es\/ca\/#website"},"primaryImageOfPage":{"@id":"https:\/\/santapola.es\/ca\/campana-y-actividades-conmemoracion-25n\/#primaryimage"},"image":{"@id":"https:\/\/santapola.es\/ca\/campana-y-actividades-conmemoracion-25n\/#primaryimage"},"thumbnailUrl":"https:\/\/santapola.es\/wp-content\/uploads\/2021\/11\/2021_25N_santapola-699x1024.jpg","datePublished":"2021-11-19T12:55:31+00:00","dateModified":"2024-03-07T17:40:11+00:00","author":{"@id":"https:\/\/santapola.es\/ca\/#\/schema\/person\/5c898695593fabd93215e23620b3a9d1"},"breadcrumb":{"@id":"https:\/\/santapola.es\/ca\/campana-y-actividades-conmemoracion-25n\/#breadcrumb"},"inLanguage":"ca","potentialAction":[{"@type":"ReadAction","target":["https:\/\/santapola.es\/ca\/campana-y-actividades-conmemoracion-25n\/"]}]},{"@type":"ImageObject","inLanguage":"ca","@id":"https:\/\/santapola.es\/ca\/campana-y-actividades-conmemoracion-25n\/#primaryimage","url":"https:\/\/santapola.es\/wp-content\/uploads\/2021\/11\/2021_25N_santapola-699x1024.jpg","contentUrl":"https:\/\/santapola.es\/wp-content\/uploads\/2021\/11\/2021_25N_santapola-699x1024.jpg"},{"@type":"BreadcrumbList","@id":"https:\/\/santapola.es\/ca\/campana-y-actividades-conmemoracion-25n\/#breadcrumb","itemListElement":[{"@type":"ListItem","position":1,"name":"Inici","item":"https:\/\/santapola.es\/ca\/"},{"@type":"ListItem","position":2,"name":"Campa\u00f1a y actividades conmemoraci\u00f3n 25N"}]},{"@type":"WebSite","@id":"https:\/\/santapola.es\/ca\/#website","url":"https:\/\/santapola.es\/ca\/","name":"Ayuntamiento de Santa Pola","description":"Web de l'Ajuntament de Santa Pola","potentialAction":[{"@type":"SearchAction","target":{"@type":"EntryPoint","urlTemplate":"https:\/\/santapola.es\/ca\/?s={search_term_string}"},"query-input":{"@type":"PropertyValueSpecification","valueRequired":true,"valueName":"search_term_string"}}],"inLanguage":"ca"},{"@type":"Person","@id":"https:\/\/santapola.es\/ca\/#\/schema\/person\/5c898695593fabd93215e23620b3a9d1","name":"Usuario Gen\u00e9rico Web"}]}},"_links":{"self":[{"href":"https:\/\/santapola.es\/ca\/wp-json\/wp\/v2\/posts\/15518","targetHints":{"allow":["GET"]}}],"collection":[{"href":"https:\/\/santapola.es\/ca\/wp-json\/wp\/v2\/posts"}],"about":[{"href":"https:\/\/santapola.es\/ca\/wp-json\/wp\/v2\/types\/post"}],"author":[{"embeddable":true,"href":"https:\/\/santapola.es\/ca\/wp-json\/wp\/v2\/users\/99"}],"replies":[{"embeddable":true,"href":"https:\/\/santapola.es\/ca\/wp-json\/wp\/v2\/comments?post=15518"}],"version-history":[{"count":0,"href":"https:\/\/santapola.es\/ca\/wp-json\/wp\/v2\/posts\/15518\/revisions"}],"wp:attachment":[{"href":"https:\/\/santapola.es\/ca\/wp-json\/wp\/v2\/media?parent=15518"}],"wp:term":[{"taxonomy":"category","embeddable":true,"href":"https:\/\/santapola.es\/ca\/wp-json\/wp\/v2\/categories?post=15518"},{"taxonomy":"post_tag","embeddable":true,"href":"https:\/\/santapola.es\/ca\/wp-json\/wp\/v2\/tags?post=15518"}],"curies":[{"name":"wp","href":"https:\/\/api.w.org\/{rel}","templated":true}]}}