{"id":15493,"date":"2021-11-15T09:35:33","date_gmt":"2021-11-15T08:35:33","guid":{"rendered":"https:\/\/www.santapola.es\/?p=15493"},"modified":"2024-03-07T18:40:09","modified_gmt":"2024-03-07T17:40:09","slug":"inauguracion-de-la-exposicion-fotografica-blas-de-lezo-el-valor-de-mediohombre-en-el-centro-cu","status":"publish","type":"post","link":"https:\/\/santapola.es\/ca\/inauguracion-de-la-exposicion-fotografica-blas-de-lezo-el-valor-de-mediohombre-en-el-centro-cu\/","title":{"rendered":"Inauguraci\u00f3n Exposici\u00f3n Fotogr\u00e1fica &#8220;Blas de Lezo. El Valor de MedioHombre&#8221;"},"content":{"rendered":"<p><b>Del 16 al 30 de noviembre se podr\u00e1 visitar en el centro cultural del Castillo Fortaleza de Santa Pola la exposici\u00f3n fotogr\u00e1fica \u201cBlas de Lezo. El Valor de MedioHombre\u201d, organizado por la Subdelegaci\u00f3n de Defensa en Alicante y el Ayuntamiento de Santa Pola.<\/b><\/p>\n<p><span style=\"font-weight: 400;\">Dentro de las actividades para promulgar y promover la Cultura de Defensa que realiza la Secretar\u00eda General T\u00e9cnica del Ministerio de Defensa a trav\u00e9s de las Subdelegaciones de Defensa, se va a exponer en el Centro Cultural del Castillo Fortaleza de Santa Pola, una muestra fotogr\u00e1fica titulada \u201cBlas de Lezo. El valor del MedioHombre\u201d. La inauguraci\u00f3n tendr\u00e1 lugar el d\u00eda 16 de noviembre a las 18:00 horas y se podr\u00e1 visitar de forma gratuita hasta el d\u00eda 30 de noviembre, cuando se clausurar\u00e1 con una conferencia a las 18:30 horas.<\/span><\/p>\n<p><span style=\"font-weight: 400;\">En ella se exponen a trav\u00e9s de unos fondos de elevada calidad, la vida del Teniente General Blas de Lezo, uno de los marinos m\u00e1s importantes de nuestra historia naval, exaltando la defensa de Cartagena de Indias en 1741, donde el heroico militar infligi\u00f3 a Inglaterra la mayor derrota naval de su historia.<\/span><\/p>\n<p><span style=\"font-weight: 400;\">Son 26 paneles explicativos que reproducen diversos momentos de la propia historia, como son: la vida del marino, su trayectoria en el marco de la primera mitad del siglo XVIII, guerra de Sucesi\u00f3n, y la batalla de Cartagena de Indias. Se acompa\u00f1a de fondos de la Fundaci\u00f3n Blas de Lezo, con diversos uniformes de la \u00e9poca.<\/span><\/p>\n<p><img loading=\"lazy\" decoding=\"async\" class=\"alignnone size-full wp-image-15505 aligncenter\" src=\"https:\/\/santapola.es\/wp-content\/uploads\/2021\/11\/2021_Expo_BlasdeLezo_A.png\" alt=\"\" width=\"901\" height=\"536\" srcset=\"https:\/\/santapola.es\/wp-content\/uploads\/2021\/11\/2021_Expo_BlasdeLezo_A.png 901w, https:\/\/santapola.es\/wp-content\/uploads\/2021\/11\/2021_Expo_BlasdeLezo_A-300x178.png 300w, https:\/\/santapola.es\/wp-content\/uploads\/2021\/11\/2021_Expo_BlasdeLezo_A-768x457.png 768w, https:\/\/santapola.es\/wp-content\/uploads\/2021\/11\/2021_Expo_BlasdeLezo_A-610x363.png 610w\" sizes=\"(max-width: 901px) 100vw, 901px\" \/><\/p>\n","protected":false},"excerpt":{"rendered":"<p>Del 16 al 30 de noviembre se podr\u00e1 visitar en el centro cultural del Castillo Fortaleza de Santa Pola la exposici\u00f3n fotogr\u00e1fica \u201cBlas de Lezo. El Valor de MedioHombre\u201d, organizado por la Subdelegaci\u00f3n de Defensa en Alicante y el Ayuntamiento de Santa Pola. Dentro de las actividades para promulgar y promover la Cultura de Defensa [&hellip;]<\/p>\n","protected":false},"author":75,"featured_media":0,"comment_status":"closed","ping_status":"closed","sticky":false,"template":"","format":"standard","meta":{"_et_pb_use_builder":"","_et_pb_old_content":"","_et_gb_content_width":"","footnotes":""},"categories":[61,51,66,406],"tags":[],"class_list":["post-15493","post","type-post","status-publish","format-standard","hentry","category-alcaldia","category-cultura-fiestas","category-inicio","category-sin-categorizar-2"],"yoast_head":"<!-- This site is optimized with the Yoast SEO plugin v27.4 - https:\/\/yoast.com\/product\/yoast-seo-wordpress\/ -->\n<title>Inauguraci\u00f3n Exposici\u00f3n Fotogr\u00e1fica &quot;Blas de Lezo. El Valor de MedioHombre&quot; - Ajuntament de Santa Pola<\/title>\n<meta name=\"robots\" content=\"index, follow, max-snippet:-1, max-image-preview:large, max-video-preview:-1\" \/>\n<link rel=\"canonical\" href=\"https:\/\/santapola.es\/ca\/inauguracion-de-la-exposicion-fotografica-blas-de-lezo-el-valor-de-mediohombre-en-el-centro-cu\/\" \/>\n<meta property=\"og:locale\" content=\"ca_ES\" \/>\n<meta property=\"og:type\" content=\"article\" \/>\n<meta property=\"og:title\" content=\"Inauguraci\u00f3n Exposici\u00f3n Fotogr\u00e1fica &quot;Blas de Lezo. El Valor de MedioHombre&quot; - Ajuntament de Santa Pola\" \/>\n<meta property=\"og:description\" content=\"Del 16 al 30 de noviembre se podr\u00e1 visitar en el centro cultural del Castillo Fortaleza de Santa Pola la exposici\u00f3n fotogr\u00e1fica \u201cBlas de Lezo. El Valor de MedioHombre\u201d, organizado por la Subdelegaci\u00f3n de Defensa en Alicante y el Ayuntamiento de Santa Pola. Dentro de las actividades para promulgar y promover la Cultura de Defensa [&hellip;]\" \/>\n<meta property=\"og:url\" content=\"https:\/\/santapola.es\/ca\/inauguracion-de-la-exposicion-fotografica-blas-de-lezo-el-valor-de-mediohombre-en-el-centro-cu\/\" \/>\n<meta property=\"og:site_name\" content=\"Ajuntament de Santa Pola\" \/>\n<meta property=\"article:publisher\" content=\"https:\/\/www.facebook.com\/AyuntamientoSantaPola\/\" \/>\n<meta property=\"article:published_time\" content=\"2021-11-15T08:35:33+00:00\" \/>\n<meta property=\"article:modified_time\" content=\"2024-03-07T17:40:09+00:00\" \/>\n<meta property=\"og:image\" content=\"https:\/\/santapola.es\/wp-content\/uploads\/2021\/11\/2021_Expo_BlasdeLezo_A.png\" \/>\n<meta name=\"author\" content=\"\u00c1rea Municipal Alcald\u00eda\" \/>\n<meta name=\"twitter:card\" content=\"summary_large_image\" \/>\n<meta name=\"twitter:creator\" content=\"@SantaPolaAyunt\" \/>\n<meta name=\"twitter:site\" content=\"@SantaPolaAyunt\" \/>\n<script type=\"application\/ld+json\" class=\"yoast-schema-graph\">{\"@context\":\"https:\\\/\\\/schema.org\",\"@graph\":[{\"@type\":\"Article\",\"@id\":\"https:\\\/\\\/santapola.es\\\/ca\\\/inauguracion-de-la-exposicion-fotografica-blas-de-lezo-el-valor-de-mediohombre-en-el-centro-cu\\\/#article\",\"isPartOf\":{\"@id\":\"https:\\\/\\\/santapola.es\\\/ca\\\/inauguracion-de-la-exposicion-fotografica-blas-de-lezo-el-valor-de-mediohombre-en-el-centro-cu\\\/\"},\"author\":{\"name\":\"\u00c1rea Municipal Alcald\u00eda\",\"@id\":\"https:\\\/\\\/santapola.es\\\/ca\\\/#\\\/schema\\\/person\\\/c08381290b84c068e06ca5dc1f5a08a7\"},\"headline\":\"Inauguraci\u00f3n Exposici\u00f3n Fotogr\u00e1fica &#8220;Blas de Lezo. El Valor de MedioHombre&#8221;\",\"datePublished\":\"2021-11-15T08:35:33+00:00\",\"dateModified\":\"2024-03-07T17:40:09+00:00\",\"mainEntityOfPage\":{\"@id\":\"https:\\\/\\\/santapola.es\\\/ca\\\/inauguracion-de-la-exposicion-fotografica-blas-de-lezo-el-valor-de-mediohombre-en-el-centro-cu\\\/\"},\"wordCount\":262,\"image\":{\"@id\":\"https:\\\/\\\/santapola.es\\\/ca\\\/inauguracion-de-la-exposicion-fotografica-blas-de-lezo-el-valor-de-mediohombre-en-el-centro-cu\\\/#primaryimage\"},\"thumbnailUrl\":\"https:\\\/\\\/santapola.es\\\/wp-content\\\/uploads\\\/2021\\\/11\\\/2021_Expo_BlasdeLezo_A.png\",\"articleSection\":[\"Alcald\u00eda\",\"Cultura\\\/ Fiestas\",\"Inicio\",\"Sin categorizar\"],\"inLanguage\":\"ca\"},{\"@type\":\"WebPage\",\"@id\":\"https:\\\/\\\/santapola.es\\\/ca\\\/inauguracion-de-la-exposicion-fotografica-blas-de-lezo-el-valor-de-mediohombre-en-el-centro-cu\\\/\",\"url\":\"https:\\\/\\\/santapola.es\\\/ca\\\/inauguracion-de-la-exposicion-fotografica-blas-de-lezo-el-valor-de-mediohombre-en-el-centro-cu\\\/\",\"name\":\"Inauguraci\u00f3n Exposici\u00f3n Fotogr\u00e1fica \\\"Blas de Lezo. El Valor de MedioHombre\\\" - Ajuntament de Santa Pola\",\"isPartOf\":{\"@id\":\"https:\\\/\\\/santapola.es\\\/ca\\\/#website\"},\"primaryImageOfPage\":{\"@id\":\"https:\\\/\\\/santapola.es\\\/ca\\\/inauguracion-de-la-exposicion-fotografica-blas-de-lezo-el-valor-de-mediohombre-en-el-centro-cu\\\/#primaryimage\"},\"image\":{\"@id\":\"https:\\\/\\\/santapola.es\\\/ca\\\/inauguracion-de-la-exposicion-fotografica-blas-de-lezo-el-valor-de-mediohombre-en-el-centro-cu\\\/#primaryimage\"},\"thumbnailUrl\":\"https:\\\/\\\/santapola.es\\\/wp-content\\\/uploads\\\/2021\\\/11\\\/2021_Expo_BlasdeLezo_A.png\",\"datePublished\":\"2021-11-15T08:35:33+00:00\",\"dateModified\":\"2024-03-07T17:40:09+00:00\",\"author\":{\"@id\":\"https:\\\/\\\/santapola.es\\\/ca\\\/#\\\/schema\\\/person\\\/c08381290b84c068e06ca5dc1f5a08a7\"},\"breadcrumb\":{\"@id\":\"https:\\\/\\\/santapola.es\\\/ca\\\/inauguracion-de-la-exposicion-fotografica-blas-de-lezo-el-valor-de-mediohombre-en-el-centro-cu\\\/#breadcrumb\"},\"inLanguage\":\"ca\",\"potentialAction\":[{\"@type\":\"ReadAction\",\"target\":[\"https:\\\/\\\/santapola.es\\\/ca\\\/inauguracion-de-la-exposicion-fotografica-blas-de-lezo-el-valor-de-mediohombre-en-el-centro-cu\\\/\"]}]},{\"@type\":\"ImageObject\",\"inLanguage\":\"ca\",\"@id\":\"https:\\\/\\\/santapola.es\\\/ca\\\/inauguracion-de-la-exposicion-fotografica-blas-de-lezo-el-valor-de-mediohombre-en-el-centro-cu\\\/#primaryimage\",\"url\":\"https:\\\/\\\/santapola.es\\\/wp-content\\\/uploads\\\/2021\\\/11\\\/2021_Expo_BlasdeLezo_A.png\",\"contentUrl\":\"https:\\\/\\\/santapola.es\\\/wp-content\\\/uploads\\\/2021\\\/11\\\/2021_Expo_BlasdeLezo_A.png\"},{\"@type\":\"BreadcrumbList\",\"@id\":\"https:\\\/\\\/santapola.es\\\/ca\\\/inauguracion-de-la-exposicion-fotografica-blas-de-lezo-el-valor-de-mediohombre-en-el-centro-cu\\\/#breadcrumb\",\"itemListElement\":[{\"@type\":\"ListItem\",\"position\":1,\"name\":\"Inici\",\"item\":\"https:\\\/\\\/santapola.es\\\/ca\\\/\"},{\"@type\":\"ListItem\",\"position\":2,\"name\":\"Inauguraci\u00f3n Exposici\u00f3n Fotogr\u00e1fica &#8220;Blas de Lezo. El Valor de MedioHombre&#8221;\"}]},{\"@type\":\"WebSite\",\"@id\":\"https:\\\/\\\/santapola.es\\\/ca\\\/#website\",\"url\":\"https:\\\/\\\/santapola.es\\\/ca\\\/\",\"name\":\"Ayuntamiento de Santa Pola\",\"description\":\"Web de l'Ajuntament de Santa Pola\",\"potentialAction\":[{\"@type\":\"SearchAction\",\"target\":{\"@type\":\"EntryPoint\",\"urlTemplate\":\"https:\\\/\\\/santapola.es\\\/ca\\\/?s={search_term_string}\"},\"query-input\":{\"@type\":\"PropertyValueSpecification\",\"valueRequired\":true,\"valueName\":\"search_term_string\"}}],\"inLanguage\":\"ca\"},{\"@type\":\"Person\",\"@id\":\"https:\\\/\\\/santapola.es\\\/ca\\\/#\\\/schema\\\/person\\\/c08381290b84c068e06ca5dc1f5a08a7\",\"name\":\"\u00c1rea Municipal Alcald\u00eda\"}]}<\/script>\n<!-- \/ Yoast SEO plugin. -->","yoast_head_json":{"title":"Inauguraci\u00f3n Exposici\u00f3n Fotogr\u00e1fica \"Blas de Lezo. El Valor de MedioHombre\" - Ajuntament de Santa Pola","robots":{"index":"index","follow":"follow","max-snippet":"max-snippet:-1","max-image-preview":"max-image-preview:large","max-video-preview":"max-video-preview:-1"},"canonical":"https:\/\/santapola.es\/ca\/inauguracion-de-la-exposicion-fotografica-blas-de-lezo-el-valor-de-mediohombre-en-el-centro-cu\/","og_locale":"ca_ES","og_type":"article","og_title":"Inauguraci\u00f3n Exposici\u00f3n Fotogr\u00e1fica \"Blas de Lezo. El Valor de MedioHombre\" - Ajuntament de Santa Pola","og_description":"Del 16 al 30 de noviembre se podr\u00e1 visitar en el centro cultural del Castillo Fortaleza de Santa Pola la exposici\u00f3n fotogr\u00e1fica \u201cBlas de Lezo. El Valor de MedioHombre\u201d, organizado por la Subdelegaci\u00f3n de Defensa en Alicante y el Ayuntamiento de Santa Pola. Dentro de las actividades para promulgar y promover la Cultura de Defensa [&hellip;]","og_url":"https:\/\/santapola.es\/ca\/inauguracion-de-la-exposicion-fotografica-blas-de-lezo-el-valor-de-mediohombre-en-el-centro-cu\/","og_site_name":"Ajuntament de Santa Pola","article_publisher":"https:\/\/www.facebook.com\/AyuntamientoSantaPola\/","article_published_time":"2021-11-15T08:35:33+00:00","article_modified_time":"2024-03-07T17:40:09+00:00","og_image":[{"url":"https:\/\/santapola.es\/wp-content\/uploads\/2021\/11\/2021_Expo_BlasdeLezo_A.png","type":"","width":"","height":""}],"author":"\u00c1rea Municipal Alcald\u00eda","twitter_card":"summary_large_image","twitter_creator":"@SantaPolaAyunt","twitter_site":"@SantaPolaAyunt","schema":{"@context":"https:\/\/schema.org","@graph":[{"@type":"Article","@id":"https:\/\/santapola.es\/ca\/inauguracion-de-la-exposicion-fotografica-blas-de-lezo-el-valor-de-mediohombre-en-el-centro-cu\/#article","isPartOf":{"@id":"https:\/\/santapola.es\/ca\/inauguracion-de-la-exposicion-fotografica-blas-de-lezo-el-valor-de-mediohombre-en-el-centro-cu\/"},"author":{"name":"\u00c1rea Municipal Alcald\u00eda","@id":"https:\/\/santapola.es\/ca\/#\/schema\/person\/c08381290b84c068e06ca5dc1f5a08a7"},"headline":"Inauguraci\u00f3n Exposici\u00f3n Fotogr\u00e1fica &#8220;Blas de Lezo. El Valor de MedioHombre&#8221;","datePublished":"2021-11-15T08:35:33+00:00","dateModified":"2024-03-07T17:40:09+00:00","mainEntityOfPage":{"@id":"https:\/\/santapola.es\/ca\/inauguracion-de-la-exposicion-fotografica-blas-de-lezo-el-valor-de-mediohombre-en-el-centro-cu\/"},"wordCount":262,"image":{"@id":"https:\/\/santapola.es\/ca\/inauguracion-de-la-exposicion-fotografica-blas-de-lezo-el-valor-de-mediohombre-en-el-centro-cu\/#primaryimage"},"thumbnailUrl":"https:\/\/santapola.es\/wp-content\/uploads\/2021\/11\/2021_Expo_BlasdeLezo_A.png","articleSection":["Alcald\u00eda","Cultura\/ Fiestas","Inicio","Sin categorizar"],"inLanguage":"ca"},{"@type":"WebPage","@id":"https:\/\/santapola.es\/ca\/inauguracion-de-la-exposicion-fotografica-blas-de-lezo-el-valor-de-mediohombre-en-el-centro-cu\/","url":"https:\/\/santapola.es\/ca\/inauguracion-de-la-exposicion-fotografica-blas-de-lezo-el-valor-de-mediohombre-en-el-centro-cu\/","name":"Inauguraci\u00f3n Exposici\u00f3n Fotogr\u00e1fica \"Blas de Lezo. El Valor de MedioHombre\" - Ajuntament de Santa Pola","isPartOf":{"@id":"https:\/\/santapola.es\/ca\/#website"},"primaryImageOfPage":{"@id":"https:\/\/santapola.es\/ca\/inauguracion-de-la-exposicion-fotografica-blas-de-lezo-el-valor-de-mediohombre-en-el-centro-cu\/#primaryimage"},"image":{"@id":"https:\/\/santapola.es\/ca\/inauguracion-de-la-exposicion-fotografica-blas-de-lezo-el-valor-de-mediohombre-en-el-centro-cu\/#primaryimage"},"thumbnailUrl":"https:\/\/santapola.es\/wp-content\/uploads\/2021\/11\/2021_Expo_BlasdeLezo_A.png","datePublished":"2021-11-15T08:35:33+00:00","dateModified":"2024-03-07T17:40:09+00:00","author":{"@id":"https:\/\/santapola.es\/ca\/#\/schema\/person\/c08381290b84c068e06ca5dc1f5a08a7"},"breadcrumb":{"@id":"https:\/\/santapola.es\/ca\/inauguracion-de-la-exposicion-fotografica-blas-de-lezo-el-valor-de-mediohombre-en-el-centro-cu\/#breadcrumb"},"inLanguage":"ca","potentialAction":[{"@type":"ReadAction","target":["https:\/\/santapola.es\/ca\/inauguracion-de-la-exposicion-fotografica-blas-de-lezo-el-valor-de-mediohombre-en-el-centro-cu\/"]}]},{"@type":"ImageObject","inLanguage":"ca","@id":"https:\/\/santapola.es\/ca\/inauguracion-de-la-exposicion-fotografica-blas-de-lezo-el-valor-de-mediohombre-en-el-centro-cu\/#primaryimage","url":"https:\/\/santapola.es\/wp-content\/uploads\/2021\/11\/2021_Expo_BlasdeLezo_A.png","contentUrl":"https:\/\/santapola.es\/wp-content\/uploads\/2021\/11\/2021_Expo_BlasdeLezo_A.png"},{"@type":"BreadcrumbList","@id":"https:\/\/santapola.es\/ca\/inauguracion-de-la-exposicion-fotografica-blas-de-lezo-el-valor-de-mediohombre-en-el-centro-cu\/#breadcrumb","itemListElement":[{"@type":"ListItem","position":1,"name":"Inici","item":"https:\/\/santapola.es\/ca\/"},{"@type":"ListItem","position":2,"name":"Inauguraci\u00f3n Exposici\u00f3n Fotogr\u00e1fica &#8220;Blas de Lezo. El Valor de MedioHombre&#8221;"}]},{"@type":"WebSite","@id":"https:\/\/santapola.es\/ca\/#website","url":"https:\/\/santapola.es\/ca\/","name":"Ayuntamiento de Santa Pola","description":"Web de l'Ajuntament de Santa Pola","potentialAction":[{"@type":"SearchAction","target":{"@type":"EntryPoint","urlTemplate":"https:\/\/santapola.es\/ca\/?s={search_term_string}"},"query-input":{"@type":"PropertyValueSpecification","valueRequired":true,"valueName":"search_term_string"}}],"inLanguage":"ca"},{"@type":"Person","@id":"https:\/\/santapola.es\/ca\/#\/schema\/person\/c08381290b84c068e06ca5dc1f5a08a7","name":"\u00c1rea Municipal Alcald\u00eda"}]}},"_links":{"self":[{"href":"https:\/\/santapola.es\/ca\/wp-json\/wp\/v2\/posts\/15493","targetHints":{"allow":["GET"]}}],"collection":[{"href":"https:\/\/santapola.es\/ca\/wp-json\/wp\/v2\/posts"}],"about":[{"href":"https:\/\/santapola.es\/ca\/wp-json\/wp\/v2\/types\/post"}],"author":[{"embeddable":true,"href":"https:\/\/santapola.es\/ca\/wp-json\/wp\/v2\/users\/75"}],"replies":[{"embeddable":true,"href":"https:\/\/santapola.es\/ca\/wp-json\/wp\/v2\/comments?post=15493"}],"version-history":[{"count":0,"href":"https:\/\/santapola.es\/ca\/wp-json\/wp\/v2\/posts\/15493\/revisions"}],"wp:attachment":[{"href":"https:\/\/santapola.es\/ca\/wp-json\/wp\/v2\/media?parent=15493"}],"wp:term":[{"taxonomy":"category","embeddable":true,"href":"https:\/\/santapola.es\/ca\/wp-json\/wp\/v2\/categories?post=15493"},{"taxonomy":"post_tag","embeddable":true,"href":"https:\/\/santapola.es\/ca\/wp-json\/wp\/v2\/tags?post=15493"}],"curies":[{"name":"wp","href":"https:\/\/api.w.org\/{rel}","templated":true}]}}