{"id":15490,"date":"2021-11-15T08:47:29","date_gmt":"2021-11-15T07:47:29","guid":{"rendered":"https:\/\/www.santapola.es\/?p=15490"},"modified":"2024-03-07T18:40:09","modified_gmt":"2024-03-07T17:40:09","slug":"15-de-noviembre-dia-mundial-sin-alcohol","status":"publish","type":"post","link":"https:\/\/santapola.es\/ca\/15-de-noviembre-dia-mundial-sin-alcohol\/","title":{"rendered":"15 de noviembre  &#8211; d\u00eda mundial sin alcohol"},"content":{"rendered":"<p class=\"western\" align=\"justify\">La Organizaci\u00f3n Mundial de la Salud conmemora cada 15 de noviembre el d\u00eda mundial sin alcohol a fin de concienciar a la poblaci\u00f3n de los riesgos asociados al consumo de alcohol.<\/p>\n<p class=\"western\" align=\"justify\">El alcoholismo constituye un problema de salud p\u00fablica ya que se es el causante de 3,3 millones de muertes cada a\u00f1o, adem\u00e1s de relacionarse con otros problemas de salud derivados de accidentes de tr\u00e1fico que afectan a m\u00e1s de 50 millones de personas.<\/p>\n<p class=\"western\" align=\"justify\">En Espa\u00f1a, el alcohol continua siendo la sustancia m\u00e1s consumida entre los j\u00f3venes seg\u00fan muestran los datos de la encuesta ESTUDES 2018-2019. <span style=\"color: #000000;\"><span style=\"font-size: medium;\"><span lang=\"es-ES\">Muchos estudios han demostrado que el alcohol tiene m\u00faltiples efectos nocivos sobre el organismo; dichos efectos preocupan especialmente en poblaci\u00f3n adolescente cuyo sistema nervioso se encuentra en plena etapa de desarrollo y maduraci\u00f3n. <\/span><\/span><\/span><\/p>\n<p class=\"western\" align=\"justify\"><span style=\"font-size: medium;\">Desde la Unidad de Prevenci\u00f3n Comunitaria de Conductas Adictivas del Ayuntamiento de Santa Pola se trabaja activamente en la prevenci\u00f3n del consumo de alcohol, especialmente en poblaci\u00f3n adolescente. Por tanto, nos unimos a esta iniciativa y recordamos a la poblaci\u00f3n que este servicio ofrece informaci\u00f3n y asesoramiento en materia de adicciones a todo el que lo pueda necesitar. <\/span><\/p>\n<p align=\"justify\"><img loading=\"lazy\" decoding=\"async\" class=\"aligncenter size-large wp-image-15491\" src=\"https:\/\/santapola.es\/wp-content\/uploads\/2021\/11\/foto-dia-sin-alcohol_page-0001-724x1024.jpg\" alt=\"\" width=\"724\" height=\"1024\" srcset=\"https:\/\/santapola.es\/wp-content\/uploads\/2021\/11\/foto-dia-sin-alcohol_page-0001-724x1024.jpg 724w, https:\/\/santapola.es\/wp-content\/uploads\/2021\/11\/foto-dia-sin-alcohol_page-0001-212x300.jpg 212w, https:\/\/santapola.es\/wp-content\/uploads\/2021\/11\/foto-dia-sin-alcohol_page-0001-768x1087.jpg 768w, https:\/\/santapola.es\/wp-content\/uploads\/2021\/11\/foto-dia-sin-alcohol_page-0001-1085x1536.jpg 1085w, https:\/\/santapola.es\/wp-content\/uploads\/2021\/11\/foto-dia-sin-alcohol_page-0001-1080x1529.jpg 1080w, https:\/\/santapola.es\/wp-content\/uploads\/2021\/11\/foto-dia-sin-alcohol_page-0001-610x863.jpg 610w, https:\/\/santapola.es\/wp-content\/uploads\/2021\/11\/foto-dia-sin-alcohol_page-0001.jpg 1240w\" sizes=\"(max-width: 724px) 100vw, 724px\" \/><\/p>\n","protected":false},"excerpt":{"rendered":"<p>La Organizaci\u00f3n Mundial de la Salud conmemora cada 15 de noviembre el d\u00eda mundial sin alcohol a fin de concienciar a la poblaci\u00f3n de los riesgos asociados al consumo de alcohol. El alcoholismo constituye un problema de salud p\u00fablica ya que se es el causante de 3,3 millones de muertes cada a\u00f1o, adem\u00e1s de relacionarse [&hellip;]<\/p>\n","protected":false},"author":75,"featured_media":0,"comment_status":"closed","ping_status":"closed","sticky":false,"template":"","format":"standard","meta":{"_et_pb_use_builder":"","_et_pb_old_content":"","_et_gb_content_width":"","footnotes":""},"categories":[52,60,53,66,406],"tags":[],"class_list":["post-15490","post","type-post","status-publish","format-standard","hentry","category-comercioconsumo","category-educacion-juventud","category-igualdad-diversidad-ac-social-vivienda","category-inicio","category-sin-categorizar-2"],"yoast_head":"<!-- This site is optimized with the Yoast SEO plugin v27.4 - https:\/\/yoast.com\/product\/yoast-seo-wordpress\/ -->\n<title>15 de noviembre - d\u00eda mundial sin alcohol - Ajuntament de Santa Pola<\/title>\n<meta name=\"robots\" content=\"index, follow, max-snippet:-1, max-image-preview:large, max-video-preview:-1\" \/>\n<link rel=\"canonical\" href=\"https:\/\/santapola.es\/ca\/15-de-noviembre-dia-mundial-sin-alcohol\/\" \/>\n<meta property=\"og:locale\" content=\"ca_ES\" \/>\n<meta property=\"og:type\" content=\"article\" \/>\n<meta property=\"og:title\" content=\"15 de noviembre - d\u00eda mundial sin alcohol - Ajuntament de Santa Pola\" \/>\n<meta property=\"og:description\" content=\"La Organizaci\u00f3n Mundial de la Salud conmemora cada 15 de noviembre el d\u00eda mundial sin alcohol a fin de concienciar a la poblaci\u00f3n de los riesgos asociados al consumo de alcohol. El alcoholismo constituye un problema de salud p\u00fablica ya que se es el causante de 3,3 millones de muertes cada a\u00f1o, adem\u00e1s de relacionarse [&hellip;]\" \/>\n<meta property=\"og:url\" content=\"https:\/\/santapola.es\/ca\/15-de-noviembre-dia-mundial-sin-alcohol\/\" \/>\n<meta property=\"og:site_name\" content=\"Ajuntament de Santa Pola\" \/>\n<meta property=\"article:publisher\" content=\"https:\/\/www.facebook.com\/AyuntamientoSantaPola\/\" \/>\n<meta property=\"article:published_time\" content=\"2021-11-15T07:47:29+00:00\" \/>\n<meta property=\"article:modified_time\" content=\"2024-03-07T17:40:09+00:00\" \/>\n<meta property=\"og:image\" content=\"https:\/\/santapola.es\/wp-content\/uploads\/2021\/11\/foto-dia-sin-alcohol_page-0001-724x1024.jpg\" \/>\n<meta name=\"author\" content=\"\u00c1rea Municipal Alcald\u00eda\" \/>\n<meta name=\"twitter:card\" content=\"summary_large_image\" \/>\n<meta name=\"twitter:creator\" content=\"@SantaPolaAyunt\" \/>\n<meta name=\"twitter:site\" content=\"@SantaPolaAyunt\" \/>\n<script type=\"application\/ld+json\" class=\"yoast-schema-graph\">{\"@context\":\"https:\\\/\\\/schema.org\",\"@graph\":[{\"@type\":\"Article\",\"@id\":\"https:\\\/\\\/santapola.es\\\/ca\\\/15-de-noviembre-dia-mundial-sin-alcohol\\\/#article\",\"isPartOf\":{\"@id\":\"https:\\\/\\\/santapola.es\\\/ca\\\/15-de-noviembre-dia-mundial-sin-alcohol\\\/\"},\"author\":{\"name\":\"\u00c1rea Municipal Alcald\u00eda\",\"@id\":\"https:\\\/\\\/santapola.es\\\/ca\\\/#\\\/schema\\\/person\\\/c08381290b84c068e06ca5dc1f5a08a7\"},\"headline\":\"15 de noviembre &#8211; d\u00eda mundial sin alcohol\",\"datePublished\":\"2021-11-15T07:47:29+00:00\",\"dateModified\":\"2024-03-07T17:40:09+00:00\",\"mainEntityOfPage\":{\"@id\":\"https:\\\/\\\/santapola.es\\\/ca\\\/15-de-noviembre-dia-mundial-sin-alcohol\\\/\"},\"wordCount\":212,\"image\":{\"@id\":\"https:\\\/\\\/santapola.es\\\/ca\\\/15-de-noviembre-dia-mundial-sin-alcohol\\\/#primaryimage\"},\"thumbnailUrl\":\"https:\\\/\\\/santapola.es\\\/wp-content\\\/uploads\\\/2021\\\/11\\\/foto-dia-sin-alcohol_page-0001-724x1024.jpg\",\"articleSection\":[\"Comercio\\\/ Consumo\",\"Educaci\u00f3n \\\/ Juventud\",\"Igualdad\\\/ Diversidad\\\/ Ac Social\\\/ Vivienda\",\"Inicio\",\"Sin categorizar\"],\"inLanguage\":\"ca\"},{\"@type\":\"WebPage\",\"@id\":\"https:\\\/\\\/santapola.es\\\/ca\\\/15-de-noviembre-dia-mundial-sin-alcohol\\\/\",\"url\":\"https:\\\/\\\/santapola.es\\\/ca\\\/15-de-noviembre-dia-mundial-sin-alcohol\\\/\",\"name\":\"15 de noviembre - d\u00eda mundial sin alcohol - Ajuntament de Santa Pola\",\"isPartOf\":{\"@id\":\"https:\\\/\\\/santapola.es\\\/ca\\\/#website\"},\"primaryImageOfPage\":{\"@id\":\"https:\\\/\\\/santapola.es\\\/ca\\\/15-de-noviembre-dia-mundial-sin-alcohol\\\/#primaryimage\"},\"image\":{\"@id\":\"https:\\\/\\\/santapola.es\\\/ca\\\/15-de-noviembre-dia-mundial-sin-alcohol\\\/#primaryimage\"},\"thumbnailUrl\":\"https:\\\/\\\/santapola.es\\\/wp-content\\\/uploads\\\/2021\\\/11\\\/foto-dia-sin-alcohol_page-0001-724x1024.jpg\",\"datePublished\":\"2021-11-15T07:47:29+00:00\",\"dateModified\":\"2024-03-07T17:40:09+00:00\",\"author\":{\"@id\":\"https:\\\/\\\/santapola.es\\\/ca\\\/#\\\/schema\\\/person\\\/c08381290b84c068e06ca5dc1f5a08a7\"},\"breadcrumb\":{\"@id\":\"https:\\\/\\\/santapola.es\\\/ca\\\/15-de-noviembre-dia-mundial-sin-alcohol\\\/#breadcrumb\"},\"inLanguage\":\"ca\",\"potentialAction\":[{\"@type\":\"ReadAction\",\"target\":[\"https:\\\/\\\/santapola.es\\\/ca\\\/15-de-noviembre-dia-mundial-sin-alcohol\\\/\"]}]},{\"@type\":\"ImageObject\",\"inLanguage\":\"ca\",\"@id\":\"https:\\\/\\\/santapola.es\\\/ca\\\/15-de-noviembre-dia-mundial-sin-alcohol\\\/#primaryimage\",\"url\":\"https:\\\/\\\/santapola.es\\\/wp-content\\\/uploads\\\/2021\\\/11\\\/foto-dia-sin-alcohol_page-0001-724x1024.jpg\",\"contentUrl\":\"https:\\\/\\\/santapola.es\\\/wp-content\\\/uploads\\\/2021\\\/11\\\/foto-dia-sin-alcohol_page-0001-724x1024.jpg\"},{\"@type\":\"BreadcrumbList\",\"@id\":\"https:\\\/\\\/santapola.es\\\/ca\\\/15-de-noviembre-dia-mundial-sin-alcohol\\\/#breadcrumb\",\"itemListElement\":[{\"@type\":\"ListItem\",\"position\":1,\"name\":\"Inici\",\"item\":\"https:\\\/\\\/santapola.es\\\/ca\\\/\"},{\"@type\":\"ListItem\",\"position\":2,\"name\":\"15 de noviembre &#8211; d\u00eda mundial sin alcohol\"}]},{\"@type\":\"WebSite\",\"@id\":\"https:\\\/\\\/santapola.es\\\/ca\\\/#website\",\"url\":\"https:\\\/\\\/santapola.es\\\/ca\\\/\",\"name\":\"Ayuntamiento de Santa Pola\",\"description\":\"Web de l'Ajuntament de Santa Pola\",\"potentialAction\":[{\"@type\":\"SearchAction\",\"target\":{\"@type\":\"EntryPoint\",\"urlTemplate\":\"https:\\\/\\\/santapola.es\\\/ca\\\/?s={search_term_string}\"},\"query-input\":{\"@type\":\"PropertyValueSpecification\",\"valueRequired\":true,\"valueName\":\"search_term_string\"}}],\"inLanguage\":\"ca\"},{\"@type\":\"Person\",\"@id\":\"https:\\\/\\\/santapola.es\\\/ca\\\/#\\\/schema\\\/person\\\/c08381290b84c068e06ca5dc1f5a08a7\",\"name\":\"\u00c1rea Municipal Alcald\u00eda\"}]}<\/script>\n<!-- \/ Yoast SEO plugin. -->","yoast_head_json":{"title":"15 de noviembre - d\u00eda mundial sin alcohol - Ajuntament de Santa Pola","robots":{"index":"index","follow":"follow","max-snippet":"max-snippet:-1","max-image-preview":"max-image-preview:large","max-video-preview":"max-video-preview:-1"},"canonical":"https:\/\/santapola.es\/ca\/15-de-noviembre-dia-mundial-sin-alcohol\/","og_locale":"ca_ES","og_type":"article","og_title":"15 de noviembre - d\u00eda mundial sin alcohol - Ajuntament de Santa Pola","og_description":"La Organizaci\u00f3n Mundial de la Salud conmemora cada 15 de noviembre el d\u00eda mundial sin alcohol a fin de concienciar a la poblaci\u00f3n de los riesgos asociados al consumo de alcohol. El alcoholismo constituye un problema de salud p\u00fablica ya que se es el causante de 3,3 millones de muertes cada a\u00f1o, adem\u00e1s de relacionarse [&hellip;]","og_url":"https:\/\/santapola.es\/ca\/15-de-noviembre-dia-mundial-sin-alcohol\/","og_site_name":"Ajuntament de Santa Pola","article_publisher":"https:\/\/www.facebook.com\/AyuntamientoSantaPola\/","article_published_time":"2021-11-15T07:47:29+00:00","article_modified_time":"2024-03-07T17:40:09+00:00","og_image":[{"url":"https:\/\/santapola.es\/wp-content\/uploads\/2021\/11\/foto-dia-sin-alcohol_page-0001-724x1024.jpg","type":"","width":"","height":""}],"author":"\u00c1rea Municipal Alcald\u00eda","twitter_card":"summary_large_image","twitter_creator":"@SantaPolaAyunt","twitter_site":"@SantaPolaAyunt","schema":{"@context":"https:\/\/schema.org","@graph":[{"@type":"Article","@id":"https:\/\/santapola.es\/ca\/15-de-noviembre-dia-mundial-sin-alcohol\/#article","isPartOf":{"@id":"https:\/\/santapola.es\/ca\/15-de-noviembre-dia-mundial-sin-alcohol\/"},"author":{"name":"\u00c1rea Municipal Alcald\u00eda","@id":"https:\/\/santapola.es\/ca\/#\/schema\/person\/c08381290b84c068e06ca5dc1f5a08a7"},"headline":"15 de noviembre &#8211; d\u00eda mundial sin alcohol","datePublished":"2021-11-15T07:47:29+00:00","dateModified":"2024-03-07T17:40:09+00:00","mainEntityOfPage":{"@id":"https:\/\/santapola.es\/ca\/15-de-noviembre-dia-mundial-sin-alcohol\/"},"wordCount":212,"image":{"@id":"https:\/\/santapola.es\/ca\/15-de-noviembre-dia-mundial-sin-alcohol\/#primaryimage"},"thumbnailUrl":"https:\/\/santapola.es\/wp-content\/uploads\/2021\/11\/foto-dia-sin-alcohol_page-0001-724x1024.jpg","articleSection":["Comercio\/ Consumo","Educaci\u00f3n \/ Juventud","Igualdad\/ Diversidad\/ Ac Social\/ Vivienda","Inicio","Sin categorizar"],"inLanguage":"ca"},{"@type":"WebPage","@id":"https:\/\/santapola.es\/ca\/15-de-noviembre-dia-mundial-sin-alcohol\/","url":"https:\/\/santapola.es\/ca\/15-de-noviembre-dia-mundial-sin-alcohol\/","name":"15 de noviembre - d\u00eda mundial sin alcohol - Ajuntament de Santa Pola","isPartOf":{"@id":"https:\/\/santapola.es\/ca\/#website"},"primaryImageOfPage":{"@id":"https:\/\/santapola.es\/ca\/15-de-noviembre-dia-mundial-sin-alcohol\/#primaryimage"},"image":{"@id":"https:\/\/santapola.es\/ca\/15-de-noviembre-dia-mundial-sin-alcohol\/#primaryimage"},"thumbnailUrl":"https:\/\/santapola.es\/wp-content\/uploads\/2021\/11\/foto-dia-sin-alcohol_page-0001-724x1024.jpg","datePublished":"2021-11-15T07:47:29+00:00","dateModified":"2024-03-07T17:40:09+00:00","author":{"@id":"https:\/\/santapola.es\/ca\/#\/schema\/person\/c08381290b84c068e06ca5dc1f5a08a7"},"breadcrumb":{"@id":"https:\/\/santapola.es\/ca\/15-de-noviembre-dia-mundial-sin-alcohol\/#breadcrumb"},"inLanguage":"ca","potentialAction":[{"@type":"ReadAction","target":["https:\/\/santapola.es\/ca\/15-de-noviembre-dia-mundial-sin-alcohol\/"]}]},{"@type":"ImageObject","inLanguage":"ca","@id":"https:\/\/santapola.es\/ca\/15-de-noviembre-dia-mundial-sin-alcohol\/#primaryimage","url":"https:\/\/santapola.es\/wp-content\/uploads\/2021\/11\/foto-dia-sin-alcohol_page-0001-724x1024.jpg","contentUrl":"https:\/\/santapola.es\/wp-content\/uploads\/2021\/11\/foto-dia-sin-alcohol_page-0001-724x1024.jpg"},{"@type":"BreadcrumbList","@id":"https:\/\/santapola.es\/ca\/15-de-noviembre-dia-mundial-sin-alcohol\/#breadcrumb","itemListElement":[{"@type":"ListItem","position":1,"name":"Inici","item":"https:\/\/santapola.es\/ca\/"},{"@type":"ListItem","position":2,"name":"15 de noviembre &#8211; d\u00eda mundial sin alcohol"}]},{"@type":"WebSite","@id":"https:\/\/santapola.es\/ca\/#website","url":"https:\/\/santapola.es\/ca\/","name":"Ayuntamiento de Santa Pola","description":"Web de l'Ajuntament de Santa Pola","potentialAction":[{"@type":"SearchAction","target":{"@type":"EntryPoint","urlTemplate":"https:\/\/santapola.es\/ca\/?s={search_term_string}"},"query-input":{"@type":"PropertyValueSpecification","valueRequired":true,"valueName":"search_term_string"}}],"inLanguage":"ca"},{"@type":"Person","@id":"https:\/\/santapola.es\/ca\/#\/schema\/person\/c08381290b84c068e06ca5dc1f5a08a7","name":"\u00c1rea Municipal Alcald\u00eda"}]}},"_links":{"self":[{"href":"https:\/\/santapola.es\/ca\/wp-json\/wp\/v2\/posts\/15490","targetHints":{"allow":["GET"]}}],"collection":[{"href":"https:\/\/santapola.es\/ca\/wp-json\/wp\/v2\/posts"}],"about":[{"href":"https:\/\/santapola.es\/ca\/wp-json\/wp\/v2\/types\/post"}],"author":[{"embeddable":true,"href":"https:\/\/santapola.es\/ca\/wp-json\/wp\/v2\/users\/75"}],"replies":[{"embeddable":true,"href":"https:\/\/santapola.es\/ca\/wp-json\/wp\/v2\/comments?post=15490"}],"version-history":[{"count":0,"href":"https:\/\/santapola.es\/ca\/wp-json\/wp\/v2\/posts\/15490\/revisions"}],"wp:attachment":[{"href":"https:\/\/santapola.es\/ca\/wp-json\/wp\/v2\/media?parent=15490"}],"wp:term":[{"taxonomy":"category","embeddable":true,"href":"https:\/\/santapola.es\/ca\/wp-json\/wp\/v2\/categories?post=15490"},{"taxonomy":"post_tag","embeddable":true,"href":"https:\/\/santapola.es\/ca\/wp-json\/wp\/v2\/tags?post=15490"}],"curies":[{"name":"wp","href":"https:\/\/api.w.org\/{rel}","templated":true}]}}