{"id":15475,"date":"2021-11-04T22:56:01","date_gmt":"2021-11-04T21:56:01","guid":{"rendered":"https:\/\/www.santapola.es\/?p=15475"},"modified":"2024-03-07T18:40:08","modified_gmt":"2024-03-07T17:40:08","slug":"subvencion-recibida-para-la-unidad-contra-la-violencia-de-genero","status":"publish","type":"post","link":"https:\/\/santapola.es\/ca\/subvencion-recibida-para-la-unidad-contra-la-violencia-de-genero\/","title":{"rendered":"Subvenci\u00f3n recibida para la unidad contra la violencia de G\u00e9nero"},"content":{"rendered":"<div><i>CONVOCATORIA SUBVENCIONES AYUNTAMIENTOS CON DESTINO PROGRAMAS Y ACTIVIDADES PARA LA IGUALDAD DE OPORTUNIDADES PREVENCI\u00d3N DE LA VIOLENCIA\u00a0 DE LA PROVINCIA DE ALICANTE.<\/i><\/div>\n<div><\/div>\n<div><strong>La Excelent\u00edsima Diputaci\u00f3n de Alicante por Decreto del 19 de agosto de 2021, concede al Ayuntamiento de Santa Pola una subvenci\u00f3n\u00a0 de 2.506,16 \u20ac, para la unidad contra la violencia de G\u00e9nero.<\/strong><\/div>\n","protected":false},"excerpt":{"rendered":"<p>CONVOCATORIA SUBVENCIONES AYUNTAMIENTOS CON DESTINO PROGRAMAS Y ACTIVIDADES PARA LA IGUALDAD DE OPORTUNIDADES PREVENCI\u00d3N DE LA VIOLENCIA\u00a0 DE LA PROVINCIA DE ALICANTE. La Excelent\u00edsima Diputaci\u00f3n de Alicante por Decreto del 19 de agosto de 2021, concede al Ayuntamiento de Santa Pola una subvenci\u00f3n\u00a0 de 2.506,16 \u20ac, para la unidad contra la violencia de G\u00e9nero.<\/p>\n","protected":false},"author":75,"featured_media":0,"comment_status":"closed","ping_status":"closed","sticky":false,"template":"","format":"standard","meta":{"_et_pb_use_builder":"","_et_pb_old_content":"","_et_gb_content_width":"","footnotes":""},"categories":[64,53,66,406],"tags":[],"class_list":["post-15475","post","type-post","status-publish","format-standard","hentry","category-avisos","category-igualdad-diversidad-ac-social-vivienda","category-inicio","category-sin-categorizar-2"],"yoast_head":"<!-- This site is optimized with the Yoast SEO plugin v27.4 - https:\/\/yoast.com\/product\/yoast-seo-wordpress\/ -->\n<title>Subvenci\u00f3n recibida para la unidad contra la violencia de G\u00e9nero - Ajuntament de Santa Pola<\/title>\n<meta name=\"robots\" content=\"index, follow, max-snippet:-1, max-image-preview:large, max-video-preview:-1\" \/>\n<link rel=\"canonical\" href=\"https:\/\/santapola.es\/ca\/subvencion-recibida-para-la-unidad-contra-la-violencia-de-genero\/\" \/>\n<meta property=\"og:locale\" content=\"ca_ES\" \/>\n<meta property=\"og:type\" content=\"article\" \/>\n<meta property=\"og:title\" content=\"Subvenci\u00f3n recibida para la unidad contra la violencia de G\u00e9nero - Ajuntament de Santa Pola\" \/>\n<meta property=\"og:description\" content=\"CONVOCATORIA SUBVENCIONES AYUNTAMIENTOS CON DESTINO PROGRAMAS Y ACTIVIDADES PARA LA IGUALDAD DE OPORTUNIDADES PREVENCI\u00d3N DE LA VIOLENCIA\u00a0 DE LA PROVINCIA DE ALICANTE. La Excelent\u00edsima Diputaci\u00f3n de Alicante por Decreto del 19 de agosto de 2021, concede al Ayuntamiento de Santa Pola una subvenci\u00f3n\u00a0 de 2.506,16 \u20ac, para la unidad contra la violencia de G\u00e9nero.\" \/>\n<meta property=\"og:url\" content=\"https:\/\/santapola.es\/ca\/subvencion-recibida-para-la-unidad-contra-la-violencia-de-genero\/\" \/>\n<meta property=\"og:site_name\" content=\"Ajuntament de Santa Pola\" \/>\n<meta property=\"article:publisher\" content=\"https:\/\/www.facebook.com\/AyuntamientoSantaPola\/\" \/>\n<meta property=\"article:published_time\" content=\"2021-11-04T21:56:01+00:00\" \/>\n<meta property=\"article:modified_time\" content=\"2024-03-07T17:40:08+00:00\" \/>\n<meta name=\"author\" content=\"\u00c1rea Municipal Alcald\u00eda\" \/>\n<meta name=\"twitter:card\" content=\"summary_large_image\" \/>\n<meta name=\"twitter:creator\" content=\"@SantaPolaAyunt\" \/>\n<meta name=\"twitter:site\" content=\"@SantaPolaAyunt\" \/>\n<script type=\"application\/ld+json\" class=\"yoast-schema-graph\">{\"@context\":\"https:\\\/\\\/schema.org\",\"@graph\":[{\"@type\":\"Article\",\"@id\":\"https:\\\/\\\/santapola.es\\\/ca\\\/subvencion-recibida-para-la-unidad-contra-la-violencia-de-genero\\\/#article\",\"isPartOf\":{\"@id\":\"https:\\\/\\\/santapola.es\\\/ca\\\/subvencion-recibida-para-la-unidad-contra-la-violencia-de-genero\\\/\"},\"author\":{\"name\":\"\u00c1rea Municipal Alcald\u00eda\",\"@id\":\"https:\\\/\\\/santapola.es\\\/ca\\\/#\\\/schema\\\/person\\\/c08381290b84c068e06ca5dc1f5a08a7\"},\"headline\":\"Subvenci\u00f3n recibida para la unidad contra la violencia de G\u00e9nero\",\"datePublished\":\"2021-11-04T21:56:01+00:00\",\"dateModified\":\"2024-03-07T17:40:08+00:00\",\"mainEntityOfPage\":{\"@id\":\"https:\\\/\\\/santapola.es\\\/ca\\\/subvencion-recibida-para-la-unidad-contra-la-violencia-de-genero\\\/\"},\"wordCount\":67,\"articleSection\":[\"Avisos\",\"Igualdad\\\/ Diversidad\\\/ Ac Social\\\/ Vivienda\",\"Inicio\",\"Sin categorizar\"],\"inLanguage\":\"ca\"},{\"@type\":\"WebPage\",\"@id\":\"https:\\\/\\\/santapola.es\\\/ca\\\/subvencion-recibida-para-la-unidad-contra-la-violencia-de-genero\\\/\",\"url\":\"https:\\\/\\\/santapola.es\\\/ca\\\/subvencion-recibida-para-la-unidad-contra-la-violencia-de-genero\\\/\",\"name\":\"Subvenci\u00f3n recibida para la unidad contra la violencia de G\u00e9nero - Ajuntament de Santa Pola\",\"isPartOf\":{\"@id\":\"https:\\\/\\\/santapola.es\\\/ca\\\/#website\"},\"datePublished\":\"2021-11-04T21:56:01+00:00\",\"dateModified\":\"2024-03-07T17:40:08+00:00\",\"author\":{\"@id\":\"https:\\\/\\\/santapola.es\\\/ca\\\/#\\\/schema\\\/person\\\/c08381290b84c068e06ca5dc1f5a08a7\"},\"breadcrumb\":{\"@id\":\"https:\\\/\\\/santapola.es\\\/ca\\\/subvencion-recibida-para-la-unidad-contra-la-violencia-de-genero\\\/#breadcrumb\"},\"inLanguage\":\"ca\",\"potentialAction\":[{\"@type\":\"ReadAction\",\"target\":[\"https:\\\/\\\/santapola.es\\\/ca\\\/subvencion-recibida-para-la-unidad-contra-la-violencia-de-genero\\\/\"]}]},{\"@type\":\"BreadcrumbList\",\"@id\":\"https:\\\/\\\/santapola.es\\\/ca\\\/subvencion-recibida-para-la-unidad-contra-la-violencia-de-genero\\\/#breadcrumb\",\"itemListElement\":[{\"@type\":\"ListItem\",\"position\":1,\"name\":\"Inici\",\"item\":\"https:\\\/\\\/santapola.es\\\/ca\\\/\"},{\"@type\":\"ListItem\",\"position\":2,\"name\":\"Subvenci\u00f3n recibida para la unidad contra la violencia de G\u00e9nero\"}]},{\"@type\":\"WebSite\",\"@id\":\"https:\\\/\\\/santapola.es\\\/ca\\\/#website\",\"url\":\"https:\\\/\\\/santapola.es\\\/ca\\\/\",\"name\":\"Ayuntamiento de Santa Pola\",\"description\":\"Web de l'Ajuntament de Santa Pola\",\"potentialAction\":[{\"@type\":\"SearchAction\",\"target\":{\"@type\":\"EntryPoint\",\"urlTemplate\":\"https:\\\/\\\/santapola.es\\\/ca\\\/?s={search_term_string}\"},\"query-input\":{\"@type\":\"PropertyValueSpecification\",\"valueRequired\":true,\"valueName\":\"search_term_string\"}}],\"inLanguage\":\"ca\"},{\"@type\":\"Person\",\"@id\":\"https:\\\/\\\/santapola.es\\\/ca\\\/#\\\/schema\\\/person\\\/c08381290b84c068e06ca5dc1f5a08a7\",\"name\":\"\u00c1rea Municipal Alcald\u00eda\"}]}<\/script>\n<!-- \/ Yoast SEO plugin. -->","yoast_head_json":{"title":"Subvenci\u00f3n recibida para la unidad contra la violencia de G\u00e9nero - Ajuntament de Santa Pola","robots":{"index":"index","follow":"follow","max-snippet":"max-snippet:-1","max-image-preview":"max-image-preview:large","max-video-preview":"max-video-preview:-1"},"canonical":"https:\/\/santapola.es\/ca\/subvencion-recibida-para-la-unidad-contra-la-violencia-de-genero\/","og_locale":"ca_ES","og_type":"article","og_title":"Subvenci\u00f3n recibida para la unidad contra la violencia de G\u00e9nero - Ajuntament de Santa Pola","og_description":"CONVOCATORIA SUBVENCIONES AYUNTAMIENTOS CON DESTINO PROGRAMAS Y ACTIVIDADES PARA LA IGUALDAD DE OPORTUNIDADES PREVENCI\u00d3N DE LA VIOLENCIA\u00a0 DE LA PROVINCIA DE ALICANTE. La Excelent\u00edsima Diputaci\u00f3n de Alicante por Decreto del 19 de agosto de 2021, concede al Ayuntamiento de Santa Pola una subvenci\u00f3n\u00a0 de 2.506,16 \u20ac, para la unidad contra la violencia de G\u00e9nero.","og_url":"https:\/\/santapola.es\/ca\/subvencion-recibida-para-la-unidad-contra-la-violencia-de-genero\/","og_site_name":"Ajuntament de Santa Pola","article_publisher":"https:\/\/www.facebook.com\/AyuntamientoSantaPola\/","article_published_time":"2021-11-04T21:56:01+00:00","article_modified_time":"2024-03-07T17:40:08+00:00","author":"\u00c1rea Municipal Alcald\u00eda","twitter_card":"summary_large_image","twitter_creator":"@SantaPolaAyunt","twitter_site":"@SantaPolaAyunt","schema":{"@context":"https:\/\/schema.org","@graph":[{"@type":"Article","@id":"https:\/\/santapola.es\/ca\/subvencion-recibida-para-la-unidad-contra-la-violencia-de-genero\/#article","isPartOf":{"@id":"https:\/\/santapola.es\/ca\/subvencion-recibida-para-la-unidad-contra-la-violencia-de-genero\/"},"author":{"name":"\u00c1rea Municipal Alcald\u00eda","@id":"https:\/\/santapola.es\/ca\/#\/schema\/person\/c08381290b84c068e06ca5dc1f5a08a7"},"headline":"Subvenci\u00f3n recibida para la unidad contra la violencia de G\u00e9nero","datePublished":"2021-11-04T21:56:01+00:00","dateModified":"2024-03-07T17:40:08+00:00","mainEntityOfPage":{"@id":"https:\/\/santapola.es\/ca\/subvencion-recibida-para-la-unidad-contra-la-violencia-de-genero\/"},"wordCount":67,"articleSection":["Avisos","Igualdad\/ Diversidad\/ Ac Social\/ Vivienda","Inicio","Sin categorizar"],"inLanguage":"ca"},{"@type":"WebPage","@id":"https:\/\/santapola.es\/ca\/subvencion-recibida-para-la-unidad-contra-la-violencia-de-genero\/","url":"https:\/\/santapola.es\/ca\/subvencion-recibida-para-la-unidad-contra-la-violencia-de-genero\/","name":"Subvenci\u00f3n recibida para la unidad contra la violencia de G\u00e9nero - Ajuntament de Santa Pola","isPartOf":{"@id":"https:\/\/santapola.es\/ca\/#website"},"datePublished":"2021-11-04T21:56:01+00:00","dateModified":"2024-03-07T17:40:08+00:00","author":{"@id":"https:\/\/santapola.es\/ca\/#\/schema\/person\/c08381290b84c068e06ca5dc1f5a08a7"},"breadcrumb":{"@id":"https:\/\/santapola.es\/ca\/subvencion-recibida-para-la-unidad-contra-la-violencia-de-genero\/#breadcrumb"},"inLanguage":"ca","potentialAction":[{"@type":"ReadAction","target":["https:\/\/santapola.es\/ca\/subvencion-recibida-para-la-unidad-contra-la-violencia-de-genero\/"]}]},{"@type":"BreadcrumbList","@id":"https:\/\/santapola.es\/ca\/subvencion-recibida-para-la-unidad-contra-la-violencia-de-genero\/#breadcrumb","itemListElement":[{"@type":"ListItem","position":1,"name":"Inici","item":"https:\/\/santapola.es\/ca\/"},{"@type":"ListItem","position":2,"name":"Subvenci\u00f3n recibida para la unidad contra la violencia de G\u00e9nero"}]},{"@type":"WebSite","@id":"https:\/\/santapola.es\/ca\/#website","url":"https:\/\/santapola.es\/ca\/","name":"Ayuntamiento de Santa Pola","description":"Web de l'Ajuntament de Santa Pola","potentialAction":[{"@type":"SearchAction","target":{"@type":"EntryPoint","urlTemplate":"https:\/\/santapola.es\/ca\/?s={search_term_string}"},"query-input":{"@type":"PropertyValueSpecification","valueRequired":true,"valueName":"search_term_string"}}],"inLanguage":"ca"},{"@type":"Person","@id":"https:\/\/santapola.es\/ca\/#\/schema\/person\/c08381290b84c068e06ca5dc1f5a08a7","name":"\u00c1rea Municipal Alcald\u00eda"}]}},"_links":{"self":[{"href":"https:\/\/santapola.es\/ca\/wp-json\/wp\/v2\/posts\/15475","targetHints":{"allow":["GET"]}}],"collection":[{"href":"https:\/\/santapola.es\/ca\/wp-json\/wp\/v2\/posts"}],"about":[{"href":"https:\/\/santapola.es\/ca\/wp-json\/wp\/v2\/types\/post"}],"author":[{"embeddable":true,"href":"https:\/\/santapola.es\/ca\/wp-json\/wp\/v2\/users\/75"}],"replies":[{"embeddable":true,"href":"https:\/\/santapola.es\/ca\/wp-json\/wp\/v2\/comments?post=15475"}],"version-history":[{"count":0,"href":"https:\/\/santapola.es\/ca\/wp-json\/wp\/v2\/posts\/15475\/revisions"}],"wp:attachment":[{"href":"https:\/\/santapola.es\/ca\/wp-json\/wp\/v2\/media?parent=15475"}],"wp:term":[{"taxonomy":"category","embeddable":true,"href":"https:\/\/santapola.es\/ca\/wp-json\/wp\/v2\/categories?post=15475"},{"taxonomy":"post_tag","embeddable":true,"href":"https:\/\/santapola.es\/ca\/wp-json\/wp\/v2\/tags?post=15475"}],"curies":[{"name":"wp","href":"https:\/\/api.w.org\/{rel}","templated":true}]}}