{"id":15456,"date":"2021-11-04T22:39:19","date_gmt":"2021-11-04T21:39:19","guid":{"rendered":"https:\/\/www.santapola.es\/?p=15456"},"modified":"2024-03-07T18:40:07","modified_gmt":"2024-03-07T17:40:07","slug":"programa-de-promocion-de-salud-emocional-de-nuestros-mayores-vulnerables-en-santa-pola","status":"publish","type":"post","link":"https:\/\/santapola.es\/ca\/programa-de-promocion-de-salud-emocional-de-nuestros-mayores-vulnerables-en-santa-pola\/","title":{"rendered":"PROGRAMA DE PROMOCI\u00d3N de SALUD EMOCIONAL DE NUESTROS MAYORES  VULNERABLES EN SANTA POLA"},"content":{"rendered":"<p><span style=\"font-weight: 400;\">Desde el Departamento de Salud Municipal hemos\u00a0 desarrollado,\u00a0 en las \u00c1reas de Poblaci\u00f3n Adulta y Tercera Edad de nuestro entorno, el proyecto de acciones locales de promoci\u00f3n de salud para la poblaci\u00f3n de Santa Pola, orientado a\u00a0 favorecer el bienestar emocional de la poblaci\u00f3n\u00a0 en situaci\u00f3n vulnerable , en el marco de nuestra pertenencia a\u00a0 Xarxa Salut y\u00a0 al IV Plan de Salut de la Comunitat Valenciana.<\/span><\/p>\n<p><span style=\"font-weight: 400;\">Esta actividad se ha llevado a cabo gracias al soporte econ\u00f3mico proporcionado por la Conselleria de Sanitat Universal i Salut P\u00fablica, en concreto por la subvenci\u00f3n\u00a0 obtenida en la convocatoria de ayudas<\/span> <span style=\"font-weight: 400;\">\u201c&#8230;destinadas a proyectos de promoci\u00f3n de salud y acceso a servicios y programas de salud en poblaciones que viven en situaci\u00f3n de especial vulnerabilidad\u201d[RESOLUCI\u00d3N de 16 de abril de 2021 2021\/4063) , por un total de 3120\u20ac.<\/span><\/p>\n<p><span style=\"font-weight: 400;\">Pese a las circunstancias covid, las limitaciones de aforo y la necesidad de mantener la distancia social, en torno\u00a0 a\u00a0 unas 45\u00a0 pe<\/span><span style=\"font-weight: 400;\">rsonas han participado en nuestros grupos\u00a0 de desarrollo de los talleres. destinados a mejorar el bienestar de las personas y su calidad de vida.\u00a0<\/span><\/p>\n<p><span style=\"font-weight: 400;\">Precisamente este objetivo ha sido el que nos ha guiado\u00a0 a poner en marcha esta iniciativa,\u00a0 que se ha desarrollado al mismo tiempo en el Centro C\u00edvico de Santa Pola ( las tardes de los lunes, martes y jueves ) y en la Biblioteca Internacional de Gran Alacant (los mi\u00e9rcoles por la ma\u00f1ana).<\/span><\/p>\n<p><span style=\"font-weight: 400;\">Las sesiones se han desarrollado desde el 16 de agosto al 21 de octubre de octubre de \u00a0 2021.\u00a0\u00a0<\/span><\/p>\n<p><span style=\"font-weight: 400;\">La aceptaci\u00f3n de la iniciativa entre la poblaci\u00f3n ha sido muy satisfactoria. Las plazas disponibles se agotaron r\u00e1pidamente, lo que demuestra el inter\u00e9s y altas expectativas que el taller ha provocado entre la poblaci\u00f3n.<\/span><\/p>\n<p><span style=\"font-weight: 400;\">La clave de la asiduidad de asistencia a los talleres, pese al covid , ha reca\u00eddo en las estrictas medidas de seguridad aplicadas y en la metodolog\u00eda utilizada, basada en todo momento en actividades de activa participaci\u00f3n combinada con p\u00edldoras informativas,\u00a0 siempre dentro de un ambiente agradable y cercano que ha logrado cohesionar enormemente a los grupos de participantes.<\/span><\/p>\n<p><span style=\"font-weight: 400;\">El Ayuntamiento de Santa Pola y su\u00a0 Departamento de\u00a0 Salud, con la inestimable colaboraci\u00f3n de la Biblioteca Internacional de Gran Alacant, apuestan de forma decidida por invertir en la mejora social, personal y emocional de la poblaci\u00f3n, y se muestran muy satisfechos por los resultados obtenidos.\u00a0<\/span><\/p>\n","protected":false},"excerpt":{"rendered":"<p>Desde el Departamento de Salud Municipal hemos\u00a0 desarrollado,\u00a0 en las \u00c1reas de Poblaci\u00f3n Adulta y Tercera Edad de nuestro entorno, el proyecto de acciones locales de promoci\u00f3n de salud para la poblaci\u00f3n de Santa Pola, orientado a\u00a0 favorecer el bienestar emocional de la poblaci\u00f3n\u00a0 en situaci\u00f3n vulnerable , en el marco de nuestra pertenencia a\u00a0 [&hellip;]<\/p>\n","protected":false},"author":75,"featured_media":0,"comment_status":"closed","ping_status":"closed","sticky":false,"template":"","format":"standard","meta":{"_et_pb_use_builder":"","_et_pb_old_content":"","_et_gb_content_width":"","footnotes":""},"categories":[53,66,406],"tags":[],"class_list":["post-15456","post","type-post","status-publish","format-standard","hentry","category-igualdad-diversidad-ac-social-vivienda","category-inicio","category-sin-categorizar-2"],"yoast_head":"<!-- This site is optimized with the Yoast SEO plugin v27.4 - https:\/\/yoast.com\/product\/yoast-seo-wordpress\/ -->\n<title>PROGRAMA DE PROMOCI\u00d3N de SALUD EMOCIONAL DE NUESTROS MAYORES VULNERABLES EN SANTA POLA - Ajuntament de Santa Pola<\/title>\n<meta name=\"robots\" content=\"index, follow, max-snippet:-1, max-image-preview:large, max-video-preview:-1\" \/>\n<link rel=\"canonical\" href=\"https:\/\/santapola.es\/ca\/programa-de-promocion-de-salud-emocional-de-nuestros-mayores-vulnerables-en-santa-pola\/\" \/>\n<meta property=\"og:locale\" content=\"ca_ES\" \/>\n<meta property=\"og:type\" content=\"article\" \/>\n<meta property=\"og:title\" content=\"PROGRAMA DE PROMOCI\u00d3N de SALUD EMOCIONAL DE NUESTROS MAYORES VULNERABLES EN SANTA POLA - Ajuntament de Santa Pola\" \/>\n<meta property=\"og:description\" content=\"Desde el Departamento de Salud Municipal hemos\u00a0 desarrollado,\u00a0 en las \u00c1reas de Poblaci\u00f3n Adulta y Tercera Edad de nuestro entorno, el proyecto de acciones locales de promoci\u00f3n de salud para la poblaci\u00f3n de Santa Pola, orientado a\u00a0 favorecer el bienestar emocional de la poblaci\u00f3n\u00a0 en situaci\u00f3n vulnerable , en el marco de nuestra pertenencia a\u00a0 [&hellip;]\" \/>\n<meta property=\"og:url\" content=\"https:\/\/santapola.es\/ca\/programa-de-promocion-de-salud-emocional-de-nuestros-mayores-vulnerables-en-santa-pola\/\" \/>\n<meta property=\"og:site_name\" content=\"Ajuntament de Santa Pola\" \/>\n<meta property=\"article:publisher\" content=\"https:\/\/www.facebook.com\/AyuntamientoSantaPola\/\" \/>\n<meta property=\"article:published_time\" content=\"2021-11-04T21:39:19+00:00\" \/>\n<meta property=\"article:modified_time\" content=\"2024-03-07T17:40:07+00:00\" \/>\n<meta name=\"author\" content=\"\u00c1rea Municipal Alcald\u00eda\" \/>\n<meta name=\"twitter:card\" content=\"summary_large_image\" \/>\n<meta name=\"twitter:creator\" content=\"@SantaPolaAyunt\" \/>\n<meta name=\"twitter:site\" content=\"@SantaPolaAyunt\" \/>\n<script type=\"application\/ld+json\" class=\"yoast-schema-graph\">{\"@context\":\"https:\\\/\\\/schema.org\",\"@graph\":[{\"@type\":\"Article\",\"@id\":\"https:\\\/\\\/santapola.es\\\/ca\\\/programa-de-promocion-de-salud-emocional-de-nuestros-mayores-vulnerables-en-santa-pola\\\/#article\",\"isPartOf\":{\"@id\":\"https:\\\/\\\/santapola.es\\\/ca\\\/programa-de-promocion-de-salud-emocional-de-nuestros-mayores-vulnerables-en-santa-pola\\\/\"},\"author\":{\"name\":\"\u00c1rea Municipal Alcald\u00eda\",\"@id\":\"https:\\\/\\\/santapola.es\\\/ca\\\/#\\\/schema\\\/person\\\/c08381290b84c068e06ca5dc1f5a08a7\"},\"headline\":\"PROGRAMA DE PROMOCI\u00d3N de SALUD EMOCIONAL DE NUESTROS MAYORES VULNERABLES EN SANTA POLA\",\"datePublished\":\"2021-11-04T21:39:19+00:00\",\"dateModified\":\"2024-03-07T17:40:07+00:00\",\"mainEntityOfPage\":{\"@id\":\"https:\\\/\\\/santapola.es\\\/ca\\\/programa-de-promocion-de-salud-emocional-de-nuestros-mayores-vulnerables-en-santa-pola\\\/\"},\"wordCount\":420,\"articleSection\":[\"Igualdad\\\/ Diversidad\\\/ Ac Social\\\/ Vivienda\",\"Inicio\",\"Sin categorizar\"],\"inLanguage\":\"ca\"},{\"@type\":\"WebPage\",\"@id\":\"https:\\\/\\\/santapola.es\\\/ca\\\/programa-de-promocion-de-salud-emocional-de-nuestros-mayores-vulnerables-en-santa-pola\\\/\",\"url\":\"https:\\\/\\\/santapola.es\\\/ca\\\/programa-de-promocion-de-salud-emocional-de-nuestros-mayores-vulnerables-en-santa-pola\\\/\",\"name\":\"PROGRAMA DE PROMOCI\u00d3N de SALUD EMOCIONAL DE NUESTROS MAYORES VULNERABLES EN SANTA POLA - Ajuntament de Santa Pola\",\"isPartOf\":{\"@id\":\"https:\\\/\\\/santapola.es\\\/ca\\\/#website\"},\"datePublished\":\"2021-11-04T21:39:19+00:00\",\"dateModified\":\"2024-03-07T17:40:07+00:00\",\"author\":{\"@id\":\"https:\\\/\\\/santapola.es\\\/ca\\\/#\\\/schema\\\/person\\\/c08381290b84c068e06ca5dc1f5a08a7\"},\"breadcrumb\":{\"@id\":\"https:\\\/\\\/santapola.es\\\/ca\\\/programa-de-promocion-de-salud-emocional-de-nuestros-mayores-vulnerables-en-santa-pola\\\/#breadcrumb\"},\"inLanguage\":\"ca\",\"potentialAction\":[{\"@type\":\"ReadAction\",\"target\":[\"https:\\\/\\\/santapola.es\\\/ca\\\/programa-de-promocion-de-salud-emocional-de-nuestros-mayores-vulnerables-en-santa-pola\\\/\"]}]},{\"@type\":\"BreadcrumbList\",\"@id\":\"https:\\\/\\\/santapola.es\\\/ca\\\/programa-de-promocion-de-salud-emocional-de-nuestros-mayores-vulnerables-en-santa-pola\\\/#breadcrumb\",\"itemListElement\":[{\"@type\":\"ListItem\",\"position\":1,\"name\":\"Inici\",\"item\":\"https:\\\/\\\/santapola.es\\\/ca\\\/\"},{\"@type\":\"ListItem\",\"position\":2,\"name\":\"PROGRAMA DE PROMOCI\u00d3N de SALUD EMOCIONAL DE NUESTROS MAYORES VULNERABLES EN SANTA POLA\"}]},{\"@type\":\"WebSite\",\"@id\":\"https:\\\/\\\/santapola.es\\\/ca\\\/#website\",\"url\":\"https:\\\/\\\/santapola.es\\\/ca\\\/\",\"name\":\"Ayuntamiento de Santa Pola\",\"description\":\"Web de l'Ajuntament de Santa Pola\",\"potentialAction\":[{\"@type\":\"SearchAction\",\"target\":{\"@type\":\"EntryPoint\",\"urlTemplate\":\"https:\\\/\\\/santapola.es\\\/ca\\\/?s={search_term_string}\"},\"query-input\":{\"@type\":\"PropertyValueSpecification\",\"valueRequired\":true,\"valueName\":\"search_term_string\"}}],\"inLanguage\":\"ca\"},{\"@type\":\"Person\",\"@id\":\"https:\\\/\\\/santapola.es\\\/ca\\\/#\\\/schema\\\/person\\\/c08381290b84c068e06ca5dc1f5a08a7\",\"name\":\"\u00c1rea Municipal Alcald\u00eda\"}]}<\/script>\n<!-- \/ Yoast SEO plugin. -->","yoast_head_json":{"title":"PROGRAMA DE PROMOCI\u00d3N de SALUD EMOCIONAL DE NUESTROS MAYORES VULNERABLES EN SANTA POLA - Ajuntament de Santa Pola","robots":{"index":"index","follow":"follow","max-snippet":"max-snippet:-1","max-image-preview":"max-image-preview:large","max-video-preview":"max-video-preview:-1"},"canonical":"https:\/\/santapola.es\/ca\/programa-de-promocion-de-salud-emocional-de-nuestros-mayores-vulnerables-en-santa-pola\/","og_locale":"ca_ES","og_type":"article","og_title":"PROGRAMA DE PROMOCI\u00d3N de SALUD EMOCIONAL DE NUESTROS MAYORES VULNERABLES EN SANTA POLA - Ajuntament de Santa Pola","og_description":"Desde el Departamento de Salud Municipal hemos\u00a0 desarrollado,\u00a0 en las \u00c1reas de Poblaci\u00f3n Adulta y Tercera Edad de nuestro entorno, el proyecto de acciones locales de promoci\u00f3n de salud para la poblaci\u00f3n de Santa Pola, orientado a\u00a0 favorecer el bienestar emocional de la poblaci\u00f3n\u00a0 en situaci\u00f3n vulnerable , en el marco de nuestra pertenencia a\u00a0 [&hellip;]","og_url":"https:\/\/santapola.es\/ca\/programa-de-promocion-de-salud-emocional-de-nuestros-mayores-vulnerables-en-santa-pola\/","og_site_name":"Ajuntament de Santa Pola","article_publisher":"https:\/\/www.facebook.com\/AyuntamientoSantaPola\/","article_published_time":"2021-11-04T21:39:19+00:00","article_modified_time":"2024-03-07T17:40:07+00:00","author":"\u00c1rea Municipal Alcald\u00eda","twitter_card":"summary_large_image","twitter_creator":"@SantaPolaAyunt","twitter_site":"@SantaPolaAyunt","schema":{"@context":"https:\/\/schema.org","@graph":[{"@type":"Article","@id":"https:\/\/santapola.es\/ca\/programa-de-promocion-de-salud-emocional-de-nuestros-mayores-vulnerables-en-santa-pola\/#article","isPartOf":{"@id":"https:\/\/santapola.es\/ca\/programa-de-promocion-de-salud-emocional-de-nuestros-mayores-vulnerables-en-santa-pola\/"},"author":{"name":"\u00c1rea Municipal Alcald\u00eda","@id":"https:\/\/santapola.es\/ca\/#\/schema\/person\/c08381290b84c068e06ca5dc1f5a08a7"},"headline":"PROGRAMA DE PROMOCI\u00d3N de SALUD EMOCIONAL DE NUESTROS MAYORES VULNERABLES EN SANTA POLA","datePublished":"2021-11-04T21:39:19+00:00","dateModified":"2024-03-07T17:40:07+00:00","mainEntityOfPage":{"@id":"https:\/\/santapola.es\/ca\/programa-de-promocion-de-salud-emocional-de-nuestros-mayores-vulnerables-en-santa-pola\/"},"wordCount":420,"articleSection":["Igualdad\/ Diversidad\/ Ac Social\/ Vivienda","Inicio","Sin categorizar"],"inLanguage":"ca"},{"@type":"WebPage","@id":"https:\/\/santapola.es\/ca\/programa-de-promocion-de-salud-emocional-de-nuestros-mayores-vulnerables-en-santa-pola\/","url":"https:\/\/santapola.es\/ca\/programa-de-promocion-de-salud-emocional-de-nuestros-mayores-vulnerables-en-santa-pola\/","name":"PROGRAMA DE PROMOCI\u00d3N de SALUD EMOCIONAL DE NUESTROS MAYORES VULNERABLES EN SANTA POLA - Ajuntament de Santa Pola","isPartOf":{"@id":"https:\/\/santapola.es\/ca\/#website"},"datePublished":"2021-11-04T21:39:19+00:00","dateModified":"2024-03-07T17:40:07+00:00","author":{"@id":"https:\/\/santapola.es\/ca\/#\/schema\/person\/c08381290b84c068e06ca5dc1f5a08a7"},"breadcrumb":{"@id":"https:\/\/santapola.es\/ca\/programa-de-promocion-de-salud-emocional-de-nuestros-mayores-vulnerables-en-santa-pola\/#breadcrumb"},"inLanguage":"ca","potentialAction":[{"@type":"ReadAction","target":["https:\/\/santapola.es\/ca\/programa-de-promocion-de-salud-emocional-de-nuestros-mayores-vulnerables-en-santa-pola\/"]}]},{"@type":"BreadcrumbList","@id":"https:\/\/santapola.es\/ca\/programa-de-promocion-de-salud-emocional-de-nuestros-mayores-vulnerables-en-santa-pola\/#breadcrumb","itemListElement":[{"@type":"ListItem","position":1,"name":"Inici","item":"https:\/\/santapola.es\/ca\/"},{"@type":"ListItem","position":2,"name":"PROGRAMA DE PROMOCI\u00d3N de SALUD EMOCIONAL DE NUESTROS MAYORES VULNERABLES EN SANTA POLA"}]},{"@type":"WebSite","@id":"https:\/\/santapola.es\/ca\/#website","url":"https:\/\/santapola.es\/ca\/","name":"Ayuntamiento de Santa Pola","description":"Web de l'Ajuntament de Santa Pola","potentialAction":[{"@type":"SearchAction","target":{"@type":"EntryPoint","urlTemplate":"https:\/\/santapola.es\/ca\/?s={search_term_string}"},"query-input":{"@type":"PropertyValueSpecification","valueRequired":true,"valueName":"search_term_string"}}],"inLanguage":"ca"},{"@type":"Person","@id":"https:\/\/santapola.es\/ca\/#\/schema\/person\/c08381290b84c068e06ca5dc1f5a08a7","name":"\u00c1rea Municipal Alcald\u00eda"}]}},"_links":{"self":[{"href":"https:\/\/santapola.es\/ca\/wp-json\/wp\/v2\/posts\/15456","targetHints":{"allow":["GET"]}}],"collection":[{"href":"https:\/\/santapola.es\/ca\/wp-json\/wp\/v2\/posts"}],"about":[{"href":"https:\/\/santapola.es\/ca\/wp-json\/wp\/v2\/types\/post"}],"author":[{"embeddable":true,"href":"https:\/\/santapola.es\/ca\/wp-json\/wp\/v2\/users\/75"}],"replies":[{"embeddable":true,"href":"https:\/\/santapola.es\/ca\/wp-json\/wp\/v2\/comments?post=15456"}],"version-history":[{"count":0,"href":"https:\/\/santapola.es\/ca\/wp-json\/wp\/v2\/posts\/15456\/revisions"}],"wp:attachment":[{"href":"https:\/\/santapola.es\/ca\/wp-json\/wp\/v2\/media?parent=15456"}],"wp:term":[{"taxonomy":"category","embeddable":true,"href":"https:\/\/santapola.es\/ca\/wp-json\/wp\/v2\/categories?post=15456"},{"taxonomy":"post_tag","embeddable":true,"href":"https:\/\/santapola.es\/ca\/wp-json\/wp\/v2\/tags?post=15456"}],"curies":[{"name":"wp","href":"https:\/\/api.w.org\/{rel}","templated":true}]}}