{"id":15422,"date":"2021-10-19T06:37:13","date_gmt":"2021-10-19T05:37:13","guid":{"rendered":"https:\/\/www.santapola.es\/?p=15422"},"modified":"2024-03-07T18:40:05","modified_gmt":"2024-03-07T17:40:05","slug":"campanas-octubre-cultural-2021","status":"publish","type":"post","link":"https:\/\/santapola.es\/ca\/campanas-octubre-cultural-2021\/","title":{"rendered":"Campa\u00f1as Octubre Cultural 2021"},"content":{"rendered":"<div>La Concejal\u00eda de Normalizaci\u00f3n Ling\u00fc\u00edstica del Ayuntamiento de Santa Pola, con su regidor Julio Miguel Baeza Andreu,\u00a0 present\u00f3 el 5 de octubre las campa\u00f1as del Octubre Cultural de la Agencia de Promoci\u00f3n del valenciano de este Ayuntamiento.<\/div>\n<div><\/div>\n<div>En esta ocasi\u00f3n se presentaron dos campa\u00f1as. La primera consiste en un juego donde la poblaci\u00f3n, eminentemente escolar, ha participado identificando im\u00e1genes que representaban murales de las fachadas de los colegios de la localidad. Esta campa\u00f1a ha tenido una difusi\u00f3n por medio de las redes sociales municipales y, adem\u00e1s, presencial en la Biblioteca infantil y en la Biblioteca de Gran Alacant, gracias a la colaboraci\u00f3n de este Departamento.<\/div>\n<div><\/div>\n<div>Se ha querido hacer coincidir el inicio de la campa\u00f1a en el mes de septiembre, puesto que es el momento en que se produce el retorno a las aulas de todos los ni\u00f1os, despu\u00e9s de las vacaciones de verano. Y se alarg\u00f3 hasta la fecha de presentaci\u00f3n, ya dentro del Octubre Cultural, donde se ha realizado un sorteo entre todas las fichas con las respuestas que han sido depositadas en las Bibliotecas. Durante los pr\u00f3ximos d\u00edas se avisar\u00e1 de las personas premiadas para que puedan recoger su premio. Este premio consta de material escolar: c\u00f3mics, libretas, etc. Hay que mencionar en esta ocasi\u00f3n la colaboraci\u00f3n de la Acad\u00e8mia Valenciana de la Llengua, entidad de la cual son los c\u00f3mics que se repartir\u00e1n y de la Generalitat que, adem\u00e1s de subvencionar parte de las campa\u00f1as de *Aviva Santa Pola, tambi\u00e9n nos ha facilitado parte del material de los premios. Esta colaboraci\u00f3n ha sido posible porque la Agencia de Promoci\u00f3n del Valenciano del Ayuntamiento de Santa Pola forma parte de la Red P\u00fablica de Servicios Ling\u00fc\u00edsticos Valencianos.<\/div>\n<div><\/div>\n<div>La segunda de las campa\u00f1as est\u00e1 relacionada con la celebraci\u00f3n de San Dionisio, el patr\u00f3n de las personas valencianas enamoradas. En Valencia tiene tradici\u00f3n lo que se denomina la &#8220;Mocadorada&#8221;. Donde se regalan, envueltos con un pa\u00f1uelo, mazapanes que tienen formas de frutas y verduras. Con estas formas se quieren representar las frutas y las verduras con\u00a0 las que los labradores obsequiaron el rey Jaime I cuando entr\u00f3 vencedor en la ciudad de Val\u00e8ncia, el 9 de Octubre de 1238, despu\u00e9s de conquistarla.<\/div>\n<div><\/div>\n<div>La campa\u00f1a lleva por lema: Enam\u00f3rate del valenciano y consta de unos juguetes antiestr\u00e9s en forma de coraz\u00f3n. Esta campa\u00f1a tiene una doble difusi\u00f3n -tanto para el personal del Ayuntamiento como para la poblaci\u00f3n en general.<\/div>\n<div><\/div>\n<p>El objetivo de estas campa\u00f1as es fomentar el uso y el conocimiento de nuestra lengua y de manera destacada la puesta en valor de nuestro patrimonio y nuestras tradiciones.<\/p>\n<p>Agencia de Promoci\u00f3n del Valenciano del Ayuntamiento de Santa Pola<\/p>\n<p><img loading=\"lazy\" decoding=\"async\" class=\"aligncenter size-large wp-image-15425\" src=\"https:\/\/santapola.es\/wp-content\/uploads\/2021\/10\/IMG-20211005-WA0013-1024x768.jpg\" alt=\"\" width=\"1024\" height=\"768\" srcset=\"https:\/\/santapola.es\/wp-content\/uploads\/2021\/10\/IMG-20211005-WA0013-1024x768.jpg 1024w, https:\/\/santapola.es\/wp-content\/uploads\/2021\/10\/IMG-20211005-WA0013-300x225.jpg 300w, https:\/\/santapola.es\/wp-content\/uploads\/2021\/10\/IMG-20211005-WA0013-768x576.jpg 768w, https:\/\/santapola.es\/wp-content\/uploads\/2021\/10\/IMG-20211005-WA0013-1536x1152.jpg 1536w, https:\/\/santapola.es\/wp-content\/uploads\/2021\/10\/IMG-20211005-WA0013-510x382.jpg 510w, https:\/\/santapola.es\/wp-content\/uploads\/2021\/10\/IMG-20211005-WA0013-1080x810.jpg 1080w, https:\/\/santapola.es\/wp-content\/uploads\/2021\/10\/IMG-20211005-WA0013-610x458.jpg 610w, https:\/\/santapola.es\/wp-content\/uploads\/2021\/10\/IMG-20211005-WA0013.jpg 2000w\" sizes=\"(max-width: 1024px) 100vw, 1024px\" \/><\/p>\n<p><img loading=\"lazy\" decoding=\"async\" class=\"aligncenter size-large wp-image-15424\" src=\"https:\/\/santapola.es\/wp-content\/uploads\/2021\/10\/IMG-20211005-WA0014-1024x768.jpg\" alt=\"\" width=\"1024\" height=\"768\" srcset=\"https:\/\/santapola.es\/wp-content\/uploads\/2021\/10\/IMG-20211005-WA0014-1024x768.jpg 1024w, https:\/\/santapola.es\/wp-content\/uploads\/2021\/10\/IMG-20211005-WA0014-300x225.jpg 300w, https:\/\/santapola.es\/wp-content\/uploads\/2021\/10\/IMG-20211005-WA0014-768x576.jpg 768w, https:\/\/santapola.es\/wp-content\/uploads\/2021\/10\/IMG-20211005-WA0014-1536x1152.jpg 1536w, https:\/\/santapola.es\/wp-content\/uploads\/2021\/10\/IMG-20211005-WA0014-510x382.jpg 510w, https:\/\/santapola.es\/wp-content\/uploads\/2021\/10\/IMG-20211005-WA0014-1080x810.jpg 1080w, https:\/\/santapola.es\/wp-content\/uploads\/2021\/10\/IMG-20211005-WA0014-610x458.jpg 610w, https:\/\/santapola.es\/wp-content\/uploads\/2021\/10\/IMG-20211005-WA0014.jpg 2000w\" sizes=\"(max-width: 1024px) 100vw, 1024px\" \/><\/p>\n","protected":false},"excerpt":{"rendered":"<p>La Concejal\u00eda de Normalizaci\u00f3n Ling\u00fc\u00edstica del Ayuntamiento de Santa Pola, con su regidor Julio Miguel Baeza Andreu,\u00a0 present\u00f3 el 5 de octubre las campa\u00f1as del Octubre Cultural de la Agencia de Promoci\u00f3n del valenciano de este Ayuntamiento. En esta ocasi\u00f3n se presentaron dos campa\u00f1as. La primera consiste en un juego donde la poblaci\u00f3n, eminentemente escolar, [&hellip;]<\/p>\n","protected":false},"author":75,"featured_media":0,"comment_status":"closed","ping_status":"closed","sticky":false,"template":"","format":"standard","meta":{"_et_pb_use_builder":"","_et_pb_old_content":"","_et_gb_content_width":"","footnotes":""},"categories":[51,60,66,406],"tags":[],"class_list":["post-15422","post","type-post","status-publish","format-standard","hentry","category-cultura-fiestas","category-educacion-juventud","category-inicio","category-sin-categorizar-2"],"yoast_head":"<!-- This site is optimized with the Yoast SEO plugin v27.4 - https:\/\/yoast.com\/product\/yoast-seo-wordpress\/ -->\n<title>Campa\u00f1as Octubre Cultural 2021 - Ajuntament de Santa Pola<\/title>\n<meta name=\"robots\" content=\"index, follow, max-snippet:-1, max-image-preview:large, max-video-preview:-1\" \/>\n<link rel=\"canonical\" href=\"https:\/\/santapola.es\/ca\/campanas-octubre-cultural-2021\/\" \/>\n<meta property=\"og:locale\" content=\"ca_ES\" \/>\n<meta property=\"og:type\" content=\"article\" \/>\n<meta property=\"og:title\" content=\"Campa\u00f1as Octubre Cultural 2021 - Ajuntament de Santa Pola\" \/>\n<meta property=\"og:description\" content=\"La Concejal\u00eda de Normalizaci\u00f3n Ling\u00fc\u00edstica del Ayuntamiento de Santa Pola, con su regidor Julio Miguel Baeza Andreu,\u00a0 present\u00f3 el 5 de octubre las campa\u00f1as del Octubre Cultural de la Agencia de Promoci\u00f3n del valenciano de este Ayuntamiento. En esta ocasi\u00f3n se presentaron dos campa\u00f1as. La primera consiste en un juego donde la poblaci\u00f3n, eminentemente escolar, [&hellip;]\" \/>\n<meta property=\"og:url\" content=\"https:\/\/santapola.es\/ca\/campanas-octubre-cultural-2021\/\" \/>\n<meta property=\"og:site_name\" content=\"Ajuntament de Santa Pola\" \/>\n<meta property=\"article:publisher\" content=\"https:\/\/www.facebook.com\/AyuntamientoSantaPola\/\" \/>\n<meta property=\"article:published_time\" content=\"2021-10-19T05:37:13+00:00\" \/>\n<meta property=\"article:modified_time\" content=\"2024-03-07T17:40:05+00:00\" \/>\n<meta property=\"og:image\" content=\"https:\/\/santapola.es\/wp-content\/uploads\/2021\/10\/IMG-20211005-WA0013-1024x768.jpg\" \/>\n<meta name=\"author\" content=\"\u00c1rea Municipal Alcald\u00eda\" \/>\n<meta name=\"twitter:card\" content=\"summary_large_image\" \/>\n<meta name=\"twitter:creator\" content=\"@SantaPolaAyunt\" \/>\n<meta name=\"twitter:site\" content=\"@SantaPolaAyunt\" \/>\n<script type=\"application\/ld+json\" class=\"yoast-schema-graph\">{\"@context\":\"https:\\\/\\\/schema.org\",\"@graph\":[{\"@type\":\"Article\",\"@id\":\"https:\\\/\\\/santapola.es\\\/ca\\\/campanas-octubre-cultural-2021\\\/#article\",\"isPartOf\":{\"@id\":\"https:\\\/\\\/santapola.es\\\/ca\\\/campanas-octubre-cultural-2021\\\/\"},\"author\":{\"name\":\"\u00c1rea Municipal Alcald\u00eda\",\"@id\":\"https:\\\/\\\/santapola.es\\\/ca\\\/#\\\/schema\\\/person\\\/c08381290b84c068e06ca5dc1f5a08a7\"},\"headline\":\"Campa\u00f1as Octubre Cultural 2021\",\"datePublished\":\"2021-10-19T05:37:13+00:00\",\"dateModified\":\"2024-03-07T17:40:05+00:00\",\"mainEntityOfPage\":{\"@id\":\"https:\\\/\\\/santapola.es\\\/ca\\\/campanas-octubre-cultural-2021\\\/\"},\"wordCount\":487,\"image\":{\"@id\":\"https:\\\/\\\/santapola.es\\\/ca\\\/campanas-octubre-cultural-2021\\\/#primaryimage\"},\"thumbnailUrl\":\"https:\\\/\\\/santapola.es\\\/wp-content\\\/uploads\\\/2021\\\/10\\\/IMG-20211005-WA0013-1024x768.jpg\",\"articleSection\":[\"Cultura\\\/ Fiestas\",\"Educaci\u00f3n \\\/ Juventud\",\"Inicio\",\"Sin categorizar\"],\"inLanguage\":\"ca\"},{\"@type\":\"WebPage\",\"@id\":\"https:\\\/\\\/santapola.es\\\/ca\\\/campanas-octubre-cultural-2021\\\/\",\"url\":\"https:\\\/\\\/santapola.es\\\/ca\\\/campanas-octubre-cultural-2021\\\/\",\"name\":\"Campa\u00f1as Octubre Cultural 2021 - Ajuntament de Santa Pola\",\"isPartOf\":{\"@id\":\"https:\\\/\\\/santapola.es\\\/ca\\\/#website\"},\"primaryImageOfPage\":{\"@id\":\"https:\\\/\\\/santapola.es\\\/ca\\\/campanas-octubre-cultural-2021\\\/#primaryimage\"},\"image\":{\"@id\":\"https:\\\/\\\/santapola.es\\\/ca\\\/campanas-octubre-cultural-2021\\\/#primaryimage\"},\"thumbnailUrl\":\"https:\\\/\\\/santapola.es\\\/wp-content\\\/uploads\\\/2021\\\/10\\\/IMG-20211005-WA0013-1024x768.jpg\",\"datePublished\":\"2021-10-19T05:37:13+00:00\",\"dateModified\":\"2024-03-07T17:40:05+00:00\",\"author\":{\"@id\":\"https:\\\/\\\/santapola.es\\\/ca\\\/#\\\/schema\\\/person\\\/c08381290b84c068e06ca5dc1f5a08a7\"},\"breadcrumb\":{\"@id\":\"https:\\\/\\\/santapola.es\\\/ca\\\/campanas-octubre-cultural-2021\\\/#breadcrumb\"},\"inLanguage\":\"ca\",\"potentialAction\":[{\"@type\":\"ReadAction\",\"target\":[\"https:\\\/\\\/santapola.es\\\/ca\\\/campanas-octubre-cultural-2021\\\/\"]}]},{\"@type\":\"ImageObject\",\"inLanguage\":\"ca\",\"@id\":\"https:\\\/\\\/santapola.es\\\/ca\\\/campanas-octubre-cultural-2021\\\/#primaryimage\",\"url\":\"https:\\\/\\\/santapola.es\\\/wp-content\\\/uploads\\\/2021\\\/10\\\/IMG-20211005-WA0013-1024x768.jpg\",\"contentUrl\":\"https:\\\/\\\/santapola.es\\\/wp-content\\\/uploads\\\/2021\\\/10\\\/IMG-20211005-WA0013-1024x768.jpg\"},{\"@type\":\"BreadcrumbList\",\"@id\":\"https:\\\/\\\/santapola.es\\\/ca\\\/campanas-octubre-cultural-2021\\\/#breadcrumb\",\"itemListElement\":[{\"@type\":\"ListItem\",\"position\":1,\"name\":\"Inici\",\"item\":\"https:\\\/\\\/santapola.es\\\/ca\\\/\"},{\"@type\":\"ListItem\",\"position\":2,\"name\":\"Campa\u00f1as Octubre Cultural 2021\"}]},{\"@type\":\"WebSite\",\"@id\":\"https:\\\/\\\/santapola.es\\\/ca\\\/#website\",\"url\":\"https:\\\/\\\/santapola.es\\\/ca\\\/\",\"name\":\"Ayuntamiento de Santa Pola\",\"description\":\"Web de l'Ajuntament de Santa Pola\",\"potentialAction\":[{\"@type\":\"SearchAction\",\"target\":{\"@type\":\"EntryPoint\",\"urlTemplate\":\"https:\\\/\\\/santapola.es\\\/ca\\\/?s={search_term_string}\"},\"query-input\":{\"@type\":\"PropertyValueSpecification\",\"valueRequired\":true,\"valueName\":\"search_term_string\"}}],\"inLanguage\":\"ca\"},{\"@type\":\"Person\",\"@id\":\"https:\\\/\\\/santapola.es\\\/ca\\\/#\\\/schema\\\/person\\\/c08381290b84c068e06ca5dc1f5a08a7\",\"name\":\"\u00c1rea Municipal Alcald\u00eda\"}]}<\/script>\n<!-- \/ Yoast SEO plugin. -->","yoast_head_json":{"title":"Campa\u00f1as Octubre Cultural 2021 - Ajuntament de Santa Pola","robots":{"index":"index","follow":"follow","max-snippet":"max-snippet:-1","max-image-preview":"max-image-preview:large","max-video-preview":"max-video-preview:-1"},"canonical":"https:\/\/santapola.es\/ca\/campanas-octubre-cultural-2021\/","og_locale":"ca_ES","og_type":"article","og_title":"Campa\u00f1as Octubre Cultural 2021 - Ajuntament de Santa Pola","og_description":"La Concejal\u00eda de Normalizaci\u00f3n Ling\u00fc\u00edstica del Ayuntamiento de Santa Pola, con su regidor Julio Miguel Baeza Andreu,\u00a0 present\u00f3 el 5 de octubre las campa\u00f1as del Octubre Cultural de la Agencia de Promoci\u00f3n del valenciano de este Ayuntamiento. En esta ocasi\u00f3n se presentaron dos campa\u00f1as. La primera consiste en un juego donde la poblaci\u00f3n, eminentemente escolar, [&hellip;]","og_url":"https:\/\/santapola.es\/ca\/campanas-octubre-cultural-2021\/","og_site_name":"Ajuntament de Santa Pola","article_publisher":"https:\/\/www.facebook.com\/AyuntamientoSantaPola\/","article_published_time":"2021-10-19T05:37:13+00:00","article_modified_time":"2024-03-07T17:40:05+00:00","og_image":[{"url":"https:\/\/santapola.es\/wp-content\/uploads\/2021\/10\/IMG-20211005-WA0013-1024x768.jpg","type":"","width":"","height":""}],"author":"\u00c1rea Municipal Alcald\u00eda","twitter_card":"summary_large_image","twitter_creator":"@SantaPolaAyunt","twitter_site":"@SantaPolaAyunt","schema":{"@context":"https:\/\/schema.org","@graph":[{"@type":"Article","@id":"https:\/\/santapola.es\/ca\/campanas-octubre-cultural-2021\/#article","isPartOf":{"@id":"https:\/\/santapola.es\/ca\/campanas-octubre-cultural-2021\/"},"author":{"name":"\u00c1rea Municipal Alcald\u00eda","@id":"https:\/\/santapola.es\/ca\/#\/schema\/person\/c08381290b84c068e06ca5dc1f5a08a7"},"headline":"Campa\u00f1as Octubre Cultural 2021","datePublished":"2021-10-19T05:37:13+00:00","dateModified":"2024-03-07T17:40:05+00:00","mainEntityOfPage":{"@id":"https:\/\/santapola.es\/ca\/campanas-octubre-cultural-2021\/"},"wordCount":487,"image":{"@id":"https:\/\/santapola.es\/ca\/campanas-octubre-cultural-2021\/#primaryimage"},"thumbnailUrl":"https:\/\/santapola.es\/wp-content\/uploads\/2021\/10\/IMG-20211005-WA0013-1024x768.jpg","articleSection":["Cultura\/ Fiestas","Educaci\u00f3n \/ Juventud","Inicio","Sin categorizar"],"inLanguage":"ca"},{"@type":"WebPage","@id":"https:\/\/santapola.es\/ca\/campanas-octubre-cultural-2021\/","url":"https:\/\/santapola.es\/ca\/campanas-octubre-cultural-2021\/","name":"Campa\u00f1as Octubre Cultural 2021 - Ajuntament de Santa Pola","isPartOf":{"@id":"https:\/\/santapola.es\/ca\/#website"},"primaryImageOfPage":{"@id":"https:\/\/santapola.es\/ca\/campanas-octubre-cultural-2021\/#primaryimage"},"image":{"@id":"https:\/\/santapola.es\/ca\/campanas-octubre-cultural-2021\/#primaryimage"},"thumbnailUrl":"https:\/\/santapola.es\/wp-content\/uploads\/2021\/10\/IMG-20211005-WA0013-1024x768.jpg","datePublished":"2021-10-19T05:37:13+00:00","dateModified":"2024-03-07T17:40:05+00:00","author":{"@id":"https:\/\/santapola.es\/ca\/#\/schema\/person\/c08381290b84c068e06ca5dc1f5a08a7"},"breadcrumb":{"@id":"https:\/\/santapola.es\/ca\/campanas-octubre-cultural-2021\/#breadcrumb"},"inLanguage":"ca","potentialAction":[{"@type":"ReadAction","target":["https:\/\/santapola.es\/ca\/campanas-octubre-cultural-2021\/"]}]},{"@type":"ImageObject","inLanguage":"ca","@id":"https:\/\/santapola.es\/ca\/campanas-octubre-cultural-2021\/#primaryimage","url":"https:\/\/santapola.es\/wp-content\/uploads\/2021\/10\/IMG-20211005-WA0013-1024x768.jpg","contentUrl":"https:\/\/santapola.es\/wp-content\/uploads\/2021\/10\/IMG-20211005-WA0013-1024x768.jpg"},{"@type":"BreadcrumbList","@id":"https:\/\/santapola.es\/ca\/campanas-octubre-cultural-2021\/#breadcrumb","itemListElement":[{"@type":"ListItem","position":1,"name":"Inici","item":"https:\/\/santapola.es\/ca\/"},{"@type":"ListItem","position":2,"name":"Campa\u00f1as Octubre Cultural 2021"}]},{"@type":"WebSite","@id":"https:\/\/santapola.es\/ca\/#website","url":"https:\/\/santapola.es\/ca\/","name":"Ayuntamiento de Santa Pola","description":"Web de l'Ajuntament de Santa Pola","potentialAction":[{"@type":"SearchAction","target":{"@type":"EntryPoint","urlTemplate":"https:\/\/santapola.es\/ca\/?s={search_term_string}"},"query-input":{"@type":"PropertyValueSpecification","valueRequired":true,"valueName":"search_term_string"}}],"inLanguage":"ca"},{"@type":"Person","@id":"https:\/\/santapola.es\/ca\/#\/schema\/person\/c08381290b84c068e06ca5dc1f5a08a7","name":"\u00c1rea Municipal Alcald\u00eda"}]}},"_links":{"self":[{"href":"https:\/\/santapola.es\/ca\/wp-json\/wp\/v2\/posts\/15422","targetHints":{"allow":["GET"]}}],"collection":[{"href":"https:\/\/santapola.es\/ca\/wp-json\/wp\/v2\/posts"}],"about":[{"href":"https:\/\/santapola.es\/ca\/wp-json\/wp\/v2\/types\/post"}],"author":[{"embeddable":true,"href":"https:\/\/santapola.es\/ca\/wp-json\/wp\/v2\/users\/75"}],"replies":[{"embeddable":true,"href":"https:\/\/santapola.es\/ca\/wp-json\/wp\/v2\/comments?post=15422"}],"version-history":[{"count":0,"href":"https:\/\/santapola.es\/ca\/wp-json\/wp\/v2\/posts\/15422\/revisions"}],"wp:attachment":[{"href":"https:\/\/santapola.es\/ca\/wp-json\/wp\/v2\/media?parent=15422"}],"wp:term":[{"taxonomy":"category","embeddable":true,"href":"https:\/\/santapola.es\/ca\/wp-json\/wp\/v2\/categories?post=15422"},{"taxonomy":"post_tag","embeddable":true,"href":"https:\/\/santapola.es\/ca\/wp-json\/wp\/v2\/tags?post=15422"}],"curies":[{"name":"wp","href":"https:\/\/api.w.org\/{rel}","templated":true}]}}