{"id":15401,"date":"2021-10-14T00:04:03","date_gmt":"2021-10-13T23:04:03","guid":{"rendered":"https:\/\/www.santapola.es\/?p=15401"},"modified":"2024-03-07T18:40:04","modified_gmt":"2024-03-07T17:40:04","slug":"programa-formando-personas-emprendedoras-santa-pola","status":"publish","type":"post","link":"https:\/\/santapola.es\/ca\/programa-formando-personas-emprendedoras-santa-pola\/","title":{"rendered":"Programa Formando personas Emprendedoras Santa Pola."},"content":{"rendered":"<p><img loading=\"lazy\" decoding=\"async\" class=\"aligncenter wp-image-15402\" src=\"https:\/\/santapola.es\/wp-content\/uploads\/2021\/10\/Cartel-Formando-Personas-Emprendedoras-5.png\" alt=\"\" width=\"658\" height=\"406\" srcset=\"https:\/\/santapola.es\/wp-content\/uploads\/2021\/10\/Cartel-Formando-Personas-Emprendedoras-5.png 940w, https:\/\/santapola.es\/wp-content\/uploads\/2021\/10\/Cartel-Formando-Personas-Emprendedoras-5-300x185.png 300w, https:\/\/santapola.es\/wp-content\/uploads\/2021\/10\/Cartel-Formando-Personas-Emprendedoras-5-768x474.png 768w, https:\/\/santapola.es\/wp-content\/uploads\/2021\/10\/Cartel-Formando-Personas-Emprendedoras-5-610x376.png 610w\" sizes=\"(max-width: 658px) 100vw, 658px\" \/><\/p>\n<p><span style=\"font-weight: 400;\">El Ayuntamiento de Santa Pola, a trav\u00e9s del Servicio Emprende Santa Pola y JOVEMPA traen de nuevo a la Villa, el curso gratuito de formaci\u00f3n para personas emprendedoras, el cual este a\u00f1o se realizar\u00e1 de forma presencial<\/span><b>.\u00a0<\/b><\/p>\n<p><span style=\"font-weight: 400;\">Santa Pola\u00a0 ha vuelto a ser elegida por la Federaci\u00f3n de Asociaciones de J\u00f3venes Empresarios de la Provincia de Alicante (JOVEMPA) para la realizaci\u00f3n del curso \u201cFormando Personas Emprendedoras\u201d. Un programa de formaci\u00f3n gratuito en el que se aportan las reglas b\u00e1sicas que toda persona emprendedora debe saber al arrancar su proyecto.<\/span><\/p>\n<p><span style=\"font-weight: 400;\">En el curso, se podr\u00e1n conocer desde c\u00f3mo realizar un plan de empresa hasta temas relacionados con la financiaci\u00f3n.<\/span><\/p>\n<p><strong>Programa:<\/strong><\/p>\n<p><span style=\"font-weight: 400;\">18\/10: C\u00f3mo preparar tu Plan de Empresa y Plan de Viabilidad.<\/span><\/p>\n<p><span style=\"font-weight: 400;\">19\/10: Aspectos jur\u00eddico-fiscales y laborales a tener en cuenta.<\/span><\/p>\n<p><span style=\"font-weight: 400;\">20\/10: Ayudas y Subvenciones, c\u00f3mo financiar tu proyecto.<\/span><\/p>\n<p><span style=\"font-weight: 400;\">21\/10: Presencia online: Web y comercio Electr\u00f3nico. Una experiencia empresarial que te inspirar\u00e1.<\/span><\/p>\n<p><strong>Lugar:<\/strong><span style=\"font-weight: 400;\"> Sala Baluarte del Castillo.<\/span><\/p>\n<p><strong>Horario:<\/strong><span style=\"font-weight: 400;\"> de 10 h a 14 h.<\/span><\/p>\n<p><span style=\"font-weight: 400;\">Las inscripciones pueden realizarse a trav\u00e9s de: <\/span><a href=\"mailto:alicante@jovempa.org\"><span style=\"font-weight: 400;\">alicante@jovempa.org<\/span><\/a><span style=\"font-weight: 400;\">, tel\u00e9fono 965 573 318, <\/span><a href=\"mailto:emprende@desarrollo.santapola.es\"><span style=\"font-weight: 400;\">emprende@desarrollo.santapola.es<\/span><\/a><span style=\"font-weight: 400;\">, tel\u00e9fono 966 690 591, en el Servicio Emprende Santa Pola C\/ Cervantes, 28 de Santa Pola o de forma telem\u00e1tica en <\/span><a href=\"https:\/\/www.jovempa.org\/eventos\/ver\/evento\/1344-formando-personas-emprendedoras-santa-pola-2021\"><span style=\"font-weight: 400;\">https:\/\/www.jovempa.org\/eventos\/ver\/evento\/1344-formando-personas-emprendedoras-santa-pola-2021<\/span><\/a><\/p>\n","protected":false},"excerpt":{"rendered":"<p>El Ayuntamiento de Santa Pola, a trav\u00e9s del Servicio Emprende Santa Pola y JOVEMPA traen de nuevo a la Villa, el curso gratuito de formaci\u00f3n para personas emprendedoras, el cual este a\u00f1o se realizar\u00e1 de forma presencial.\u00a0 Santa Pola\u00a0 ha vuelto a ser elegida por la Federaci\u00f3n de Asociaciones de J\u00f3venes Empresarios de la Provincia [&hellip;]<\/p>\n","protected":false},"author":75,"featured_media":0,"comment_status":"closed","ping_status":"closed","sticky":false,"template":"","format":"standard","meta":{"_et_pb_use_builder":"","_et_pb_old_content":"","_et_gb_content_width":"","footnotes":""},"categories":[52,62,66,406],"tags":[],"class_list":["post-15401","post","type-post","status-publish","format-standard","hentry","category-comercioconsumo","category-emprende","category-inicio","category-sin-categorizar-2"],"yoast_head":"<!-- This site is optimized with the Yoast SEO plugin v27.4 - https:\/\/yoast.com\/product\/yoast-seo-wordpress\/ -->\n<title>Programa Formando personas Emprendedoras Santa Pola. - Ajuntament de Santa Pola<\/title>\n<meta name=\"robots\" content=\"index, follow, max-snippet:-1, max-image-preview:large, max-video-preview:-1\" \/>\n<link rel=\"canonical\" href=\"https:\/\/santapola.es\/ca\/programa-formando-personas-emprendedoras-santa-pola\/\" \/>\n<meta property=\"og:locale\" content=\"ca_ES\" \/>\n<meta property=\"og:type\" content=\"article\" \/>\n<meta property=\"og:title\" content=\"Programa Formando personas Emprendedoras Santa Pola. - Ajuntament de Santa Pola\" \/>\n<meta property=\"og:description\" content=\"El Ayuntamiento de Santa Pola, a trav\u00e9s del Servicio Emprende Santa Pola y JOVEMPA traen de nuevo a la Villa, el curso gratuito de formaci\u00f3n para personas emprendedoras, el cual este a\u00f1o se realizar\u00e1 de forma presencial.\u00a0 Santa Pola\u00a0 ha vuelto a ser elegida por la Federaci\u00f3n de Asociaciones de J\u00f3venes Empresarios de la Provincia [&hellip;]\" \/>\n<meta property=\"og:url\" content=\"https:\/\/santapola.es\/ca\/programa-formando-personas-emprendedoras-santa-pola\/\" \/>\n<meta property=\"og:site_name\" content=\"Ajuntament de Santa Pola\" \/>\n<meta property=\"article:publisher\" content=\"https:\/\/www.facebook.com\/AyuntamientoSantaPola\/\" \/>\n<meta property=\"article:published_time\" content=\"2021-10-13T23:04:03+00:00\" \/>\n<meta property=\"article:modified_time\" content=\"2024-03-07T17:40:04+00:00\" \/>\n<meta property=\"og:image\" content=\"https:\/\/santapola.es\/wp-content\/uploads\/2021\/10\/Cartel-Formando-Personas-Emprendedoras-5.png\" \/>\n<meta name=\"author\" content=\"\u00c1rea Municipal Alcald\u00eda\" \/>\n<meta name=\"twitter:card\" content=\"summary_large_image\" \/>\n<meta name=\"twitter:creator\" content=\"@SantaPolaAyunt\" \/>\n<meta name=\"twitter:site\" content=\"@SantaPolaAyunt\" \/>\n<script type=\"application\/ld+json\" class=\"yoast-schema-graph\">{\"@context\":\"https:\\\/\\\/schema.org\",\"@graph\":[{\"@type\":\"Article\",\"@id\":\"https:\\\/\\\/santapola.es\\\/ca\\\/programa-formando-personas-emprendedoras-santa-pola\\\/#article\",\"isPartOf\":{\"@id\":\"https:\\\/\\\/santapola.es\\\/ca\\\/programa-formando-personas-emprendedoras-santa-pola\\\/\"},\"author\":{\"name\":\"\u00c1rea Municipal Alcald\u00eda\",\"@id\":\"https:\\\/\\\/santapola.es\\\/ca\\\/#\\\/schema\\\/person\\\/c08381290b84c068e06ca5dc1f5a08a7\"},\"headline\":\"Programa Formando personas Emprendedoras Santa Pola.\",\"datePublished\":\"2021-10-13T23:04:03+00:00\",\"dateModified\":\"2024-03-07T17:40:04+00:00\",\"mainEntityOfPage\":{\"@id\":\"https:\\\/\\\/santapola.es\\\/ca\\\/programa-formando-personas-emprendedoras-santa-pola\\\/\"},\"wordCount\":221,\"image\":{\"@id\":\"https:\\\/\\\/santapola.es\\\/ca\\\/programa-formando-personas-emprendedoras-santa-pola\\\/#primaryimage\"},\"thumbnailUrl\":\"https:\\\/\\\/santapola.es\\\/wp-content\\\/uploads\\\/2021\\\/10\\\/Cartel-Formando-Personas-Emprendedoras-5.png\",\"articleSection\":[\"Comercio\\\/ Consumo\",\"Emprende Santa Pola\",\"Inicio\",\"Sin categorizar\"],\"inLanguage\":\"ca\"},{\"@type\":\"WebPage\",\"@id\":\"https:\\\/\\\/santapola.es\\\/ca\\\/programa-formando-personas-emprendedoras-santa-pola\\\/\",\"url\":\"https:\\\/\\\/santapola.es\\\/ca\\\/programa-formando-personas-emprendedoras-santa-pola\\\/\",\"name\":\"Programa Formando personas Emprendedoras Santa Pola. - Ajuntament de Santa Pola\",\"isPartOf\":{\"@id\":\"https:\\\/\\\/santapola.es\\\/ca\\\/#website\"},\"primaryImageOfPage\":{\"@id\":\"https:\\\/\\\/santapola.es\\\/ca\\\/programa-formando-personas-emprendedoras-santa-pola\\\/#primaryimage\"},\"image\":{\"@id\":\"https:\\\/\\\/santapola.es\\\/ca\\\/programa-formando-personas-emprendedoras-santa-pola\\\/#primaryimage\"},\"thumbnailUrl\":\"https:\\\/\\\/santapola.es\\\/wp-content\\\/uploads\\\/2021\\\/10\\\/Cartel-Formando-Personas-Emprendedoras-5.png\",\"datePublished\":\"2021-10-13T23:04:03+00:00\",\"dateModified\":\"2024-03-07T17:40:04+00:00\",\"author\":{\"@id\":\"https:\\\/\\\/santapola.es\\\/ca\\\/#\\\/schema\\\/person\\\/c08381290b84c068e06ca5dc1f5a08a7\"},\"breadcrumb\":{\"@id\":\"https:\\\/\\\/santapola.es\\\/ca\\\/programa-formando-personas-emprendedoras-santa-pola\\\/#breadcrumb\"},\"inLanguage\":\"ca\",\"potentialAction\":[{\"@type\":\"ReadAction\",\"target\":[\"https:\\\/\\\/santapola.es\\\/ca\\\/programa-formando-personas-emprendedoras-santa-pola\\\/\"]}]},{\"@type\":\"ImageObject\",\"inLanguage\":\"ca\",\"@id\":\"https:\\\/\\\/santapola.es\\\/ca\\\/programa-formando-personas-emprendedoras-santa-pola\\\/#primaryimage\",\"url\":\"https:\\\/\\\/santapola.es\\\/wp-content\\\/uploads\\\/2021\\\/10\\\/Cartel-Formando-Personas-Emprendedoras-5.png\",\"contentUrl\":\"https:\\\/\\\/santapola.es\\\/wp-content\\\/uploads\\\/2021\\\/10\\\/Cartel-Formando-Personas-Emprendedoras-5.png\"},{\"@type\":\"BreadcrumbList\",\"@id\":\"https:\\\/\\\/santapola.es\\\/ca\\\/programa-formando-personas-emprendedoras-santa-pola\\\/#breadcrumb\",\"itemListElement\":[{\"@type\":\"ListItem\",\"position\":1,\"name\":\"Inici\",\"item\":\"https:\\\/\\\/santapola.es\\\/ca\\\/\"},{\"@type\":\"ListItem\",\"position\":2,\"name\":\"Programa Formando personas Emprendedoras Santa Pola.\"}]},{\"@type\":\"WebSite\",\"@id\":\"https:\\\/\\\/santapola.es\\\/ca\\\/#website\",\"url\":\"https:\\\/\\\/santapola.es\\\/ca\\\/\",\"name\":\"Ayuntamiento de Santa Pola\",\"description\":\"Web de l'Ajuntament de Santa Pola\",\"potentialAction\":[{\"@type\":\"SearchAction\",\"target\":{\"@type\":\"EntryPoint\",\"urlTemplate\":\"https:\\\/\\\/santapola.es\\\/ca\\\/?s={search_term_string}\"},\"query-input\":{\"@type\":\"PropertyValueSpecification\",\"valueRequired\":true,\"valueName\":\"search_term_string\"}}],\"inLanguage\":\"ca\"},{\"@type\":\"Person\",\"@id\":\"https:\\\/\\\/santapola.es\\\/ca\\\/#\\\/schema\\\/person\\\/c08381290b84c068e06ca5dc1f5a08a7\",\"name\":\"\u00c1rea Municipal Alcald\u00eda\"}]}<\/script>\n<!-- \/ Yoast SEO plugin. -->","yoast_head_json":{"title":"Programa Formando personas Emprendedoras Santa Pola. - Ajuntament de Santa Pola","robots":{"index":"index","follow":"follow","max-snippet":"max-snippet:-1","max-image-preview":"max-image-preview:large","max-video-preview":"max-video-preview:-1"},"canonical":"https:\/\/santapola.es\/ca\/programa-formando-personas-emprendedoras-santa-pola\/","og_locale":"ca_ES","og_type":"article","og_title":"Programa Formando personas Emprendedoras Santa Pola. - Ajuntament de Santa Pola","og_description":"El Ayuntamiento de Santa Pola, a trav\u00e9s del Servicio Emprende Santa Pola y JOVEMPA traen de nuevo a la Villa, el curso gratuito de formaci\u00f3n para personas emprendedoras, el cual este a\u00f1o se realizar\u00e1 de forma presencial.\u00a0 Santa Pola\u00a0 ha vuelto a ser elegida por la Federaci\u00f3n de Asociaciones de J\u00f3venes Empresarios de la Provincia [&hellip;]","og_url":"https:\/\/santapola.es\/ca\/programa-formando-personas-emprendedoras-santa-pola\/","og_site_name":"Ajuntament de Santa Pola","article_publisher":"https:\/\/www.facebook.com\/AyuntamientoSantaPola\/","article_published_time":"2021-10-13T23:04:03+00:00","article_modified_time":"2024-03-07T17:40:04+00:00","og_image":[{"url":"https:\/\/santapola.es\/wp-content\/uploads\/2021\/10\/Cartel-Formando-Personas-Emprendedoras-5.png","type":"","width":"","height":""}],"author":"\u00c1rea Municipal Alcald\u00eda","twitter_card":"summary_large_image","twitter_creator":"@SantaPolaAyunt","twitter_site":"@SantaPolaAyunt","schema":{"@context":"https:\/\/schema.org","@graph":[{"@type":"Article","@id":"https:\/\/santapola.es\/ca\/programa-formando-personas-emprendedoras-santa-pola\/#article","isPartOf":{"@id":"https:\/\/santapola.es\/ca\/programa-formando-personas-emprendedoras-santa-pola\/"},"author":{"name":"\u00c1rea Municipal Alcald\u00eda","@id":"https:\/\/santapola.es\/ca\/#\/schema\/person\/c08381290b84c068e06ca5dc1f5a08a7"},"headline":"Programa Formando personas Emprendedoras Santa Pola.","datePublished":"2021-10-13T23:04:03+00:00","dateModified":"2024-03-07T17:40:04+00:00","mainEntityOfPage":{"@id":"https:\/\/santapola.es\/ca\/programa-formando-personas-emprendedoras-santa-pola\/"},"wordCount":221,"image":{"@id":"https:\/\/santapola.es\/ca\/programa-formando-personas-emprendedoras-santa-pola\/#primaryimage"},"thumbnailUrl":"https:\/\/santapola.es\/wp-content\/uploads\/2021\/10\/Cartel-Formando-Personas-Emprendedoras-5.png","articleSection":["Comercio\/ Consumo","Emprende Santa Pola","Inicio","Sin categorizar"],"inLanguage":"ca"},{"@type":"WebPage","@id":"https:\/\/santapola.es\/ca\/programa-formando-personas-emprendedoras-santa-pola\/","url":"https:\/\/santapola.es\/ca\/programa-formando-personas-emprendedoras-santa-pola\/","name":"Programa Formando personas Emprendedoras Santa Pola. - Ajuntament de Santa Pola","isPartOf":{"@id":"https:\/\/santapola.es\/ca\/#website"},"primaryImageOfPage":{"@id":"https:\/\/santapola.es\/ca\/programa-formando-personas-emprendedoras-santa-pola\/#primaryimage"},"image":{"@id":"https:\/\/santapola.es\/ca\/programa-formando-personas-emprendedoras-santa-pola\/#primaryimage"},"thumbnailUrl":"https:\/\/santapola.es\/wp-content\/uploads\/2021\/10\/Cartel-Formando-Personas-Emprendedoras-5.png","datePublished":"2021-10-13T23:04:03+00:00","dateModified":"2024-03-07T17:40:04+00:00","author":{"@id":"https:\/\/santapola.es\/ca\/#\/schema\/person\/c08381290b84c068e06ca5dc1f5a08a7"},"breadcrumb":{"@id":"https:\/\/santapola.es\/ca\/programa-formando-personas-emprendedoras-santa-pola\/#breadcrumb"},"inLanguage":"ca","potentialAction":[{"@type":"ReadAction","target":["https:\/\/santapola.es\/ca\/programa-formando-personas-emprendedoras-santa-pola\/"]}]},{"@type":"ImageObject","inLanguage":"ca","@id":"https:\/\/santapola.es\/ca\/programa-formando-personas-emprendedoras-santa-pola\/#primaryimage","url":"https:\/\/santapola.es\/wp-content\/uploads\/2021\/10\/Cartel-Formando-Personas-Emprendedoras-5.png","contentUrl":"https:\/\/santapola.es\/wp-content\/uploads\/2021\/10\/Cartel-Formando-Personas-Emprendedoras-5.png"},{"@type":"BreadcrumbList","@id":"https:\/\/santapola.es\/ca\/programa-formando-personas-emprendedoras-santa-pola\/#breadcrumb","itemListElement":[{"@type":"ListItem","position":1,"name":"Inici","item":"https:\/\/santapola.es\/ca\/"},{"@type":"ListItem","position":2,"name":"Programa Formando personas Emprendedoras Santa Pola."}]},{"@type":"WebSite","@id":"https:\/\/santapola.es\/ca\/#website","url":"https:\/\/santapola.es\/ca\/","name":"Ayuntamiento de Santa Pola","description":"Web de l'Ajuntament de Santa Pola","potentialAction":[{"@type":"SearchAction","target":{"@type":"EntryPoint","urlTemplate":"https:\/\/santapola.es\/ca\/?s={search_term_string}"},"query-input":{"@type":"PropertyValueSpecification","valueRequired":true,"valueName":"search_term_string"}}],"inLanguage":"ca"},{"@type":"Person","@id":"https:\/\/santapola.es\/ca\/#\/schema\/person\/c08381290b84c068e06ca5dc1f5a08a7","name":"\u00c1rea Municipal Alcald\u00eda"}]}},"_links":{"self":[{"href":"https:\/\/santapola.es\/ca\/wp-json\/wp\/v2\/posts\/15401","targetHints":{"allow":["GET"]}}],"collection":[{"href":"https:\/\/santapola.es\/ca\/wp-json\/wp\/v2\/posts"}],"about":[{"href":"https:\/\/santapola.es\/ca\/wp-json\/wp\/v2\/types\/post"}],"author":[{"embeddable":true,"href":"https:\/\/santapola.es\/ca\/wp-json\/wp\/v2\/users\/75"}],"replies":[{"embeddable":true,"href":"https:\/\/santapola.es\/ca\/wp-json\/wp\/v2\/comments?post=15401"}],"version-history":[{"count":0,"href":"https:\/\/santapola.es\/ca\/wp-json\/wp\/v2\/posts\/15401\/revisions"}],"wp:attachment":[{"href":"https:\/\/santapola.es\/ca\/wp-json\/wp\/v2\/media?parent=15401"}],"wp:term":[{"taxonomy":"category","embeddable":true,"href":"https:\/\/santapola.es\/ca\/wp-json\/wp\/v2\/categories?post=15401"},{"taxonomy":"post_tag","embeddable":true,"href":"https:\/\/santapola.es\/ca\/wp-json\/wp\/v2\/tags?post=15401"}],"curies":[{"name":"wp","href":"https:\/\/api.w.org\/{rel}","templated":true}]}}