{"id":15383,"date":"2021-10-13T23:16:51","date_gmt":"2021-10-13T22:16:51","guid":{"rendered":"https:\/\/www.santapola.es\/?p=15383"},"modified":"2024-03-07T18:40:04","modified_gmt":"2024-03-07T17:40:04","slug":"el-ayuntamiento-de-santa-pola-a-traves-del-servicio-emprende-santa-pola-organiza-jornadas-potencia-tu-negocio-en-redes-sociales","status":"publish","type":"post","link":"https:\/\/santapola.es\/ca\/el-ayuntamiento-de-santa-pola-a-traves-del-servicio-emprende-santa-pola-organiza-jornadas-potencia-tu-negocio-en-redes-sociales\/","title":{"rendered":"El Ayuntamiento de Santa Pola, a trav\u00e9s del servicio emprende Santa Pola, organiza JORNADAS POTENCIA TU NEGOCIO EN REDES SOCIALES"},"content":{"rendered":"<p>Manuela Baile, Concejala del Servicio Emprende Santa Pola, en su compromiso de apoyo y promoci\u00f3n a las personas emprendedoras, os invita a las Jornadas <strong>Potencia tu Negocio en Redes Sociales<\/strong>.<\/p>\n<p><u><strong>Lugar<\/strong><\/u>: Sala Baluarte (Castillo de Santa Pola).<\/p>\n<p><u><strong>Programa:<\/strong><\/u><\/p>\n<p><strong>\u00bfC\u00f3mo desarrollar estrategias de Marketing de forma efectiva?<\/strong><\/p>\n<p>Mi\u00e9rcoles\u00a013 de octubre\u00a0de 17.30 h a 20.30 h<\/p>\n<p>Definir la estrategia que permita realizar un an\u00e1lisis del negocio para conocer el punto de partida del mismo. Importancia de evaluar los valores de marca, que permitan generar el elemento diferenciador por el cual se definir\u00e1 el posicionamiento y el estilo de la comunicaci\u00f3n corporativa.<\/p>\n<p><strong>Comunicaci\u00f3n e imagen Corporativa para construir Marca<\/strong><\/p>\n<p>Jueves\u00a014 de octubre\u00a0de\u00a017.30 a\u00a020.30h<\/p>\n<p>Crear un diferenciador. Entender el segmento de mercado y el p\u00fablico objetivo de mi marca. Elementos a tener en cuenta en el desarrollo creativo de mi marca, Logo, Slogan, Imagen, y Mensaje.<\/p>\n<p><strong>\u00bfC\u00f3mo potenciar tu marca a trav\u00e9s de Redes Sociales?<\/strong><\/p>\n<p>Martes\u00a019 de octubre\u00a0de\u00a017.30 a\u00a020.30 h<\/p>\n<p>Marketing Digital. Conociendo las diferentes Redes Sociales. Beneficios para mi negocio del uso de las redes sociales, como herramienta para comunicar los atributos de la marca. Instagram, la red social que ha crecido significativamente en los \u00faltimos a\u00f1os. Importancia de su uso. Tips para crear contenido, c\u00f3mo usarla y hacer buena publicidad en Instagram que impulse la imagen de marca.<\/p>\n<p><u><strong>Dirigidos a:<\/strong><\/u><strong>\u00a0<\/strong>PERSONAS EMPRENDEDORAS, AUT\u00d3NOMOS y PYMES , que deseen mejorar su estrategia de marca,\u00a0comprendiendo el valor que tiene\u00a0los fundamentos de\u00a0marketing, la comunicaci\u00f3n y la identidad de marca, que\u00a0conllevan a un adecuado e innovador uso de la redes sociales, para impulsar el posicionamiento de su proyecto.<\/p>\n<p><u><strong>Inscripciones:<\/strong><\/u>\u00a0 Email: emprende@desarrollo.santapola.es o en el\u00a0tel\u00e9fono 96 669 05 91 y en Servicio Emprende Santa Pola C\/ Cervantes, 28 de Santa Pola.<\/p>\n<p><strong>Plazas limitadas.<\/strong><\/p>\n<p>Actuaciones realizadas gracias a subvenci\u00f3n de la Excma. Diputaci\u00f3n Provincial de Alicante.<\/p>\n<p><img loading=\"lazy\" decoding=\"async\" class=\"aligncenter wp-image-15384\" src=\"https:\/\/santapola.es\/wp-content\/uploads\/2021\/10\/Cartel-Jornadas-1024x1008.jpg\" alt=\"\" width=\"627\" height=\"617\" srcset=\"https:\/\/santapola.es\/wp-content\/uploads\/2021\/10\/Cartel-Jornadas-1024x1008.jpg 1024w, https:\/\/santapola.es\/wp-content\/uploads\/2021\/10\/Cartel-Jornadas-300x295.jpg 300w, https:\/\/santapola.es\/wp-content\/uploads\/2021\/10\/Cartel-Jornadas-768x756.jpg 768w, https:\/\/santapola.es\/wp-content\/uploads\/2021\/10\/Cartel-Jornadas-1080x1063.jpg 1080w, https:\/\/santapola.es\/wp-content\/uploads\/2021\/10\/Cartel-Jornadas-610x601.jpg 610w, https:\/\/santapola.es\/wp-content\/uploads\/2021\/10\/Cartel-Jornadas.jpg 1491w\" sizes=\"(max-width: 627px) 100vw, 627px\" \/><\/p>\n","protected":false},"excerpt":{"rendered":"<p>Manuela Baile, Concejala del Servicio Emprende Santa Pola, en su compromiso de apoyo y promoci\u00f3n a las personas emprendedoras, os invita a las Jornadas Potencia tu Negocio en Redes Sociales. Lugar: Sala Baluarte (Castillo de Santa Pola). Programa: \u00bfC\u00f3mo desarrollar estrategias de Marketing de forma efectiva? Mi\u00e9rcoles\u00a013 de octubre\u00a0de 17.30 h a 20.30 h Definir [&hellip;]<\/p>\n","protected":false},"author":75,"featured_media":0,"comment_status":"closed","ping_status":"closed","sticky":false,"template":"","format":"standard","meta":{"_et_pb_use_builder":"","_et_pb_old_content":"","_et_gb_content_width":"","footnotes":""},"categories":[64,52,62,66,406],"tags":[],"class_list":["post-15383","post","type-post","status-publish","format-standard","hentry","category-avisos","category-comercioconsumo","category-emprende","category-inicio","category-sin-categorizar-2"],"yoast_head":"<!-- This site is optimized with the Yoast SEO plugin v27.4 - https:\/\/yoast.com\/product\/yoast-seo-wordpress\/ -->\n<title>El Ayuntamiento de Santa Pola, a trav\u00e9s del servicio emprende Santa Pola, organiza JORNADAS POTENCIA TU NEGOCIO EN REDES SOCIALES - Ajuntament de Santa Pola<\/title>\n<meta name=\"robots\" content=\"index, follow, max-snippet:-1, max-image-preview:large, max-video-preview:-1\" \/>\n<link rel=\"canonical\" href=\"https:\/\/santapola.es\/ca\/el-ayuntamiento-de-santa-pola-a-traves-del-servicio-emprende-santa-pola-organiza-jornadas-potencia-tu-negocio-en-redes-sociales\/\" \/>\n<meta property=\"og:locale\" content=\"ca_ES\" \/>\n<meta property=\"og:type\" content=\"article\" \/>\n<meta property=\"og:title\" content=\"El Ayuntamiento de Santa Pola, a trav\u00e9s del servicio emprende Santa Pola, organiza JORNADAS POTENCIA TU NEGOCIO EN REDES SOCIALES - Ajuntament de Santa Pola\" \/>\n<meta property=\"og:description\" content=\"Manuela Baile, Concejala del Servicio Emprende Santa Pola, en su compromiso de apoyo y promoci\u00f3n a las personas emprendedoras, os invita a las Jornadas Potencia tu Negocio en Redes Sociales. Lugar: Sala Baluarte (Castillo de Santa Pola). Programa: \u00bfC\u00f3mo desarrollar estrategias de Marketing de forma efectiva? Mi\u00e9rcoles\u00a013 de octubre\u00a0de 17.30 h a 20.30 h Definir [&hellip;]\" \/>\n<meta property=\"og:url\" content=\"https:\/\/santapola.es\/ca\/el-ayuntamiento-de-santa-pola-a-traves-del-servicio-emprende-santa-pola-organiza-jornadas-potencia-tu-negocio-en-redes-sociales\/\" \/>\n<meta property=\"og:site_name\" content=\"Ajuntament de Santa Pola\" \/>\n<meta property=\"article:publisher\" content=\"https:\/\/www.facebook.com\/AyuntamientoSantaPola\/\" \/>\n<meta property=\"article:published_time\" content=\"2021-10-13T22:16:51+00:00\" \/>\n<meta property=\"article:modified_time\" content=\"2024-03-07T17:40:04+00:00\" \/>\n<meta property=\"og:image\" content=\"https:\/\/santapola.es\/wp-content\/uploads\/2021\/10\/Cartel-Jornadas-1024x1008.jpg\" \/>\n<meta name=\"author\" content=\"\u00c1rea Municipal Alcald\u00eda\" \/>\n<meta name=\"twitter:card\" content=\"summary_large_image\" \/>\n<meta name=\"twitter:creator\" content=\"@SantaPolaAyunt\" \/>\n<meta name=\"twitter:site\" content=\"@SantaPolaAyunt\" \/>\n<script type=\"application\/ld+json\" class=\"yoast-schema-graph\">{\"@context\":\"https:\\\/\\\/schema.org\",\"@graph\":[{\"@type\":\"Article\",\"@id\":\"https:\\\/\\\/santapola.es\\\/ca\\\/el-ayuntamiento-de-santa-pola-a-traves-del-servicio-emprende-santa-pola-organiza-jornadas-potencia-tu-negocio-en-redes-sociales\\\/#article\",\"isPartOf\":{\"@id\":\"https:\\\/\\\/santapola.es\\\/ca\\\/el-ayuntamiento-de-santa-pola-a-traves-del-servicio-emprende-santa-pola-organiza-jornadas-potencia-tu-negocio-en-redes-sociales\\\/\"},\"author\":{\"name\":\"\u00c1rea Municipal Alcald\u00eda\",\"@id\":\"https:\\\/\\\/santapola.es\\\/ca\\\/#\\\/schema\\\/person\\\/c08381290b84c068e06ca5dc1f5a08a7\"},\"headline\":\"El Ayuntamiento de Santa Pola, a trav\u00e9s del servicio emprende Santa Pola, organiza JORNADAS POTENCIA TU NEGOCIO EN REDES SOCIALES\",\"datePublished\":\"2021-10-13T22:16:51+00:00\",\"dateModified\":\"2024-03-07T17:40:04+00:00\",\"mainEntityOfPage\":{\"@id\":\"https:\\\/\\\/santapola.es\\\/ca\\\/el-ayuntamiento-de-santa-pola-a-traves-del-servicio-emprende-santa-pola-organiza-jornadas-potencia-tu-negocio-en-redes-sociales\\\/\"},\"wordCount\":339,\"image\":{\"@id\":\"https:\\\/\\\/santapola.es\\\/ca\\\/el-ayuntamiento-de-santa-pola-a-traves-del-servicio-emprende-santa-pola-organiza-jornadas-potencia-tu-negocio-en-redes-sociales\\\/#primaryimage\"},\"thumbnailUrl\":\"https:\\\/\\\/santapola.es\\\/wp-content\\\/uploads\\\/2021\\\/10\\\/Cartel-Jornadas-1024x1008.jpg\",\"articleSection\":[\"Avisos\",\"Comercio\\\/ Consumo\",\"Emprende Santa Pola\",\"Inicio\",\"Sin categorizar\"],\"inLanguage\":\"ca\"},{\"@type\":\"WebPage\",\"@id\":\"https:\\\/\\\/santapola.es\\\/ca\\\/el-ayuntamiento-de-santa-pola-a-traves-del-servicio-emprende-santa-pola-organiza-jornadas-potencia-tu-negocio-en-redes-sociales\\\/\",\"url\":\"https:\\\/\\\/santapola.es\\\/ca\\\/el-ayuntamiento-de-santa-pola-a-traves-del-servicio-emprende-santa-pola-organiza-jornadas-potencia-tu-negocio-en-redes-sociales\\\/\",\"name\":\"El Ayuntamiento de Santa Pola, a trav\u00e9s del servicio emprende Santa Pola, organiza JORNADAS POTENCIA TU NEGOCIO EN REDES SOCIALES - Ajuntament de Santa Pola\",\"isPartOf\":{\"@id\":\"https:\\\/\\\/santapola.es\\\/ca\\\/#website\"},\"primaryImageOfPage\":{\"@id\":\"https:\\\/\\\/santapola.es\\\/ca\\\/el-ayuntamiento-de-santa-pola-a-traves-del-servicio-emprende-santa-pola-organiza-jornadas-potencia-tu-negocio-en-redes-sociales\\\/#primaryimage\"},\"image\":{\"@id\":\"https:\\\/\\\/santapola.es\\\/ca\\\/el-ayuntamiento-de-santa-pola-a-traves-del-servicio-emprende-santa-pola-organiza-jornadas-potencia-tu-negocio-en-redes-sociales\\\/#primaryimage\"},\"thumbnailUrl\":\"https:\\\/\\\/santapola.es\\\/wp-content\\\/uploads\\\/2021\\\/10\\\/Cartel-Jornadas-1024x1008.jpg\",\"datePublished\":\"2021-10-13T22:16:51+00:00\",\"dateModified\":\"2024-03-07T17:40:04+00:00\",\"author\":{\"@id\":\"https:\\\/\\\/santapola.es\\\/ca\\\/#\\\/schema\\\/person\\\/c08381290b84c068e06ca5dc1f5a08a7\"},\"breadcrumb\":{\"@id\":\"https:\\\/\\\/santapola.es\\\/ca\\\/el-ayuntamiento-de-santa-pola-a-traves-del-servicio-emprende-santa-pola-organiza-jornadas-potencia-tu-negocio-en-redes-sociales\\\/#breadcrumb\"},\"inLanguage\":\"ca\",\"potentialAction\":[{\"@type\":\"ReadAction\",\"target\":[\"https:\\\/\\\/santapola.es\\\/ca\\\/el-ayuntamiento-de-santa-pola-a-traves-del-servicio-emprende-santa-pola-organiza-jornadas-potencia-tu-negocio-en-redes-sociales\\\/\"]}]},{\"@type\":\"ImageObject\",\"inLanguage\":\"ca\",\"@id\":\"https:\\\/\\\/santapola.es\\\/ca\\\/el-ayuntamiento-de-santa-pola-a-traves-del-servicio-emprende-santa-pola-organiza-jornadas-potencia-tu-negocio-en-redes-sociales\\\/#primaryimage\",\"url\":\"https:\\\/\\\/santapola.es\\\/wp-content\\\/uploads\\\/2021\\\/10\\\/Cartel-Jornadas-1024x1008.jpg\",\"contentUrl\":\"https:\\\/\\\/santapola.es\\\/wp-content\\\/uploads\\\/2021\\\/10\\\/Cartel-Jornadas-1024x1008.jpg\"},{\"@type\":\"BreadcrumbList\",\"@id\":\"https:\\\/\\\/santapola.es\\\/ca\\\/el-ayuntamiento-de-santa-pola-a-traves-del-servicio-emprende-santa-pola-organiza-jornadas-potencia-tu-negocio-en-redes-sociales\\\/#breadcrumb\",\"itemListElement\":[{\"@type\":\"ListItem\",\"position\":1,\"name\":\"Inici\",\"item\":\"https:\\\/\\\/santapola.es\\\/ca\\\/\"},{\"@type\":\"ListItem\",\"position\":2,\"name\":\"El Ayuntamiento de Santa Pola, a trav\u00e9s del servicio emprende Santa Pola, organiza JORNADAS POTENCIA TU NEGOCIO EN REDES SOCIALES\"}]},{\"@type\":\"WebSite\",\"@id\":\"https:\\\/\\\/santapola.es\\\/ca\\\/#website\",\"url\":\"https:\\\/\\\/santapola.es\\\/ca\\\/\",\"name\":\"Ayuntamiento de Santa Pola\",\"description\":\"Web de l'Ajuntament de Santa Pola\",\"potentialAction\":[{\"@type\":\"SearchAction\",\"target\":{\"@type\":\"EntryPoint\",\"urlTemplate\":\"https:\\\/\\\/santapola.es\\\/ca\\\/?s={search_term_string}\"},\"query-input\":{\"@type\":\"PropertyValueSpecification\",\"valueRequired\":true,\"valueName\":\"search_term_string\"}}],\"inLanguage\":\"ca\"},{\"@type\":\"Person\",\"@id\":\"https:\\\/\\\/santapola.es\\\/ca\\\/#\\\/schema\\\/person\\\/c08381290b84c068e06ca5dc1f5a08a7\",\"name\":\"\u00c1rea Municipal Alcald\u00eda\"}]}<\/script>\n<!-- \/ Yoast SEO plugin. -->","yoast_head_json":{"title":"El Ayuntamiento de Santa Pola, a trav\u00e9s del servicio emprende Santa Pola, organiza JORNADAS POTENCIA TU NEGOCIO EN REDES SOCIALES - Ajuntament de Santa Pola","robots":{"index":"index","follow":"follow","max-snippet":"max-snippet:-1","max-image-preview":"max-image-preview:large","max-video-preview":"max-video-preview:-1"},"canonical":"https:\/\/santapola.es\/ca\/el-ayuntamiento-de-santa-pola-a-traves-del-servicio-emprende-santa-pola-organiza-jornadas-potencia-tu-negocio-en-redes-sociales\/","og_locale":"ca_ES","og_type":"article","og_title":"El Ayuntamiento de Santa Pola, a trav\u00e9s del servicio emprende Santa Pola, organiza JORNADAS POTENCIA TU NEGOCIO EN REDES SOCIALES - Ajuntament de Santa Pola","og_description":"Manuela Baile, Concejala del Servicio Emprende Santa Pola, en su compromiso de apoyo y promoci\u00f3n a las personas emprendedoras, os invita a las Jornadas Potencia tu Negocio en Redes Sociales. Lugar: Sala Baluarte (Castillo de Santa Pola). Programa: \u00bfC\u00f3mo desarrollar estrategias de Marketing de forma efectiva? Mi\u00e9rcoles\u00a013 de octubre\u00a0de 17.30 h a 20.30 h Definir [&hellip;]","og_url":"https:\/\/santapola.es\/ca\/el-ayuntamiento-de-santa-pola-a-traves-del-servicio-emprende-santa-pola-organiza-jornadas-potencia-tu-negocio-en-redes-sociales\/","og_site_name":"Ajuntament de Santa Pola","article_publisher":"https:\/\/www.facebook.com\/AyuntamientoSantaPola\/","article_published_time":"2021-10-13T22:16:51+00:00","article_modified_time":"2024-03-07T17:40:04+00:00","og_image":[{"url":"https:\/\/santapola.es\/wp-content\/uploads\/2021\/10\/Cartel-Jornadas-1024x1008.jpg","type":"","width":"","height":""}],"author":"\u00c1rea Municipal Alcald\u00eda","twitter_card":"summary_large_image","twitter_creator":"@SantaPolaAyunt","twitter_site":"@SantaPolaAyunt","schema":{"@context":"https:\/\/schema.org","@graph":[{"@type":"Article","@id":"https:\/\/santapola.es\/ca\/el-ayuntamiento-de-santa-pola-a-traves-del-servicio-emprende-santa-pola-organiza-jornadas-potencia-tu-negocio-en-redes-sociales\/#article","isPartOf":{"@id":"https:\/\/santapola.es\/ca\/el-ayuntamiento-de-santa-pola-a-traves-del-servicio-emprende-santa-pola-organiza-jornadas-potencia-tu-negocio-en-redes-sociales\/"},"author":{"name":"\u00c1rea Municipal Alcald\u00eda","@id":"https:\/\/santapola.es\/ca\/#\/schema\/person\/c08381290b84c068e06ca5dc1f5a08a7"},"headline":"El Ayuntamiento de Santa Pola, a trav\u00e9s del servicio emprende Santa Pola, organiza JORNADAS POTENCIA TU NEGOCIO EN REDES SOCIALES","datePublished":"2021-10-13T22:16:51+00:00","dateModified":"2024-03-07T17:40:04+00:00","mainEntityOfPage":{"@id":"https:\/\/santapola.es\/ca\/el-ayuntamiento-de-santa-pola-a-traves-del-servicio-emprende-santa-pola-organiza-jornadas-potencia-tu-negocio-en-redes-sociales\/"},"wordCount":339,"image":{"@id":"https:\/\/santapola.es\/ca\/el-ayuntamiento-de-santa-pola-a-traves-del-servicio-emprende-santa-pola-organiza-jornadas-potencia-tu-negocio-en-redes-sociales\/#primaryimage"},"thumbnailUrl":"https:\/\/santapola.es\/wp-content\/uploads\/2021\/10\/Cartel-Jornadas-1024x1008.jpg","articleSection":["Avisos","Comercio\/ Consumo","Emprende Santa Pola","Inicio","Sin categorizar"],"inLanguage":"ca"},{"@type":"WebPage","@id":"https:\/\/santapola.es\/ca\/el-ayuntamiento-de-santa-pola-a-traves-del-servicio-emprende-santa-pola-organiza-jornadas-potencia-tu-negocio-en-redes-sociales\/","url":"https:\/\/santapola.es\/ca\/el-ayuntamiento-de-santa-pola-a-traves-del-servicio-emprende-santa-pola-organiza-jornadas-potencia-tu-negocio-en-redes-sociales\/","name":"El Ayuntamiento de Santa Pola, a trav\u00e9s del servicio emprende Santa Pola, organiza JORNADAS POTENCIA TU NEGOCIO EN REDES SOCIALES - Ajuntament de Santa Pola","isPartOf":{"@id":"https:\/\/santapola.es\/ca\/#website"},"primaryImageOfPage":{"@id":"https:\/\/santapola.es\/ca\/el-ayuntamiento-de-santa-pola-a-traves-del-servicio-emprende-santa-pola-organiza-jornadas-potencia-tu-negocio-en-redes-sociales\/#primaryimage"},"image":{"@id":"https:\/\/santapola.es\/ca\/el-ayuntamiento-de-santa-pola-a-traves-del-servicio-emprende-santa-pola-organiza-jornadas-potencia-tu-negocio-en-redes-sociales\/#primaryimage"},"thumbnailUrl":"https:\/\/santapola.es\/wp-content\/uploads\/2021\/10\/Cartel-Jornadas-1024x1008.jpg","datePublished":"2021-10-13T22:16:51+00:00","dateModified":"2024-03-07T17:40:04+00:00","author":{"@id":"https:\/\/santapola.es\/ca\/#\/schema\/person\/c08381290b84c068e06ca5dc1f5a08a7"},"breadcrumb":{"@id":"https:\/\/santapola.es\/ca\/el-ayuntamiento-de-santa-pola-a-traves-del-servicio-emprende-santa-pola-organiza-jornadas-potencia-tu-negocio-en-redes-sociales\/#breadcrumb"},"inLanguage":"ca","potentialAction":[{"@type":"ReadAction","target":["https:\/\/santapola.es\/ca\/el-ayuntamiento-de-santa-pola-a-traves-del-servicio-emprende-santa-pola-organiza-jornadas-potencia-tu-negocio-en-redes-sociales\/"]}]},{"@type":"ImageObject","inLanguage":"ca","@id":"https:\/\/santapola.es\/ca\/el-ayuntamiento-de-santa-pola-a-traves-del-servicio-emprende-santa-pola-organiza-jornadas-potencia-tu-negocio-en-redes-sociales\/#primaryimage","url":"https:\/\/santapola.es\/wp-content\/uploads\/2021\/10\/Cartel-Jornadas-1024x1008.jpg","contentUrl":"https:\/\/santapola.es\/wp-content\/uploads\/2021\/10\/Cartel-Jornadas-1024x1008.jpg"},{"@type":"BreadcrumbList","@id":"https:\/\/santapola.es\/ca\/el-ayuntamiento-de-santa-pola-a-traves-del-servicio-emprende-santa-pola-organiza-jornadas-potencia-tu-negocio-en-redes-sociales\/#breadcrumb","itemListElement":[{"@type":"ListItem","position":1,"name":"Inici","item":"https:\/\/santapola.es\/ca\/"},{"@type":"ListItem","position":2,"name":"El Ayuntamiento de Santa Pola, a trav\u00e9s del servicio emprende Santa Pola, organiza JORNADAS POTENCIA TU NEGOCIO EN REDES SOCIALES"}]},{"@type":"WebSite","@id":"https:\/\/santapola.es\/ca\/#website","url":"https:\/\/santapola.es\/ca\/","name":"Ayuntamiento de Santa Pola","description":"Web de l'Ajuntament de Santa Pola","potentialAction":[{"@type":"SearchAction","target":{"@type":"EntryPoint","urlTemplate":"https:\/\/santapola.es\/ca\/?s={search_term_string}"},"query-input":{"@type":"PropertyValueSpecification","valueRequired":true,"valueName":"search_term_string"}}],"inLanguage":"ca"},{"@type":"Person","@id":"https:\/\/santapola.es\/ca\/#\/schema\/person\/c08381290b84c068e06ca5dc1f5a08a7","name":"\u00c1rea Municipal Alcald\u00eda"}]}},"_links":{"self":[{"href":"https:\/\/santapola.es\/ca\/wp-json\/wp\/v2\/posts\/15383","targetHints":{"allow":["GET"]}}],"collection":[{"href":"https:\/\/santapola.es\/ca\/wp-json\/wp\/v2\/posts"}],"about":[{"href":"https:\/\/santapola.es\/ca\/wp-json\/wp\/v2\/types\/post"}],"author":[{"embeddable":true,"href":"https:\/\/santapola.es\/ca\/wp-json\/wp\/v2\/users\/75"}],"replies":[{"embeddable":true,"href":"https:\/\/santapola.es\/ca\/wp-json\/wp\/v2\/comments?post=15383"}],"version-history":[{"count":0,"href":"https:\/\/santapola.es\/ca\/wp-json\/wp\/v2\/posts\/15383\/revisions"}],"wp:attachment":[{"href":"https:\/\/santapola.es\/ca\/wp-json\/wp\/v2\/media?parent=15383"}],"wp:term":[{"taxonomy":"category","embeddable":true,"href":"https:\/\/santapola.es\/ca\/wp-json\/wp\/v2\/categories?post=15383"},{"taxonomy":"post_tag","embeddable":true,"href":"https:\/\/santapola.es\/ca\/wp-json\/wp\/v2\/tags?post=15383"}],"curies":[{"name":"wp","href":"https:\/\/api.w.org\/{rel}","templated":true}]}}