{"id":15248,"date":"2021-08-19T19:16:59","date_gmt":"2021-08-19T18:16:59","guid":{"rendered":"https:\/\/www.santapola.es\/?p=15248"},"modified":"2024-03-07T18:39:59","modified_gmt":"2024-03-07T17:39:59","slug":"contestacion-a-publicacion-de-fecha-19-08-2021-en-un-medio-de-comunicacion-de-prensa-escrita-educacion-reparara-los-fallos-del-vicenta-ruso-y-garantiza-comedor-para-septiembre","status":"publish","type":"post","link":"https:\/\/santapola.es\/ca\/contestacion-a-publicacion-de-fecha-19-08-2021-en-un-medio-de-comunicacion-de-prensa-escrita-educacion-reparara-los-fallos-del-vicenta-ruso-y-garantiza-comedor-para-septiembre\/","title":{"rendered":"Contestaci\u00f3n a publicaci\u00f3n de fecha 19\/08\/2021 en un medio de comunicaci\u00f3n de prensa escrita: \u201cEducaci\u00f3n reparar\u00e1 los fallos del Vicenta Ruso y garantiza comedor para septiembre\u201d"},"content":{"rendered":"<pre class=\"western\" lang=\"es-ES\"><span style=\"color: #000000;\"><span style=\"font-family: Calibri, sans-serif;\"><span style=\"font-size: medium;\">El Ayuntamiento de Santa Pola est\u00e1 sorprendido de haberse tenido que enterar por la prensa de las actuaciones que la Conselleria de Educaci\u00f3n va a realizar en los centros educativos.<\/span><\/span><\/span>\r\n\r\n<span lang=\"es-ES\"><span style=\"color: #000000;\"><span style=\"font-family: Calibri, sans-serif;\"><span style=\"font-size: medium;\">Una vez m<\/span><\/span><\/span><span style=\"color: #000000;\"><span style=\"font-family: Calibri, sans-serif;\"><span style=\"font-size: medium;\">\u00e1<\/span><\/span><\/span><span style=\"color: #000000;\"><span style=\"font-family: Calibri, sans-serif;\"><span style=\"font-size: medium;\">s la Conseller<\/span><\/span><\/span><span style=\"color: #000000;\"><span style=\"font-family: Calibri, sans-serif;\"><span style=\"font-size: medium;\">i<\/span><\/span><\/span><span style=\"color: #000000;\"><span style=\"font-family: Calibri, sans-serif;\"><span style=\"font-size: medium;\">a tira balones fuera y no quiere asumir lo que le compete, afirma<\/span><\/span><\/span><span style=\"color: #000000;\"><span style=\"font-family: Calibri, sans-serif;\"><span style=\"font-size: medium;\">ndo <\/span><\/span><\/span><span style=\"color: #000000;\"><span style=\"font-family: Calibri, sans-serif;\"><span style=\"font-size: medium;\">que lo sucedido, por ejemplo en el Colegio Vicenta Ruso, deviene de la falta de mantenimiento por parte del <\/span><\/span><\/span><span style=\"color: #000000;\"><span style=\"font-family: Calibri, sans-serif;\"><span style=\"font-size: medium;\">Consistorio Municipal<\/span><\/span><\/span><span style=\"color: #000000;\"><span style=\"font-family: Calibri, sans-serif;\"><span style=\"font-size: medium;\">.  <\/span><\/span><\/span><\/span>\r\n\r\n<span lang=\"es-ES\"><span style=\"color: #000000;\"><span style=\"font-family: Calibri, sans-serif;\"><span style=\"font-size: medium;\">Esta <\/span><\/span><\/span><span style=\"color: #000000;\"><span style=\"font-family: Calibri, sans-serif;\"><span style=\"font-size: medium;\">C<\/span><\/span><\/span><span style=\"color: #000000;\"><span style=\"font-family: Calibri, sans-serif;\"><span style=\"font-size: medium;\">orporaci\u00f3n, en vista de los informes de la T\u00e9cnico municipal as\u00ed como de la Empresa de Prevenci\u00f3n de Riesgos Laborales se pregunta: \u00bfc<\/span><\/span><\/span><span style=\"color: #000000;\"><span style=\"font-family: Calibri, sans-serif;\"><span style=\"font-size: medium;\">\u00f3<\/span><\/span><\/span><span style=\"color: #000000;\"><span style=\"font-family: Calibri, sans-serif;\"><span style=\"font-size: medium;\">mo es posible que la zona de lavadero no tenga pendiente o que el sumidero no cumpla su funci\u00f3n? <\/span><\/span><\/span><span style=\"color: #000000;\"><span style=\"font-family: Calibri, sans-serif;\"><span style=\"font-size: medium;\">\u00bfambas actuaciones<\/span><\/span><\/span> <span style=\"color: #000000;\"><span style=\"font-family: Calibri, sans-serif;\"><span style=\"font-size: medium;\">corresponden a<\/span><\/span><\/span><span style=\"color: #000000;\"><span style=\"font-family: Calibri, sans-serif;\"><span style=\"font-size: medium;\"> una labor de mantenimiento? No hace falta ser un erudito de la construcci\u00f3n para darse cuenta que el problema est<\/span><\/span><\/span><span style=\"color: #000000;\"><span style=\"font-family: Calibri, sans-serif;\"><span style=\"font-size: medium;\">\u00e1<\/span><\/span><\/span><span style=\"color: #000000;\"><span style=\"font-family: Calibri, sans-serif;\"><span style=\"font-size: medium;\"> en el origen <\/span><\/span><\/span><span style=\"color: #000000;\"><span style=\"font-family: Calibri, sans-serif;\"><span style=\"font-size: medium;\">de la obra <\/span><\/span><\/span><span style=\"color: #000000;\"><span style=\"font-family: Calibri, sans-serif;\"><span style=\"font-size: medium;\">y que estos elementos no son susceptibles de mantenimiento.<\/span><\/span><\/span><\/span>\r\n\r\n<span lang=\"es-ES\"><span style=\"color: #000000;\"><span style=\"font-family: Calibri, sans-serif;\"><span style=\"font-size: medium;\">Por otro lado, el <\/span><\/span><\/span><span style=\"color: #000000;\"><span style=\"font-family: Calibri, sans-serif;\"><span style=\"font-size: medium;\">E<\/span><\/span><\/span><span style=\"color: #000000;\"><span style=\"font-family: Calibri, sans-serif;\"><span style=\"font-size: medium;\">quipo de <\/span><\/span><\/span><span style=\"color: #000000;\"><span style=\"font-family: Calibri, sans-serif;\"><span style=\"font-size: medium;\">G<\/span><\/span><\/span><span style=\"color: #000000;\"><span style=\"font-family: Calibri, sans-serif;\"><span style=\"font-size: medium;\">obierno quiere aclarar una manifestaci\u00f3n realizada por la Conselleria <\/span><\/span><\/span><span style=\"color: #000000;\"><span style=\"font-family: Calibri, sans-serif;\"><span style=\"font-size: medium;\">de Educaci\u00f3n<\/span><\/span><\/span><span style=\"color: #000000;\"><span style=\"font-family: Calibri, sans-serif;\"><span style=\"font-size: medium;\"> en la que afirma que ya ven\u00edan trabajando en el arreglo de los centros escolares incluso antes de advertirlo el Ayuntamiento. Esta manifestaci\u00f3n hace referencia a la situaci\u00f3n del Colegio Ram\u00f3n Cuesta, el cual tras la inspecci\u00f3n realizada por la T\u00e9cnico municipal en noviembre de 2020 se advirti<\/span><\/span><\/span><span style=\"color: #000000;\"><span style=\"font-family: Calibri, sans-serif;\"><span style=\"font-size: medium;\">\u00f3<\/span><\/span><\/span><span style=\"color: #000000;\"><span style=\"font-family: Calibri, sans-serif;\"><span style=\"font-size: medium;\"> del problema que hab\u00eda <\/span><\/span><\/span><span style=\"color: #000000;\"><span style=\"font-family: Calibri, sans-serif;\"><span style=\"font-size: medium;\">en<\/span><\/span><\/span><span style=\"color: #000000;\"><span style=\"font-family: Calibri, sans-serif;\"><span style=\"font-size: medium;\"> el forjado sanitario de una parte del centro; este hecho fue puesto en conocimiento de la Conselleria, <\/span><\/span><\/span><span style=\"color: #000000;\"><span style=\"font-family: Calibri, sans-serif;\"><span style=\"font-size: medium;\">en esa misma fecha,<\/span><\/span><\/span><span style=\"color: #000000;\"><span style=\"font-family: Calibri, sans-serif;\"><span style=\"font-size: medium;\"> para que adoptase las medidas oportunas y realizase tantas actuaciones fueran necesarias <\/span><\/span><\/span><span style=\"color: #000000;\"><span style=\"font-family: Calibri, sans-serif;\"><span style=\"font-size: medium;\">a la mayor brevedad posible. D<\/span><\/span><\/span><span style=\"color: #000000;\"><span style=\"font-family: Calibri, sans-serif;\"><span style=\"font-size: medium;\">esde noviembre del pasado a\u00f1o 2020 hasta la emisi\u00f3n de las ordenes de ejecuci\u00f3n la \u00fanica noticia que ha tenido el Ayuntamiento <\/span><\/span><\/span><span style=\"color: #000000;\"><span style=\"font-family: Calibri, sans-serif;\"><span style=\"font-size: medium;\">de Santa Pola <\/span><\/span><\/span><span style=\"color: #000000;\"><span style=\"font-family: Calibri, sans-serif;\"><span style=\"font-size: medium;\">ha sido <\/span><\/span><\/span><span style=\"color: #000000;\"><span style=\"font-family: Calibri, sans-serif;\"><span style=\"font-size: medium;\">el mantener varias<\/span><\/span><\/span><span style=\"color: #000000;\"><span style=\"font-family: Calibri, sans-serif;\"><span style=\"font-size: medium;\"> conversaciones telef\u00f3nicas donde se nos aseguraba que la situaci\u00f3n se iba arreglar. <\/span><\/span><\/span><span style=\"color: #000000;\"><span style=\"font-family: Calibri, sans-serif;\"><span style=\"font-size: medium;\">Finalizado el curso escolar 2020\/2021, <\/span><\/span><\/span><span style=\"color: #000000;\"><span style=\"font-family: Calibri, sans-serif;\"><span style=\"font-size: medium;\">estando<\/span><\/span><\/span><span style=\"color: #000000;\"><span style=\"font-family: Calibri, sans-serif;\"><span style=\"font-size: medium;\"> pr\u00f3ximo el inicio del curso escolar 2021\/2022 y <\/span><\/span><\/span><span style=\"color: #000000;\"><span style=\"font-family: Calibri, sans-serif;\"><span style=\"font-size: medium;\">a<\/span><\/span><\/span><span style=\"color: #000000;\"><span style=\"font-family: Calibri, sans-serif;\"><span style=\"font-size: medium;\">nte la falta de contestaci\u00f3n por parte de<\/span><\/span><\/span><span style=\"color: #000000;\"><span style=\"font-family: Calibri, sans-serif;\"><span style=\"font-size: medium;\"> esa Conselleria<\/span><\/span><\/span><span style=\"color: #000000;\"><span style=\"font-family: Calibri, sans-serif;\"><span style=\"font-size: medium;\"> nos <\/span><\/span><\/span><span style=\"color: #000000;\"><span style=\"font-family: Calibri, sans-serif;\"><span style=\"font-size: medium;\">v<\/span><\/span><\/span><span style=\"color: #000000;\"><span style=\"font-family: Calibri, sans-serif;\"><span style=\"font-size: medium;\">imos obligado<\/span><\/span><\/span><span style=\"color: #000000;\"><span style=\"font-family: Calibri, sans-serif;\"><span style=\"font-size: medium;\">s a<\/span><\/span><\/span> <span style=\"color: #000000;\"><span style=\"font-family: Calibri, sans-serif;\"><span style=\"font-size: medium;\">remitirles las \u00f3rdenes de ejecuci\u00f3n<\/span><\/span><\/span><span style=\"color: #000000;\"><span style=\"font-family: Calibri, sans-serif;\"><span style=\"font-size: medium;\"> para que de una <\/span><\/span><\/span><span style=\"color: #000000;\"><span style=\"font-family: Calibri, sans-serif;\"><span style=\"font-size: medium;\">manera inmediata<\/span><\/span><\/span><span style=\"color: #000000;\"><span style=\"font-family: Calibri, sans-serif;\"><span style=\"font-size: medium;\"> act\u00fae, ya que lo principal es la seguridad de las personas m\u00e1xime trat\u00e1ndose de ni\u00f1os y centros escolares.<\/span><\/span><\/span><\/span>\r\n\r\n<span lang=\"es-ES\"><span style=\"color: #000000;\"><span style=\"font-family: Calibri, sans-serif;\"><span style=\"font-size: medium;\">Seguimos<\/span><\/span><\/span><span style=\"color: #000000;\"><span style=\"font-family: Calibri, sans-serif;\"><span style=\"font-size: medium;\"> a la espera de <\/span><\/span><\/span><span style=\"color: #000000;\"><span style=\"font-family: Calibri, sans-serif;\"><span style=\"font-size: medium;\">tener una contestaci\u00f3n por parte de<\/span><\/span><\/span><span style=\"color: #000000;\"><span style=\"font-family: Calibri, sans-serif;\"><span style=\"font-size: medium;\"> la Conselleria <\/span><\/span><\/span><span style=\"color: #000000;\"><span style=\"font-family: Calibri, sans-serif;\"><span style=\"font-size: medium;\">de Educaci\u00f3n<\/span><\/span><\/span> <span style=\"color: #000000;\"><span style=\"font-family: Calibri, sans-serif;\"><span style=\"font-size: medium;\">y que \u00e9sta <\/span><\/span><\/span><span style=\"color: #000000;\"><span style=\"font-family: Calibri, sans-serif;\"><span style=\"font-size: medium;\">act\u00fae cuanto antes <\/span><\/span><\/span><span style=\"color: #000000;\"><span style=\"font-family: Calibri, sans-serif;\"><span style=\"font-size: medium;\">subsanando <\/span><\/span><\/span><span style=\"color: #000000;\"><span style=\"font-family: Calibri, sans-serif;\"><span style=\"font-size: medium;\">todas las deficiencias se\u00f1aladas por el Ayuntamiento <\/span><\/span><\/span><span style=\"color: #000000;\"><span style=\"font-family: Calibri, sans-serif;\"><span style=\"font-size: medium;\">de Santa Pola<\/span><\/span><\/span><span style=\"color: #000000;\"><span style=\"font-family: Calibri, sans-serif;\"><span style=\"font-size: medium;\"> en los diferentes centros escolares. <\/span><\/span><\/span><span style=\"color: #000000;\"><span style=\"font-family: Calibri, sans-serif;\"><span style=\"font-size: medium;\">Reiteramos que <\/span><\/span><\/span><span style=\"color: #000000;\"><span style=\"font-family: Calibri, sans-serif;\"><span style=\"font-size: medium;\">para este <\/span><\/span><\/span><span style=\"color: #000000;\"><span style=\"font-family: Calibri, sans-serif;\"><span style=\"font-size: medium;\">E<\/span><\/span><\/span><span style=\"color: #000000;\"><span style=\"font-family: Calibri, sans-serif;\"><span style=\"font-size: medium;\">quipo de <\/span><\/span><\/span><span style=\"color: #000000;\"><span style=\"font-family: Calibri, sans-serif;\"><span style=\"font-size: medium;\">G<\/span><\/span><\/span><span style=\"color: #000000;\"><span style=\"font-family: Calibri, sans-serif;\"><span style=\"font-size: medium;\">obierno, nuestros escolares y su seguridad son lo primero.<\/span><\/span><\/span><\/span><\/pre>\n","protected":false},"excerpt":{"rendered":"<p>El Ayuntamiento de Santa Pola est\u00e1 sorprendido de haberse tenido que enterar por la prensa de las actuaciones que la Conselleria de Educaci\u00f3n va a realizar en los centros educativos. Una vez m\u00e1s la Conselleria tira balones fuera y no quiere asumir lo que le compete, afirmando que lo sucedido, por ejemplo en el Colegio [&hellip;]<\/p>\n","protected":false},"author":75,"featured_media":0,"comment_status":"closed","ping_status":"closed","sticky":false,"template":"","format":"standard","meta":{"_et_pb_use_builder":"","_et_pb_old_content":"","_et_gb_content_width":"","footnotes":""},"categories":[61,60,66,406],"tags":[],"class_list":["post-15248","post","type-post","status-publish","format-standard","hentry","category-alcaldia","category-educacion-juventud","category-inicio","category-sin-categorizar-2"],"yoast_head":"<!-- This site is optimized with the Yoast SEO plugin v27.4 - https:\/\/yoast.com\/product\/yoast-seo-wordpress\/ -->\n<title>Contestaci\u00f3n a publicaci\u00f3n de fecha 19\/08\/2021 en un medio de comunicaci\u00f3n de prensa escrita: \u201cEducaci\u00f3n reparar\u00e1 los fallos del Vicenta Ruso y garantiza comedor para septiembre\u201d - Ajuntament de Santa Pola<\/title>\n<meta name=\"robots\" content=\"index, follow, max-snippet:-1, max-image-preview:large, max-video-preview:-1\" \/>\n<link rel=\"canonical\" href=\"https:\/\/santapola.es\/ca\/contestacion-a-publicacion-de-fecha-19-08-2021-en-un-medio-de-comunicacion-de-prensa-escrita-educacion-reparara-los-fallos-del-vicenta-ruso-y-garantiza-comedor-para-septiembre\/\" \/>\n<meta property=\"og:locale\" content=\"ca_ES\" \/>\n<meta property=\"og:type\" content=\"article\" \/>\n<meta property=\"og:title\" content=\"Contestaci\u00f3n a publicaci\u00f3n de fecha 19\/08\/2021 en un medio de comunicaci\u00f3n de prensa escrita: \u201cEducaci\u00f3n reparar\u00e1 los fallos del Vicenta Ruso y garantiza comedor para septiembre\u201d - Ajuntament de Santa Pola\" \/>\n<meta property=\"og:description\" content=\"El Ayuntamiento de Santa Pola est\u00e1 sorprendido de haberse tenido que enterar por la prensa de las actuaciones que la Conselleria de Educaci\u00f3n va a realizar en los centros educativos. Una vez m\u00e1s la Conselleria tira balones fuera y no quiere asumir lo que le compete, afirmando que lo sucedido, por ejemplo en el Colegio [&hellip;]\" \/>\n<meta property=\"og:url\" content=\"https:\/\/santapola.es\/ca\/contestacion-a-publicacion-de-fecha-19-08-2021-en-un-medio-de-comunicacion-de-prensa-escrita-educacion-reparara-los-fallos-del-vicenta-ruso-y-garantiza-comedor-para-septiembre\/\" \/>\n<meta property=\"og:site_name\" content=\"Ajuntament de Santa Pola\" \/>\n<meta property=\"article:publisher\" content=\"https:\/\/www.facebook.com\/AyuntamientoSantaPola\/\" \/>\n<meta property=\"article:published_time\" content=\"2021-08-19T18:16:59+00:00\" \/>\n<meta property=\"article:modified_time\" content=\"2024-03-07T17:39:59+00:00\" \/>\n<meta name=\"author\" content=\"\u00c1rea Municipal Alcald\u00eda\" \/>\n<meta name=\"twitter:card\" content=\"summary_large_image\" \/>\n<meta name=\"twitter:creator\" content=\"@SantaPolaAyunt\" \/>\n<meta name=\"twitter:site\" content=\"@SantaPolaAyunt\" \/>\n<script type=\"application\/ld+json\" class=\"yoast-schema-graph\">{\"@context\":\"https:\\\/\\\/schema.org\",\"@graph\":[{\"@type\":\"Article\",\"@id\":\"https:\\\/\\\/santapola.es\\\/ca\\\/contestacion-a-publicacion-de-fecha-19-08-2021-en-un-medio-de-comunicacion-de-prensa-escrita-educacion-reparara-los-fallos-del-vicenta-ruso-y-garantiza-comedor-para-septiembre\\\/#article\",\"isPartOf\":{\"@id\":\"https:\\\/\\\/santapola.es\\\/ca\\\/contestacion-a-publicacion-de-fecha-19-08-2021-en-un-medio-de-comunicacion-de-prensa-escrita-educacion-reparara-los-fallos-del-vicenta-ruso-y-garantiza-comedor-para-septiembre\\\/\"},\"author\":{\"name\":\"\u00c1rea Municipal Alcald\u00eda\",\"@id\":\"https:\\\/\\\/santapola.es\\\/ca\\\/#\\\/schema\\\/person\\\/c08381290b84c068e06ca5dc1f5a08a7\"},\"headline\":\"Contestaci\u00f3n a publicaci\u00f3n de fecha 19\\\/08\\\/2021 en un medio de comunicaci\u00f3n de prensa escrita: \u201cEducaci\u00f3n reparar\u00e1 los fallos del Vicenta Ruso y garantiza comedor para septiembre\u201d\",\"datePublished\":\"2021-08-19T18:16:59+00:00\",\"dateModified\":\"2024-03-07T17:39:59+00:00\",\"mainEntityOfPage\":{\"@id\":\"https:\\\/\\\/santapola.es\\\/ca\\\/contestacion-a-publicacion-de-fecha-19-08-2021-en-un-medio-de-comunicacion-de-prensa-escrita-educacion-reparara-los-fallos-del-vicenta-ruso-y-garantiza-comedor-para-septiembre\\\/\"},\"wordCount\":29,\"articleSection\":[\"Alcald\u00eda\",\"Educaci\u00f3n \\\/ Juventud\",\"Inicio\",\"Sin categorizar\"],\"inLanguage\":\"ca\"},{\"@type\":\"WebPage\",\"@id\":\"https:\\\/\\\/santapola.es\\\/ca\\\/contestacion-a-publicacion-de-fecha-19-08-2021-en-un-medio-de-comunicacion-de-prensa-escrita-educacion-reparara-los-fallos-del-vicenta-ruso-y-garantiza-comedor-para-septiembre\\\/\",\"url\":\"https:\\\/\\\/santapola.es\\\/ca\\\/contestacion-a-publicacion-de-fecha-19-08-2021-en-un-medio-de-comunicacion-de-prensa-escrita-educacion-reparara-los-fallos-del-vicenta-ruso-y-garantiza-comedor-para-septiembre\\\/\",\"name\":\"Contestaci\u00f3n a publicaci\u00f3n de fecha 19\\\/08\\\/2021 en un medio de comunicaci\u00f3n de prensa escrita: \u201cEducaci\u00f3n reparar\u00e1 los fallos del Vicenta Ruso y garantiza comedor para septiembre\u201d - Ajuntament de Santa Pola\",\"isPartOf\":{\"@id\":\"https:\\\/\\\/santapola.es\\\/ca\\\/#website\"},\"datePublished\":\"2021-08-19T18:16:59+00:00\",\"dateModified\":\"2024-03-07T17:39:59+00:00\",\"author\":{\"@id\":\"https:\\\/\\\/santapola.es\\\/ca\\\/#\\\/schema\\\/person\\\/c08381290b84c068e06ca5dc1f5a08a7\"},\"breadcrumb\":{\"@id\":\"https:\\\/\\\/santapola.es\\\/ca\\\/contestacion-a-publicacion-de-fecha-19-08-2021-en-un-medio-de-comunicacion-de-prensa-escrita-educacion-reparara-los-fallos-del-vicenta-ruso-y-garantiza-comedor-para-septiembre\\\/#breadcrumb\"},\"inLanguage\":\"ca\",\"potentialAction\":[{\"@type\":\"ReadAction\",\"target\":[\"https:\\\/\\\/santapola.es\\\/ca\\\/contestacion-a-publicacion-de-fecha-19-08-2021-en-un-medio-de-comunicacion-de-prensa-escrita-educacion-reparara-los-fallos-del-vicenta-ruso-y-garantiza-comedor-para-septiembre\\\/\"]}]},{\"@type\":\"BreadcrumbList\",\"@id\":\"https:\\\/\\\/santapola.es\\\/ca\\\/contestacion-a-publicacion-de-fecha-19-08-2021-en-un-medio-de-comunicacion-de-prensa-escrita-educacion-reparara-los-fallos-del-vicenta-ruso-y-garantiza-comedor-para-septiembre\\\/#breadcrumb\",\"itemListElement\":[{\"@type\":\"ListItem\",\"position\":1,\"name\":\"Inici\",\"item\":\"https:\\\/\\\/santapola.es\\\/ca\\\/\"},{\"@type\":\"ListItem\",\"position\":2,\"name\":\"Contestaci\u00f3n a publicaci\u00f3n de fecha 19\\\/08\\\/2021 en un medio de comunicaci\u00f3n de prensa escrita: \u201cEducaci\u00f3n reparar\u00e1 los fallos del Vicenta Ruso y garantiza comedor para septiembre\u201d\"}]},{\"@type\":\"WebSite\",\"@id\":\"https:\\\/\\\/santapola.es\\\/ca\\\/#website\",\"url\":\"https:\\\/\\\/santapola.es\\\/ca\\\/\",\"name\":\"Ayuntamiento de Santa Pola\",\"description\":\"Web de l'Ajuntament de Santa Pola\",\"potentialAction\":[{\"@type\":\"SearchAction\",\"target\":{\"@type\":\"EntryPoint\",\"urlTemplate\":\"https:\\\/\\\/santapola.es\\\/ca\\\/?s={search_term_string}\"},\"query-input\":{\"@type\":\"PropertyValueSpecification\",\"valueRequired\":true,\"valueName\":\"search_term_string\"}}],\"inLanguage\":\"ca\"},{\"@type\":\"Person\",\"@id\":\"https:\\\/\\\/santapola.es\\\/ca\\\/#\\\/schema\\\/person\\\/c08381290b84c068e06ca5dc1f5a08a7\",\"name\":\"\u00c1rea Municipal Alcald\u00eda\"}]}<\/script>\n<!-- \/ Yoast SEO plugin. -->","yoast_head_json":{"title":"Contestaci\u00f3n a publicaci\u00f3n de fecha 19\/08\/2021 en un medio de comunicaci\u00f3n de prensa escrita: \u201cEducaci\u00f3n reparar\u00e1 los fallos del Vicenta Ruso y garantiza comedor para septiembre\u201d - Ajuntament de Santa Pola","robots":{"index":"index","follow":"follow","max-snippet":"max-snippet:-1","max-image-preview":"max-image-preview:large","max-video-preview":"max-video-preview:-1"},"canonical":"https:\/\/santapola.es\/ca\/contestacion-a-publicacion-de-fecha-19-08-2021-en-un-medio-de-comunicacion-de-prensa-escrita-educacion-reparara-los-fallos-del-vicenta-ruso-y-garantiza-comedor-para-septiembre\/","og_locale":"ca_ES","og_type":"article","og_title":"Contestaci\u00f3n a publicaci\u00f3n de fecha 19\/08\/2021 en un medio de comunicaci\u00f3n de prensa escrita: \u201cEducaci\u00f3n reparar\u00e1 los fallos del Vicenta Ruso y garantiza comedor para septiembre\u201d - Ajuntament de Santa Pola","og_description":"El Ayuntamiento de Santa Pola est\u00e1 sorprendido de haberse tenido que enterar por la prensa de las actuaciones que la Conselleria de Educaci\u00f3n va a realizar en los centros educativos. Una vez m\u00e1s la Conselleria tira balones fuera y no quiere asumir lo que le compete, afirmando que lo sucedido, por ejemplo en el Colegio [&hellip;]","og_url":"https:\/\/santapola.es\/ca\/contestacion-a-publicacion-de-fecha-19-08-2021-en-un-medio-de-comunicacion-de-prensa-escrita-educacion-reparara-los-fallos-del-vicenta-ruso-y-garantiza-comedor-para-septiembre\/","og_site_name":"Ajuntament de Santa Pola","article_publisher":"https:\/\/www.facebook.com\/AyuntamientoSantaPola\/","article_published_time":"2021-08-19T18:16:59+00:00","article_modified_time":"2024-03-07T17:39:59+00:00","author":"\u00c1rea Municipal Alcald\u00eda","twitter_card":"summary_large_image","twitter_creator":"@SantaPolaAyunt","twitter_site":"@SantaPolaAyunt","schema":{"@context":"https:\/\/schema.org","@graph":[{"@type":"Article","@id":"https:\/\/santapola.es\/ca\/contestacion-a-publicacion-de-fecha-19-08-2021-en-un-medio-de-comunicacion-de-prensa-escrita-educacion-reparara-los-fallos-del-vicenta-ruso-y-garantiza-comedor-para-septiembre\/#article","isPartOf":{"@id":"https:\/\/santapola.es\/ca\/contestacion-a-publicacion-de-fecha-19-08-2021-en-un-medio-de-comunicacion-de-prensa-escrita-educacion-reparara-los-fallos-del-vicenta-ruso-y-garantiza-comedor-para-septiembre\/"},"author":{"name":"\u00c1rea Municipal Alcald\u00eda","@id":"https:\/\/santapola.es\/ca\/#\/schema\/person\/c08381290b84c068e06ca5dc1f5a08a7"},"headline":"Contestaci\u00f3n a publicaci\u00f3n de fecha 19\/08\/2021 en un medio de comunicaci\u00f3n de prensa escrita: \u201cEducaci\u00f3n reparar\u00e1 los fallos del Vicenta Ruso y garantiza comedor para septiembre\u201d","datePublished":"2021-08-19T18:16:59+00:00","dateModified":"2024-03-07T17:39:59+00:00","mainEntityOfPage":{"@id":"https:\/\/santapola.es\/ca\/contestacion-a-publicacion-de-fecha-19-08-2021-en-un-medio-de-comunicacion-de-prensa-escrita-educacion-reparara-los-fallos-del-vicenta-ruso-y-garantiza-comedor-para-septiembre\/"},"wordCount":29,"articleSection":["Alcald\u00eda","Educaci\u00f3n \/ Juventud","Inicio","Sin categorizar"],"inLanguage":"ca"},{"@type":"WebPage","@id":"https:\/\/santapola.es\/ca\/contestacion-a-publicacion-de-fecha-19-08-2021-en-un-medio-de-comunicacion-de-prensa-escrita-educacion-reparara-los-fallos-del-vicenta-ruso-y-garantiza-comedor-para-septiembre\/","url":"https:\/\/santapola.es\/ca\/contestacion-a-publicacion-de-fecha-19-08-2021-en-un-medio-de-comunicacion-de-prensa-escrita-educacion-reparara-los-fallos-del-vicenta-ruso-y-garantiza-comedor-para-septiembre\/","name":"Contestaci\u00f3n a publicaci\u00f3n de fecha 19\/08\/2021 en un medio de comunicaci\u00f3n de prensa escrita: \u201cEducaci\u00f3n reparar\u00e1 los fallos del Vicenta Ruso y garantiza comedor para septiembre\u201d - Ajuntament de Santa Pola","isPartOf":{"@id":"https:\/\/santapola.es\/ca\/#website"},"datePublished":"2021-08-19T18:16:59+00:00","dateModified":"2024-03-07T17:39:59+00:00","author":{"@id":"https:\/\/santapola.es\/ca\/#\/schema\/person\/c08381290b84c068e06ca5dc1f5a08a7"},"breadcrumb":{"@id":"https:\/\/santapola.es\/ca\/contestacion-a-publicacion-de-fecha-19-08-2021-en-un-medio-de-comunicacion-de-prensa-escrita-educacion-reparara-los-fallos-del-vicenta-ruso-y-garantiza-comedor-para-septiembre\/#breadcrumb"},"inLanguage":"ca","potentialAction":[{"@type":"ReadAction","target":["https:\/\/santapola.es\/ca\/contestacion-a-publicacion-de-fecha-19-08-2021-en-un-medio-de-comunicacion-de-prensa-escrita-educacion-reparara-los-fallos-del-vicenta-ruso-y-garantiza-comedor-para-septiembre\/"]}]},{"@type":"BreadcrumbList","@id":"https:\/\/santapola.es\/ca\/contestacion-a-publicacion-de-fecha-19-08-2021-en-un-medio-de-comunicacion-de-prensa-escrita-educacion-reparara-los-fallos-del-vicenta-ruso-y-garantiza-comedor-para-septiembre\/#breadcrumb","itemListElement":[{"@type":"ListItem","position":1,"name":"Inici","item":"https:\/\/santapola.es\/ca\/"},{"@type":"ListItem","position":2,"name":"Contestaci\u00f3n a publicaci\u00f3n de fecha 19\/08\/2021 en un medio de comunicaci\u00f3n de prensa escrita: \u201cEducaci\u00f3n reparar\u00e1 los fallos del Vicenta Ruso y garantiza comedor para septiembre\u201d"}]},{"@type":"WebSite","@id":"https:\/\/santapola.es\/ca\/#website","url":"https:\/\/santapola.es\/ca\/","name":"Ayuntamiento de Santa Pola","description":"Web de l'Ajuntament de Santa Pola","potentialAction":[{"@type":"SearchAction","target":{"@type":"EntryPoint","urlTemplate":"https:\/\/santapola.es\/ca\/?s={search_term_string}"},"query-input":{"@type":"PropertyValueSpecification","valueRequired":true,"valueName":"search_term_string"}}],"inLanguage":"ca"},{"@type":"Person","@id":"https:\/\/santapola.es\/ca\/#\/schema\/person\/c08381290b84c068e06ca5dc1f5a08a7","name":"\u00c1rea Municipal Alcald\u00eda"}]}},"_links":{"self":[{"href":"https:\/\/santapola.es\/ca\/wp-json\/wp\/v2\/posts\/15248","targetHints":{"allow":["GET"]}}],"collection":[{"href":"https:\/\/santapola.es\/ca\/wp-json\/wp\/v2\/posts"}],"about":[{"href":"https:\/\/santapola.es\/ca\/wp-json\/wp\/v2\/types\/post"}],"author":[{"embeddable":true,"href":"https:\/\/santapola.es\/ca\/wp-json\/wp\/v2\/users\/75"}],"replies":[{"embeddable":true,"href":"https:\/\/santapola.es\/ca\/wp-json\/wp\/v2\/comments?post=15248"}],"version-history":[{"count":0,"href":"https:\/\/santapola.es\/ca\/wp-json\/wp\/v2\/posts\/15248\/revisions"}],"wp:attachment":[{"href":"https:\/\/santapola.es\/ca\/wp-json\/wp\/v2\/media?parent=15248"}],"wp:term":[{"taxonomy":"category","embeddable":true,"href":"https:\/\/santapola.es\/ca\/wp-json\/wp\/v2\/categories?post=15248"},{"taxonomy":"post_tag","embeddable":true,"href":"https:\/\/santapola.es\/ca\/wp-json\/wp\/v2\/tags?post=15248"}],"curies":[{"name":"wp","href":"https:\/\/api.w.org\/{rel}","templated":true}]}}