{"id":15219,"date":"2021-08-09T09:14:09","date_gmt":"2021-08-09T08:14:09","guid":{"rendered":"https:\/\/www.santapola.es\/?p=15219"},"modified":"2024-03-07T18:39:57","modified_gmt":"2024-03-07T17:39:57","slug":"el-ayuntamiento-de-santa-pola-pide-tres-ordenes-de-ejecucion-inminente-a-conselleria-de-educacion-para-varios-centros-escolares","status":"publish","type":"post","link":"https:\/\/santapola.es\/ca\/el-ayuntamiento-de-santa-pola-pide-tres-ordenes-de-ejecucion-inminente-a-conselleria-de-educacion-para-varios-centros-escolares\/","title":{"rendered":"El Ayuntamiento de Santa Pola pide tres \u00f3rdenes de ejecuci\u00f3n inminente a Conseller\u00eda de Educaci\u00f3n para varios centros escolares"},"content":{"rendered":"<p class=\"western\" lang=\"es-ES\" align=\"right\">Santa Pola, 05 de agosto de 2021<\/p>\n<p class=\"western\" lang=\"es-ES\" align=\"justify\"><span style=\"font-size: small;\">Ante la situaci\u00f3n de inseguridad e inhabitabilidad que presentan tres colegios p\u00fablicos de la localidad de Santa Pola, esta Alcald\u00eda ha dispuesto dirigir tres \u00f3rdenes de ejecuci\u00f3n a la Administraci\u00f3n de la Generalidad (Conseller\u00eda de Educaci\u00f3n) a quien compete restituir las condiciones m\u00ednimas de habitabilidad y seguridad de los tres centros afectados. <\/span><\/p>\n<p class=\"western\" lang=\"es-ES\" align=\"justify\"><span style=\"font-size: small;\">Se trata de los Centros de Educaci\u00f3n infantil y Primaria (CEIP): Vicenta Ruso, Ram\u00f3n Cuesta y Jos\u00e9 Garnero, de titularidad de la Generalidad Valenciana.<\/span><\/p>\n<p class=\"western\" lang=\"es-ES\" align=\"justify\"><span style=\"font-size: small;\">La orden se concreta en que la Conseller\u00eda:<\/span><\/p>\n<ol>\n<li>\n<p class=\"western\" lang=\"es-ES\" align=\"justify\"><span style=\"font-size: small;\"><u>Ejecute<\/u> a la mayor brevedad las obras necesarias para garantizar la estabilidad estructural y la seguridad de los edificios.<\/span><\/p>\n<\/li>\n<li>\n<p class=\"western\" lang=\"es-ES\" align=\"justify\"><span style=\"font-size: small;\"><u>Presente<\/u> en el Ayuntamiento en el plazo de 20 d\u00edas naturales proyecto de rehabilitaci\u00f3n y reparaci\u00f3n, en su caso.<\/span><\/p>\n<\/li>\n<li>\n<p class=\"western\" lang=\"es-ES\" align=\"justify\"><span style=\"font-size: small;\"><u>Acredite<\/u>, mediante certificaci\u00f3n, la aptitud de uso de los edificios, o, caso, contrario, aporte certificaci\u00f3n negativa.<\/span><\/p>\n<\/li>\n<\/ol>\n<p class=\"western\" lang=\"es-ES\" align=\"justify\"><span style=\"font-size: small;\">Esta Alcald\u00eda ha dispuesto cerrar al uso p\u00fablico las partes afectadas de los edificios, hasta tanto no se acredite por la Conseller\u00eda la aptitud de uso, la seguridad, y la habitabilidad. <\/span><\/p>\n<p class=\"western\" lang=\"es-ES\" align=\"justify\"><span style=\"font-size: small;\">La Alcald\u00eda de Santa Pola act\u00faa, con ello, las facultades que le corresponden en ejercicio de la Potestad de Disciplina Urban\u00edstica, a propuesta de los servicios t\u00e9cnicos municipales, y como \u00faltimo recurso, tras haber advertido a la Conseller\u00eda, en reiteradas ocasiones, de la situaci\u00f3n de los inmuebles, habi\u00e9ndole trasladado oportunamente los informes t\u00e9cnicos municipales en los que se evidenciaba la situaci\u00f3n de inseguridad e inhabitabilidad (total o parcial) de los tres colegios.<\/span><\/p>\n<p class=\"western\" lang=\"es-ES\" align=\"justify\"><span style=\"font-size: small;\">El Ayuntamiento de Santa Pola espera de la Conseller\u00eda de Educaci\u00f3n que realice las actuaciones pertinentes, y aporte las certificaciones de aptitud que permitan la completa apertura al uso p\u00fablico de los tres colegios, antes del inicio del pr\u00f3ximo curso escolar.<\/span><\/p>\n","protected":false},"excerpt":{"rendered":"<p>Santa Pola, 05 de agosto de 2021 Ante la situaci\u00f3n de inseguridad e inhabitabilidad que presentan tres colegios p\u00fablicos de la localidad de Santa Pola, esta Alcald\u00eda ha dispuesto dirigir tres \u00f3rdenes de ejecuci\u00f3n a la Administraci\u00f3n de la Generalidad (Conseller\u00eda de Educaci\u00f3n) a quien compete restituir las condiciones m\u00ednimas de habitabilidad y seguridad de [&hellip;]<\/p>\n","protected":false},"author":75,"featured_media":0,"comment_status":"closed","ping_status":"closed","sticky":false,"template":"","format":"standard","meta":{"_et_pb_use_builder":"","_et_pb_old_content":"","_et_gb_content_width":"","footnotes":""},"categories":[60,66,406,65],"tags":[],"class_list":["post-15219","post","type-post","status-publish","format-standard","hentry","category-educacion-juventud","category-inicio","category-sin-categorizar-2","category-tramites-destacados"],"yoast_head":"<!-- This site is optimized with the Yoast SEO plugin v27.4 - https:\/\/yoast.com\/product\/yoast-seo-wordpress\/ -->\n<title>El Ayuntamiento de Santa Pola pide tres \u00f3rdenes de ejecuci\u00f3n inminente a Conseller\u00eda de Educaci\u00f3n para varios centros escolares - Ajuntament de Santa Pola<\/title>\n<meta name=\"robots\" content=\"index, follow, max-snippet:-1, max-image-preview:large, max-video-preview:-1\" \/>\n<link rel=\"canonical\" href=\"https:\/\/santapola.es\/ca\/el-ayuntamiento-de-santa-pola-pide-tres-ordenes-de-ejecucion-inminente-a-conselleria-de-educacion-para-varios-centros-escolares\/\" \/>\n<meta property=\"og:locale\" content=\"ca_ES\" \/>\n<meta property=\"og:type\" content=\"article\" \/>\n<meta property=\"og:title\" content=\"El Ayuntamiento de Santa Pola pide tres \u00f3rdenes de ejecuci\u00f3n inminente a Conseller\u00eda de Educaci\u00f3n para varios centros escolares - Ajuntament de Santa Pola\" \/>\n<meta property=\"og:description\" content=\"Santa Pola, 05 de agosto de 2021 Ante la situaci\u00f3n de inseguridad e inhabitabilidad que presentan tres colegios p\u00fablicos de la localidad de Santa Pola, esta Alcald\u00eda ha dispuesto dirigir tres \u00f3rdenes de ejecuci\u00f3n a la Administraci\u00f3n de la Generalidad (Conseller\u00eda de Educaci\u00f3n) a quien compete restituir las condiciones m\u00ednimas de habitabilidad y seguridad de [&hellip;]\" \/>\n<meta property=\"og:url\" content=\"https:\/\/santapola.es\/ca\/el-ayuntamiento-de-santa-pola-pide-tres-ordenes-de-ejecucion-inminente-a-conselleria-de-educacion-para-varios-centros-escolares\/\" \/>\n<meta property=\"og:site_name\" content=\"Ajuntament de Santa Pola\" \/>\n<meta property=\"article:publisher\" content=\"https:\/\/www.facebook.com\/AyuntamientoSantaPola\/\" \/>\n<meta property=\"article:published_time\" content=\"2021-08-09T08:14:09+00:00\" \/>\n<meta property=\"article:modified_time\" content=\"2024-03-07T17:39:57+00:00\" \/>\n<meta name=\"author\" content=\"\u00c1rea Municipal Alcald\u00eda\" \/>\n<meta name=\"twitter:card\" content=\"summary_large_image\" \/>\n<meta name=\"twitter:creator\" content=\"@SantaPolaAyunt\" \/>\n<meta name=\"twitter:site\" content=\"@SantaPolaAyunt\" \/>\n<script type=\"application\/ld+json\" class=\"yoast-schema-graph\">{\"@context\":\"https:\\\/\\\/schema.org\",\"@graph\":[{\"@type\":\"Article\",\"@id\":\"https:\\\/\\\/santapola.es\\\/ca\\\/el-ayuntamiento-de-santa-pola-pide-tres-ordenes-de-ejecucion-inminente-a-conselleria-de-educacion-para-varios-centros-escolares\\\/#article\",\"isPartOf\":{\"@id\":\"https:\\\/\\\/santapola.es\\\/ca\\\/el-ayuntamiento-de-santa-pola-pide-tres-ordenes-de-ejecucion-inminente-a-conselleria-de-educacion-para-varios-centros-escolares\\\/\"},\"author\":{\"name\":\"\u00c1rea Municipal Alcald\u00eda\",\"@id\":\"https:\\\/\\\/santapola.es\\\/ca\\\/#\\\/schema\\\/person\\\/c08381290b84c068e06ca5dc1f5a08a7\"},\"headline\":\"El Ayuntamiento de Santa Pola pide tres \u00f3rdenes de ejecuci\u00f3n inminente a Conseller\u00eda de Educaci\u00f3n para varios centros escolares\",\"datePublished\":\"2021-08-09T08:14:09+00:00\",\"dateModified\":\"2024-03-07T17:39:57+00:00\",\"mainEntityOfPage\":{\"@id\":\"https:\\\/\\\/santapola.es\\\/ca\\\/el-ayuntamiento-de-santa-pola-pide-tres-ordenes-de-ejecucion-inminente-a-conselleria-de-educacion-para-varios-centros-escolares\\\/\"},\"wordCount\":340,\"articleSection\":[\"Educaci\u00f3n \\\/ Juventud\",\"Inicio\",\"Sin categorizar\",\"Tr\u00e1mites destacados\"],\"inLanguage\":\"ca\"},{\"@type\":\"WebPage\",\"@id\":\"https:\\\/\\\/santapola.es\\\/ca\\\/el-ayuntamiento-de-santa-pola-pide-tres-ordenes-de-ejecucion-inminente-a-conselleria-de-educacion-para-varios-centros-escolares\\\/\",\"url\":\"https:\\\/\\\/santapola.es\\\/ca\\\/el-ayuntamiento-de-santa-pola-pide-tres-ordenes-de-ejecucion-inminente-a-conselleria-de-educacion-para-varios-centros-escolares\\\/\",\"name\":\"El Ayuntamiento de Santa Pola pide tres \u00f3rdenes de ejecuci\u00f3n inminente a Conseller\u00eda de Educaci\u00f3n para varios centros escolares - Ajuntament de Santa Pola\",\"isPartOf\":{\"@id\":\"https:\\\/\\\/santapola.es\\\/ca\\\/#website\"},\"datePublished\":\"2021-08-09T08:14:09+00:00\",\"dateModified\":\"2024-03-07T17:39:57+00:00\",\"author\":{\"@id\":\"https:\\\/\\\/santapola.es\\\/ca\\\/#\\\/schema\\\/person\\\/c08381290b84c068e06ca5dc1f5a08a7\"},\"breadcrumb\":{\"@id\":\"https:\\\/\\\/santapola.es\\\/ca\\\/el-ayuntamiento-de-santa-pola-pide-tres-ordenes-de-ejecucion-inminente-a-conselleria-de-educacion-para-varios-centros-escolares\\\/#breadcrumb\"},\"inLanguage\":\"ca\",\"potentialAction\":[{\"@type\":\"ReadAction\",\"target\":[\"https:\\\/\\\/santapola.es\\\/ca\\\/el-ayuntamiento-de-santa-pola-pide-tres-ordenes-de-ejecucion-inminente-a-conselleria-de-educacion-para-varios-centros-escolares\\\/\"]}]},{\"@type\":\"BreadcrumbList\",\"@id\":\"https:\\\/\\\/santapola.es\\\/ca\\\/el-ayuntamiento-de-santa-pola-pide-tres-ordenes-de-ejecucion-inminente-a-conselleria-de-educacion-para-varios-centros-escolares\\\/#breadcrumb\",\"itemListElement\":[{\"@type\":\"ListItem\",\"position\":1,\"name\":\"Inici\",\"item\":\"https:\\\/\\\/santapola.es\\\/ca\\\/\"},{\"@type\":\"ListItem\",\"position\":2,\"name\":\"El Ayuntamiento de Santa Pola pide tres \u00f3rdenes de ejecuci\u00f3n inminente a Conseller\u00eda de Educaci\u00f3n para varios centros escolares\"}]},{\"@type\":\"WebSite\",\"@id\":\"https:\\\/\\\/santapola.es\\\/ca\\\/#website\",\"url\":\"https:\\\/\\\/santapola.es\\\/ca\\\/\",\"name\":\"Ayuntamiento de Santa Pola\",\"description\":\"Web de l'Ajuntament de Santa Pola\",\"potentialAction\":[{\"@type\":\"SearchAction\",\"target\":{\"@type\":\"EntryPoint\",\"urlTemplate\":\"https:\\\/\\\/santapola.es\\\/ca\\\/?s={search_term_string}\"},\"query-input\":{\"@type\":\"PropertyValueSpecification\",\"valueRequired\":true,\"valueName\":\"search_term_string\"}}],\"inLanguage\":\"ca\"},{\"@type\":\"Person\",\"@id\":\"https:\\\/\\\/santapola.es\\\/ca\\\/#\\\/schema\\\/person\\\/c08381290b84c068e06ca5dc1f5a08a7\",\"name\":\"\u00c1rea Municipal Alcald\u00eda\"}]}<\/script>\n<!-- \/ Yoast SEO plugin. -->","yoast_head_json":{"title":"El Ayuntamiento de Santa Pola pide tres \u00f3rdenes de ejecuci\u00f3n inminente a Conseller\u00eda de Educaci\u00f3n para varios centros escolares - Ajuntament de Santa Pola","robots":{"index":"index","follow":"follow","max-snippet":"max-snippet:-1","max-image-preview":"max-image-preview:large","max-video-preview":"max-video-preview:-1"},"canonical":"https:\/\/santapola.es\/ca\/el-ayuntamiento-de-santa-pola-pide-tres-ordenes-de-ejecucion-inminente-a-conselleria-de-educacion-para-varios-centros-escolares\/","og_locale":"ca_ES","og_type":"article","og_title":"El Ayuntamiento de Santa Pola pide tres \u00f3rdenes de ejecuci\u00f3n inminente a Conseller\u00eda de Educaci\u00f3n para varios centros escolares - Ajuntament de Santa Pola","og_description":"Santa Pola, 05 de agosto de 2021 Ante la situaci\u00f3n de inseguridad e inhabitabilidad que presentan tres colegios p\u00fablicos de la localidad de Santa Pola, esta Alcald\u00eda ha dispuesto dirigir tres \u00f3rdenes de ejecuci\u00f3n a la Administraci\u00f3n de la Generalidad (Conseller\u00eda de Educaci\u00f3n) a quien compete restituir las condiciones m\u00ednimas de habitabilidad y seguridad de [&hellip;]","og_url":"https:\/\/santapola.es\/ca\/el-ayuntamiento-de-santa-pola-pide-tres-ordenes-de-ejecucion-inminente-a-conselleria-de-educacion-para-varios-centros-escolares\/","og_site_name":"Ajuntament de Santa Pola","article_publisher":"https:\/\/www.facebook.com\/AyuntamientoSantaPola\/","article_published_time":"2021-08-09T08:14:09+00:00","article_modified_time":"2024-03-07T17:39:57+00:00","author":"\u00c1rea Municipal Alcald\u00eda","twitter_card":"summary_large_image","twitter_creator":"@SantaPolaAyunt","twitter_site":"@SantaPolaAyunt","schema":{"@context":"https:\/\/schema.org","@graph":[{"@type":"Article","@id":"https:\/\/santapola.es\/ca\/el-ayuntamiento-de-santa-pola-pide-tres-ordenes-de-ejecucion-inminente-a-conselleria-de-educacion-para-varios-centros-escolares\/#article","isPartOf":{"@id":"https:\/\/santapola.es\/ca\/el-ayuntamiento-de-santa-pola-pide-tres-ordenes-de-ejecucion-inminente-a-conselleria-de-educacion-para-varios-centros-escolares\/"},"author":{"name":"\u00c1rea Municipal Alcald\u00eda","@id":"https:\/\/santapola.es\/ca\/#\/schema\/person\/c08381290b84c068e06ca5dc1f5a08a7"},"headline":"El Ayuntamiento de Santa Pola pide tres \u00f3rdenes de ejecuci\u00f3n inminente a Conseller\u00eda de Educaci\u00f3n para varios centros escolares","datePublished":"2021-08-09T08:14:09+00:00","dateModified":"2024-03-07T17:39:57+00:00","mainEntityOfPage":{"@id":"https:\/\/santapola.es\/ca\/el-ayuntamiento-de-santa-pola-pide-tres-ordenes-de-ejecucion-inminente-a-conselleria-de-educacion-para-varios-centros-escolares\/"},"wordCount":340,"articleSection":["Educaci\u00f3n \/ Juventud","Inicio","Sin categorizar","Tr\u00e1mites destacados"],"inLanguage":"ca"},{"@type":"WebPage","@id":"https:\/\/santapola.es\/ca\/el-ayuntamiento-de-santa-pola-pide-tres-ordenes-de-ejecucion-inminente-a-conselleria-de-educacion-para-varios-centros-escolares\/","url":"https:\/\/santapola.es\/ca\/el-ayuntamiento-de-santa-pola-pide-tres-ordenes-de-ejecucion-inminente-a-conselleria-de-educacion-para-varios-centros-escolares\/","name":"El Ayuntamiento de Santa Pola pide tres \u00f3rdenes de ejecuci\u00f3n inminente a Conseller\u00eda de Educaci\u00f3n para varios centros escolares - Ajuntament de Santa Pola","isPartOf":{"@id":"https:\/\/santapola.es\/ca\/#website"},"datePublished":"2021-08-09T08:14:09+00:00","dateModified":"2024-03-07T17:39:57+00:00","author":{"@id":"https:\/\/santapola.es\/ca\/#\/schema\/person\/c08381290b84c068e06ca5dc1f5a08a7"},"breadcrumb":{"@id":"https:\/\/santapola.es\/ca\/el-ayuntamiento-de-santa-pola-pide-tres-ordenes-de-ejecucion-inminente-a-conselleria-de-educacion-para-varios-centros-escolares\/#breadcrumb"},"inLanguage":"ca","potentialAction":[{"@type":"ReadAction","target":["https:\/\/santapola.es\/ca\/el-ayuntamiento-de-santa-pola-pide-tres-ordenes-de-ejecucion-inminente-a-conselleria-de-educacion-para-varios-centros-escolares\/"]}]},{"@type":"BreadcrumbList","@id":"https:\/\/santapola.es\/ca\/el-ayuntamiento-de-santa-pola-pide-tres-ordenes-de-ejecucion-inminente-a-conselleria-de-educacion-para-varios-centros-escolares\/#breadcrumb","itemListElement":[{"@type":"ListItem","position":1,"name":"Inici","item":"https:\/\/santapola.es\/ca\/"},{"@type":"ListItem","position":2,"name":"El Ayuntamiento de Santa Pola pide tres \u00f3rdenes de ejecuci\u00f3n inminente a Conseller\u00eda de Educaci\u00f3n para varios centros escolares"}]},{"@type":"WebSite","@id":"https:\/\/santapola.es\/ca\/#website","url":"https:\/\/santapola.es\/ca\/","name":"Ayuntamiento de Santa Pola","description":"Web de l'Ajuntament de Santa Pola","potentialAction":[{"@type":"SearchAction","target":{"@type":"EntryPoint","urlTemplate":"https:\/\/santapola.es\/ca\/?s={search_term_string}"},"query-input":{"@type":"PropertyValueSpecification","valueRequired":true,"valueName":"search_term_string"}}],"inLanguage":"ca"},{"@type":"Person","@id":"https:\/\/santapola.es\/ca\/#\/schema\/person\/c08381290b84c068e06ca5dc1f5a08a7","name":"\u00c1rea Municipal Alcald\u00eda"}]}},"_links":{"self":[{"href":"https:\/\/santapola.es\/ca\/wp-json\/wp\/v2\/posts\/15219","targetHints":{"allow":["GET"]}}],"collection":[{"href":"https:\/\/santapola.es\/ca\/wp-json\/wp\/v2\/posts"}],"about":[{"href":"https:\/\/santapola.es\/ca\/wp-json\/wp\/v2\/types\/post"}],"author":[{"embeddable":true,"href":"https:\/\/santapola.es\/ca\/wp-json\/wp\/v2\/users\/75"}],"replies":[{"embeddable":true,"href":"https:\/\/santapola.es\/ca\/wp-json\/wp\/v2\/comments?post=15219"}],"version-history":[{"count":0,"href":"https:\/\/santapola.es\/ca\/wp-json\/wp\/v2\/posts\/15219\/revisions"}],"wp:attachment":[{"href":"https:\/\/santapola.es\/ca\/wp-json\/wp\/v2\/media?parent=15219"}],"wp:term":[{"taxonomy":"category","embeddable":true,"href":"https:\/\/santapola.es\/ca\/wp-json\/wp\/v2\/categories?post=15219"},{"taxonomy":"post_tag","embeddable":true,"href":"https:\/\/santapola.es\/ca\/wp-json\/wp\/v2\/tags?post=15219"}],"curies":[{"name":"wp","href":"https:\/\/api.w.org\/{rel}","templated":true}]}}