{"id":15199,"date":"2021-07-29T08:57:55","date_gmt":"2021-07-29T07:57:55","guid":{"rendered":"https:\/\/www.santapola.es\/?p=15199"},"modified":"2024-03-07T18:39:56","modified_gmt":"2024-03-07T17:39:56","slug":"comunicado-fiestas-patronales-y-de-moros-y-cristianos-en-honor-a-la-virgen-de-loreto-2","status":"publish","type":"post","link":"https:\/\/santapola.es\/ca\/comunicado-fiestas-patronales-y-de-moros-y-cristianos-en-honor-a-la-virgen-de-loreto-2\/","title":{"rendered":"COMUNICADO Fiestas Patronales y de Moros y Cristianos en honor a la Virgen de Loreto"},"content":{"rendered":"<p style=\"text-align: right;\">SantaPola, 29 de julio 2021<\/p>\n<p style=\"text-align: justify;\">A falta de poco m\u00e1s de un mes para la celebraci\u00f3n de las Fiestas Patronales y de Moros y Cristianos, la Concejal\u00eda de Fiestas del Ayuntamiento de Santa Pola comunica a toda la ciudadan\u00eda que habi\u00e9ndonos reunido con las Asociaciones Festeras, tanto de Moros y Cristianos como Uni\u00f3 de Festers, se ha llegado a un acuerdo de no celebrar desfiles ni actos festeros donde se aglomeren gran n\u00famero de personas, cumpliendo con la normativa vigente de la Conseller\u00eda de Sanitat ante el Covid-19.<\/p>\n<p style=\"text-align: justify;\">Las Concejal\u00edas de Cultura y Fiestas han preparado una programaci\u00f3n del 1 al 8 de septiembre donde los actos culturales y religiosos se celebrar\u00e1n cumpliendo el control de aforo y las medidas higi\u00e9nico-sanitarias.<\/p>\n<p style=\"text-align: justify;\">Sentimos esta decisi\u00f3n pero en estos momentos lo m\u00e1s importante es la salud de nuestra poblaci\u00f3n y debemos combatir este virus con mucha prudencia.<\/p>\n<p style=\"text-align: justify;\">Esperamos que el ambiente festivo de luces, sonidos y p\u00f3lvora se respire pronto en nuestro municipio y podamos volver a disfrutar de nuestras apreciadas fiestas: Festes Patronals i de Moros i Cristians en honor a la Mare de D\u00e9u de Loreto.<\/p>\n","protected":false},"excerpt":{"rendered":"<p>SantaPola, 29 de julio 2021 A falta de poco m\u00e1s de un mes para la celebraci\u00f3n de las Fiestas Patronales y de Moros y Cristianos, la Concejal\u00eda de Fiestas del Ayuntamiento de Santa Pola comunica a toda la ciudadan\u00eda que habi\u00e9ndonos reunido con las Asociaciones Festeras, tanto de Moros y Cristianos como Uni\u00f3 de Festers, [&hellip;]<\/p>\n","protected":false},"author":99,"featured_media":0,"comment_status":"closed","ping_status":"closed","sticky":false,"template":"","format":"standard","meta":{"_et_pb_use_builder":"","_et_pb_old_content":"","_et_gb_content_width":"","footnotes":""},"categories":[51,66,406],"tags":[],"class_list":["post-15199","post","type-post","status-publish","format-standard","hentry","category-cultura-fiestas","category-inicio","category-sin-categorizar-2"],"yoast_head":"<!-- This site is optimized with the Yoast SEO plugin v27.4 - https:\/\/yoast.com\/product\/yoast-seo-wordpress\/ -->\n<title>COMUNICADO Fiestas Patronales y de Moros y Cristianos en honor a la Virgen de Loreto - Ajuntament de Santa Pola<\/title>\n<meta name=\"robots\" content=\"index, follow, max-snippet:-1, max-image-preview:large, max-video-preview:-1\" \/>\n<link rel=\"canonical\" href=\"https:\/\/santapola.es\/ca\/comunicado-fiestas-patronales-y-de-moros-y-cristianos-en-honor-a-la-virgen-de-loreto-2\/\" \/>\n<meta property=\"og:locale\" content=\"ca_ES\" \/>\n<meta property=\"og:type\" content=\"article\" \/>\n<meta property=\"og:title\" content=\"COMUNICADO Fiestas Patronales y de Moros y Cristianos en honor a la Virgen de Loreto - Ajuntament de Santa Pola\" \/>\n<meta property=\"og:description\" content=\"SantaPola, 29 de julio 2021 A falta de poco m\u00e1s de un mes para la celebraci\u00f3n de las Fiestas Patronales y de Moros y Cristianos, la Concejal\u00eda de Fiestas del Ayuntamiento de Santa Pola comunica a toda la ciudadan\u00eda que habi\u00e9ndonos reunido con las Asociaciones Festeras, tanto de Moros y Cristianos como Uni\u00f3 de Festers, [&hellip;]\" \/>\n<meta property=\"og:url\" content=\"https:\/\/santapola.es\/ca\/comunicado-fiestas-patronales-y-de-moros-y-cristianos-en-honor-a-la-virgen-de-loreto-2\/\" \/>\n<meta property=\"og:site_name\" content=\"Ajuntament de Santa Pola\" \/>\n<meta property=\"article:publisher\" content=\"https:\/\/www.facebook.com\/AyuntamientoSantaPola\/\" \/>\n<meta property=\"article:published_time\" content=\"2021-07-29T07:57:55+00:00\" \/>\n<meta property=\"article:modified_time\" content=\"2024-03-07T17:39:56+00:00\" \/>\n<meta name=\"author\" content=\"Usuario Gen\u00e9rico Web\" \/>\n<meta name=\"twitter:card\" content=\"summary_large_image\" \/>\n<meta name=\"twitter:creator\" content=\"@SantaPolaAyunt\" \/>\n<meta name=\"twitter:site\" content=\"@SantaPolaAyunt\" \/>\n<script type=\"application\/ld+json\" class=\"yoast-schema-graph\">{\"@context\":\"https:\\\/\\\/schema.org\",\"@graph\":[{\"@type\":\"Article\",\"@id\":\"https:\\\/\\\/santapola.es\\\/ca\\\/comunicado-fiestas-patronales-y-de-moros-y-cristianos-en-honor-a-la-virgen-de-loreto-2\\\/#article\",\"isPartOf\":{\"@id\":\"https:\\\/\\\/santapola.es\\\/ca\\\/comunicado-fiestas-patronales-y-de-moros-y-cristianos-en-honor-a-la-virgen-de-loreto-2\\\/\"},\"author\":{\"name\":\"Usuario Gen\u00e9rico Web\",\"@id\":\"https:\\\/\\\/santapola.es\\\/ca\\\/#\\\/schema\\\/person\\\/5c898695593fabd93215e23620b3a9d1\"},\"headline\":\"COMUNICADO Fiestas Patronales y de Moros y Cristianos en honor a la Virgen de Loreto\",\"datePublished\":\"2021-07-29T07:57:55+00:00\",\"dateModified\":\"2024-03-07T17:39:56+00:00\",\"mainEntityOfPage\":{\"@id\":\"https:\\\/\\\/santapola.es\\\/ca\\\/comunicado-fiestas-patronales-y-de-moros-y-cristianos-en-honor-a-la-virgen-de-loreto-2\\\/\"},\"wordCount\":213,\"articleSection\":[\"Cultura\\\/ Fiestas\",\"Inicio\",\"Sin categorizar\"],\"inLanguage\":\"ca\"},{\"@type\":\"WebPage\",\"@id\":\"https:\\\/\\\/santapola.es\\\/ca\\\/comunicado-fiestas-patronales-y-de-moros-y-cristianos-en-honor-a-la-virgen-de-loreto-2\\\/\",\"url\":\"https:\\\/\\\/santapola.es\\\/ca\\\/comunicado-fiestas-patronales-y-de-moros-y-cristianos-en-honor-a-la-virgen-de-loreto-2\\\/\",\"name\":\"COMUNICADO Fiestas Patronales y de Moros y Cristianos en honor a la Virgen de Loreto - Ajuntament de Santa Pola\",\"isPartOf\":{\"@id\":\"https:\\\/\\\/santapola.es\\\/ca\\\/#website\"},\"datePublished\":\"2021-07-29T07:57:55+00:00\",\"dateModified\":\"2024-03-07T17:39:56+00:00\",\"author\":{\"@id\":\"https:\\\/\\\/santapola.es\\\/ca\\\/#\\\/schema\\\/person\\\/5c898695593fabd93215e23620b3a9d1\"},\"breadcrumb\":{\"@id\":\"https:\\\/\\\/santapola.es\\\/ca\\\/comunicado-fiestas-patronales-y-de-moros-y-cristianos-en-honor-a-la-virgen-de-loreto-2\\\/#breadcrumb\"},\"inLanguage\":\"ca\",\"potentialAction\":[{\"@type\":\"ReadAction\",\"target\":[\"https:\\\/\\\/santapola.es\\\/ca\\\/comunicado-fiestas-patronales-y-de-moros-y-cristianos-en-honor-a-la-virgen-de-loreto-2\\\/\"]}]},{\"@type\":\"BreadcrumbList\",\"@id\":\"https:\\\/\\\/santapola.es\\\/ca\\\/comunicado-fiestas-patronales-y-de-moros-y-cristianos-en-honor-a-la-virgen-de-loreto-2\\\/#breadcrumb\",\"itemListElement\":[{\"@type\":\"ListItem\",\"position\":1,\"name\":\"Inici\",\"item\":\"https:\\\/\\\/santapola.es\\\/ca\\\/\"},{\"@type\":\"ListItem\",\"position\":2,\"name\":\"COMUNICADO Fiestas Patronales y de Moros y Cristianos en honor a la Virgen de Loreto\"}]},{\"@type\":\"WebSite\",\"@id\":\"https:\\\/\\\/santapola.es\\\/ca\\\/#website\",\"url\":\"https:\\\/\\\/santapola.es\\\/ca\\\/\",\"name\":\"Ayuntamiento de Santa Pola\",\"description\":\"Web de l'Ajuntament de Santa Pola\",\"potentialAction\":[{\"@type\":\"SearchAction\",\"target\":{\"@type\":\"EntryPoint\",\"urlTemplate\":\"https:\\\/\\\/santapola.es\\\/ca\\\/?s={search_term_string}\"},\"query-input\":{\"@type\":\"PropertyValueSpecification\",\"valueRequired\":true,\"valueName\":\"search_term_string\"}}],\"inLanguage\":\"ca\"},{\"@type\":\"Person\",\"@id\":\"https:\\\/\\\/santapola.es\\\/ca\\\/#\\\/schema\\\/person\\\/5c898695593fabd93215e23620b3a9d1\",\"name\":\"Usuario Gen\u00e9rico Web\"}]}<\/script>\n<!-- \/ Yoast SEO plugin. -->","yoast_head_json":{"title":"COMUNICADO Fiestas Patronales y de Moros y Cristianos en honor a la Virgen de Loreto - Ajuntament de Santa Pola","robots":{"index":"index","follow":"follow","max-snippet":"max-snippet:-1","max-image-preview":"max-image-preview:large","max-video-preview":"max-video-preview:-1"},"canonical":"https:\/\/santapola.es\/ca\/comunicado-fiestas-patronales-y-de-moros-y-cristianos-en-honor-a-la-virgen-de-loreto-2\/","og_locale":"ca_ES","og_type":"article","og_title":"COMUNICADO Fiestas Patronales y de Moros y Cristianos en honor a la Virgen de Loreto - Ajuntament de Santa Pola","og_description":"SantaPola, 29 de julio 2021 A falta de poco m\u00e1s de un mes para la celebraci\u00f3n de las Fiestas Patronales y de Moros y Cristianos, la Concejal\u00eda de Fiestas del Ayuntamiento de Santa Pola comunica a toda la ciudadan\u00eda que habi\u00e9ndonos reunido con las Asociaciones Festeras, tanto de Moros y Cristianos como Uni\u00f3 de Festers, [&hellip;]","og_url":"https:\/\/santapola.es\/ca\/comunicado-fiestas-patronales-y-de-moros-y-cristianos-en-honor-a-la-virgen-de-loreto-2\/","og_site_name":"Ajuntament de Santa Pola","article_publisher":"https:\/\/www.facebook.com\/AyuntamientoSantaPola\/","article_published_time":"2021-07-29T07:57:55+00:00","article_modified_time":"2024-03-07T17:39:56+00:00","author":"Usuario Gen\u00e9rico Web","twitter_card":"summary_large_image","twitter_creator":"@SantaPolaAyunt","twitter_site":"@SantaPolaAyunt","schema":{"@context":"https:\/\/schema.org","@graph":[{"@type":"Article","@id":"https:\/\/santapola.es\/ca\/comunicado-fiestas-patronales-y-de-moros-y-cristianos-en-honor-a-la-virgen-de-loreto-2\/#article","isPartOf":{"@id":"https:\/\/santapola.es\/ca\/comunicado-fiestas-patronales-y-de-moros-y-cristianos-en-honor-a-la-virgen-de-loreto-2\/"},"author":{"name":"Usuario Gen\u00e9rico Web","@id":"https:\/\/santapola.es\/ca\/#\/schema\/person\/5c898695593fabd93215e23620b3a9d1"},"headline":"COMUNICADO Fiestas Patronales y de Moros y Cristianos en honor a la Virgen de Loreto","datePublished":"2021-07-29T07:57:55+00:00","dateModified":"2024-03-07T17:39:56+00:00","mainEntityOfPage":{"@id":"https:\/\/santapola.es\/ca\/comunicado-fiestas-patronales-y-de-moros-y-cristianos-en-honor-a-la-virgen-de-loreto-2\/"},"wordCount":213,"articleSection":["Cultura\/ Fiestas","Inicio","Sin categorizar"],"inLanguage":"ca"},{"@type":"WebPage","@id":"https:\/\/santapola.es\/ca\/comunicado-fiestas-patronales-y-de-moros-y-cristianos-en-honor-a-la-virgen-de-loreto-2\/","url":"https:\/\/santapola.es\/ca\/comunicado-fiestas-patronales-y-de-moros-y-cristianos-en-honor-a-la-virgen-de-loreto-2\/","name":"COMUNICADO Fiestas Patronales y de Moros y Cristianos en honor a la Virgen de Loreto - Ajuntament de Santa Pola","isPartOf":{"@id":"https:\/\/santapola.es\/ca\/#website"},"datePublished":"2021-07-29T07:57:55+00:00","dateModified":"2024-03-07T17:39:56+00:00","author":{"@id":"https:\/\/santapola.es\/ca\/#\/schema\/person\/5c898695593fabd93215e23620b3a9d1"},"breadcrumb":{"@id":"https:\/\/santapola.es\/ca\/comunicado-fiestas-patronales-y-de-moros-y-cristianos-en-honor-a-la-virgen-de-loreto-2\/#breadcrumb"},"inLanguage":"ca","potentialAction":[{"@type":"ReadAction","target":["https:\/\/santapola.es\/ca\/comunicado-fiestas-patronales-y-de-moros-y-cristianos-en-honor-a-la-virgen-de-loreto-2\/"]}]},{"@type":"BreadcrumbList","@id":"https:\/\/santapola.es\/ca\/comunicado-fiestas-patronales-y-de-moros-y-cristianos-en-honor-a-la-virgen-de-loreto-2\/#breadcrumb","itemListElement":[{"@type":"ListItem","position":1,"name":"Inici","item":"https:\/\/santapola.es\/ca\/"},{"@type":"ListItem","position":2,"name":"COMUNICADO Fiestas Patronales y de Moros y Cristianos en honor a la Virgen de Loreto"}]},{"@type":"WebSite","@id":"https:\/\/santapola.es\/ca\/#website","url":"https:\/\/santapola.es\/ca\/","name":"Ayuntamiento de Santa Pola","description":"Web de l'Ajuntament de Santa Pola","potentialAction":[{"@type":"SearchAction","target":{"@type":"EntryPoint","urlTemplate":"https:\/\/santapola.es\/ca\/?s={search_term_string}"},"query-input":{"@type":"PropertyValueSpecification","valueRequired":true,"valueName":"search_term_string"}}],"inLanguage":"ca"},{"@type":"Person","@id":"https:\/\/santapola.es\/ca\/#\/schema\/person\/5c898695593fabd93215e23620b3a9d1","name":"Usuario Gen\u00e9rico Web"}]}},"_links":{"self":[{"href":"https:\/\/santapola.es\/ca\/wp-json\/wp\/v2\/posts\/15199","targetHints":{"allow":["GET"]}}],"collection":[{"href":"https:\/\/santapola.es\/ca\/wp-json\/wp\/v2\/posts"}],"about":[{"href":"https:\/\/santapola.es\/ca\/wp-json\/wp\/v2\/types\/post"}],"author":[{"embeddable":true,"href":"https:\/\/santapola.es\/ca\/wp-json\/wp\/v2\/users\/99"}],"replies":[{"embeddable":true,"href":"https:\/\/santapola.es\/ca\/wp-json\/wp\/v2\/comments?post=15199"}],"version-history":[{"count":0,"href":"https:\/\/santapola.es\/ca\/wp-json\/wp\/v2\/posts\/15199\/revisions"}],"wp:attachment":[{"href":"https:\/\/santapola.es\/ca\/wp-json\/wp\/v2\/media?parent=15199"}],"wp:term":[{"taxonomy":"category","embeddable":true,"href":"https:\/\/santapola.es\/ca\/wp-json\/wp\/v2\/categories?post=15199"},{"taxonomy":"post_tag","embeddable":true,"href":"https:\/\/santapola.es\/ca\/wp-json\/wp\/v2\/tags?post=15199"}],"curies":[{"name":"wp","href":"https:\/\/api.w.org\/{rel}","templated":true}]}}