{"id":15175,"date":"2021-07-22T12:03:16","date_gmt":"2021-07-22T11:03:16","guid":{"rendered":"https:\/\/www.santapola.es\/?p=15175"},"modified":"2024-03-07T18:39:55","modified_gmt":"2024-03-07T17:39:55","slug":"jovens-amb-valors-reconocera-la-labor-de-los-jovenes-de-santa-pola-en-el-acto-central-de-la-i-semana-de-la-juventud","status":"publish","type":"post","link":"https:\/\/santapola.es\/ca\/jovens-amb-valors-reconocera-la-labor-de-los-jovenes-de-santa-pola-en-el-acto-central-de-la-i-semana-de-la-juventud\/","title":{"rendered":"\u201cJOVENS AMB VALORS\u201d reconocer\u00e1 la labor de los j\u00f3venes de Santa Pola en el acto central de la I SEMANA DE LA JUVENTUD"},"content":{"rendered":"<p style=\"text-align: justify;\">El 12 de agosto se celebra el D\u00eda Internacional de la Juventud, y esta efem\u00e9ride ha servido de aliciente para que la Concejal\u00eda de Juventud organice en la semana del 9 al 13 de agosto, por primera vez, la \u201cSemana de la Juventud\u201d.<\/p>\n<p style=\"text-align: justify;\">Una variada programaci\u00f3n concebida desde la promoci\u00f3n del ocio educativo, la concienciaci\u00f3n, el arte participativo, el deporte, la cultura y la convivencia entre j\u00f3venes, ha sido programada por el Rac\u00f3 Jove, con la colaboraci\u00f3n de diferentes organismos o empresas, como el IVAJ, Urbaser o la escuela Be Water Sports.<\/p>\n<p style=\"text-align: justify;\">El lunes 9 tendr\u00e1 lugar una jornada matinal de convivencia a trav\u00e9s de la pr\u00e1ctica de deportes n\u00e1uticos con la empresa Be Water Sports, el martes 10 se contar\u00e1 con la pintura de un mural colectivo de artistas pl\u00e1sticos que decorar\u00e1n un tramo del Parque Sorolla, con tem\u00e1tica relacionada con el deporte y la salud.<\/p>\n<p style=\"text-align: justify;\">El mi\u00e9rcoles 11, en el Castillo Fortaleza, tendr\u00e1 lugar la proyecci\u00f3n de cortometrajes participantes en el Certamen Auton\u00f3mico de Cortos de Santa Pola, mientras que el jueves 12, en el mismo recinto, se desarrollar\u00e1 una gala de reconocimiento p\u00fablico a los\/as j\u00f3venes de Santa Pola que han destacado por sus valores en \u00e1mbitos tan variados como el deporte, la cultura, el voluntariado, el emprendimiento o la ciencia.<\/p>\n<p style=\"text-align: justify;\">La semana se cerrar\u00e1 con un taller de Rap en el Rac\u00f3 Jove, impartido por el artista alicantino Abram, mediante el cual las personas interesadas podr\u00e1n mejorar su t\u00e9cnica vocal, compositiva, adem\u00e1s de tener la oportunidad de grabar un tema colectivo que ser\u00e1 grabado en un videoclip.<\/p>\n<p style=\"text-align: justify;\">Todas las actividades de la Semana de la Juventud, a excepci\u00f3n de la jornada de Paddle Surf, son gratuitas, y requieren inscripci\u00f3n previa en el Rac\u00f3 Jove o en la web <a href=\"http:\/\/www.culturadesarrollo.santapola.es\">www.culturadesarrollo.santapola.es\u00a0<\/a><\/p>\n<p style=\"text-align: justify;\">Desde la Concejal\u00eda de Juventud, el Concejal Julio Baeza anima a todos los j\u00f3venes a participar de lleno en esta iniciativa, que pretende ofrecer un espacio de encuentro y de ocio entre la poblaci\u00f3n juvenil de Santa Pola.<\/p>\n<p><img loading=\"lazy\" decoding=\"async\" class=\"alignnone size-full wp-image-15177 aligncenter\" src=\"https:\/\/santapola.es\/wp-content\/uploads\/2021\/07\/Semana-de-la-Juventud.jpeg\" alt=\"\" width=\"945\" height=\"699\" srcset=\"https:\/\/santapola.es\/wp-content\/uploads\/2021\/07\/Semana-de-la-Juventud.jpeg 945w, https:\/\/santapola.es\/wp-content\/uploads\/2021\/07\/Semana-de-la-Juventud-300x222.jpeg 300w, https:\/\/santapola.es\/wp-content\/uploads\/2021\/07\/Semana-de-la-Juventud-768x568.jpeg 768w, https:\/\/santapola.es\/wp-content\/uploads\/2021\/07\/Semana-de-la-Juventud-610x451.jpeg 610w\" sizes=\"(max-width: 945px) 100vw, 945px\" \/><\/p>\n<p><img loading=\"lazy\" decoding=\"async\" class=\"alignnone size-large wp-image-15178 aligncenter\" src=\"https:\/\/santapola.es\/wp-content\/uploads\/2021\/07\/1SJ_02-724x1024.png\" alt=\"\" width=\"724\" height=\"1024\" srcset=\"https:\/\/santapola.es\/wp-content\/uploads\/2021\/07\/1SJ_02-724x1024.png 724w, https:\/\/santapola.es\/wp-content\/uploads\/2021\/07\/1SJ_02-212x300.png 212w, https:\/\/santapola.es\/wp-content\/uploads\/2021\/07\/1SJ_02-768x1086.png 768w, https:\/\/santapola.es\/wp-content\/uploads\/2021\/07\/1SJ_02-1086x1536.png 1086w, https:\/\/santapola.es\/wp-content\/uploads\/2021\/07\/1SJ_02-1448x2048.png 1448w, https:\/\/santapola.es\/wp-content\/uploads\/2021\/07\/1SJ_02-1080x1528.png 1080w, https:\/\/santapola.es\/wp-content\/uploads\/2021\/07\/1SJ_02-610x863.png 610w, https:\/\/santapola.es\/wp-content\/uploads\/2021\/07\/1SJ_02.png 1670w\" sizes=\"(max-width: 724px) 100vw, 724px\" \/><\/p>\n<p>&nbsp;<\/p>\n","protected":false},"excerpt":{"rendered":"<p>El 12 de agosto se celebra el D\u00eda Internacional de la Juventud, y esta efem\u00e9ride ha servido de aliciente para que la Concejal\u00eda de Juventud organice en la semana del 9 al 13 de agosto, por primera vez, la \u201cSemana de la Juventud\u201d. Una variada programaci\u00f3n concebida desde la promoci\u00f3n del ocio educativo, la concienciaci\u00f3n, [&hellip;]<\/p>\n","protected":false},"author":99,"featured_media":0,"comment_status":"closed","ping_status":"closed","sticky":false,"template":"","format":"standard","meta":{"_et_pb_use_builder":"","_et_pb_old_content":"","_et_gb_content_width":"","footnotes":""},"categories":[60,66,406],"tags":[],"class_list":["post-15175","post","type-post","status-publish","format-standard","hentry","category-educacion-juventud","category-inicio","category-sin-categorizar-2"],"yoast_head":"<!-- This site is optimized with the Yoast SEO plugin v27.4 - https:\/\/yoast.com\/product\/yoast-seo-wordpress\/ -->\n<title>\u201cJOVENS AMB VALORS\u201d reconocer\u00e1 la labor de los j\u00f3venes de Santa Pola en el acto central de la I SEMANA DE LA JUVENTUD - Ajuntament de Santa Pola<\/title>\n<meta name=\"robots\" content=\"index, follow, max-snippet:-1, max-image-preview:large, max-video-preview:-1\" \/>\n<link rel=\"canonical\" href=\"https:\/\/santapola.es\/ca\/jovens-amb-valors-reconocera-la-labor-de-los-jovenes-de-santa-pola-en-el-acto-central-de-la-i-semana-de-la-juventud\/\" \/>\n<meta property=\"og:locale\" content=\"ca_ES\" \/>\n<meta property=\"og:type\" content=\"article\" \/>\n<meta property=\"og:title\" content=\"\u201cJOVENS AMB VALORS\u201d reconocer\u00e1 la labor de los j\u00f3venes de Santa Pola en el acto central de la I SEMANA DE LA JUVENTUD - Ajuntament de Santa Pola\" \/>\n<meta property=\"og:description\" content=\"El 12 de agosto se celebra el D\u00eda Internacional de la Juventud, y esta efem\u00e9ride ha servido de aliciente para que la Concejal\u00eda de Juventud organice en la semana del 9 al 13 de agosto, por primera vez, la \u201cSemana de la Juventud\u201d. Una variada programaci\u00f3n concebida desde la promoci\u00f3n del ocio educativo, la concienciaci\u00f3n, [&hellip;]\" \/>\n<meta property=\"og:url\" content=\"https:\/\/santapola.es\/ca\/jovens-amb-valors-reconocera-la-labor-de-los-jovenes-de-santa-pola-en-el-acto-central-de-la-i-semana-de-la-juventud\/\" \/>\n<meta property=\"og:site_name\" content=\"Ajuntament de Santa Pola\" \/>\n<meta property=\"article:publisher\" content=\"https:\/\/www.facebook.com\/AyuntamientoSantaPola\/\" \/>\n<meta property=\"article:published_time\" content=\"2021-07-22T11:03:16+00:00\" \/>\n<meta property=\"article:modified_time\" content=\"2024-03-07T17:39:55+00:00\" \/>\n<meta property=\"og:image\" content=\"https:\/\/santapola.es\/wp-content\/uploads\/2021\/07\/Semana-de-la-Juventud.jpeg\" \/>\n<meta name=\"author\" content=\"Usuario Gen\u00e9rico Web\" \/>\n<meta name=\"twitter:card\" content=\"summary_large_image\" \/>\n<meta name=\"twitter:creator\" content=\"@SantaPolaAyunt\" \/>\n<meta name=\"twitter:site\" content=\"@SantaPolaAyunt\" \/>\n<script type=\"application\/ld+json\" class=\"yoast-schema-graph\">{\"@context\":\"https:\\\/\\\/schema.org\",\"@graph\":[{\"@type\":\"Article\",\"@id\":\"https:\\\/\\\/santapola.es\\\/ca\\\/jovens-amb-valors-reconocera-la-labor-de-los-jovenes-de-santa-pola-en-el-acto-central-de-la-i-semana-de-la-juventud\\\/#article\",\"isPartOf\":{\"@id\":\"https:\\\/\\\/santapola.es\\\/ca\\\/jovens-amb-valors-reconocera-la-labor-de-los-jovenes-de-santa-pola-en-el-acto-central-de-la-i-semana-de-la-juventud\\\/\"},\"author\":{\"name\":\"Usuario Gen\u00e9rico Web\",\"@id\":\"https:\\\/\\\/santapola.es\\\/ca\\\/#\\\/schema\\\/person\\\/5c898695593fabd93215e23620b3a9d1\"},\"headline\":\"\u201cJOVENS AMB VALORS\u201d reconocer\u00e1 la labor de los j\u00f3venes de Santa Pola en el acto central de la I SEMANA DE LA JUVENTUD\",\"datePublished\":\"2021-07-22T11:03:16+00:00\",\"dateModified\":\"2024-03-07T17:39:55+00:00\",\"mainEntityOfPage\":{\"@id\":\"https:\\\/\\\/santapola.es\\\/ca\\\/jovens-amb-valors-reconocera-la-labor-de-los-jovenes-de-santa-pola-en-el-acto-central-de-la-i-semana-de-la-juventud\\\/\"},\"wordCount\":380,\"image\":{\"@id\":\"https:\\\/\\\/santapola.es\\\/ca\\\/jovens-amb-valors-reconocera-la-labor-de-los-jovenes-de-santa-pola-en-el-acto-central-de-la-i-semana-de-la-juventud\\\/#primaryimage\"},\"thumbnailUrl\":\"https:\\\/\\\/santapola.es\\\/wp-content\\\/uploads\\\/2021\\\/07\\\/Semana-de-la-Juventud.jpeg\",\"articleSection\":[\"Educaci\u00f3n \\\/ Juventud\",\"Inicio\",\"Sin categorizar\"],\"inLanguage\":\"ca\"},{\"@type\":\"WebPage\",\"@id\":\"https:\\\/\\\/santapola.es\\\/ca\\\/jovens-amb-valors-reconocera-la-labor-de-los-jovenes-de-santa-pola-en-el-acto-central-de-la-i-semana-de-la-juventud\\\/\",\"url\":\"https:\\\/\\\/santapola.es\\\/ca\\\/jovens-amb-valors-reconocera-la-labor-de-los-jovenes-de-santa-pola-en-el-acto-central-de-la-i-semana-de-la-juventud\\\/\",\"name\":\"\u201cJOVENS AMB VALORS\u201d reconocer\u00e1 la labor de los j\u00f3venes de Santa Pola en el acto central de la I SEMANA DE LA JUVENTUD - Ajuntament de Santa Pola\",\"isPartOf\":{\"@id\":\"https:\\\/\\\/santapola.es\\\/ca\\\/#website\"},\"primaryImageOfPage\":{\"@id\":\"https:\\\/\\\/santapola.es\\\/ca\\\/jovens-amb-valors-reconocera-la-labor-de-los-jovenes-de-santa-pola-en-el-acto-central-de-la-i-semana-de-la-juventud\\\/#primaryimage\"},\"image\":{\"@id\":\"https:\\\/\\\/santapola.es\\\/ca\\\/jovens-amb-valors-reconocera-la-labor-de-los-jovenes-de-santa-pola-en-el-acto-central-de-la-i-semana-de-la-juventud\\\/#primaryimage\"},\"thumbnailUrl\":\"https:\\\/\\\/santapola.es\\\/wp-content\\\/uploads\\\/2021\\\/07\\\/Semana-de-la-Juventud.jpeg\",\"datePublished\":\"2021-07-22T11:03:16+00:00\",\"dateModified\":\"2024-03-07T17:39:55+00:00\",\"author\":{\"@id\":\"https:\\\/\\\/santapola.es\\\/ca\\\/#\\\/schema\\\/person\\\/5c898695593fabd93215e23620b3a9d1\"},\"breadcrumb\":{\"@id\":\"https:\\\/\\\/santapola.es\\\/ca\\\/jovens-amb-valors-reconocera-la-labor-de-los-jovenes-de-santa-pola-en-el-acto-central-de-la-i-semana-de-la-juventud\\\/#breadcrumb\"},\"inLanguage\":\"ca\",\"potentialAction\":[{\"@type\":\"ReadAction\",\"target\":[\"https:\\\/\\\/santapola.es\\\/ca\\\/jovens-amb-valors-reconocera-la-labor-de-los-jovenes-de-santa-pola-en-el-acto-central-de-la-i-semana-de-la-juventud\\\/\"]}]},{\"@type\":\"ImageObject\",\"inLanguage\":\"ca\",\"@id\":\"https:\\\/\\\/santapola.es\\\/ca\\\/jovens-amb-valors-reconocera-la-labor-de-los-jovenes-de-santa-pola-en-el-acto-central-de-la-i-semana-de-la-juventud\\\/#primaryimage\",\"url\":\"https:\\\/\\\/santapola.es\\\/wp-content\\\/uploads\\\/2021\\\/07\\\/Semana-de-la-Juventud.jpeg\",\"contentUrl\":\"https:\\\/\\\/santapola.es\\\/wp-content\\\/uploads\\\/2021\\\/07\\\/Semana-de-la-Juventud.jpeg\"},{\"@type\":\"BreadcrumbList\",\"@id\":\"https:\\\/\\\/santapola.es\\\/ca\\\/jovens-amb-valors-reconocera-la-labor-de-los-jovenes-de-santa-pola-en-el-acto-central-de-la-i-semana-de-la-juventud\\\/#breadcrumb\",\"itemListElement\":[{\"@type\":\"ListItem\",\"position\":1,\"name\":\"Inici\",\"item\":\"https:\\\/\\\/santapola.es\\\/ca\\\/\"},{\"@type\":\"ListItem\",\"position\":2,\"name\":\"\u201cJOVENS AMB VALORS\u201d reconocer\u00e1 la labor de los j\u00f3venes de Santa Pola en el acto central de la I SEMANA DE LA JUVENTUD\"}]},{\"@type\":\"WebSite\",\"@id\":\"https:\\\/\\\/santapola.es\\\/ca\\\/#website\",\"url\":\"https:\\\/\\\/santapola.es\\\/ca\\\/\",\"name\":\"Ayuntamiento de Santa Pola\",\"description\":\"Web de l'Ajuntament de Santa Pola\",\"potentialAction\":[{\"@type\":\"SearchAction\",\"target\":{\"@type\":\"EntryPoint\",\"urlTemplate\":\"https:\\\/\\\/santapola.es\\\/ca\\\/?s={search_term_string}\"},\"query-input\":{\"@type\":\"PropertyValueSpecification\",\"valueRequired\":true,\"valueName\":\"search_term_string\"}}],\"inLanguage\":\"ca\"},{\"@type\":\"Person\",\"@id\":\"https:\\\/\\\/santapola.es\\\/ca\\\/#\\\/schema\\\/person\\\/5c898695593fabd93215e23620b3a9d1\",\"name\":\"Usuario Gen\u00e9rico Web\"}]}<\/script>\n<!-- \/ Yoast SEO plugin. -->","yoast_head_json":{"title":"\u201cJOVENS AMB VALORS\u201d reconocer\u00e1 la labor de los j\u00f3venes de Santa Pola en el acto central de la I SEMANA DE LA JUVENTUD - Ajuntament de Santa Pola","robots":{"index":"index","follow":"follow","max-snippet":"max-snippet:-1","max-image-preview":"max-image-preview:large","max-video-preview":"max-video-preview:-1"},"canonical":"https:\/\/santapola.es\/ca\/jovens-amb-valors-reconocera-la-labor-de-los-jovenes-de-santa-pola-en-el-acto-central-de-la-i-semana-de-la-juventud\/","og_locale":"ca_ES","og_type":"article","og_title":"\u201cJOVENS AMB VALORS\u201d reconocer\u00e1 la labor de los j\u00f3venes de Santa Pola en el acto central de la I SEMANA DE LA JUVENTUD - Ajuntament de Santa Pola","og_description":"El 12 de agosto se celebra el D\u00eda Internacional de la Juventud, y esta efem\u00e9ride ha servido de aliciente para que la Concejal\u00eda de Juventud organice en la semana del 9 al 13 de agosto, por primera vez, la \u201cSemana de la Juventud\u201d. Una variada programaci\u00f3n concebida desde la promoci\u00f3n del ocio educativo, la concienciaci\u00f3n, [&hellip;]","og_url":"https:\/\/santapola.es\/ca\/jovens-amb-valors-reconocera-la-labor-de-los-jovenes-de-santa-pola-en-el-acto-central-de-la-i-semana-de-la-juventud\/","og_site_name":"Ajuntament de Santa Pola","article_publisher":"https:\/\/www.facebook.com\/AyuntamientoSantaPola\/","article_published_time":"2021-07-22T11:03:16+00:00","article_modified_time":"2024-03-07T17:39:55+00:00","og_image":[{"url":"https:\/\/santapola.es\/wp-content\/uploads\/2021\/07\/Semana-de-la-Juventud.jpeg","type":"","width":"","height":""}],"author":"Usuario Gen\u00e9rico Web","twitter_card":"summary_large_image","twitter_creator":"@SantaPolaAyunt","twitter_site":"@SantaPolaAyunt","schema":{"@context":"https:\/\/schema.org","@graph":[{"@type":"Article","@id":"https:\/\/santapola.es\/ca\/jovens-amb-valors-reconocera-la-labor-de-los-jovenes-de-santa-pola-en-el-acto-central-de-la-i-semana-de-la-juventud\/#article","isPartOf":{"@id":"https:\/\/santapola.es\/ca\/jovens-amb-valors-reconocera-la-labor-de-los-jovenes-de-santa-pola-en-el-acto-central-de-la-i-semana-de-la-juventud\/"},"author":{"name":"Usuario Gen\u00e9rico Web","@id":"https:\/\/santapola.es\/ca\/#\/schema\/person\/5c898695593fabd93215e23620b3a9d1"},"headline":"\u201cJOVENS AMB VALORS\u201d reconocer\u00e1 la labor de los j\u00f3venes de Santa Pola en el acto central de la I SEMANA DE LA JUVENTUD","datePublished":"2021-07-22T11:03:16+00:00","dateModified":"2024-03-07T17:39:55+00:00","mainEntityOfPage":{"@id":"https:\/\/santapola.es\/ca\/jovens-amb-valors-reconocera-la-labor-de-los-jovenes-de-santa-pola-en-el-acto-central-de-la-i-semana-de-la-juventud\/"},"wordCount":380,"image":{"@id":"https:\/\/santapola.es\/ca\/jovens-amb-valors-reconocera-la-labor-de-los-jovenes-de-santa-pola-en-el-acto-central-de-la-i-semana-de-la-juventud\/#primaryimage"},"thumbnailUrl":"https:\/\/santapola.es\/wp-content\/uploads\/2021\/07\/Semana-de-la-Juventud.jpeg","articleSection":["Educaci\u00f3n \/ Juventud","Inicio","Sin categorizar"],"inLanguage":"ca"},{"@type":"WebPage","@id":"https:\/\/santapola.es\/ca\/jovens-amb-valors-reconocera-la-labor-de-los-jovenes-de-santa-pola-en-el-acto-central-de-la-i-semana-de-la-juventud\/","url":"https:\/\/santapola.es\/ca\/jovens-amb-valors-reconocera-la-labor-de-los-jovenes-de-santa-pola-en-el-acto-central-de-la-i-semana-de-la-juventud\/","name":"\u201cJOVENS AMB VALORS\u201d reconocer\u00e1 la labor de los j\u00f3venes de Santa Pola en el acto central de la I SEMANA DE LA JUVENTUD - Ajuntament de Santa Pola","isPartOf":{"@id":"https:\/\/santapola.es\/ca\/#website"},"primaryImageOfPage":{"@id":"https:\/\/santapola.es\/ca\/jovens-amb-valors-reconocera-la-labor-de-los-jovenes-de-santa-pola-en-el-acto-central-de-la-i-semana-de-la-juventud\/#primaryimage"},"image":{"@id":"https:\/\/santapola.es\/ca\/jovens-amb-valors-reconocera-la-labor-de-los-jovenes-de-santa-pola-en-el-acto-central-de-la-i-semana-de-la-juventud\/#primaryimage"},"thumbnailUrl":"https:\/\/santapola.es\/wp-content\/uploads\/2021\/07\/Semana-de-la-Juventud.jpeg","datePublished":"2021-07-22T11:03:16+00:00","dateModified":"2024-03-07T17:39:55+00:00","author":{"@id":"https:\/\/santapola.es\/ca\/#\/schema\/person\/5c898695593fabd93215e23620b3a9d1"},"breadcrumb":{"@id":"https:\/\/santapola.es\/ca\/jovens-amb-valors-reconocera-la-labor-de-los-jovenes-de-santa-pola-en-el-acto-central-de-la-i-semana-de-la-juventud\/#breadcrumb"},"inLanguage":"ca","potentialAction":[{"@type":"ReadAction","target":["https:\/\/santapola.es\/ca\/jovens-amb-valors-reconocera-la-labor-de-los-jovenes-de-santa-pola-en-el-acto-central-de-la-i-semana-de-la-juventud\/"]}]},{"@type":"ImageObject","inLanguage":"ca","@id":"https:\/\/santapola.es\/ca\/jovens-amb-valors-reconocera-la-labor-de-los-jovenes-de-santa-pola-en-el-acto-central-de-la-i-semana-de-la-juventud\/#primaryimage","url":"https:\/\/santapola.es\/wp-content\/uploads\/2021\/07\/Semana-de-la-Juventud.jpeg","contentUrl":"https:\/\/santapola.es\/wp-content\/uploads\/2021\/07\/Semana-de-la-Juventud.jpeg"},{"@type":"BreadcrumbList","@id":"https:\/\/santapola.es\/ca\/jovens-amb-valors-reconocera-la-labor-de-los-jovenes-de-santa-pola-en-el-acto-central-de-la-i-semana-de-la-juventud\/#breadcrumb","itemListElement":[{"@type":"ListItem","position":1,"name":"Inici","item":"https:\/\/santapola.es\/ca\/"},{"@type":"ListItem","position":2,"name":"\u201cJOVENS AMB VALORS\u201d reconocer\u00e1 la labor de los j\u00f3venes de Santa Pola en el acto central de la I SEMANA DE LA JUVENTUD"}]},{"@type":"WebSite","@id":"https:\/\/santapola.es\/ca\/#website","url":"https:\/\/santapola.es\/ca\/","name":"Ayuntamiento de Santa Pola","description":"Web de l'Ajuntament de Santa Pola","potentialAction":[{"@type":"SearchAction","target":{"@type":"EntryPoint","urlTemplate":"https:\/\/santapola.es\/ca\/?s={search_term_string}"},"query-input":{"@type":"PropertyValueSpecification","valueRequired":true,"valueName":"search_term_string"}}],"inLanguage":"ca"},{"@type":"Person","@id":"https:\/\/santapola.es\/ca\/#\/schema\/person\/5c898695593fabd93215e23620b3a9d1","name":"Usuario Gen\u00e9rico Web"}]}},"_links":{"self":[{"href":"https:\/\/santapola.es\/ca\/wp-json\/wp\/v2\/posts\/15175","targetHints":{"allow":["GET"]}}],"collection":[{"href":"https:\/\/santapola.es\/ca\/wp-json\/wp\/v2\/posts"}],"about":[{"href":"https:\/\/santapola.es\/ca\/wp-json\/wp\/v2\/types\/post"}],"author":[{"embeddable":true,"href":"https:\/\/santapola.es\/ca\/wp-json\/wp\/v2\/users\/99"}],"replies":[{"embeddable":true,"href":"https:\/\/santapola.es\/ca\/wp-json\/wp\/v2\/comments?post=15175"}],"version-history":[{"count":0,"href":"https:\/\/santapola.es\/ca\/wp-json\/wp\/v2\/posts\/15175\/revisions"}],"wp:attachment":[{"href":"https:\/\/santapola.es\/ca\/wp-json\/wp\/v2\/media?parent=15175"}],"wp:term":[{"taxonomy":"category","embeddable":true,"href":"https:\/\/santapola.es\/ca\/wp-json\/wp\/v2\/categories?post=15175"},{"taxonomy":"post_tag","embeddable":true,"href":"https:\/\/santapola.es\/ca\/wp-json\/wp\/v2\/tags?post=15175"}],"curies":[{"name":"wp","href":"https:\/\/api.w.org\/{rel}","templated":true}]}}