{"id":15166,"date":"2021-07-28T08:30:09","date_gmt":"2021-07-28T07:30:09","guid":{"rendered":"https:\/\/www.santapola.es\/?p=15166"},"modified":"2024-03-07T18:39:56","modified_gmt":"2024-03-07T17:39:56","slug":"el-arte-como-herramienta-para-educar-en-valores","status":"publish","type":"post","link":"https:\/\/santapola.es\/ca\/el-arte-como-herramienta-para-educar-en-valores\/","title":{"rendered":"El arte como herramienta para educar en valores"},"content":{"rendered":"<p><strong>El arte como herramienta para educar en valores<\/strong><br \/>\n<strong>SEIS ARTISTAS PINTAR\u00c1N UN MURAL EN EL PARQUE SOROLLA<\/strong><\/p>\n<p style=\"text-align: justify;\">El proyecto \u201cVersos y Colores\u201d que inici\u00f3 en el 2019 la Concejal\u00eda de Juventud junto con la empresa Urbaser, y que tuvo que ser interrumpida por la situaci\u00f3n sanitaria, volver\u00e1 a llevarse a cabo en el mes de agosto.<\/p>\n<p style=\"text-align: justify;\">Este evento trata de potenciar el embellecimiento del Parque Sorolla, evitando el vandalismo en sus paredes, a trav\u00e9s de una muestra participativa en la que se contar\u00e1 con seis artistas pl\u00e1sticos que plasmar\u00e1n un mensaje de concienciaci\u00f3n en los muros relacionado con el deporte y la salud.<\/p>\n<p style=\"text-align: justify;\">Artistas de Elche, Alicante, Gand\u00eda y Barcelona realizar\u00e1n un mural de 30 metros durante la tarde y noche del 10 de agosto, en un evento que este a\u00f1o adquiere car\u00e1cter internacional ya que se ha adherido a la campa\u00f1a \u201cArt For Change\u201d. Esta campa\u00f1a que se lleva a cabo en diferentes pa\u00edses contempla la acci\u00f3n de cambio social a trav\u00e9s del arte pict\u00f3rico en las calles y plazas, y que est\u00e1 coordinado en Santa Pola por la conocida artista ilicitana Maria Dolores Mul\u00e1.<\/p>\n<p style=\"text-align: justify;\">El prop\u00f3sito de la Concejal\u00eda de Juventud, representada por el concejal Julio Baeza, es que el Parque Sorolla se convierta en un espacio vivo, lleno de color y de mensajes positivos a trav\u00e9s del arte. Es por ello que se le dar\u00e1 continuidad a este evento que tan buena aceptaci\u00f3n tuvo en su primera edici\u00f3n, y que este a\u00f1o vuelve a contar con la inestimable colaboraci\u00f3n de la empresa Urbaser, que financiar\u00e1 todos los materiales necesarios para la pintura del mural, mientras que Juventud otorgar\u00e1 los premios a los artistas seleccionados.<\/p>\n<p>Cabe recordar que el festival Versos y Colores est\u00e1 enmarcado en los actos de la I Semana de la Juventud que ser\u00e1 del 9 al 13 de agosto.<\/p>\n<p><img loading=\"lazy\" decoding=\"async\" class=\"size-full wp-image-15171 aligncenter\" src=\"https:\/\/santapola.es\/wp-content\/uploads\/2021\/07\/pintura-mural-parque-Sorolla.jpeg\" alt=\"\" width=\"730\" height=\"848\" srcset=\"https:\/\/santapola.es\/wp-content\/uploads\/2021\/07\/pintura-mural-parque-Sorolla.jpeg 730w, https:\/\/santapola.es\/wp-content\/uploads\/2021\/07\/pintura-mural-parque-Sorolla-258x300.jpeg 258w, https:\/\/santapola.es\/wp-content\/uploads\/2021\/07\/pintura-mural-parque-Sorolla-610x709.jpeg 610w\" sizes=\"(max-width: 730px) 100vw, 730px\" \/><\/p>\n<p><img loading=\"lazy\" decoding=\"async\" class=\"size-large wp-image-15205 aligncenter\" src=\"https:\/\/santapola.es\/wp-content\/uploads\/2021\/07\/2021_pinturamural_juventud-724x1024.jpg\" alt=\"\" width=\"724\" height=\"1024\" srcset=\"https:\/\/santapola.es\/wp-content\/uploads\/2021\/07\/2021_pinturamural_juventud-724x1024.jpg 724w, https:\/\/santapola.es\/wp-content\/uploads\/2021\/07\/2021_pinturamural_juventud-212x300.jpg 212w, https:\/\/santapola.es\/wp-content\/uploads\/2021\/07\/2021_pinturamural_juventud-768x1086.jpg 768w, https:\/\/santapola.es\/wp-content\/uploads\/2021\/07\/2021_pinturamural_juventud-1086x1536.jpg 1086w, https:\/\/santapola.es\/wp-content\/uploads\/2021\/07\/2021_pinturamural_juventud-1080x1528.jpg 1080w, https:\/\/santapola.es\/wp-content\/uploads\/2021\/07\/2021_pinturamural_juventud-610x863.jpg 610w, https:\/\/santapola.es\/wp-content\/uploads\/2021\/07\/2021_pinturamural_juventud.jpg 1414w\" sizes=\"(max-width: 724px) 100vw, 724px\" \/><\/p>\n","protected":false},"excerpt":{"rendered":"<p>El arte como herramienta para educar en valores SEIS ARTISTAS PINTAR\u00c1N UN MURAL EN EL PARQUE SOROLLA El proyecto \u201cVersos y Colores\u201d que inici\u00f3 en el 2019 la Concejal\u00eda de Juventud junto con la empresa Urbaser, y que tuvo que ser interrumpida por la situaci\u00f3n sanitaria, volver\u00e1 a llevarse a cabo en el mes de [&hellip;]<\/p>\n","protected":false},"author":99,"featured_media":0,"comment_status":"closed","ping_status":"closed","sticky":false,"template":"","format":"standard","meta":{"_et_pb_use_builder":"","_et_pb_old_content":"","_et_gb_content_width":"","footnotes":""},"categories":[60,66,406],"tags":[],"class_list":["post-15166","post","type-post","status-publish","format-standard","hentry","category-educacion-juventud","category-inicio","category-sin-categorizar-2"],"yoast_head":"<!-- This site is optimized with the Yoast SEO plugin v27.4 - https:\/\/yoast.com\/product\/yoast-seo-wordpress\/ -->\n<title>El arte como herramienta para educar en valores - Ajuntament de Santa Pola<\/title>\n<meta name=\"robots\" content=\"index, follow, max-snippet:-1, max-image-preview:large, max-video-preview:-1\" \/>\n<link rel=\"canonical\" href=\"https:\/\/santapola.es\/ca\/el-arte-como-herramienta-para-educar-en-valores\/\" \/>\n<meta property=\"og:locale\" content=\"ca_ES\" \/>\n<meta property=\"og:type\" content=\"article\" \/>\n<meta property=\"og:title\" content=\"El arte como herramienta para educar en valores - Ajuntament de Santa Pola\" \/>\n<meta property=\"og:description\" content=\"El arte como herramienta para educar en valores SEIS ARTISTAS PINTAR\u00c1N UN MURAL EN EL PARQUE SOROLLA El proyecto \u201cVersos y Colores\u201d que inici\u00f3 en el 2019 la Concejal\u00eda de Juventud junto con la empresa Urbaser, y que tuvo que ser interrumpida por la situaci\u00f3n sanitaria, volver\u00e1 a llevarse a cabo en el mes de [&hellip;]\" \/>\n<meta property=\"og:url\" content=\"https:\/\/santapola.es\/ca\/el-arte-como-herramienta-para-educar-en-valores\/\" \/>\n<meta property=\"og:site_name\" content=\"Ajuntament de Santa Pola\" \/>\n<meta property=\"article:publisher\" content=\"https:\/\/www.facebook.com\/AyuntamientoSantaPola\/\" \/>\n<meta property=\"article:published_time\" content=\"2021-07-28T07:30:09+00:00\" \/>\n<meta property=\"article:modified_time\" content=\"2024-03-07T17:39:56+00:00\" \/>\n<meta property=\"og:image\" content=\"https:\/\/santapola.es\/wp-content\/uploads\/2021\/07\/pintura-mural-parque-Sorolla.jpeg\" \/>\n<meta name=\"author\" content=\"Usuario Gen\u00e9rico Web\" \/>\n<meta name=\"twitter:card\" content=\"summary_large_image\" \/>\n<meta name=\"twitter:creator\" content=\"@SantaPolaAyunt\" \/>\n<meta name=\"twitter:site\" content=\"@SantaPolaAyunt\" \/>\n<script type=\"application\/ld+json\" class=\"yoast-schema-graph\">{\"@context\":\"https:\\\/\\\/schema.org\",\"@graph\":[{\"@type\":\"Article\",\"@id\":\"https:\\\/\\\/santapola.es\\\/ca\\\/el-arte-como-herramienta-para-educar-en-valores\\\/#article\",\"isPartOf\":{\"@id\":\"https:\\\/\\\/santapola.es\\\/ca\\\/el-arte-como-herramienta-para-educar-en-valores\\\/\"},\"author\":{\"name\":\"Usuario Gen\u00e9rico Web\",\"@id\":\"https:\\\/\\\/santapola.es\\\/ca\\\/#\\\/schema\\\/person\\\/5c898695593fabd93215e23620b3a9d1\"},\"headline\":\"El arte como herramienta para educar en valores\",\"datePublished\":\"2021-07-28T07:30:09+00:00\",\"dateModified\":\"2024-03-07T17:39:56+00:00\",\"mainEntityOfPage\":{\"@id\":\"https:\\\/\\\/santapola.es\\\/ca\\\/el-arte-como-herramienta-para-educar-en-valores\\\/\"},\"wordCount\":332,\"image\":{\"@id\":\"https:\\\/\\\/santapola.es\\\/ca\\\/el-arte-como-herramienta-para-educar-en-valores\\\/#primaryimage\"},\"thumbnailUrl\":\"https:\\\/\\\/santapola.es\\\/wp-content\\\/uploads\\\/2021\\\/07\\\/pintura-mural-parque-Sorolla.jpeg\",\"articleSection\":[\"Educaci\u00f3n \\\/ Juventud\",\"Inicio\",\"Sin categorizar\"],\"inLanguage\":\"ca\"},{\"@type\":\"WebPage\",\"@id\":\"https:\\\/\\\/santapola.es\\\/ca\\\/el-arte-como-herramienta-para-educar-en-valores\\\/\",\"url\":\"https:\\\/\\\/santapola.es\\\/ca\\\/el-arte-como-herramienta-para-educar-en-valores\\\/\",\"name\":\"El arte como herramienta para educar en valores - Ajuntament de Santa Pola\",\"isPartOf\":{\"@id\":\"https:\\\/\\\/santapola.es\\\/ca\\\/#website\"},\"primaryImageOfPage\":{\"@id\":\"https:\\\/\\\/santapola.es\\\/ca\\\/el-arte-como-herramienta-para-educar-en-valores\\\/#primaryimage\"},\"image\":{\"@id\":\"https:\\\/\\\/santapola.es\\\/ca\\\/el-arte-como-herramienta-para-educar-en-valores\\\/#primaryimage\"},\"thumbnailUrl\":\"https:\\\/\\\/santapola.es\\\/wp-content\\\/uploads\\\/2021\\\/07\\\/pintura-mural-parque-Sorolla.jpeg\",\"datePublished\":\"2021-07-28T07:30:09+00:00\",\"dateModified\":\"2024-03-07T17:39:56+00:00\",\"author\":{\"@id\":\"https:\\\/\\\/santapola.es\\\/ca\\\/#\\\/schema\\\/person\\\/5c898695593fabd93215e23620b3a9d1\"},\"breadcrumb\":{\"@id\":\"https:\\\/\\\/santapola.es\\\/ca\\\/el-arte-como-herramienta-para-educar-en-valores\\\/#breadcrumb\"},\"inLanguage\":\"ca\",\"potentialAction\":[{\"@type\":\"ReadAction\",\"target\":[\"https:\\\/\\\/santapola.es\\\/ca\\\/el-arte-como-herramienta-para-educar-en-valores\\\/\"]}]},{\"@type\":\"ImageObject\",\"inLanguage\":\"ca\",\"@id\":\"https:\\\/\\\/santapola.es\\\/ca\\\/el-arte-como-herramienta-para-educar-en-valores\\\/#primaryimage\",\"url\":\"https:\\\/\\\/santapola.es\\\/wp-content\\\/uploads\\\/2021\\\/07\\\/pintura-mural-parque-Sorolla.jpeg\",\"contentUrl\":\"https:\\\/\\\/santapola.es\\\/wp-content\\\/uploads\\\/2021\\\/07\\\/pintura-mural-parque-Sorolla.jpeg\"},{\"@type\":\"BreadcrumbList\",\"@id\":\"https:\\\/\\\/santapola.es\\\/ca\\\/el-arte-como-herramienta-para-educar-en-valores\\\/#breadcrumb\",\"itemListElement\":[{\"@type\":\"ListItem\",\"position\":1,\"name\":\"Inici\",\"item\":\"https:\\\/\\\/santapola.es\\\/ca\\\/\"},{\"@type\":\"ListItem\",\"position\":2,\"name\":\"El arte como herramienta para educar en valores\"}]},{\"@type\":\"WebSite\",\"@id\":\"https:\\\/\\\/santapola.es\\\/ca\\\/#website\",\"url\":\"https:\\\/\\\/santapola.es\\\/ca\\\/\",\"name\":\"Ayuntamiento de Santa Pola\",\"description\":\"Web de l'Ajuntament de Santa Pola\",\"potentialAction\":[{\"@type\":\"SearchAction\",\"target\":{\"@type\":\"EntryPoint\",\"urlTemplate\":\"https:\\\/\\\/santapola.es\\\/ca\\\/?s={search_term_string}\"},\"query-input\":{\"@type\":\"PropertyValueSpecification\",\"valueRequired\":true,\"valueName\":\"search_term_string\"}}],\"inLanguage\":\"ca\"},{\"@type\":\"Person\",\"@id\":\"https:\\\/\\\/santapola.es\\\/ca\\\/#\\\/schema\\\/person\\\/5c898695593fabd93215e23620b3a9d1\",\"name\":\"Usuario Gen\u00e9rico Web\"}]}<\/script>\n<!-- \/ Yoast SEO plugin. -->","yoast_head_json":{"title":"El arte como herramienta para educar en valores - Ajuntament de Santa Pola","robots":{"index":"index","follow":"follow","max-snippet":"max-snippet:-1","max-image-preview":"max-image-preview:large","max-video-preview":"max-video-preview:-1"},"canonical":"https:\/\/santapola.es\/ca\/el-arte-como-herramienta-para-educar-en-valores\/","og_locale":"ca_ES","og_type":"article","og_title":"El arte como herramienta para educar en valores - Ajuntament de Santa Pola","og_description":"El arte como herramienta para educar en valores SEIS ARTISTAS PINTAR\u00c1N UN MURAL EN EL PARQUE SOROLLA El proyecto \u201cVersos y Colores\u201d que inici\u00f3 en el 2019 la Concejal\u00eda de Juventud junto con la empresa Urbaser, y que tuvo que ser interrumpida por la situaci\u00f3n sanitaria, volver\u00e1 a llevarse a cabo en el mes de [&hellip;]","og_url":"https:\/\/santapola.es\/ca\/el-arte-como-herramienta-para-educar-en-valores\/","og_site_name":"Ajuntament de Santa Pola","article_publisher":"https:\/\/www.facebook.com\/AyuntamientoSantaPola\/","article_published_time":"2021-07-28T07:30:09+00:00","article_modified_time":"2024-03-07T17:39:56+00:00","og_image":[{"url":"https:\/\/santapola.es\/wp-content\/uploads\/2021\/07\/pintura-mural-parque-Sorolla.jpeg","type":"","width":"","height":""}],"author":"Usuario Gen\u00e9rico Web","twitter_card":"summary_large_image","twitter_creator":"@SantaPolaAyunt","twitter_site":"@SantaPolaAyunt","schema":{"@context":"https:\/\/schema.org","@graph":[{"@type":"Article","@id":"https:\/\/santapola.es\/ca\/el-arte-como-herramienta-para-educar-en-valores\/#article","isPartOf":{"@id":"https:\/\/santapola.es\/ca\/el-arte-como-herramienta-para-educar-en-valores\/"},"author":{"name":"Usuario Gen\u00e9rico Web","@id":"https:\/\/santapola.es\/ca\/#\/schema\/person\/5c898695593fabd93215e23620b3a9d1"},"headline":"El arte como herramienta para educar en valores","datePublished":"2021-07-28T07:30:09+00:00","dateModified":"2024-03-07T17:39:56+00:00","mainEntityOfPage":{"@id":"https:\/\/santapola.es\/ca\/el-arte-como-herramienta-para-educar-en-valores\/"},"wordCount":332,"image":{"@id":"https:\/\/santapola.es\/ca\/el-arte-como-herramienta-para-educar-en-valores\/#primaryimage"},"thumbnailUrl":"https:\/\/santapola.es\/wp-content\/uploads\/2021\/07\/pintura-mural-parque-Sorolla.jpeg","articleSection":["Educaci\u00f3n \/ Juventud","Inicio","Sin categorizar"],"inLanguage":"ca"},{"@type":"WebPage","@id":"https:\/\/santapola.es\/ca\/el-arte-como-herramienta-para-educar-en-valores\/","url":"https:\/\/santapola.es\/ca\/el-arte-como-herramienta-para-educar-en-valores\/","name":"El arte como herramienta para educar en valores - Ajuntament de Santa Pola","isPartOf":{"@id":"https:\/\/santapola.es\/ca\/#website"},"primaryImageOfPage":{"@id":"https:\/\/santapola.es\/ca\/el-arte-como-herramienta-para-educar-en-valores\/#primaryimage"},"image":{"@id":"https:\/\/santapola.es\/ca\/el-arte-como-herramienta-para-educar-en-valores\/#primaryimage"},"thumbnailUrl":"https:\/\/santapola.es\/wp-content\/uploads\/2021\/07\/pintura-mural-parque-Sorolla.jpeg","datePublished":"2021-07-28T07:30:09+00:00","dateModified":"2024-03-07T17:39:56+00:00","author":{"@id":"https:\/\/santapola.es\/ca\/#\/schema\/person\/5c898695593fabd93215e23620b3a9d1"},"breadcrumb":{"@id":"https:\/\/santapola.es\/ca\/el-arte-como-herramienta-para-educar-en-valores\/#breadcrumb"},"inLanguage":"ca","potentialAction":[{"@type":"ReadAction","target":["https:\/\/santapola.es\/ca\/el-arte-como-herramienta-para-educar-en-valores\/"]}]},{"@type":"ImageObject","inLanguage":"ca","@id":"https:\/\/santapola.es\/ca\/el-arte-como-herramienta-para-educar-en-valores\/#primaryimage","url":"https:\/\/santapola.es\/wp-content\/uploads\/2021\/07\/pintura-mural-parque-Sorolla.jpeg","contentUrl":"https:\/\/santapola.es\/wp-content\/uploads\/2021\/07\/pintura-mural-parque-Sorolla.jpeg"},{"@type":"BreadcrumbList","@id":"https:\/\/santapola.es\/ca\/el-arte-como-herramienta-para-educar-en-valores\/#breadcrumb","itemListElement":[{"@type":"ListItem","position":1,"name":"Inici","item":"https:\/\/santapola.es\/ca\/"},{"@type":"ListItem","position":2,"name":"El arte como herramienta para educar en valores"}]},{"@type":"WebSite","@id":"https:\/\/santapola.es\/ca\/#website","url":"https:\/\/santapola.es\/ca\/","name":"Ayuntamiento de Santa Pola","description":"Web de l'Ajuntament de Santa Pola","potentialAction":[{"@type":"SearchAction","target":{"@type":"EntryPoint","urlTemplate":"https:\/\/santapola.es\/ca\/?s={search_term_string}"},"query-input":{"@type":"PropertyValueSpecification","valueRequired":true,"valueName":"search_term_string"}}],"inLanguage":"ca"},{"@type":"Person","@id":"https:\/\/santapola.es\/ca\/#\/schema\/person\/5c898695593fabd93215e23620b3a9d1","name":"Usuario Gen\u00e9rico Web"}]}},"_links":{"self":[{"href":"https:\/\/santapola.es\/ca\/wp-json\/wp\/v2\/posts\/15166","targetHints":{"allow":["GET"]}}],"collection":[{"href":"https:\/\/santapola.es\/ca\/wp-json\/wp\/v2\/posts"}],"about":[{"href":"https:\/\/santapola.es\/ca\/wp-json\/wp\/v2\/types\/post"}],"author":[{"embeddable":true,"href":"https:\/\/santapola.es\/ca\/wp-json\/wp\/v2\/users\/99"}],"replies":[{"embeddable":true,"href":"https:\/\/santapola.es\/ca\/wp-json\/wp\/v2\/comments?post=15166"}],"version-history":[{"count":0,"href":"https:\/\/santapola.es\/ca\/wp-json\/wp\/v2\/posts\/15166\/revisions"}],"wp:attachment":[{"href":"https:\/\/santapola.es\/ca\/wp-json\/wp\/v2\/media?parent=15166"}],"wp:term":[{"taxonomy":"category","embeddable":true,"href":"https:\/\/santapola.es\/ca\/wp-json\/wp\/v2\/categories?post=15166"},{"taxonomy":"post_tag","embeddable":true,"href":"https:\/\/santapola.es\/ca\/wp-json\/wp\/v2\/tags?post=15166"}],"curies":[{"name":"wp","href":"https:\/\/api.w.org\/{rel}","templated":true}]}}