{"id":15157,"date":"2021-07-23T09:06:38","date_gmt":"2021-07-23T08:06:38","guid":{"rendered":"https:\/\/www.santapola.es\/?p=15157"},"modified":"2024-03-07T18:39:56","modified_gmt":"2024-03-07T17:39:56","slug":"comercio-lanza-la-campana-vive-santa-pola","status":"publish","type":"post","link":"https:\/\/santapola.es\/ca\/comercio-lanza-la-campana-vive-santa-pola\/","title":{"rendered":"Comercio lanza la campa\u00f1a &#8220;Vive Santa Pola&#8221;"},"content":{"rendered":"<p style=\"text-align: justify;\">El Ayuntamiento de Santa Pola, a trav\u00e9s de la Concejal\u00eda de Comercio, va a realizar una campa\u00f1a de apoyo al comercio local \u201cVive Santa Pola\u201d, que sirva tambi\u00e9n como agradecimiento a los veraneantes y visitantes que conf\u00edan un a\u00f1o m\u00e1s en volver a Santa Pola y disfrutar de sus merecidas vacaciones de una forma segura.<\/p>\n<p style=\"text-align: justify;\">Ante la delicada situaci\u00f3n causada por la COVID-19 que seguimos viviendo en la actualidad, el Ayuntamiento quiere manifestar su total apoyo al peque\u00f1o comercio y dar las gracias a todos los residentes, vecinos de segunda vivienda y visitantes que conf\u00edan y apoyan a nuestro comercio local.<\/p>\n<p style=\"text-align: justify;\">A trav\u00e9s de esta campa\u00f1a se va a colocar una gran lona junto al mercadillo de Viguetas, enfrente de la estaci\u00f3n de autobuses, se va a editar un v\u00eddeo, se expondr\u00e1n carteles en los comercios, publicidad en prensa y redes sociales.<\/p>\n<p style=\"text-align: justify;\">Se va a impulsar la compra en el peque\u00f1o comercio y en nuestros mercados como una forma tambi\u00e9n de \u201cVivir Santa Pola\u201d, vivir sus comercios, sus productos, sus gentes, sus calles, su patrimonio y sus espacios.<\/p>\n<p style=\"text-align: justify;\">Santa Pola dispone de una gran oferta comercial que da un valor a\u00f1adido al fomento tur\u00edstico, por su calidad, profesionalidad, precios competitivos y cercan\u00eda.<\/p>\n<p style=\"text-align: justify;\">Adem\u00e1s, la Asociaci\u00f3n de Comerciantes de Santa Pola, se une a esta campa\u00f1a participando con su colaboraci\u00f3n tanto en su creaci\u00f3n como en su difusi\u00f3n.<\/p>\n<p style=\"text-align: justify;\">Para Nely Baile, concejal de Comercio es importante desarrollar campa\u00f1as de concienciaci\u00f3n del consumidor con el comercio local, de proximidad, para poner en valor la importancia del sector en el desarrollo social y econ\u00f3mico. Por ello, Nely realiza un llamamiento a los santapoleros, vecinos de segunda residencia y visitantes para que sientan la necesidad de consumir en las tiendas locales, motor de creaci\u00f3n de empleo estable, generadoras de riqueza y sostenibilidad.<\/p>\n<p><img loading=\"lazy\" decoding=\"async\" class=\"size-full wp-image-15192 aligncenter\" src=\"https:\/\/santapola.es\/wp-content\/uploads\/2021\/07\/NelyBaile_PepaGarri_ViveSantaPola.jpeg\" alt=\"\" width=\"1024\" height=\"768\" srcset=\"https:\/\/santapola.es\/wp-content\/uploads\/2021\/07\/NelyBaile_PepaGarri_ViveSantaPola.jpeg 1024w, https:\/\/santapola.es\/wp-content\/uploads\/2021\/07\/NelyBaile_PepaGarri_ViveSantaPola-300x225.jpeg 300w, https:\/\/santapola.es\/wp-content\/uploads\/2021\/07\/NelyBaile_PepaGarri_ViveSantaPola-768x576.jpeg 768w, https:\/\/santapola.es\/wp-content\/uploads\/2021\/07\/NelyBaile_PepaGarri_ViveSantaPola-510x382.jpeg 510w, https:\/\/santapola.es\/wp-content\/uploads\/2021\/07\/NelyBaile_PepaGarri_ViveSantaPola-610x458.jpeg 610w\" sizes=\"(max-width: 1024px) 100vw, 1024px\" \/><\/p>\n<p><img loading=\"lazy\" decoding=\"async\" class=\"size-large wp-image-15193 aligncenter\" src=\"https:\/\/santapola.es\/wp-content\/uploads\/2021\/07\/Vive_SantaPola-1024x678.jpeg\" alt=\"\" width=\"1024\" height=\"678\" srcset=\"https:\/\/santapola.es\/wp-content\/uploads\/2021\/07\/Vive_SantaPola-1024x678.jpeg 1024w, https:\/\/santapola.es\/wp-content\/uploads\/2021\/07\/Vive_SantaPola-300x199.jpeg 300w, https:\/\/santapola.es\/wp-content\/uploads\/2021\/07\/Vive_SantaPola-768x508.jpeg 768w, https:\/\/santapola.es\/wp-content\/uploads\/2021\/07\/Vive_SantaPola-1536x1017.jpeg 1536w, https:\/\/santapola.es\/wp-content\/uploads\/2021\/07\/Vive_SantaPola-1080x715.jpeg 1080w, https:\/\/santapola.es\/wp-content\/uploads\/2021\/07\/Vive_SantaPola-610x404.jpeg 610w, https:\/\/santapola.es\/wp-content\/uploads\/2021\/07\/Vive_SantaPola.jpeg 1600w\" sizes=\"(max-width: 1024px) 100vw, 1024px\" \/><\/p>\n","protected":false},"excerpt":{"rendered":"<p>El Ayuntamiento de Santa Pola, a trav\u00e9s de la Concejal\u00eda de Comercio, va a realizar una campa\u00f1a de apoyo al comercio local \u201cVive Santa Pola\u201d, que sirva tambi\u00e9n como agradecimiento a los veraneantes y visitantes que conf\u00edan un a\u00f1o m\u00e1s en volver a Santa Pola y disfrutar de sus merecidas vacaciones de una forma segura. [&hellip;]<\/p>\n","protected":false},"author":99,"featured_media":0,"comment_status":"closed","ping_status":"closed","sticky":false,"template":"","format":"standard","meta":{"_et_pb_use_builder":"","_et_pb_old_content":"","_et_gb_content_width":"","footnotes":""},"categories":[52,66,406],"tags":[],"class_list":["post-15157","post","type-post","status-publish","format-standard","hentry","category-comercioconsumo","category-inicio","category-sin-categorizar-2"],"yoast_head":"<!-- This site is optimized with the Yoast SEO plugin v27.4 - https:\/\/yoast.com\/product\/yoast-seo-wordpress\/ -->\n<title>Comercio lanza la campa\u00f1a &quot;Vive Santa Pola&quot; - Ajuntament de Santa Pola<\/title>\n<meta name=\"robots\" content=\"index, follow, max-snippet:-1, max-image-preview:large, max-video-preview:-1\" \/>\n<link rel=\"canonical\" href=\"https:\/\/santapola.es\/ca\/comercio-lanza-la-campana-vive-santa-pola\/\" \/>\n<meta property=\"og:locale\" content=\"ca_ES\" \/>\n<meta property=\"og:type\" content=\"article\" \/>\n<meta property=\"og:title\" content=\"Comercio lanza la campa\u00f1a &quot;Vive Santa Pola&quot; - Ajuntament de Santa Pola\" \/>\n<meta property=\"og:description\" content=\"El Ayuntamiento de Santa Pola, a trav\u00e9s de la Concejal\u00eda de Comercio, va a realizar una campa\u00f1a de apoyo al comercio local \u201cVive Santa Pola\u201d, que sirva tambi\u00e9n como agradecimiento a los veraneantes y visitantes que conf\u00edan un a\u00f1o m\u00e1s en volver a Santa Pola y disfrutar de sus merecidas vacaciones de una forma segura. [&hellip;]\" \/>\n<meta property=\"og:url\" content=\"https:\/\/santapola.es\/ca\/comercio-lanza-la-campana-vive-santa-pola\/\" \/>\n<meta property=\"og:site_name\" content=\"Ajuntament de Santa Pola\" \/>\n<meta property=\"article:publisher\" content=\"https:\/\/www.facebook.com\/AyuntamientoSantaPola\/\" \/>\n<meta property=\"article:published_time\" content=\"2021-07-23T08:06:38+00:00\" \/>\n<meta property=\"article:modified_time\" content=\"2024-03-07T17:39:56+00:00\" \/>\n<meta property=\"og:image\" content=\"https:\/\/santapola.es\/wp-content\/uploads\/2021\/07\/NelyBaile_PepaGarri_ViveSantaPola.jpeg\" \/>\n<meta name=\"author\" content=\"Usuario Gen\u00e9rico Web\" \/>\n<meta name=\"twitter:card\" content=\"summary_large_image\" \/>\n<meta name=\"twitter:creator\" content=\"@SantaPolaAyunt\" \/>\n<meta name=\"twitter:site\" content=\"@SantaPolaAyunt\" \/>\n<script type=\"application\/ld+json\" class=\"yoast-schema-graph\">{\"@context\":\"https:\\\/\\\/schema.org\",\"@graph\":[{\"@type\":\"Article\",\"@id\":\"https:\\\/\\\/santapola.es\\\/ca\\\/comercio-lanza-la-campana-vive-santa-pola\\\/#article\",\"isPartOf\":{\"@id\":\"https:\\\/\\\/santapola.es\\\/ca\\\/comercio-lanza-la-campana-vive-santa-pola\\\/\"},\"author\":{\"name\":\"Usuario Gen\u00e9rico Web\",\"@id\":\"https:\\\/\\\/santapola.es\\\/ca\\\/#\\\/schema\\\/person\\\/5c898695593fabd93215e23620b3a9d1\"},\"headline\":\"Comercio lanza la campa\u00f1a &#8220;Vive Santa Pola&#8221;\",\"datePublished\":\"2021-07-23T08:06:38+00:00\",\"dateModified\":\"2024-03-07T17:39:56+00:00\",\"mainEntityOfPage\":{\"@id\":\"https:\\\/\\\/santapola.es\\\/ca\\\/comercio-lanza-la-campana-vive-santa-pola\\\/\"},\"wordCount\":336,\"image\":{\"@id\":\"https:\\\/\\\/santapola.es\\\/ca\\\/comercio-lanza-la-campana-vive-santa-pola\\\/#primaryimage\"},\"thumbnailUrl\":\"https:\\\/\\\/santapola.es\\\/wp-content\\\/uploads\\\/2021\\\/07\\\/NelyBaile_PepaGarri_ViveSantaPola.jpeg\",\"articleSection\":[\"Comercio\\\/ Consumo\",\"Inicio\",\"Sin categorizar\"],\"inLanguage\":\"ca\"},{\"@type\":\"WebPage\",\"@id\":\"https:\\\/\\\/santapola.es\\\/ca\\\/comercio-lanza-la-campana-vive-santa-pola\\\/\",\"url\":\"https:\\\/\\\/santapola.es\\\/ca\\\/comercio-lanza-la-campana-vive-santa-pola\\\/\",\"name\":\"Comercio lanza la campa\u00f1a \\\"Vive Santa Pola\\\" - Ajuntament de Santa Pola\",\"isPartOf\":{\"@id\":\"https:\\\/\\\/santapola.es\\\/ca\\\/#website\"},\"primaryImageOfPage\":{\"@id\":\"https:\\\/\\\/santapola.es\\\/ca\\\/comercio-lanza-la-campana-vive-santa-pola\\\/#primaryimage\"},\"image\":{\"@id\":\"https:\\\/\\\/santapola.es\\\/ca\\\/comercio-lanza-la-campana-vive-santa-pola\\\/#primaryimage\"},\"thumbnailUrl\":\"https:\\\/\\\/santapola.es\\\/wp-content\\\/uploads\\\/2021\\\/07\\\/NelyBaile_PepaGarri_ViveSantaPola.jpeg\",\"datePublished\":\"2021-07-23T08:06:38+00:00\",\"dateModified\":\"2024-03-07T17:39:56+00:00\",\"author\":{\"@id\":\"https:\\\/\\\/santapola.es\\\/ca\\\/#\\\/schema\\\/person\\\/5c898695593fabd93215e23620b3a9d1\"},\"breadcrumb\":{\"@id\":\"https:\\\/\\\/santapola.es\\\/ca\\\/comercio-lanza-la-campana-vive-santa-pola\\\/#breadcrumb\"},\"inLanguage\":\"ca\",\"potentialAction\":[{\"@type\":\"ReadAction\",\"target\":[\"https:\\\/\\\/santapola.es\\\/ca\\\/comercio-lanza-la-campana-vive-santa-pola\\\/\"]}]},{\"@type\":\"ImageObject\",\"inLanguage\":\"ca\",\"@id\":\"https:\\\/\\\/santapola.es\\\/ca\\\/comercio-lanza-la-campana-vive-santa-pola\\\/#primaryimage\",\"url\":\"https:\\\/\\\/santapola.es\\\/wp-content\\\/uploads\\\/2021\\\/07\\\/NelyBaile_PepaGarri_ViveSantaPola.jpeg\",\"contentUrl\":\"https:\\\/\\\/santapola.es\\\/wp-content\\\/uploads\\\/2021\\\/07\\\/NelyBaile_PepaGarri_ViveSantaPola.jpeg\"},{\"@type\":\"BreadcrumbList\",\"@id\":\"https:\\\/\\\/santapola.es\\\/ca\\\/comercio-lanza-la-campana-vive-santa-pola\\\/#breadcrumb\",\"itemListElement\":[{\"@type\":\"ListItem\",\"position\":1,\"name\":\"Inici\",\"item\":\"https:\\\/\\\/santapola.es\\\/ca\\\/\"},{\"@type\":\"ListItem\",\"position\":2,\"name\":\"Comercio lanza la campa\u00f1a &#8220;Vive Santa Pola&#8221;\"}]},{\"@type\":\"WebSite\",\"@id\":\"https:\\\/\\\/santapola.es\\\/ca\\\/#website\",\"url\":\"https:\\\/\\\/santapola.es\\\/ca\\\/\",\"name\":\"Ayuntamiento de Santa Pola\",\"description\":\"Web de l'Ajuntament de Santa Pola\",\"potentialAction\":[{\"@type\":\"SearchAction\",\"target\":{\"@type\":\"EntryPoint\",\"urlTemplate\":\"https:\\\/\\\/santapola.es\\\/ca\\\/?s={search_term_string}\"},\"query-input\":{\"@type\":\"PropertyValueSpecification\",\"valueRequired\":true,\"valueName\":\"search_term_string\"}}],\"inLanguage\":\"ca\"},{\"@type\":\"Person\",\"@id\":\"https:\\\/\\\/santapola.es\\\/ca\\\/#\\\/schema\\\/person\\\/5c898695593fabd93215e23620b3a9d1\",\"name\":\"Usuario Gen\u00e9rico Web\"}]}<\/script>\n<!-- \/ Yoast SEO plugin. -->","yoast_head_json":{"title":"Comercio lanza la campa\u00f1a \"Vive Santa Pola\" - Ajuntament de Santa Pola","robots":{"index":"index","follow":"follow","max-snippet":"max-snippet:-1","max-image-preview":"max-image-preview:large","max-video-preview":"max-video-preview:-1"},"canonical":"https:\/\/santapola.es\/ca\/comercio-lanza-la-campana-vive-santa-pola\/","og_locale":"ca_ES","og_type":"article","og_title":"Comercio lanza la campa\u00f1a \"Vive Santa Pola\" - Ajuntament de Santa Pola","og_description":"El Ayuntamiento de Santa Pola, a trav\u00e9s de la Concejal\u00eda de Comercio, va a realizar una campa\u00f1a de apoyo al comercio local \u201cVive Santa Pola\u201d, que sirva tambi\u00e9n como agradecimiento a los veraneantes y visitantes que conf\u00edan un a\u00f1o m\u00e1s en volver a Santa Pola y disfrutar de sus merecidas vacaciones de una forma segura. [&hellip;]","og_url":"https:\/\/santapola.es\/ca\/comercio-lanza-la-campana-vive-santa-pola\/","og_site_name":"Ajuntament de Santa Pola","article_publisher":"https:\/\/www.facebook.com\/AyuntamientoSantaPola\/","article_published_time":"2021-07-23T08:06:38+00:00","article_modified_time":"2024-03-07T17:39:56+00:00","og_image":[{"url":"https:\/\/santapola.es\/wp-content\/uploads\/2021\/07\/NelyBaile_PepaGarri_ViveSantaPola.jpeg","type":"","width":"","height":""}],"author":"Usuario Gen\u00e9rico Web","twitter_card":"summary_large_image","twitter_creator":"@SantaPolaAyunt","twitter_site":"@SantaPolaAyunt","schema":{"@context":"https:\/\/schema.org","@graph":[{"@type":"Article","@id":"https:\/\/santapola.es\/ca\/comercio-lanza-la-campana-vive-santa-pola\/#article","isPartOf":{"@id":"https:\/\/santapola.es\/ca\/comercio-lanza-la-campana-vive-santa-pola\/"},"author":{"name":"Usuario Gen\u00e9rico Web","@id":"https:\/\/santapola.es\/ca\/#\/schema\/person\/5c898695593fabd93215e23620b3a9d1"},"headline":"Comercio lanza la campa\u00f1a &#8220;Vive Santa Pola&#8221;","datePublished":"2021-07-23T08:06:38+00:00","dateModified":"2024-03-07T17:39:56+00:00","mainEntityOfPage":{"@id":"https:\/\/santapola.es\/ca\/comercio-lanza-la-campana-vive-santa-pola\/"},"wordCount":336,"image":{"@id":"https:\/\/santapola.es\/ca\/comercio-lanza-la-campana-vive-santa-pola\/#primaryimage"},"thumbnailUrl":"https:\/\/santapola.es\/wp-content\/uploads\/2021\/07\/NelyBaile_PepaGarri_ViveSantaPola.jpeg","articleSection":["Comercio\/ Consumo","Inicio","Sin categorizar"],"inLanguage":"ca"},{"@type":"WebPage","@id":"https:\/\/santapola.es\/ca\/comercio-lanza-la-campana-vive-santa-pola\/","url":"https:\/\/santapola.es\/ca\/comercio-lanza-la-campana-vive-santa-pola\/","name":"Comercio lanza la campa\u00f1a \"Vive Santa Pola\" - Ajuntament de Santa Pola","isPartOf":{"@id":"https:\/\/santapola.es\/ca\/#website"},"primaryImageOfPage":{"@id":"https:\/\/santapola.es\/ca\/comercio-lanza-la-campana-vive-santa-pola\/#primaryimage"},"image":{"@id":"https:\/\/santapola.es\/ca\/comercio-lanza-la-campana-vive-santa-pola\/#primaryimage"},"thumbnailUrl":"https:\/\/santapola.es\/wp-content\/uploads\/2021\/07\/NelyBaile_PepaGarri_ViveSantaPola.jpeg","datePublished":"2021-07-23T08:06:38+00:00","dateModified":"2024-03-07T17:39:56+00:00","author":{"@id":"https:\/\/santapola.es\/ca\/#\/schema\/person\/5c898695593fabd93215e23620b3a9d1"},"breadcrumb":{"@id":"https:\/\/santapola.es\/ca\/comercio-lanza-la-campana-vive-santa-pola\/#breadcrumb"},"inLanguage":"ca","potentialAction":[{"@type":"ReadAction","target":["https:\/\/santapola.es\/ca\/comercio-lanza-la-campana-vive-santa-pola\/"]}]},{"@type":"ImageObject","inLanguage":"ca","@id":"https:\/\/santapola.es\/ca\/comercio-lanza-la-campana-vive-santa-pola\/#primaryimage","url":"https:\/\/santapola.es\/wp-content\/uploads\/2021\/07\/NelyBaile_PepaGarri_ViveSantaPola.jpeg","contentUrl":"https:\/\/santapola.es\/wp-content\/uploads\/2021\/07\/NelyBaile_PepaGarri_ViveSantaPola.jpeg"},{"@type":"BreadcrumbList","@id":"https:\/\/santapola.es\/ca\/comercio-lanza-la-campana-vive-santa-pola\/#breadcrumb","itemListElement":[{"@type":"ListItem","position":1,"name":"Inici","item":"https:\/\/santapola.es\/ca\/"},{"@type":"ListItem","position":2,"name":"Comercio lanza la campa\u00f1a &#8220;Vive Santa Pola&#8221;"}]},{"@type":"WebSite","@id":"https:\/\/santapola.es\/ca\/#website","url":"https:\/\/santapola.es\/ca\/","name":"Ayuntamiento de Santa Pola","description":"Web de l'Ajuntament de Santa Pola","potentialAction":[{"@type":"SearchAction","target":{"@type":"EntryPoint","urlTemplate":"https:\/\/santapola.es\/ca\/?s={search_term_string}"},"query-input":{"@type":"PropertyValueSpecification","valueRequired":true,"valueName":"search_term_string"}}],"inLanguage":"ca"},{"@type":"Person","@id":"https:\/\/santapola.es\/ca\/#\/schema\/person\/5c898695593fabd93215e23620b3a9d1","name":"Usuario Gen\u00e9rico Web"}]}},"_links":{"self":[{"href":"https:\/\/santapola.es\/ca\/wp-json\/wp\/v2\/posts\/15157","targetHints":{"allow":["GET"]}}],"collection":[{"href":"https:\/\/santapola.es\/ca\/wp-json\/wp\/v2\/posts"}],"about":[{"href":"https:\/\/santapola.es\/ca\/wp-json\/wp\/v2\/types\/post"}],"author":[{"embeddable":true,"href":"https:\/\/santapola.es\/ca\/wp-json\/wp\/v2\/users\/99"}],"replies":[{"embeddable":true,"href":"https:\/\/santapola.es\/ca\/wp-json\/wp\/v2\/comments?post=15157"}],"version-history":[{"count":0,"href":"https:\/\/santapola.es\/ca\/wp-json\/wp\/v2\/posts\/15157\/revisions"}],"wp:attachment":[{"href":"https:\/\/santapola.es\/ca\/wp-json\/wp\/v2\/media?parent=15157"}],"wp:term":[{"taxonomy":"category","embeddable":true,"href":"https:\/\/santapola.es\/ca\/wp-json\/wp\/v2\/categories?post=15157"},{"taxonomy":"post_tag","embeddable":true,"href":"https:\/\/santapola.es\/ca\/wp-json\/wp\/v2\/tags?post=15157"}],"curies":[{"name":"wp","href":"https:\/\/api.w.org\/{rel}","templated":true}]}}