{"id":15123,"date":"2021-07-01T07:39:22","date_gmt":"2021-07-01T06:39:22","guid":{"rendered":"https:\/\/www.santapola.es\/?p=15123"},"modified":"2024-03-07T18:39:53","modified_gmt":"2024-03-07T17:39:53","slug":"reduccion-de-horario-y-personal-en-verano-para-el-consultorio-de-gran-alacant","status":"publish","type":"post","link":"https:\/\/santapola.es\/ca\/reduccion-de-horario-y-personal-en-verano-para-el-consultorio-de-gran-alacant\/","title":{"rendered":"Reducci\u00f3n de horario y personal en verano para el consultorio de Gran Alacant"},"content":{"rendered":"<p style=\"text-align: justify;\">Desde las concejal\u00edas de Gran Alacant y Sanidad mantenemos reuniones con los directores m\u00e9dico y de enfermer\u00eda del Hospital de Elche, del que dependemos en materia de sanidad, al respecto de la asistencia sanitaria que se recibe en Santa Pola, y m\u00e1s concretamente en Gran Alacant.<\/p>\n<p style=\"text-align: justify;\">A\u00f1o tras a\u00f1o tratamos, reiteradamente, de que se dote de un servicio adecuado a la poblaci\u00f3n real que tiene el municipio y en especial Gran Alacant, con un punto de asistencia continuada las 24h para Gran Alacant y una ambulancia para el municipio. En el caso de Gran Alacant los estudios de consumos de agua realizados por los t\u00e9cnicos muestran que en el barrio de Gran Alacant hay una poblaci\u00f3n fija en invierno-primavera de 20.000 personas, llegando a las 35.000 personas en verano. Todo esto en plena pandemia, con los confinamientos y limitaciones tur\u00edsticas y de movimiento, son hechos comprobados, poblaci\u00f3n que debe ser atendida y a la que se le est\u00e1 dando la espalda.<\/p>\n<p style=\"text-align: justify;\">Justo ahora, en \u00e9poca estival, que la presi\u00f3n tur\u00edstica y residencial aumenta llegando a duplicarse en cifras reales, pasan a reducir la atenci\u00f3n a 7 horas, sin festivos, en lugar del paso l\u00f3gico de aumentarla a 24 horas. Se nos vuelve a indicar que podemos ir al centro de salud de Santa Pola o al ambulatorio de El Altet, utilizando como \u00fanico medio de transporte una carretera con varios accidentes en lo que va de a\u00f1o, con dos puntos negros y un tr\u00e1fico multiplicado en \u00e9poca estival, justo cuando se hacen estos recortes.<\/p>\n<p style=\"text-align: justify;\">El Altet, con una poblaci\u00f3n inferior y una fracci\u00f3n de la presi\u00f3n tur\u00edstica y residencial estival que tenemos en Gran Alacant, tiene un punto de atenci\u00f3n continuada las 24h as\u00ed como una ambulancia, y desde luego es de sentido com\u00fan que la tenga para atender a su poblaci\u00f3n. \u00bfPor qu\u00e9 aqu\u00ed se reduce en verano a 7h, sin festivos, aboc\u00e1ndonos a echarnos a una carretera frecuentemente colapsada y accidentada?<\/p>\n<p style=\"text-align: justify;\">Por parte del \u00c1rea Sanitaria siempre se nos da la misma respuesta: &#8220;es que no hay m\u00e9dicos para contratar&#8221;. La descoordinaci\u00f3n de recursos humanos junto a unas deficientes pol\u00edticas de contrataci\u00f3n de personal por parte de Conseller\u00eda, posiblemente por salario y otras condiciones laborales, empujan a los m\u00e9dicos a ir a otras zonas mejor gestionadas y est\u00e1n generando esta problem\u00e1tica.<\/p>\n<p style=\"text-align: justify;\">El Equipo de Gobierno no va a ceder en su empe\u00f1o, y seguir\u00e1 manifestando esta problem\u00e1tica ante Conseller\u00eda de Sanidad, para que Gran Alacant reciba la atenci\u00f3n sanitaria que requiere teniendo en cuenta datos t\u00e9cnicos que prueban la situaci\u00f3n poblacional.<\/p>\n","protected":false},"excerpt":{"rendered":"<p>Desde las concejal\u00edas de Gran Alacant y Sanidad mantenemos reuniones con los directores m\u00e9dico y de enfermer\u00eda del Hospital de Elche, del que dependemos en materia de sanidad, al respecto de la asistencia sanitaria que se recibe en Santa Pola, y m\u00e1s concretamente en Gran Alacant. A\u00f1o tras a\u00f1o tratamos, reiteradamente, de que se dote [&hellip;]<\/p>\n","protected":false},"author":99,"featured_media":0,"comment_status":"closed","ping_status":"closed","sticky":false,"template":"","format":"standard","meta":{"_et_pb_use_builder":"","_et_pb_old_content":"","_et_gb_content_width":"","footnotes":""},"categories":[66,54,406,58],"tags":[],"class_list":["post-15123","post","type-post","status-publish","format-standard","hentry","category-inicio","category-servicios-publicos-infraestructura-fomento-cementerios","category-sin-categorizar-2","category-sostenibilidad-sanidad"],"yoast_head":"<!-- This site is optimized with the Yoast SEO plugin v27.4 - https:\/\/yoast.com\/product\/yoast-seo-wordpress\/ -->\n<title>Reducci\u00f3n de horario y personal en verano para el consultorio de Gran Alacant - Ajuntament de Santa Pola<\/title>\n<meta name=\"robots\" content=\"index, follow, max-snippet:-1, max-image-preview:large, max-video-preview:-1\" \/>\n<link rel=\"canonical\" href=\"https:\/\/santapola.es\/ca\/reduccion-de-horario-y-personal-en-verano-para-el-consultorio-de-gran-alacant\/\" \/>\n<meta property=\"og:locale\" content=\"ca_ES\" \/>\n<meta property=\"og:type\" content=\"article\" \/>\n<meta property=\"og:title\" content=\"Reducci\u00f3n de horario y personal en verano para el consultorio de Gran Alacant - Ajuntament de Santa Pola\" \/>\n<meta property=\"og:description\" content=\"Desde las concejal\u00edas de Gran Alacant y Sanidad mantenemos reuniones con los directores m\u00e9dico y de enfermer\u00eda del Hospital de Elche, del que dependemos en materia de sanidad, al respecto de la asistencia sanitaria que se recibe en Santa Pola, y m\u00e1s concretamente en Gran Alacant. A\u00f1o tras a\u00f1o tratamos, reiteradamente, de que se dote [&hellip;]\" \/>\n<meta property=\"og:url\" content=\"https:\/\/santapola.es\/ca\/reduccion-de-horario-y-personal-en-verano-para-el-consultorio-de-gran-alacant\/\" \/>\n<meta property=\"og:site_name\" content=\"Ajuntament de Santa Pola\" \/>\n<meta property=\"article:publisher\" content=\"https:\/\/www.facebook.com\/AyuntamientoSantaPola\/\" \/>\n<meta property=\"article:published_time\" content=\"2021-07-01T06:39:22+00:00\" \/>\n<meta property=\"article:modified_time\" content=\"2024-03-07T17:39:53+00:00\" \/>\n<meta name=\"author\" content=\"Usuario Gen\u00e9rico Web\" \/>\n<meta name=\"twitter:card\" content=\"summary_large_image\" \/>\n<meta name=\"twitter:creator\" content=\"@SantaPolaAyunt\" \/>\n<meta name=\"twitter:site\" content=\"@SantaPolaAyunt\" \/>\n<script type=\"application\/ld+json\" class=\"yoast-schema-graph\">{\"@context\":\"https:\\\/\\\/schema.org\",\"@graph\":[{\"@type\":\"Article\",\"@id\":\"https:\\\/\\\/santapola.es\\\/ca\\\/reduccion-de-horario-y-personal-en-verano-para-el-consultorio-de-gran-alacant\\\/#article\",\"isPartOf\":{\"@id\":\"https:\\\/\\\/santapola.es\\\/ca\\\/reduccion-de-horario-y-personal-en-verano-para-el-consultorio-de-gran-alacant\\\/\"},\"author\":{\"name\":\"Usuario Gen\u00e9rico Web\",\"@id\":\"https:\\\/\\\/santapola.es\\\/ca\\\/#\\\/schema\\\/person\\\/5c898695593fabd93215e23620b3a9d1\"},\"headline\":\"Reducci\u00f3n de horario y personal en verano para el consultorio de Gran Alacant\",\"datePublished\":\"2021-07-01T06:39:22+00:00\",\"dateModified\":\"2024-03-07T17:39:53+00:00\",\"mainEntityOfPage\":{\"@id\":\"https:\\\/\\\/santapola.es\\\/ca\\\/reduccion-de-horario-y-personal-en-verano-para-el-consultorio-de-gran-alacant\\\/\"},\"wordCount\":472,\"articleSection\":[\"Inicio\",\"Servicios p\u00fablicos \\\/ infraestructura \\\/ fomento \\\/ cementerios\",\"Sin categorizar\",\"Sostenibilidad \\\/ Sanidad\"],\"inLanguage\":\"ca\"},{\"@type\":\"WebPage\",\"@id\":\"https:\\\/\\\/santapola.es\\\/ca\\\/reduccion-de-horario-y-personal-en-verano-para-el-consultorio-de-gran-alacant\\\/\",\"url\":\"https:\\\/\\\/santapola.es\\\/ca\\\/reduccion-de-horario-y-personal-en-verano-para-el-consultorio-de-gran-alacant\\\/\",\"name\":\"Reducci\u00f3n de horario y personal en verano para el consultorio de Gran Alacant - Ajuntament de Santa Pola\",\"isPartOf\":{\"@id\":\"https:\\\/\\\/santapola.es\\\/ca\\\/#website\"},\"datePublished\":\"2021-07-01T06:39:22+00:00\",\"dateModified\":\"2024-03-07T17:39:53+00:00\",\"author\":{\"@id\":\"https:\\\/\\\/santapola.es\\\/ca\\\/#\\\/schema\\\/person\\\/5c898695593fabd93215e23620b3a9d1\"},\"breadcrumb\":{\"@id\":\"https:\\\/\\\/santapola.es\\\/ca\\\/reduccion-de-horario-y-personal-en-verano-para-el-consultorio-de-gran-alacant\\\/#breadcrumb\"},\"inLanguage\":\"ca\",\"potentialAction\":[{\"@type\":\"ReadAction\",\"target\":[\"https:\\\/\\\/santapola.es\\\/ca\\\/reduccion-de-horario-y-personal-en-verano-para-el-consultorio-de-gran-alacant\\\/\"]}]},{\"@type\":\"BreadcrumbList\",\"@id\":\"https:\\\/\\\/santapola.es\\\/ca\\\/reduccion-de-horario-y-personal-en-verano-para-el-consultorio-de-gran-alacant\\\/#breadcrumb\",\"itemListElement\":[{\"@type\":\"ListItem\",\"position\":1,\"name\":\"Inici\",\"item\":\"https:\\\/\\\/santapola.es\\\/ca\\\/\"},{\"@type\":\"ListItem\",\"position\":2,\"name\":\"Reducci\u00f3n de horario y personal en verano para el consultorio de Gran Alacant\"}]},{\"@type\":\"WebSite\",\"@id\":\"https:\\\/\\\/santapola.es\\\/ca\\\/#website\",\"url\":\"https:\\\/\\\/santapola.es\\\/ca\\\/\",\"name\":\"Ayuntamiento de Santa Pola\",\"description\":\"Web de l'Ajuntament de Santa Pola\",\"potentialAction\":[{\"@type\":\"SearchAction\",\"target\":{\"@type\":\"EntryPoint\",\"urlTemplate\":\"https:\\\/\\\/santapola.es\\\/ca\\\/?s={search_term_string}\"},\"query-input\":{\"@type\":\"PropertyValueSpecification\",\"valueRequired\":true,\"valueName\":\"search_term_string\"}}],\"inLanguage\":\"ca\"},{\"@type\":\"Person\",\"@id\":\"https:\\\/\\\/santapola.es\\\/ca\\\/#\\\/schema\\\/person\\\/5c898695593fabd93215e23620b3a9d1\",\"name\":\"Usuario Gen\u00e9rico Web\"}]}<\/script>\n<!-- \/ Yoast SEO plugin. -->","yoast_head_json":{"title":"Reducci\u00f3n de horario y personal en verano para el consultorio de Gran Alacant - Ajuntament de Santa Pola","robots":{"index":"index","follow":"follow","max-snippet":"max-snippet:-1","max-image-preview":"max-image-preview:large","max-video-preview":"max-video-preview:-1"},"canonical":"https:\/\/santapola.es\/ca\/reduccion-de-horario-y-personal-en-verano-para-el-consultorio-de-gran-alacant\/","og_locale":"ca_ES","og_type":"article","og_title":"Reducci\u00f3n de horario y personal en verano para el consultorio de Gran Alacant - Ajuntament de Santa Pola","og_description":"Desde las concejal\u00edas de Gran Alacant y Sanidad mantenemos reuniones con los directores m\u00e9dico y de enfermer\u00eda del Hospital de Elche, del que dependemos en materia de sanidad, al respecto de la asistencia sanitaria que se recibe en Santa Pola, y m\u00e1s concretamente en Gran Alacant. A\u00f1o tras a\u00f1o tratamos, reiteradamente, de que se dote [&hellip;]","og_url":"https:\/\/santapola.es\/ca\/reduccion-de-horario-y-personal-en-verano-para-el-consultorio-de-gran-alacant\/","og_site_name":"Ajuntament de Santa Pola","article_publisher":"https:\/\/www.facebook.com\/AyuntamientoSantaPola\/","article_published_time":"2021-07-01T06:39:22+00:00","article_modified_time":"2024-03-07T17:39:53+00:00","author":"Usuario Gen\u00e9rico Web","twitter_card":"summary_large_image","twitter_creator":"@SantaPolaAyunt","twitter_site":"@SantaPolaAyunt","schema":{"@context":"https:\/\/schema.org","@graph":[{"@type":"Article","@id":"https:\/\/santapola.es\/ca\/reduccion-de-horario-y-personal-en-verano-para-el-consultorio-de-gran-alacant\/#article","isPartOf":{"@id":"https:\/\/santapola.es\/ca\/reduccion-de-horario-y-personal-en-verano-para-el-consultorio-de-gran-alacant\/"},"author":{"name":"Usuario Gen\u00e9rico Web","@id":"https:\/\/santapola.es\/ca\/#\/schema\/person\/5c898695593fabd93215e23620b3a9d1"},"headline":"Reducci\u00f3n de horario y personal en verano para el consultorio de Gran Alacant","datePublished":"2021-07-01T06:39:22+00:00","dateModified":"2024-03-07T17:39:53+00:00","mainEntityOfPage":{"@id":"https:\/\/santapola.es\/ca\/reduccion-de-horario-y-personal-en-verano-para-el-consultorio-de-gran-alacant\/"},"wordCount":472,"articleSection":["Inicio","Servicios p\u00fablicos \/ infraestructura \/ fomento \/ cementerios","Sin categorizar","Sostenibilidad \/ Sanidad"],"inLanguage":"ca"},{"@type":"WebPage","@id":"https:\/\/santapola.es\/ca\/reduccion-de-horario-y-personal-en-verano-para-el-consultorio-de-gran-alacant\/","url":"https:\/\/santapola.es\/ca\/reduccion-de-horario-y-personal-en-verano-para-el-consultorio-de-gran-alacant\/","name":"Reducci\u00f3n de horario y personal en verano para el consultorio de Gran Alacant - Ajuntament de Santa Pola","isPartOf":{"@id":"https:\/\/santapola.es\/ca\/#website"},"datePublished":"2021-07-01T06:39:22+00:00","dateModified":"2024-03-07T17:39:53+00:00","author":{"@id":"https:\/\/santapola.es\/ca\/#\/schema\/person\/5c898695593fabd93215e23620b3a9d1"},"breadcrumb":{"@id":"https:\/\/santapola.es\/ca\/reduccion-de-horario-y-personal-en-verano-para-el-consultorio-de-gran-alacant\/#breadcrumb"},"inLanguage":"ca","potentialAction":[{"@type":"ReadAction","target":["https:\/\/santapola.es\/ca\/reduccion-de-horario-y-personal-en-verano-para-el-consultorio-de-gran-alacant\/"]}]},{"@type":"BreadcrumbList","@id":"https:\/\/santapola.es\/ca\/reduccion-de-horario-y-personal-en-verano-para-el-consultorio-de-gran-alacant\/#breadcrumb","itemListElement":[{"@type":"ListItem","position":1,"name":"Inici","item":"https:\/\/santapola.es\/ca\/"},{"@type":"ListItem","position":2,"name":"Reducci\u00f3n de horario y personal en verano para el consultorio de Gran Alacant"}]},{"@type":"WebSite","@id":"https:\/\/santapola.es\/ca\/#website","url":"https:\/\/santapola.es\/ca\/","name":"Ayuntamiento de Santa Pola","description":"Web de l'Ajuntament de Santa Pola","potentialAction":[{"@type":"SearchAction","target":{"@type":"EntryPoint","urlTemplate":"https:\/\/santapola.es\/ca\/?s={search_term_string}"},"query-input":{"@type":"PropertyValueSpecification","valueRequired":true,"valueName":"search_term_string"}}],"inLanguage":"ca"},{"@type":"Person","@id":"https:\/\/santapola.es\/ca\/#\/schema\/person\/5c898695593fabd93215e23620b3a9d1","name":"Usuario Gen\u00e9rico Web"}]}},"_links":{"self":[{"href":"https:\/\/santapola.es\/ca\/wp-json\/wp\/v2\/posts\/15123","targetHints":{"allow":["GET"]}}],"collection":[{"href":"https:\/\/santapola.es\/ca\/wp-json\/wp\/v2\/posts"}],"about":[{"href":"https:\/\/santapola.es\/ca\/wp-json\/wp\/v2\/types\/post"}],"author":[{"embeddable":true,"href":"https:\/\/santapola.es\/ca\/wp-json\/wp\/v2\/users\/99"}],"replies":[{"embeddable":true,"href":"https:\/\/santapola.es\/ca\/wp-json\/wp\/v2\/comments?post=15123"}],"version-history":[{"count":0,"href":"https:\/\/santapola.es\/ca\/wp-json\/wp\/v2\/posts\/15123\/revisions"}],"wp:attachment":[{"href":"https:\/\/santapola.es\/ca\/wp-json\/wp\/v2\/media?parent=15123"}],"wp:term":[{"taxonomy":"category","embeddable":true,"href":"https:\/\/santapola.es\/ca\/wp-json\/wp\/v2\/categories?post=15123"},{"taxonomy":"post_tag","embeddable":true,"href":"https:\/\/santapola.es\/ca\/wp-json\/wp\/v2\/tags?post=15123"}],"curies":[{"name":"wp","href":"https:\/\/api.w.org\/{rel}","templated":true}]}}