{"id":15069,"date":"2021-06-22T08:57:21","date_gmt":"2021-06-22T07:57:21","guid":{"rendered":"https:\/\/www.santapola.es\/?p=15069"},"modified":"2024-03-07T18:39:52","modified_gmt":"2024-03-07T17:39:52","slug":"tabarkinas-de-carma-casula-llega-al-museo-del-mar","status":"publish","type":"post","link":"https:\/\/santapola.es\/ca\/tabarkinas-de-carma-casula-llega-al-museo-del-mar\/","title":{"rendered":"Tabarkinas de Carma Casul\u00e1 llega al Museo del Mar"},"content":{"rendered":"<p style=\"text-align: right;\">SantaPola, 22 de junio de 2021<\/p>\n<p>El Museo del Mar de Santa Pola acoge, de la mano de Casa Mediterr\u00e1neo, la exposici\u00f3n\u00a0 y fotolibro Tabarkinas de la artista internacional Carma Casul\u00e1.<\/p>\n<p><strong>Inauguraci\u00f3n 26 de junio<\/strong><br \/>\n<strong>19:00 h. Presentaci\u00f3n libro Carma Casul\u00e0 en el Baluarte del Duque<\/strong><br \/>\n<strong>19:45 h. Visita Exposici\u00f3n con performance &#8211; Ala Norte del Museo<br \/>\nPlazas limitadas. Inscripci\u00f3n previa en el tel\u00e9fono 965 41 62 23<\/strong><\/p>\n<p>Del 26 de junio al 14 de septiembre<\/p>\n<p style=\"text-align: justify;\">Carma Casul\u00e1 (Barcelona) es artista visual y fot\u00f3grafa free-lance, curiosa por naturaleza y una gran viajera. Y gran amante de este Mare Nostrum. Doctorada en Bellas Artes por la Universidad Complutense de Madrid, luego sigui\u00f3 con estudios Superiores de Fotograf\u00eda en el IED Milano que ampl\u00eda en el ICP de New York. Compagina proyectos art\u00edsticos centrados en la antropizaci\u00f3n del paisaje y su huella en el individuo con otros m\u00e1s documentales, como Tabarkinas. Participa en proyectos culturales y exposiciones con fotograf\u00eda e instalaci\u00f3n en Espa\u00f1a, Italia, Dinamarca, Francia; Alemania, Holanda, Suiza, Albania, Rusia, Costa Rica, Ecuador y Estados Unidos. Trabaja profesionalmente para instituciones, empresas y medios. Es docente universitaria sobre Fotograf\u00eda e investigadora en equipos interdisciplinares I+D+i sobre Arte, Ecolog\u00eda y Empat\u00eda, Estrategias de Protecci\u00f3n del Medio Natural y Recuperaci\u00f3n de Territorios Degradados. Ha recibido varios reconocimientos y becas, entre otras la Beca de Proyectos FotoPres de Fundaci\u00f2 La Caixa.<\/p>\n<p style=\"text-align: justify;\">Tabarkinas es el diario de una traves\u00eda por las tierras de la Cultura Tabarquina, una comunidad ramificada en cinco realidades esparcidas por las islas sardas de San Pietro y Sant\u2019Antioco en Italia, la isla de Tabarka en T\u00fanez y la isla alicantina de Nueva Tabarca. Y Pegli, la poblaci\u00f3n portuaria cercana a G\u00e9nova desde donde todo comenz\u00f3. El periplo de unas gentes de mar, expertos en las artes de la mar y del cielo, que en busca de una mejor vida fundaron una colonia genovesa dedicada a la extracci\u00f3n de coral en el islote tunecino cedido por el Carlos V (1540) y que acabaron sirviendo de moneda de cambio por dinero y religi\u00f3n. Fueron dispersados geogr\u00e1ficamente durante el siglo XVIII seg\u00fan el monarca cristiano que sufragara su rescate del cautiverio: Carlos III y Carlo Emanuele III, originando nuevas colonias. Una historia de pescadores, de reyes y corsarios, de creencias, cautiverios y rescates, de islas deshabitadas y colonizaciones que teje una de las di\u00e1sporas mediterr\u00e1neas vivas que enlaza sus dos riberas y que celebramos en el 250 aniversario de la llegada de las Familias tabarkinas a la Isla de Nueva Tabarca.<\/p>\n<p><img loading=\"lazy\" decoding=\"async\" class=\"alignnone size-large wp-image-15085\" src=\"https:\/\/santapola.es\/wp-content\/uploads\/2021\/06\/invitacion_expo_tabarkinas_cover-1024x1024.png\" alt=\"\" width=\"1024\" height=\"1024\" srcset=\"https:\/\/santapola.es\/wp-content\/uploads\/2021\/06\/invitacion_expo_tabarkinas_cover-1024x1024.png 1024w, https:\/\/santapola.es\/wp-content\/uploads\/2021\/06\/invitacion_expo_tabarkinas_cover-300x300.png 300w, https:\/\/santapola.es\/wp-content\/uploads\/2021\/06\/invitacion_expo_tabarkinas_cover-150x150.png 150w, https:\/\/santapola.es\/wp-content\/uploads\/2021\/06\/invitacion_expo_tabarkinas_cover-768x768.png 768w, https:\/\/santapola.es\/wp-content\/uploads\/2021\/06\/invitacion_expo_tabarkinas_cover-610x610.png 610w, https:\/\/santapola.es\/wp-content\/uploads\/2021\/06\/invitacion_expo_tabarkinas_cover-100x100.png 100w, https:\/\/santapola.es\/wp-content\/uploads\/2021\/06\/invitacion_expo_tabarkinas_cover.png 1050w\" sizes=\"(max-width: 1024px) 100vw, 1024px\" \/><\/p>\n<p><img loading=\"lazy\" decoding=\"async\" class=\"alignnone size-large wp-image-15084\" src=\"https:\/\/santapola.es\/wp-content\/uploads\/2021\/06\/invitacion_expo_tabarkinas_back-1024x1024.png\" alt=\"\" width=\"1024\" height=\"1024\" srcset=\"https:\/\/santapola.es\/wp-content\/uploads\/2021\/06\/invitacion_expo_tabarkinas_back-1024x1024.png 1024w, https:\/\/santapola.es\/wp-content\/uploads\/2021\/06\/invitacion_expo_tabarkinas_back-300x300.png 300w, https:\/\/santapola.es\/wp-content\/uploads\/2021\/06\/invitacion_expo_tabarkinas_back-150x150.png 150w, https:\/\/santapola.es\/wp-content\/uploads\/2021\/06\/invitacion_expo_tabarkinas_back-768x768.png 768w, https:\/\/santapola.es\/wp-content\/uploads\/2021\/06\/invitacion_expo_tabarkinas_back-610x610.png 610w, https:\/\/santapola.es\/wp-content\/uploads\/2021\/06\/invitacion_expo_tabarkinas_back-100x100.png 100w, https:\/\/santapola.es\/wp-content\/uploads\/2021\/06\/invitacion_expo_tabarkinas_back.png 1050w\" sizes=\"(max-width: 1024px) 100vw, 1024px\" \/><\/p>\n","protected":false},"excerpt":{"rendered":"<p>SantaPola, 22 de junio de 2021 El Museo del Mar de Santa Pola acoge, de la mano de Casa Mediterr\u00e1neo, la exposici\u00f3n\u00a0 y fotolibro Tabarkinas de la artista internacional Carma Casul\u00e1. Inauguraci\u00f3n 26 de junio 19:00 h. Presentaci\u00f3n libro Carma Casul\u00e0 en el Baluarte del Duque 19:45 h. Visita Exposici\u00f3n con performance &#8211; Ala Norte [&hellip;]<\/p>\n","protected":false},"author":99,"featured_media":0,"comment_status":"closed","ping_status":"closed","sticky":false,"template":"","format":"standard","meta":{"_et_pb_use_builder":"","_et_pb_old_content":"","_et_gb_content_width":"","footnotes":""},"categories":[51,66,406],"tags":[],"class_list":["post-15069","post","type-post","status-publish","format-standard","hentry","category-cultura-fiestas","category-inicio","category-sin-categorizar-2"],"yoast_head":"<!-- This site is optimized with the Yoast SEO plugin v27.4 - https:\/\/yoast.com\/product\/yoast-seo-wordpress\/ -->\n<title>Tabarkinas de Carma Casul\u00e1 llega al Museo del Mar - Ajuntament de Santa Pola<\/title>\n<meta name=\"robots\" content=\"index, follow, max-snippet:-1, max-image-preview:large, max-video-preview:-1\" \/>\n<link rel=\"canonical\" href=\"https:\/\/santapola.es\/ca\/tabarkinas-de-carma-casula-llega-al-museo-del-mar\/\" \/>\n<meta property=\"og:locale\" content=\"ca_ES\" \/>\n<meta property=\"og:type\" content=\"article\" \/>\n<meta property=\"og:title\" content=\"Tabarkinas de Carma Casul\u00e1 llega al Museo del Mar - Ajuntament de Santa Pola\" \/>\n<meta property=\"og:description\" content=\"SantaPola, 22 de junio de 2021 El Museo del Mar de Santa Pola acoge, de la mano de Casa Mediterr\u00e1neo, la exposici\u00f3n\u00a0 y fotolibro Tabarkinas de la artista internacional Carma Casul\u00e1. Inauguraci\u00f3n 26 de junio 19:00 h. Presentaci\u00f3n libro Carma Casul\u00e0 en el Baluarte del Duque 19:45 h. Visita Exposici\u00f3n con performance &#8211; Ala Norte [&hellip;]\" \/>\n<meta property=\"og:url\" content=\"https:\/\/santapola.es\/ca\/tabarkinas-de-carma-casula-llega-al-museo-del-mar\/\" \/>\n<meta property=\"og:site_name\" content=\"Ajuntament de Santa Pola\" \/>\n<meta property=\"article:publisher\" content=\"https:\/\/www.facebook.com\/AyuntamientoSantaPola\/\" \/>\n<meta property=\"article:published_time\" content=\"2021-06-22T07:57:21+00:00\" \/>\n<meta property=\"article:modified_time\" content=\"2024-03-07T17:39:52+00:00\" \/>\n<meta property=\"og:image\" content=\"https:\/\/santapola.es\/wp-content\/uploads\/2021\/06\/invitacion_expo_tabarkinas_cover-1024x1024.png\" \/>\n<meta name=\"author\" content=\"Usuario Gen\u00e9rico Web\" \/>\n<meta name=\"twitter:card\" content=\"summary_large_image\" \/>\n<meta name=\"twitter:creator\" content=\"@SantaPolaAyunt\" \/>\n<meta name=\"twitter:site\" content=\"@SantaPolaAyunt\" \/>\n<script type=\"application\/ld+json\" class=\"yoast-schema-graph\">{\"@context\":\"https:\\\/\\\/schema.org\",\"@graph\":[{\"@type\":\"Article\",\"@id\":\"https:\\\/\\\/santapola.es\\\/ca\\\/tabarkinas-de-carma-casula-llega-al-museo-del-mar\\\/#article\",\"isPartOf\":{\"@id\":\"https:\\\/\\\/santapola.es\\\/ca\\\/tabarkinas-de-carma-casula-llega-al-museo-del-mar\\\/\"},\"author\":{\"name\":\"Usuario Gen\u00e9rico Web\",\"@id\":\"https:\\\/\\\/santapola.es\\\/ca\\\/#\\\/schema\\\/person\\\/5c898695593fabd93215e23620b3a9d1\"},\"headline\":\"Tabarkinas de Carma Casul\u00e1 llega al Museo del Mar\",\"datePublished\":\"2021-06-22T07:57:21+00:00\",\"dateModified\":\"2024-03-07T17:39:52+00:00\",\"mainEntityOfPage\":{\"@id\":\"https:\\\/\\\/santapola.es\\\/ca\\\/tabarkinas-de-carma-casula-llega-al-museo-del-mar\\\/\"},\"wordCount\":446,\"image\":{\"@id\":\"https:\\\/\\\/santapola.es\\\/ca\\\/tabarkinas-de-carma-casula-llega-al-museo-del-mar\\\/#primaryimage\"},\"thumbnailUrl\":\"https:\\\/\\\/santapola.es\\\/wp-content\\\/uploads\\\/2021\\\/06\\\/invitacion_expo_tabarkinas_cover-1024x1024.png\",\"articleSection\":[\"Cultura\\\/ Fiestas\",\"Inicio\",\"Sin categorizar\"],\"inLanguage\":\"ca\"},{\"@type\":\"WebPage\",\"@id\":\"https:\\\/\\\/santapola.es\\\/ca\\\/tabarkinas-de-carma-casula-llega-al-museo-del-mar\\\/\",\"url\":\"https:\\\/\\\/santapola.es\\\/ca\\\/tabarkinas-de-carma-casula-llega-al-museo-del-mar\\\/\",\"name\":\"Tabarkinas de Carma Casul\u00e1 llega al Museo del Mar - Ajuntament de Santa Pola\",\"isPartOf\":{\"@id\":\"https:\\\/\\\/santapola.es\\\/ca\\\/#website\"},\"primaryImageOfPage\":{\"@id\":\"https:\\\/\\\/santapola.es\\\/ca\\\/tabarkinas-de-carma-casula-llega-al-museo-del-mar\\\/#primaryimage\"},\"image\":{\"@id\":\"https:\\\/\\\/santapola.es\\\/ca\\\/tabarkinas-de-carma-casula-llega-al-museo-del-mar\\\/#primaryimage\"},\"thumbnailUrl\":\"https:\\\/\\\/santapola.es\\\/wp-content\\\/uploads\\\/2021\\\/06\\\/invitacion_expo_tabarkinas_cover-1024x1024.png\",\"datePublished\":\"2021-06-22T07:57:21+00:00\",\"dateModified\":\"2024-03-07T17:39:52+00:00\",\"author\":{\"@id\":\"https:\\\/\\\/santapola.es\\\/ca\\\/#\\\/schema\\\/person\\\/5c898695593fabd93215e23620b3a9d1\"},\"breadcrumb\":{\"@id\":\"https:\\\/\\\/santapola.es\\\/ca\\\/tabarkinas-de-carma-casula-llega-al-museo-del-mar\\\/#breadcrumb\"},\"inLanguage\":\"ca\",\"potentialAction\":[{\"@type\":\"ReadAction\",\"target\":[\"https:\\\/\\\/santapola.es\\\/ca\\\/tabarkinas-de-carma-casula-llega-al-museo-del-mar\\\/\"]}]},{\"@type\":\"ImageObject\",\"inLanguage\":\"ca\",\"@id\":\"https:\\\/\\\/santapola.es\\\/ca\\\/tabarkinas-de-carma-casula-llega-al-museo-del-mar\\\/#primaryimage\",\"url\":\"https:\\\/\\\/santapola.es\\\/wp-content\\\/uploads\\\/2021\\\/06\\\/invitacion_expo_tabarkinas_cover-1024x1024.png\",\"contentUrl\":\"https:\\\/\\\/santapola.es\\\/wp-content\\\/uploads\\\/2021\\\/06\\\/invitacion_expo_tabarkinas_cover-1024x1024.png\"},{\"@type\":\"BreadcrumbList\",\"@id\":\"https:\\\/\\\/santapola.es\\\/ca\\\/tabarkinas-de-carma-casula-llega-al-museo-del-mar\\\/#breadcrumb\",\"itemListElement\":[{\"@type\":\"ListItem\",\"position\":1,\"name\":\"Inici\",\"item\":\"https:\\\/\\\/santapola.es\\\/ca\\\/\"},{\"@type\":\"ListItem\",\"position\":2,\"name\":\"Tabarkinas de Carma Casul\u00e1 llega al Museo del Mar\"}]},{\"@type\":\"WebSite\",\"@id\":\"https:\\\/\\\/santapola.es\\\/ca\\\/#website\",\"url\":\"https:\\\/\\\/santapola.es\\\/ca\\\/\",\"name\":\"Ayuntamiento de Santa Pola\",\"description\":\"Web de l'Ajuntament de Santa Pola\",\"potentialAction\":[{\"@type\":\"SearchAction\",\"target\":{\"@type\":\"EntryPoint\",\"urlTemplate\":\"https:\\\/\\\/santapola.es\\\/ca\\\/?s={search_term_string}\"},\"query-input\":{\"@type\":\"PropertyValueSpecification\",\"valueRequired\":true,\"valueName\":\"search_term_string\"}}],\"inLanguage\":\"ca\"},{\"@type\":\"Person\",\"@id\":\"https:\\\/\\\/santapola.es\\\/ca\\\/#\\\/schema\\\/person\\\/5c898695593fabd93215e23620b3a9d1\",\"name\":\"Usuario Gen\u00e9rico Web\"}]}<\/script>\n<!-- \/ Yoast SEO plugin. -->","yoast_head_json":{"title":"Tabarkinas de Carma Casul\u00e1 llega al Museo del Mar - Ajuntament de Santa Pola","robots":{"index":"index","follow":"follow","max-snippet":"max-snippet:-1","max-image-preview":"max-image-preview:large","max-video-preview":"max-video-preview:-1"},"canonical":"https:\/\/santapola.es\/ca\/tabarkinas-de-carma-casula-llega-al-museo-del-mar\/","og_locale":"ca_ES","og_type":"article","og_title":"Tabarkinas de Carma Casul\u00e1 llega al Museo del Mar - Ajuntament de Santa Pola","og_description":"SantaPola, 22 de junio de 2021 El Museo del Mar de Santa Pola acoge, de la mano de Casa Mediterr\u00e1neo, la exposici\u00f3n\u00a0 y fotolibro Tabarkinas de la artista internacional Carma Casul\u00e1. Inauguraci\u00f3n 26 de junio 19:00 h. Presentaci\u00f3n libro Carma Casul\u00e0 en el Baluarte del Duque 19:45 h. Visita Exposici\u00f3n con performance &#8211; Ala Norte [&hellip;]","og_url":"https:\/\/santapola.es\/ca\/tabarkinas-de-carma-casula-llega-al-museo-del-mar\/","og_site_name":"Ajuntament de Santa Pola","article_publisher":"https:\/\/www.facebook.com\/AyuntamientoSantaPola\/","article_published_time":"2021-06-22T07:57:21+00:00","article_modified_time":"2024-03-07T17:39:52+00:00","og_image":[{"url":"https:\/\/santapola.es\/wp-content\/uploads\/2021\/06\/invitacion_expo_tabarkinas_cover-1024x1024.png","type":"","width":"","height":""}],"author":"Usuario Gen\u00e9rico Web","twitter_card":"summary_large_image","twitter_creator":"@SantaPolaAyunt","twitter_site":"@SantaPolaAyunt","schema":{"@context":"https:\/\/schema.org","@graph":[{"@type":"Article","@id":"https:\/\/santapola.es\/ca\/tabarkinas-de-carma-casula-llega-al-museo-del-mar\/#article","isPartOf":{"@id":"https:\/\/santapola.es\/ca\/tabarkinas-de-carma-casula-llega-al-museo-del-mar\/"},"author":{"name":"Usuario Gen\u00e9rico Web","@id":"https:\/\/santapola.es\/ca\/#\/schema\/person\/5c898695593fabd93215e23620b3a9d1"},"headline":"Tabarkinas de Carma Casul\u00e1 llega al Museo del Mar","datePublished":"2021-06-22T07:57:21+00:00","dateModified":"2024-03-07T17:39:52+00:00","mainEntityOfPage":{"@id":"https:\/\/santapola.es\/ca\/tabarkinas-de-carma-casula-llega-al-museo-del-mar\/"},"wordCount":446,"image":{"@id":"https:\/\/santapola.es\/ca\/tabarkinas-de-carma-casula-llega-al-museo-del-mar\/#primaryimage"},"thumbnailUrl":"https:\/\/santapola.es\/wp-content\/uploads\/2021\/06\/invitacion_expo_tabarkinas_cover-1024x1024.png","articleSection":["Cultura\/ Fiestas","Inicio","Sin categorizar"],"inLanguage":"ca"},{"@type":"WebPage","@id":"https:\/\/santapola.es\/ca\/tabarkinas-de-carma-casula-llega-al-museo-del-mar\/","url":"https:\/\/santapola.es\/ca\/tabarkinas-de-carma-casula-llega-al-museo-del-mar\/","name":"Tabarkinas de Carma Casul\u00e1 llega al Museo del Mar - Ajuntament de Santa Pola","isPartOf":{"@id":"https:\/\/santapola.es\/ca\/#website"},"primaryImageOfPage":{"@id":"https:\/\/santapola.es\/ca\/tabarkinas-de-carma-casula-llega-al-museo-del-mar\/#primaryimage"},"image":{"@id":"https:\/\/santapola.es\/ca\/tabarkinas-de-carma-casula-llega-al-museo-del-mar\/#primaryimage"},"thumbnailUrl":"https:\/\/santapola.es\/wp-content\/uploads\/2021\/06\/invitacion_expo_tabarkinas_cover-1024x1024.png","datePublished":"2021-06-22T07:57:21+00:00","dateModified":"2024-03-07T17:39:52+00:00","author":{"@id":"https:\/\/santapola.es\/ca\/#\/schema\/person\/5c898695593fabd93215e23620b3a9d1"},"breadcrumb":{"@id":"https:\/\/santapola.es\/ca\/tabarkinas-de-carma-casula-llega-al-museo-del-mar\/#breadcrumb"},"inLanguage":"ca","potentialAction":[{"@type":"ReadAction","target":["https:\/\/santapola.es\/ca\/tabarkinas-de-carma-casula-llega-al-museo-del-mar\/"]}]},{"@type":"ImageObject","inLanguage":"ca","@id":"https:\/\/santapola.es\/ca\/tabarkinas-de-carma-casula-llega-al-museo-del-mar\/#primaryimage","url":"https:\/\/santapola.es\/wp-content\/uploads\/2021\/06\/invitacion_expo_tabarkinas_cover-1024x1024.png","contentUrl":"https:\/\/santapola.es\/wp-content\/uploads\/2021\/06\/invitacion_expo_tabarkinas_cover-1024x1024.png"},{"@type":"BreadcrumbList","@id":"https:\/\/santapola.es\/ca\/tabarkinas-de-carma-casula-llega-al-museo-del-mar\/#breadcrumb","itemListElement":[{"@type":"ListItem","position":1,"name":"Inici","item":"https:\/\/santapola.es\/ca\/"},{"@type":"ListItem","position":2,"name":"Tabarkinas de Carma Casul\u00e1 llega al Museo del Mar"}]},{"@type":"WebSite","@id":"https:\/\/santapola.es\/ca\/#website","url":"https:\/\/santapola.es\/ca\/","name":"Ayuntamiento de Santa Pola","description":"Web de l'Ajuntament de Santa Pola","potentialAction":[{"@type":"SearchAction","target":{"@type":"EntryPoint","urlTemplate":"https:\/\/santapola.es\/ca\/?s={search_term_string}"},"query-input":{"@type":"PropertyValueSpecification","valueRequired":true,"valueName":"search_term_string"}}],"inLanguage":"ca"},{"@type":"Person","@id":"https:\/\/santapola.es\/ca\/#\/schema\/person\/5c898695593fabd93215e23620b3a9d1","name":"Usuario Gen\u00e9rico Web"}]}},"_links":{"self":[{"href":"https:\/\/santapola.es\/ca\/wp-json\/wp\/v2\/posts\/15069","targetHints":{"allow":["GET"]}}],"collection":[{"href":"https:\/\/santapola.es\/ca\/wp-json\/wp\/v2\/posts"}],"about":[{"href":"https:\/\/santapola.es\/ca\/wp-json\/wp\/v2\/types\/post"}],"author":[{"embeddable":true,"href":"https:\/\/santapola.es\/ca\/wp-json\/wp\/v2\/users\/99"}],"replies":[{"embeddable":true,"href":"https:\/\/santapola.es\/ca\/wp-json\/wp\/v2\/comments?post=15069"}],"version-history":[{"count":0,"href":"https:\/\/santapola.es\/ca\/wp-json\/wp\/v2\/posts\/15069\/revisions"}],"wp:attachment":[{"href":"https:\/\/santapola.es\/ca\/wp-json\/wp\/v2\/media?parent=15069"}],"wp:term":[{"taxonomy":"category","embeddable":true,"href":"https:\/\/santapola.es\/ca\/wp-json\/wp\/v2\/categories?post=15069"},{"taxonomy":"post_tag","embeddable":true,"href":"https:\/\/santapola.es\/ca\/wp-json\/wp\/v2\/tags?post=15069"}],"curies":[{"name":"wp","href":"https:\/\/api.w.org\/{rel}","templated":true}]}}