{"id":15034,"date":"2021-06-15T10:26:31","date_gmt":"2021-06-15T09:26:31","guid":{"rendered":"https:\/\/www.santapola.es\/?p=15034"},"modified":"2024-03-07T18:39:50","modified_gmt":"2024-03-07T17:39:50","slug":"15-de-junio-2021-dia-mundial-de-toma-de-conciencia-del-abuso-y-maltrato-en-la-vejez-hacia-la-excelencia-en-el-trato","status":"publish","type":"post","link":"https:\/\/santapola.es\/ca\/15-de-junio-2021-dia-mundial-de-toma-de-conciencia-del-abuso-y-maltrato-en-la-vejez-hacia-la-excelencia-en-el-trato\/","title":{"rendered":"15 de junio 2021: D\u00eda Mundial de toma de Conciencia del Abuso y Maltrato en la vejez: \u201cHacia la excelencia en el trato\u201d"},"content":{"rendered":"<p style=\"text-align: justify;\">Sensibilizaci\u00f3n humanizaci\u00f3n y formaci\u00f3n, motores de acci\u00f3n para decir NO al maltrato<\/p>\n<p style=\"text-align: justify;\"><strong>\u2022 CONFEMAC desarrolla una campa\u00f1a en colaboraci\u00f3n con ayuntamientos de todo el territorio nacional para concienciar a la poblaci\u00f3n de la lacra social que supone el maltrato a las personas mayores. Santa Pola respalda la campa\u00f1a de sensibilizaci\u00f3n para que entre todos y todas tomemos conciencia.<\/strong><\/p>\n<p style=\"text-align: justify;\"><strong>\u2022 Las claves: Para la poblaci\u00f3n en general \u201cAnte el abuso y maltrato en la vejez: Abre los ojos\u201d y para las nuevas generaciones de mayores: \u201cVac\u00fanate contra el maltrato, porque a t\u00ed tambi\u00e9n te puede pasar\u201d.<\/strong><\/p>\n<p style=\"text-align: justify;\">La Confederaci\u00f3n Estatal de Mayores Activos (CONFEMAC) junto a los ayuntamientos del territorio nacional adheridos, est\u00e1n desarrollando una campa\u00f1a de sensibilizaci\u00f3n en torno al 15 de junio, \u201cD\u00eda Mundial de toma de conciencia del Abuso y Maltrato en la vejez\u201d. CONFEMAC ha puesto a disposici\u00f3n de los ayuntamientos un conjunto de recursos compuesto por cinco modelos de carteles, seis v\u00eddeos, cinco cu\u00f1as publicitarias, un d\u00edptico, dos art\u00edculos, una charla de sensibilizaci\u00f3n, la Declaraci\u00f3n de Valladolid, as\u00ed como la posibilidad de atender a los medios de comunicaci\u00f3n locales si lo consideran oportuno\u2026<\/p>\n<p style=\"text-align: justify;\">Con esta iniciativa se quiere concienciar a la ciudadan\u00eda de que el maltrato hacia las personas mayores es una realidad social oculta, porque no se habla de ello, y ocultada por las propias personas mayores, porque no es f\u00e1cil alzar la voz cuando la persona que maltrata es la misma que cuida.<\/p>\n<p style=\"text-align: justify;\">Detectar el abuso y maltrato en la vejez exige mucho esfuerzo y se ha de abordar con delicadeza. Por eso es importante concienciar, sensibilizar y abrir los ojos, ante conductas que se consideran normales y no lo son, son maltrato.<\/p>\n<p style=\"text-align: justify;\">CONFEMAC pone tambi\u00e9n a disposici\u00f3n de toda la ciudadan\u00eda el Tel\u00e9fono del Maltrato a las Personas Mayores 900 656566, cuya misi\u00f3n consiste en orientar a las personas que llaman sobre los recursos a utilizar seg\u00fan la situaci\u00f3n que presentan. Es un tel\u00e9fono gratuito, para todo el Estado, que en a\u00f1o y medio ya ha atendido algo m\u00e1s de 600 casos, de los cuales, el 64% afectan a mujeres y el 38% a hombres.<\/p>\n<p style=\"text-align: justify;\">Respecto a los tipos de maltrato, el m\u00e1s notificado es el maltrato psicol\u00f3gico 46%, seguido en este orden por los siguientes: f\u00edsico 27%, econ\u00f3mico 22%, abandono o negligencia 18%, y contra la libertad y derechos b\u00e1sicos de la persona 16%. Hasta la fecha no han sido notificadas situaciones de abuso y\/o maltrato de \u00edndole sexual.<\/p>\n<p style=\"text-align: justify;\">Podemos decir que, acorde a las llamadas recibidas, el 71% de las situaciones de abuso y\/o maltrato han tenido lugar en el \u00e1mbito familiar y el 29% en instituciones. Hablamos de \u00e1mbito familiar cuando la persona maltratada sigue viviendo en su propio domicilio o en el domicilio familiar.<\/p>\n<p style=\"text-align: justify;\">Las llamadas recibidas son en un 35% por parte de hijos\/as, 20% otros familiares, un 15% de vecinos\/as, un 13% las propias v\u00edctimas y en un 7% de los casos son los profesionales.<\/p>\n<p style=\"text-align: justify;\">Derecho a decir \u201cNO\u201d<br \/>\nAl llegar a la jubilaci\u00f3n se suelen dejar atr\u00e1s responsabilidades y compromisos que nos hicieron llevar un ritmo de vida acelerado. Se puede decir que al finalizar la etapa laboral las personas suelen experimentar una especie de \u201cliberaci\u00f3n\u201d a tres niveles: trabajo, familia y deudas.<\/p>\n<p style=\"text-align: justify;\">La del trabajo es evidente. En cuanto a la familia, en esas edades los hijos suelen ser personas aut\u00f3nomas y las responsabilidades m\u00e1s importantes ya pasaron y es al producirse el \u201cs\u00edndrome del nido vac\u00edo\u201d cuando podemos experimentar otra dimensi\u00f3n positiva de la jubilaci\u00f3n que se puede vivir con libertad para proyectarse en nuevas formas de vivir la vida en pareja, en la ocupaci\u00f3n del tiempo, el compromiso social, la b\u00fasqueda de la satisfacci\u00f3n personal en todo lo que nos gusta y no es obligatorio\u2026 Y en relaci\u00f3n con las deudas, pasa igual. En esta etapa suele haber una estabilidad econ\u00f3mica y las deudas importantes suelen estar ya liquidadas.<\/p>\n<p style=\"text-align: justify;\">Junto a esta triple liberaci\u00f3n, muchas personas pueden disfrutar tambi\u00e9n de los \u201cvientos a favor\u201d de tener una salud bastante aceptable, unas relaciones afectivas positivas con personas queridas, una econom\u00eda para vivir sin estrecheces, y por encima de todo, libertad para decidir en qu\u00e9 ocupar el tiempo, y c\u00f3mo vivir esta etapa de la vida, que cada vez es m\u00e1s larga.<\/p>\n<p style=\"text-align: justify;\">Con estas edades se es lo suficientemente mayor como para decidir libre y responsablemente lo que uno quiere y lo que no quiere. Nadie deber\u00eda imponer nada a nadie y mucho menos a las personas mayores. Quien libremente quiera apoyar a sus hijos, por ejemplo en el cuidado de los nietos, uno, varios, o todos los d\u00edas de la semana y as\u00ed es feliz, enhorabuena. Pero hay que respetar a quien quiera implicarse menos o quien decida no hacerlo.<\/p>\n<p style=\"text-align: justify;\">Para ello deber\u00edamos entender dos cuestiones fundamentales. En primer lugar, que la responsabilidad de los hijos es de quienes les traen al mundo, contar con el apoyo de los abuelos es extraordinario siempre y cuando \u00e9stos est\u00e9n de acuerdo en colaborar. Y en segundo lugar, es imprescindible comprender que tras la jubilaci\u00f3n, las personas siguen teniendo vida y proyectos propios y tienen derecho a ser respetados por quienes est\u00e1n en su entorno. Este argumento es igualmente v\u00e1lido para la forma en que las personas mayores gastan su dinero, con quien se juntan, a d\u00f3nde viajan o con qui\u00e9n hacen sus propios planes.<\/p>\n<p style=\"text-align: justify;\">Por eso desde la Confederaci\u00f3n Estatal de Mayores Activos (CONFEMAC) defendemos la libertad de cada persona para elegir c\u00f3mo quiere vivir su vejez y defendemos el derecho a decir NO, sin complejos cuando haya que decirlo. Y en este sentido sugerimos a cualquier persona mayor pero especialmente a las nuevas generaciones de mayores \u201cvacunarse\u201d contra los diferentes tipos de abuso y maltrato en la vejez. Muchas veces se trata de conductas que son consideradas como normales pero no son nada normales. Son maltrato.<\/p>\n<p style=\"text-align: justify;\">Se trata de empoderarse para hacer frente este tipo de conductas protectoras en unas ocasiones y en otras de claro abuso, por parte de familiares, que aunque en muchas ocasiones no sean conscientes, no dejan de ser maltrato. Porque el maltrato en la vejez va m\u00e1s all\u00e1 del da\u00f1o f\u00edsico y es sufrido y silenciado por las propias personas mayores que no se sienten con fuerza para alzar la voz.<br \/>\nFormaci\u00f3n necesaria y urgente<\/p>\n<p style=\"text-align: justify;\">Existe una percepci\u00f3n social m\u00e1s o menos generalizada de que el fin de la etapa laboral es el principio del fin. Esta idea est\u00e1 en la base de muchas situaciones de abuso porque con ese enfoque se piensa que la persona pierde capacidades. Y aunque es cierto que f\u00edsicamente no se est\u00e1 igual que con veinte a\u00f1os, tambi\u00e9n es verdad que otras dimensiones de la persona est\u00e1n en estas edades mucho m\u00e1s maduras y desarrolladas que cuando se era m\u00e1s joven. Esa visi\u00f3n deficitaria, tan presente en nuestra cultura, es un estereotipo edadista que denigra la imagen de las personas mayores.<\/p>\n<p style=\"text-align: justify;\">Ser\u00eda bueno abandonar argumentos como \u201ct\u00fa ya no entiendes de esto\u201d o \u201ceso ya no es para personas de tu edad\u201d&#8230; porque ese tipo de expresiones son edadistas, coartan la libertad de decisi\u00f3n de las personas mayores sobre cuestiones importantes de su vida y limitan sus posibilidades de desarrollo personal. Para comprender el alcance negativo de esas afirmaciones, lo mejor es ponerse en el lugar de quien las recibe, porque apenas desarrollemos un m\u00ednimo de empat\u00eda seguro que cambia tambi\u00e9n nuestra percepci\u00f3n -lo que pensamos- y nuestra conducta -lo que hacemos-.<\/p>\n<p style=\"text-align: justify;\">Para prevenir este tipo de comportamientos, en CONFEMAC disponemos de un amplio cat\u00e1logo de temas formativos, tanto para personas mayores como para profesionales o familiares.<\/p>\n<p style=\"text-align: justify;\">Humanizarse para humanizar<br \/>\nSensibilizar contra el abuso y maltrato es el camino, pero la meta final es el \u201cbuen trato\u201d, y \u00e9ste pasa por la humanizaci\u00f3n. Construir unas relaciones plenamente humanas en las que no haya nadie m\u00e1s que nadie, en un contexto de igualdad y respeto es cosa de todos, tanto en el \u00e1mbito familiar como en el institucional. El camino a recorrer en ambos escenarios es largo todav\u00eda. La mejor forma de prevenir el maltrato y de hacer realidad el buen trato en la familia es con relaciones sanas, marcadas por una comunicaci\u00f3n eficiente.<\/p>\n<p style=\"text-align: justify;\">En las instituciones, hace falta un importante cambio del enfoque de la gesti\u00f3n, centrada ahora en la eficiencia de los recursos, por un enfoque centrado en la persona, que es la que da sentido a todo lo dem\u00e1s. Una atenci\u00f3n humanizada no es m\u00e1s cara, y es mucho m\u00e1s gratificante para mayores y para profesionales, que aquella que solo mira la cuenta de resultados. En este contexto no se puede atender bien si uno no est\u00e1 bien, de ah\u00ed la importancia de humanizarse -los profesionales- para humanizar.<\/p>\n<p style=\"text-align: justify;\">Contra la Soledad no deseada: \u201cUna llamada amiga\u201d<br \/>\nFinalmente, CONFEMAC puso en marcha a finales de marzo de 2020 \u201cUna llamada amiga\u201d para atender los problemas de soledad de personas mayores, agravada con el confinamiento. Mediante este programa se realiza un acompa\u00f1amiento de personas voluntarias a personas que viven situaciones de soledad no deseada.<\/p>\n<p style=\"text-align: justify;\">Aunque este proyecto surgi\u00f3 como respuesta al primer confinamiento en 2020, la aceptaci\u00f3n y resultados han impulsado a la Confederaci\u00f3n a continuar con este programa m\u00e1s all\u00e1 de las circunstancias de la pandemia.<\/p>\n<p>TEL\u00c9FONO GRATUITO CONTRA EL ABUSO Y MALTRATO EN LA VEJEZ: 900 65 65 66<br \/>\nTEL\u00c9FONO CONTRA LA SOLEDAD NO DESEADA EN LAS PERSONAS MAYORES: 954 27 56 40<\/p>\n<p><img loading=\"lazy\" decoding=\"async\" class=\"alignnone size-large wp-image-15043 aligncenter\" src=\"https:\/\/santapola.es\/wp-content\/uploads\/2021\/06\/diavejez-1024x731.jpg\" alt=\"\" width=\"1024\" height=\"731\" srcset=\"https:\/\/santapola.es\/wp-content\/uploads\/2021\/06\/diavejez-1024x731.jpg 1024w, https:\/\/santapola.es\/wp-content\/uploads\/2021\/06\/diavejez-300x214.jpg 300w, https:\/\/santapola.es\/wp-content\/uploads\/2021\/06\/diavejez-768x549.jpg 768w, https:\/\/santapola.es\/wp-content\/uploads\/2021\/06\/diavejez-1536x1097.jpg 1536w, https:\/\/santapola.es\/wp-content\/uploads\/2021\/06\/diavejez-2048x1463.jpg 2048w, https:\/\/santapola.es\/wp-content\/uploads\/2021\/06\/diavejez-1080x771.jpg 1080w, https:\/\/santapola.es\/wp-content\/uploads\/2021\/06\/diavejez-610x436.jpg 610w\" sizes=\"(max-width: 1024px) 100vw, 1024px\" \/><\/p>\n","protected":false},"excerpt":{"rendered":"<p>Sensibilizaci\u00f3n humanizaci\u00f3n y formaci\u00f3n, motores de acci\u00f3n para decir NO al maltrato \u2022 CONFEMAC desarrolla una campa\u00f1a en colaboraci\u00f3n con ayuntamientos de todo el territorio nacional para concienciar a la poblaci\u00f3n de la lacra social que supone el maltrato a las personas mayores. Santa Pola respalda la campa\u00f1a de sensibilizaci\u00f3n para que entre todos y [&hellip;]<\/p>\n","protected":false},"author":99,"featured_media":0,"comment_status":"closed","ping_status":"closed","sticky":false,"template":"","format":"standard","meta":{"_et_pb_use_builder":"","_et_pb_old_content":"","_et_gb_content_width":"","footnotes":""},"categories":[53,66,63,406],"tags":[],"class_list":["post-15034","post","type-post","status-publish","format-standard","hentry","category-igualdad-diversidad-ac-social-vivienda","category-inicio","category-participacion-ciudadana-transparencia","category-sin-categorizar-2"],"yoast_head":"<!-- This site is optimized with the Yoast SEO plugin v27.4 - https:\/\/yoast.com\/product\/yoast-seo-wordpress\/ -->\n<title>15 de junio 2021: D\u00eda Mundial de toma de Conciencia del Abuso y Maltrato en la vejez: \u201cHacia la excelencia en el trato\u201d - Ajuntament de Santa Pola<\/title>\n<meta name=\"robots\" content=\"index, follow, max-snippet:-1, max-image-preview:large, max-video-preview:-1\" \/>\n<link rel=\"canonical\" href=\"https:\/\/santapola.es\/ca\/15-de-junio-2021-dia-mundial-de-toma-de-conciencia-del-abuso-y-maltrato-en-la-vejez-hacia-la-excelencia-en-el-trato\/\" \/>\n<meta property=\"og:locale\" content=\"ca_ES\" \/>\n<meta property=\"og:type\" content=\"article\" \/>\n<meta property=\"og:title\" content=\"15 de junio 2021: D\u00eda Mundial de toma de Conciencia del Abuso y Maltrato en la vejez: \u201cHacia la excelencia en el trato\u201d - Ajuntament de Santa Pola\" \/>\n<meta property=\"og:description\" content=\"Sensibilizaci\u00f3n humanizaci\u00f3n y formaci\u00f3n, motores de acci\u00f3n para decir NO al maltrato \u2022 CONFEMAC desarrolla una campa\u00f1a en colaboraci\u00f3n con ayuntamientos de todo el territorio nacional para concienciar a la poblaci\u00f3n de la lacra social que supone el maltrato a las personas mayores. Santa Pola respalda la campa\u00f1a de sensibilizaci\u00f3n para que entre todos y [&hellip;]\" \/>\n<meta property=\"og:url\" content=\"https:\/\/santapola.es\/ca\/15-de-junio-2021-dia-mundial-de-toma-de-conciencia-del-abuso-y-maltrato-en-la-vejez-hacia-la-excelencia-en-el-trato\/\" \/>\n<meta property=\"og:site_name\" content=\"Ajuntament de Santa Pola\" \/>\n<meta property=\"article:publisher\" content=\"https:\/\/www.facebook.com\/AyuntamientoSantaPola\/\" \/>\n<meta property=\"article:published_time\" content=\"2021-06-15T09:26:31+00:00\" \/>\n<meta property=\"article:modified_time\" content=\"2024-03-07T17:39:50+00:00\" \/>\n<meta property=\"og:image\" content=\"https:\/\/santapola.es\/wp-content\/uploads\/2021\/06\/diavejez-1024x731.jpg\" \/>\n<meta name=\"author\" content=\"Usuario Gen\u00e9rico Web\" \/>\n<meta name=\"twitter:card\" content=\"summary_large_image\" \/>\n<meta name=\"twitter:creator\" content=\"@SantaPolaAyunt\" \/>\n<meta name=\"twitter:site\" content=\"@SantaPolaAyunt\" \/>\n<script type=\"application\/ld+json\" class=\"yoast-schema-graph\">{\"@context\":\"https:\\\/\\\/schema.org\",\"@graph\":[{\"@type\":\"Article\",\"@id\":\"https:\\\/\\\/santapola.es\\\/ca\\\/15-de-junio-2021-dia-mundial-de-toma-de-conciencia-del-abuso-y-maltrato-en-la-vejez-hacia-la-excelencia-en-el-trato\\\/#article\",\"isPartOf\":{\"@id\":\"https:\\\/\\\/santapola.es\\\/ca\\\/15-de-junio-2021-dia-mundial-de-toma-de-conciencia-del-abuso-y-maltrato-en-la-vejez-hacia-la-excelencia-en-el-trato\\\/\"},\"author\":{\"name\":\"Usuario Gen\u00e9rico Web\",\"@id\":\"https:\\\/\\\/santapola.es\\\/ca\\\/#\\\/schema\\\/person\\\/5c898695593fabd93215e23620b3a9d1\"},\"headline\":\"15 de junio 2021: D\u00eda Mundial de toma de Conciencia del Abuso y Maltrato en la vejez: \u201cHacia la excelencia en el trato\u201d\",\"datePublished\":\"2021-06-15T09:26:31+00:00\",\"dateModified\":\"2024-03-07T17:39:50+00:00\",\"mainEntityOfPage\":{\"@id\":\"https:\\\/\\\/santapola.es\\\/ca\\\/15-de-junio-2021-dia-mundial-de-toma-de-conciencia-del-abuso-y-maltrato-en-la-vejez-hacia-la-excelencia-en-el-trato\\\/\"},\"wordCount\":1663,\"image\":{\"@id\":\"https:\\\/\\\/santapola.es\\\/ca\\\/15-de-junio-2021-dia-mundial-de-toma-de-conciencia-del-abuso-y-maltrato-en-la-vejez-hacia-la-excelencia-en-el-trato\\\/#primaryimage\"},\"thumbnailUrl\":\"https:\\\/\\\/santapola.es\\\/wp-content\\\/uploads\\\/2021\\\/06\\\/diavejez-1024x731.jpg\",\"articleSection\":[\"Igualdad\\\/ Diversidad\\\/ Ac Social\\\/ Vivienda\",\"Inicio\",\"Participaci\u00f3n Ciudadana \\\/ Transparencia\",\"Sin categorizar\"],\"inLanguage\":\"ca\"},{\"@type\":\"WebPage\",\"@id\":\"https:\\\/\\\/santapola.es\\\/ca\\\/15-de-junio-2021-dia-mundial-de-toma-de-conciencia-del-abuso-y-maltrato-en-la-vejez-hacia-la-excelencia-en-el-trato\\\/\",\"url\":\"https:\\\/\\\/santapola.es\\\/ca\\\/15-de-junio-2021-dia-mundial-de-toma-de-conciencia-del-abuso-y-maltrato-en-la-vejez-hacia-la-excelencia-en-el-trato\\\/\",\"name\":\"15 de junio 2021: D\u00eda Mundial de toma de Conciencia del Abuso y Maltrato en la vejez: \u201cHacia la excelencia en el trato\u201d - Ajuntament de Santa Pola\",\"isPartOf\":{\"@id\":\"https:\\\/\\\/santapola.es\\\/ca\\\/#website\"},\"primaryImageOfPage\":{\"@id\":\"https:\\\/\\\/santapola.es\\\/ca\\\/15-de-junio-2021-dia-mundial-de-toma-de-conciencia-del-abuso-y-maltrato-en-la-vejez-hacia-la-excelencia-en-el-trato\\\/#primaryimage\"},\"image\":{\"@id\":\"https:\\\/\\\/santapola.es\\\/ca\\\/15-de-junio-2021-dia-mundial-de-toma-de-conciencia-del-abuso-y-maltrato-en-la-vejez-hacia-la-excelencia-en-el-trato\\\/#primaryimage\"},\"thumbnailUrl\":\"https:\\\/\\\/santapola.es\\\/wp-content\\\/uploads\\\/2021\\\/06\\\/diavejez-1024x731.jpg\",\"datePublished\":\"2021-06-15T09:26:31+00:00\",\"dateModified\":\"2024-03-07T17:39:50+00:00\",\"author\":{\"@id\":\"https:\\\/\\\/santapola.es\\\/ca\\\/#\\\/schema\\\/person\\\/5c898695593fabd93215e23620b3a9d1\"},\"breadcrumb\":{\"@id\":\"https:\\\/\\\/santapola.es\\\/ca\\\/15-de-junio-2021-dia-mundial-de-toma-de-conciencia-del-abuso-y-maltrato-en-la-vejez-hacia-la-excelencia-en-el-trato\\\/#breadcrumb\"},\"inLanguage\":\"ca\",\"potentialAction\":[{\"@type\":\"ReadAction\",\"target\":[\"https:\\\/\\\/santapola.es\\\/ca\\\/15-de-junio-2021-dia-mundial-de-toma-de-conciencia-del-abuso-y-maltrato-en-la-vejez-hacia-la-excelencia-en-el-trato\\\/\"]}]},{\"@type\":\"ImageObject\",\"inLanguage\":\"ca\",\"@id\":\"https:\\\/\\\/santapola.es\\\/ca\\\/15-de-junio-2021-dia-mundial-de-toma-de-conciencia-del-abuso-y-maltrato-en-la-vejez-hacia-la-excelencia-en-el-trato\\\/#primaryimage\",\"url\":\"https:\\\/\\\/santapola.es\\\/wp-content\\\/uploads\\\/2021\\\/06\\\/diavejez-1024x731.jpg\",\"contentUrl\":\"https:\\\/\\\/santapola.es\\\/wp-content\\\/uploads\\\/2021\\\/06\\\/diavejez-1024x731.jpg\"},{\"@type\":\"BreadcrumbList\",\"@id\":\"https:\\\/\\\/santapola.es\\\/ca\\\/15-de-junio-2021-dia-mundial-de-toma-de-conciencia-del-abuso-y-maltrato-en-la-vejez-hacia-la-excelencia-en-el-trato\\\/#breadcrumb\",\"itemListElement\":[{\"@type\":\"ListItem\",\"position\":1,\"name\":\"Inici\",\"item\":\"https:\\\/\\\/santapola.es\\\/ca\\\/\"},{\"@type\":\"ListItem\",\"position\":2,\"name\":\"15 de junio 2021: D\u00eda Mundial de toma de Conciencia del Abuso y Maltrato en la vejez: \u201cHacia la excelencia en el trato\u201d\"}]},{\"@type\":\"WebSite\",\"@id\":\"https:\\\/\\\/santapola.es\\\/ca\\\/#website\",\"url\":\"https:\\\/\\\/santapola.es\\\/ca\\\/\",\"name\":\"Ayuntamiento de Santa Pola\",\"description\":\"Web de l'Ajuntament de Santa Pola\",\"potentialAction\":[{\"@type\":\"SearchAction\",\"target\":{\"@type\":\"EntryPoint\",\"urlTemplate\":\"https:\\\/\\\/santapola.es\\\/ca\\\/?s={search_term_string}\"},\"query-input\":{\"@type\":\"PropertyValueSpecification\",\"valueRequired\":true,\"valueName\":\"search_term_string\"}}],\"inLanguage\":\"ca\"},{\"@type\":\"Person\",\"@id\":\"https:\\\/\\\/santapola.es\\\/ca\\\/#\\\/schema\\\/person\\\/5c898695593fabd93215e23620b3a9d1\",\"name\":\"Usuario Gen\u00e9rico Web\"}]}<\/script>\n<!-- \/ Yoast SEO plugin. -->","yoast_head_json":{"title":"15 de junio 2021: D\u00eda Mundial de toma de Conciencia del Abuso y Maltrato en la vejez: \u201cHacia la excelencia en el trato\u201d - Ajuntament de Santa Pola","robots":{"index":"index","follow":"follow","max-snippet":"max-snippet:-1","max-image-preview":"max-image-preview:large","max-video-preview":"max-video-preview:-1"},"canonical":"https:\/\/santapola.es\/ca\/15-de-junio-2021-dia-mundial-de-toma-de-conciencia-del-abuso-y-maltrato-en-la-vejez-hacia-la-excelencia-en-el-trato\/","og_locale":"ca_ES","og_type":"article","og_title":"15 de junio 2021: D\u00eda Mundial de toma de Conciencia del Abuso y Maltrato en la vejez: \u201cHacia la excelencia en el trato\u201d - Ajuntament de Santa Pola","og_description":"Sensibilizaci\u00f3n humanizaci\u00f3n y formaci\u00f3n, motores de acci\u00f3n para decir NO al maltrato \u2022 CONFEMAC desarrolla una campa\u00f1a en colaboraci\u00f3n con ayuntamientos de todo el territorio nacional para concienciar a la poblaci\u00f3n de la lacra social que supone el maltrato a las personas mayores. Santa Pola respalda la campa\u00f1a de sensibilizaci\u00f3n para que entre todos y [&hellip;]","og_url":"https:\/\/santapola.es\/ca\/15-de-junio-2021-dia-mundial-de-toma-de-conciencia-del-abuso-y-maltrato-en-la-vejez-hacia-la-excelencia-en-el-trato\/","og_site_name":"Ajuntament de Santa Pola","article_publisher":"https:\/\/www.facebook.com\/AyuntamientoSantaPola\/","article_published_time":"2021-06-15T09:26:31+00:00","article_modified_time":"2024-03-07T17:39:50+00:00","og_image":[{"url":"https:\/\/santapola.es\/wp-content\/uploads\/2021\/06\/diavejez-1024x731.jpg","type":"","width":"","height":""}],"author":"Usuario Gen\u00e9rico Web","twitter_card":"summary_large_image","twitter_creator":"@SantaPolaAyunt","twitter_site":"@SantaPolaAyunt","schema":{"@context":"https:\/\/schema.org","@graph":[{"@type":"Article","@id":"https:\/\/santapola.es\/ca\/15-de-junio-2021-dia-mundial-de-toma-de-conciencia-del-abuso-y-maltrato-en-la-vejez-hacia-la-excelencia-en-el-trato\/#article","isPartOf":{"@id":"https:\/\/santapola.es\/ca\/15-de-junio-2021-dia-mundial-de-toma-de-conciencia-del-abuso-y-maltrato-en-la-vejez-hacia-la-excelencia-en-el-trato\/"},"author":{"name":"Usuario Gen\u00e9rico Web","@id":"https:\/\/santapola.es\/ca\/#\/schema\/person\/5c898695593fabd93215e23620b3a9d1"},"headline":"15 de junio 2021: D\u00eda Mundial de toma de Conciencia del Abuso y Maltrato en la vejez: \u201cHacia la excelencia en el trato\u201d","datePublished":"2021-06-15T09:26:31+00:00","dateModified":"2024-03-07T17:39:50+00:00","mainEntityOfPage":{"@id":"https:\/\/santapola.es\/ca\/15-de-junio-2021-dia-mundial-de-toma-de-conciencia-del-abuso-y-maltrato-en-la-vejez-hacia-la-excelencia-en-el-trato\/"},"wordCount":1663,"image":{"@id":"https:\/\/santapola.es\/ca\/15-de-junio-2021-dia-mundial-de-toma-de-conciencia-del-abuso-y-maltrato-en-la-vejez-hacia-la-excelencia-en-el-trato\/#primaryimage"},"thumbnailUrl":"https:\/\/santapola.es\/wp-content\/uploads\/2021\/06\/diavejez-1024x731.jpg","articleSection":["Igualdad\/ Diversidad\/ Ac Social\/ Vivienda","Inicio","Participaci\u00f3n Ciudadana \/ Transparencia","Sin categorizar"],"inLanguage":"ca"},{"@type":"WebPage","@id":"https:\/\/santapola.es\/ca\/15-de-junio-2021-dia-mundial-de-toma-de-conciencia-del-abuso-y-maltrato-en-la-vejez-hacia-la-excelencia-en-el-trato\/","url":"https:\/\/santapola.es\/ca\/15-de-junio-2021-dia-mundial-de-toma-de-conciencia-del-abuso-y-maltrato-en-la-vejez-hacia-la-excelencia-en-el-trato\/","name":"15 de junio 2021: D\u00eda Mundial de toma de Conciencia del Abuso y Maltrato en la vejez: \u201cHacia la excelencia en el trato\u201d - Ajuntament de Santa Pola","isPartOf":{"@id":"https:\/\/santapola.es\/ca\/#website"},"primaryImageOfPage":{"@id":"https:\/\/santapola.es\/ca\/15-de-junio-2021-dia-mundial-de-toma-de-conciencia-del-abuso-y-maltrato-en-la-vejez-hacia-la-excelencia-en-el-trato\/#primaryimage"},"image":{"@id":"https:\/\/santapola.es\/ca\/15-de-junio-2021-dia-mundial-de-toma-de-conciencia-del-abuso-y-maltrato-en-la-vejez-hacia-la-excelencia-en-el-trato\/#primaryimage"},"thumbnailUrl":"https:\/\/santapola.es\/wp-content\/uploads\/2021\/06\/diavejez-1024x731.jpg","datePublished":"2021-06-15T09:26:31+00:00","dateModified":"2024-03-07T17:39:50+00:00","author":{"@id":"https:\/\/santapola.es\/ca\/#\/schema\/person\/5c898695593fabd93215e23620b3a9d1"},"breadcrumb":{"@id":"https:\/\/santapola.es\/ca\/15-de-junio-2021-dia-mundial-de-toma-de-conciencia-del-abuso-y-maltrato-en-la-vejez-hacia-la-excelencia-en-el-trato\/#breadcrumb"},"inLanguage":"ca","potentialAction":[{"@type":"ReadAction","target":["https:\/\/santapola.es\/ca\/15-de-junio-2021-dia-mundial-de-toma-de-conciencia-del-abuso-y-maltrato-en-la-vejez-hacia-la-excelencia-en-el-trato\/"]}]},{"@type":"ImageObject","inLanguage":"ca","@id":"https:\/\/santapola.es\/ca\/15-de-junio-2021-dia-mundial-de-toma-de-conciencia-del-abuso-y-maltrato-en-la-vejez-hacia-la-excelencia-en-el-trato\/#primaryimage","url":"https:\/\/santapola.es\/wp-content\/uploads\/2021\/06\/diavejez-1024x731.jpg","contentUrl":"https:\/\/santapola.es\/wp-content\/uploads\/2021\/06\/diavejez-1024x731.jpg"},{"@type":"BreadcrumbList","@id":"https:\/\/santapola.es\/ca\/15-de-junio-2021-dia-mundial-de-toma-de-conciencia-del-abuso-y-maltrato-en-la-vejez-hacia-la-excelencia-en-el-trato\/#breadcrumb","itemListElement":[{"@type":"ListItem","position":1,"name":"Inici","item":"https:\/\/santapola.es\/ca\/"},{"@type":"ListItem","position":2,"name":"15 de junio 2021: D\u00eda Mundial de toma de Conciencia del Abuso y Maltrato en la vejez: \u201cHacia la excelencia en el trato\u201d"}]},{"@type":"WebSite","@id":"https:\/\/santapola.es\/ca\/#website","url":"https:\/\/santapola.es\/ca\/","name":"Ayuntamiento de Santa Pola","description":"Web de l'Ajuntament de Santa Pola","potentialAction":[{"@type":"SearchAction","target":{"@type":"EntryPoint","urlTemplate":"https:\/\/santapola.es\/ca\/?s={search_term_string}"},"query-input":{"@type":"PropertyValueSpecification","valueRequired":true,"valueName":"search_term_string"}}],"inLanguage":"ca"},{"@type":"Person","@id":"https:\/\/santapola.es\/ca\/#\/schema\/person\/5c898695593fabd93215e23620b3a9d1","name":"Usuario Gen\u00e9rico Web"}]}},"_links":{"self":[{"href":"https:\/\/santapola.es\/ca\/wp-json\/wp\/v2\/posts\/15034","targetHints":{"allow":["GET"]}}],"collection":[{"href":"https:\/\/santapola.es\/ca\/wp-json\/wp\/v2\/posts"}],"about":[{"href":"https:\/\/santapola.es\/ca\/wp-json\/wp\/v2\/types\/post"}],"author":[{"embeddable":true,"href":"https:\/\/santapola.es\/ca\/wp-json\/wp\/v2\/users\/99"}],"replies":[{"embeddable":true,"href":"https:\/\/santapola.es\/ca\/wp-json\/wp\/v2\/comments?post=15034"}],"version-history":[{"count":0,"href":"https:\/\/santapola.es\/ca\/wp-json\/wp\/v2\/posts\/15034\/revisions"}],"wp:attachment":[{"href":"https:\/\/santapola.es\/ca\/wp-json\/wp\/v2\/media?parent=15034"}],"wp:term":[{"taxonomy":"category","embeddable":true,"href":"https:\/\/santapola.es\/ca\/wp-json\/wp\/v2\/categories?post=15034"},{"taxonomy":"post_tag","embeddable":true,"href":"https:\/\/santapola.es\/ca\/wp-json\/wp\/v2\/tags?post=15034"}],"curies":[{"name":"wp","href":"https:\/\/api.w.org\/{rel}","templated":true}]}}