{"id":15030,"date":"2021-06-21T11:12:48","date_gmt":"2021-06-21T10:12:48","guid":{"rendered":"https:\/\/www.santapola.es\/?p=15030"},"modified":"2024-03-07T18:39:52","modified_gmt":"2024-03-07T17:39:52","slug":"campana-de-concienciacion-ciudadana-promovida-sobre-reciclaje-reciclar-para-consermar","status":"publish","type":"post","link":"https:\/\/santapola.es\/ca\/campana-de-concienciacion-ciudadana-promovida-sobre-reciclaje-reciclar-para-consermar\/","title":{"rendered":"Campa\u00f1a de concienciaci\u00f3n ciudadana promovida sobre reciclaje \u201cReciclar para ConserMar\u201d"},"content":{"rendered":"<p style=\"text-align: justify;\">\u201cReciclar para ConserMar\u201d llega a Santa Pola de la mano de la Conseller\u00eda de Medio Ambiente y Ecoembes<\/p>\n<p style=\"text-align: justify;\">El pr\u00f3ximo<strong> 25 de junio<\/strong> el equipo de \u201cReciclar para ConserMar\u201d se instalar\u00e1 en la <strong>Playa de Levante<\/strong> de esta localidad alicantina para concienciar a los ciudadanos sobre los beneficios del reciclaje para el medio ambiente y la importancia de no abandonar los residuos en las playas.<\/p>\n<p style=\"text-align: justify;\">Se trata de una acci\u00f3n promovida por Conselleri\u0301a de Agricultura, Desarrollo Rural, Emergencia Clima\u0301tica y Transicio\u0301n Ecolo\u0301gica, y Ecoembes, en colaboraci\u00f3n con 22 Ayuntamientos costeros de toda la Comunidad Valenciana, que tiene por objetivo fomentar la recogida selectiva de los residuos de envases generados en el entorno de las playas.<\/p>\n<p style=\"text-align: justify;\">Durante toda la ma\u00f1ana el equipo de ConserMar atender\u00e1 a los ciudadanos que se acerquen desde un stand situado en la Playa de Levante, concretamente, enfrente del Ayuntamiento. El objetivo es informar a los ciudadanos de la importancia de no abandonar los residuos en las playas y realizar una separaci\u00f3n correcta de los mismos. Adem\u00e1s, se resolver\u00e1n posibles dudas sobre d\u00f3nde y c\u00f3mo hay que depositar un determinado residuo, haciendo posible su posterior reciclaje. Estas acciones in situ permiten llegar al mayor n\u00famero posible de vecinos y concienciarles de que la acci\u00f3n de reciclar la debemos realizar en cualquier situaci\u00f3n y lugar.<\/p>\n<p style=\"text-align: justify;\">Esta iniciativa tiene por objetivo fomentar entre los ciudadanos la recogida selectiva de residuos de envases generados en el entorno de las playas (latas, briks, envase de pl\u00e1stico) y llamar la atenci\u00f3n para frenar la basuraleza, es decir, el abandono de los residuos en las playas (littering). La acci\u00f3n reforzar\u00e1 la importancia de la separaci\u00f3n dom\u00e9stica de estos residuos y su dep\u00f3sito en los contenedores correspondientes para favorecer su reciclaje. Con todo ello, se ayuda a reducir la contaminaci\u00f3n, mejorar la calidad medioambiental y contribuir a la econom\u00eda circular de los envases.<\/p>\n<p style=\"text-align: justify;\">En definitiva, se trata de Implicar a los ciudadanos como agentes activos preservadores del patrimonio com\u00fan que representan nuestras playas, valor\u00e1ndolas como lo que son, un tesoro natural en cuyo uso y disfrute est\u00e1 basado adem\u00e1s en buena parte nuestro desarrollo econ\u00f3mico.<\/p>\n<p style=\"text-align: justify;\">La campa\u00f1a se desarrollar\u00e1 entre el 11 de junio y el 11 de julio pr\u00f3ximos en las 22 playas seleccionadas de las provincias de Alicante, Castell\u00f3n y Valencia. Comenzar\u00e1 en la provincia de Valencia en la playa del Puerto de Sagunto para despu\u00e9s desplazarse a la provincia de Alicante y terminar en la ciudad de Castell\u00f3n de la Plana.<\/p>\n<p style=\"text-align: justify;\">A trav\u00e9s de la web <a href=\"http:\/\/www.reciclarparaconsermar.es\">www.reciclarParaConserMar.es<\/a>\u00a0se podr\u00e1 conocer el desarrollo de la campa\u00f1a y el d\u00eda en que el equipo visitar\u00e1 cada playa.<\/p>\n<p><img loading=\"lazy\" decoding=\"async\" class=\"size-large wp-image-15049 aligncenter\" src=\"https:\/\/santapola.es\/wp-content\/uploads\/2021\/06\/CARTEL-SANTA-POLAcst_-1-724x1024.png\" alt=\"\" width=\"724\" height=\"1024\" srcset=\"https:\/\/santapola.es\/wp-content\/uploads\/2021\/06\/CARTEL-SANTA-POLAcst_-1-724x1024.png 724w, https:\/\/santapola.es\/wp-content\/uploads\/2021\/06\/CARTEL-SANTA-POLAcst_-1-212x300.png 212w, https:\/\/santapola.es\/wp-content\/uploads\/2021\/06\/CARTEL-SANTA-POLAcst_-1-768x1086.png 768w, https:\/\/santapola.es\/wp-content\/uploads\/2021\/06\/CARTEL-SANTA-POLAcst_-1-1086x1536.png 1086w, https:\/\/santapola.es\/wp-content\/uploads\/2021\/06\/CARTEL-SANTA-POLAcst_-1-1448x2048.png 1448w, https:\/\/santapola.es\/wp-content\/uploads\/2021\/06\/CARTEL-SANTA-POLAcst_-1-1080x1527.png 1080w, https:\/\/santapola.es\/wp-content\/uploads\/2021\/06\/CARTEL-SANTA-POLAcst_-1-610x863.png 610w, https:\/\/santapola.es\/wp-content\/uploads\/2021\/06\/CARTEL-SANTA-POLAcst_-1.png 1654w\" sizes=\"(max-width: 724px) 100vw, 724px\" \/><\/p>\n","protected":false},"excerpt":{"rendered":"<p>\u201cReciclar para ConserMar\u201d llega a Santa Pola de la mano de la Conseller\u00eda de Medio Ambiente y Ecoembes El pr\u00f3ximo 25 de junio el equipo de \u201cReciclar para ConserMar\u201d se instalar\u00e1 en la Playa de Levante de esta localidad alicantina para concienciar a los ciudadanos sobre los beneficios del reciclaje para el medio ambiente y [&hellip;]<\/p>\n","protected":false},"author":99,"featured_media":0,"comment_status":"closed","ping_status":"closed","sticky":false,"template":"","format":"standard","meta":{"_et_pb_use_builder":"","_et_pb_old_content":"","_et_gb_content_width":"","footnotes":""},"categories":[66,57,406,58],"tags":[],"class_list":["post-15030","post","type-post","status-publish","format-standard","hentry","category-inicio","category-playas-turismo-pesca","category-sin-categorizar-2","category-sostenibilidad-sanidad"],"yoast_head":"<!-- This site is optimized with the Yoast SEO plugin v27.4 - https:\/\/yoast.com\/product\/yoast-seo-wordpress\/ -->\n<title>Campa\u00f1a de concienciaci\u00f3n ciudadana promovida sobre reciclaje \u201cReciclar para ConserMar\u201d - Ajuntament de Santa Pola<\/title>\n<meta name=\"robots\" content=\"index, follow, max-snippet:-1, max-image-preview:large, max-video-preview:-1\" \/>\n<link rel=\"canonical\" href=\"https:\/\/santapola.es\/ca\/campana-de-concienciacion-ciudadana-promovida-sobre-reciclaje-reciclar-para-consermar\/\" \/>\n<meta property=\"og:locale\" content=\"ca_ES\" \/>\n<meta property=\"og:type\" content=\"article\" \/>\n<meta property=\"og:title\" content=\"Campa\u00f1a de concienciaci\u00f3n ciudadana promovida sobre reciclaje \u201cReciclar para ConserMar\u201d - Ajuntament de Santa Pola\" \/>\n<meta property=\"og:description\" content=\"\u201cReciclar para ConserMar\u201d llega a Santa Pola de la mano de la Conseller\u00eda de Medio Ambiente y Ecoembes El pr\u00f3ximo 25 de junio el equipo de \u201cReciclar para ConserMar\u201d se instalar\u00e1 en la Playa de Levante de esta localidad alicantina para concienciar a los ciudadanos sobre los beneficios del reciclaje para el medio ambiente y [&hellip;]\" \/>\n<meta property=\"og:url\" content=\"https:\/\/santapola.es\/ca\/campana-de-concienciacion-ciudadana-promovida-sobre-reciclaje-reciclar-para-consermar\/\" \/>\n<meta property=\"og:site_name\" content=\"Ajuntament de Santa Pola\" \/>\n<meta property=\"article:publisher\" content=\"https:\/\/www.facebook.com\/AyuntamientoSantaPola\/\" \/>\n<meta property=\"article:published_time\" content=\"2021-06-21T10:12:48+00:00\" \/>\n<meta property=\"article:modified_time\" content=\"2024-03-07T17:39:52+00:00\" \/>\n<meta property=\"og:image\" content=\"https:\/\/santapola.es\/wp-content\/uploads\/2021\/06\/CARTEL-SANTA-POLAcst_-1-724x1024.png\" \/>\n<meta name=\"author\" content=\"Usuario Gen\u00e9rico Web\" \/>\n<meta name=\"twitter:card\" content=\"summary_large_image\" \/>\n<meta name=\"twitter:creator\" content=\"@SantaPolaAyunt\" \/>\n<meta name=\"twitter:site\" content=\"@SantaPolaAyunt\" \/>\n<script type=\"application\/ld+json\" class=\"yoast-schema-graph\">{\"@context\":\"https:\\\/\\\/schema.org\",\"@graph\":[{\"@type\":\"Article\",\"@id\":\"https:\\\/\\\/santapola.es\\\/ca\\\/campana-de-concienciacion-ciudadana-promovida-sobre-reciclaje-reciclar-para-consermar\\\/#article\",\"isPartOf\":{\"@id\":\"https:\\\/\\\/santapola.es\\\/ca\\\/campana-de-concienciacion-ciudadana-promovida-sobre-reciclaje-reciclar-para-consermar\\\/\"},\"author\":{\"name\":\"Usuario Gen\u00e9rico Web\",\"@id\":\"https:\\\/\\\/santapola.es\\\/ca\\\/#\\\/schema\\\/person\\\/5c898695593fabd93215e23620b3a9d1\"},\"headline\":\"Campa\u00f1a de concienciaci\u00f3n ciudadana promovida sobre reciclaje \u201cReciclar para ConserMar\u201d\",\"datePublished\":\"2021-06-21T10:12:48+00:00\",\"dateModified\":\"2024-03-07T17:39:52+00:00\",\"mainEntityOfPage\":{\"@id\":\"https:\\\/\\\/santapola.es\\\/ca\\\/campana-de-concienciacion-ciudadana-promovida-sobre-reciclaje-reciclar-para-consermar\\\/\"},\"wordCount\":480,\"image\":{\"@id\":\"https:\\\/\\\/santapola.es\\\/ca\\\/campana-de-concienciacion-ciudadana-promovida-sobre-reciclaje-reciclar-para-consermar\\\/#primaryimage\"},\"thumbnailUrl\":\"https:\\\/\\\/santapola.es\\\/wp-content\\\/uploads\\\/2021\\\/06\\\/CARTEL-SANTA-POLAcst_-1-724x1024.png\",\"articleSection\":[\"Inicio\",\"Playas \\\/ Turismo \\\/ Pesca\",\"Sin categorizar\",\"Sostenibilidad \\\/ Sanidad\"],\"inLanguage\":\"ca\"},{\"@type\":\"WebPage\",\"@id\":\"https:\\\/\\\/santapola.es\\\/ca\\\/campana-de-concienciacion-ciudadana-promovida-sobre-reciclaje-reciclar-para-consermar\\\/\",\"url\":\"https:\\\/\\\/santapola.es\\\/ca\\\/campana-de-concienciacion-ciudadana-promovida-sobre-reciclaje-reciclar-para-consermar\\\/\",\"name\":\"Campa\u00f1a de concienciaci\u00f3n ciudadana promovida sobre reciclaje \u201cReciclar para ConserMar\u201d - Ajuntament de Santa Pola\",\"isPartOf\":{\"@id\":\"https:\\\/\\\/santapola.es\\\/ca\\\/#website\"},\"primaryImageOfPage\":{\"@id\":\"https:\\\/\\\/santapola.es\\\/ca\\\/campana-de-concienciacion-ciudadana-promovida-sobre-reciclaje-reciclar-para-consermar\\\/#primaryimage\"},\"image\":{\"@id\":\"https:\\\/\\\/santapola.es\\\/ca\\\/campana-de-concienciacion-ciudadana-promovida-sobre-reciclaje-reciclar-para-consermar\\\/#primaryimage\"},\"thumbnailUrl\":\"https:\\\/\\\/santapola.es\\\/wp-content\\\/uploads\\\/2021\\\/06\\\/CARTEL-SANTA-POLAcst_-1-724x1024.png\",\"datePublished\":\"2021-06-21T10:12:48+00:00\",\"dateModified\":\"2024-03-07T17:39:52+00:00\",\"author\":{\"@id\":\"https:\\\/\\\/santapola.es\\\/ca\\\/#\\\/schema\\\/person\\\/5c898695593fabd93215e23620b3a9d1\"},\"breadcrumb\":{\"@id\":\"https:\\\/\\\/santapola.es\\\/ca\\\/campana-de-concienciacion-ciudadana-promovida-sobre-reciclaje-reciclar-para-consermar\\\/#breadcrumb\"},\"inLanguage\":\"ca\",\"potentialAction\":[{\"@type\":\"ReadAction\",\"target\":[\"https:\\\/\\\/santapola.es\\\/ca\\\/campana-de-concienciacion-ciudadana-promovida-sobre-reciclaje-reciclar-para-consermar\\\/\"]}]},{\"@type\":\"ImageObject\",\"inLanguage\":\"ca\",\"@id\":\"https:\\\/\\\/santapola.es\\\/ca\\\/campana-de-concienciacion-ciudadana-promovida-sobre-reciclaje-reciclar-para-consermar\\\/#primaryimage\",\"url\":\"https:\\\/\\\/santapola.es\\\/wp-content\\\/uploads\\\/2021\\\/06\\\/CARTEL-SANTA-POLAcst_-1-724x1024.png\",\"contentUrl\":\"https:\\\/\\\/santapola.es\\\/wp-content\\\/uploads\\\/2021\\\/06\\\/CARTEL-SANTA-POLAcst_-1-724x1024.png\"},{\"@type\":\"BreadcrumbList\",\"@id\":\"https:\\\/\\\/santapola.es\\\/ca\\\/campana-de-concienciacion-ciudadana-promovida-sobre-reciclaje-reciclar-para-consermar\\\/#breadcrumb\",\"itemListElement\":[{\"@type\":\"ListItem\",\"position\":1,\"name\":\"Inici\",\"item\":\"https:\\\/\\\/santapola.es\\\/ca\\\/\"},{\"@type\":\"ListItem\",\"position\":2,\"name\":\"Campa\u00f1a de concienciaci\u00f3n ciudadana promovida sobre reciclaje \u201cReciclar para ConserMar\u201d\"}]},{\"@type\":\"WebSite\",\"@id\":\"https:\\\/\\\/santapola.es\\\/ca\\\/#website\",\"url\":\"https:\\\/\\\/santapola.es\\\/ca\\\/\",\"name\":\"Ayuntamiento de Santa Pola\",\"description\":\"Web de l'Ajuntament de Santa Pola\",\"potentialAction\":[{\"@type\":\"SearchAction\",\"target\":{\"@type\":\"EntryPoint\",\"urlTemplate\":\"https:\\\/\\\/santapola.es\\\/ca\\\/?s={search_term_string}\"},\"query-input\":{\"@type\":\"PropertyValueSpecification\",\"valueRequired\":true,\"valueName\":\"search_term_string\"}}],\"inLanguage\":\"ca\"},{\"@type\":\"Person\",\"@id\":\"https:\\\/\\\/santapola.es\\\/ca\\\/#\\\/schema\\\/person\\\/5c898695593fabd93215e23620b3a9d1\",\"name\":\"Usuario Gen\u00e9rico Web\"}]}<\/script>\n<!-- \/ Yoast SEO plugin. -->","yoast_head_json":{"title":"Campa\u00f1a de concienciaci\u00f3n ciudadana promovida sobre reciclaje \u201cReciclar para ConserMar\u201d - Ajuntament de Santa Pola","robots":{"index":"index","follow":"follow","max-snippet":"max-snippet:-1","max-image-preview":"max-image-preview:large","max-video-preview":"max-video-preview:-1"},"canonical":"https:\/\/santapola.es\/ca\/campana-de-concienciacion-ciudadana-promovida-sobre-reciclaje-reciclar-para-consermar\/","og_locale":"ca_ES","og_type":"article","og_title":"Campa\u00f1a de concienciaci\u00f3n ciudadana promovida sobre reciclaje \u201cReciclar para ConserMar\u201d - Ajuntament de Santa Pola","og_description":"\u201cReciclar para ConserMar\u201d llega a Santa Pola de la mano de la Conseller\u00eda de Medio Ambiente y Ecoembes El pr\u00f3ximo 25 de junio el equipo de \u201cReciclar para ConserMar\u201d se instalar\u00e1 en la Playa de Levante de esta localidad alicantina para concienciar a los ciudadanos sobre los beneficios del reciclaje para el medio ambiente y [&hellip;]","og_url":"https:\/\/santapola.es\/ca\/campana-de-concienciacion-ciudadana-promovida-sobre-reciclaje-reciclar-para-consermar\/","og_site_name":"Ajuntament de Santa Pola","article_publisher":"https:\/\/www.facebook.com\/AyuntamientoSantaPola\/","article_published_time":"2021-06-21T10:12:48+00:00","article_modified_time":"2024-03-07T17:39:52+00:00","og_image":[{"url":"https:\/\/santapola.es\/wp-content\/uploads\/2021\/06\/CARTEL-SANTA-POLAcst_-1-724x1024.png","type":"","width":"","height":""}],"author":"Usuario Gen\u00e9rico Web","twitter_card":"summary_large_image","twitter_creator":"@SantaPolaAyunt","twitter_site":"@SantaPolaAyunt","schema":{"@context":"https:\/\/schema.org","@graph":[{"@type":"Article","@id":"https:\/\/santapola.es\/ca\/campana-de-concienciacion-ciudadana-promovida-sobre-reciclaje-reciclar-para-consermar\/#article","isPartOf":{"@id":"https:\/\/santapola.es\/ca\/campana-de-concienciacion-ciudadana-promovida-sobre-reciclaje-reciclar-para-consermar\/"},"author":{"name":"Usuario Gen\u00e9rico Web","@id":"https:\/\/santapola.es\/ca\/#\/schema\/person\/5c898695593fabd93215e23620b3a9d1"},"headline":"Campa\u00f1a de concienciaci\u00f3n ciudadana promovida sobre reciclaje \u201cReciclar para ConserMar\u201d","datePublished":"2021-06-21T10:12:48+00:00","dateModified":"2024-03-07T17:39:52+00:00","mainEntityOfPage":{"@id":"https:\/\/santapola.es\/ca\/campana-de-concienciacion-ciudadana-promovida-sobre-reciclaje-reciclar-para-consermar\/"},"wordCount":480,"image":{"@id":"https:\/\/santapola.es\/ca\/campana-de-concienciacion-ciudadana-promovida-sobre-reciclaje-reciclar-para-consermar\/#primaryimage"},"thumbnailUrl":"https:\/\/santapola.es\/wp-content\/uploads\/2021\/06\/CARTEL-SANTA-POLAcst_-1-724x1024.png","articleSection":["Inicio","Playas \/ Turismo \/ Pesca","Sin categorizar","Sostenibilidad \/ Sanidad"],"inLanguage":"ca"},{"@type":"WebPage","@id":"https:\/\/santapola.es\/ca\/campana-de-concienciacion-ciudadana-promovida-sobre-reciclaje-reciclar-para-consermar\/","url":"https:\/\/santapola.es\/ca\/campana-de-concienciacion-ciudadana-promovida-sobre-reciclaje-reciclar-para-consermar\/","name":"Campa\u00f1a de concienciaci\u00f3n ciudadana promovida sobre reciclaje \u201cReciclar para ConserMar\u201d - Ajuntament de Santa Pola","isPartOf":{"@id":"https:\/\/santapola.es\/ca\/#website"},"primaryImageOfPage":{"@id":"https:\/\/santapola.es\/ca\/campana-de-concienciacion-ciudadana-promovida-sobre-reciclaje-reciclar-para-consermar\/#primaryimage"},"image":{"@id":"https:\/\/santapola.es\/ca\/campana-de-concienciacion-ciudadana-promovida-sobre-reciclaje-reciclar-para-consermar\/#primaryimage"},"thumbnailUrl":"https:\/\/santapola.es\/wp-content\/uploads\/2021\/06\/CARTEL-SANTA-POLAcst_-1-724x1024.png","datePublished":"2021-06-21T10:12:48+00:00","dateModified":"2024-03-07T17:39:52+00:00","author":{"@id":"https:\/\/santapola.es\/ca\/#\/schema\/person\/5c898695593fabd93215e23620b3a9d1"},"breadcrumb":{"@id":"https:\/\/santapola.es\/ca\/campana-de-concienciacion-ciudadana-promovida-sobre-reciclaje-reciclar-para-consermar\/#breadcrumb"},"inLanguage":"ca","potentialAction":[{"@type":"ReadAction","target":["https:\/\/santapola.es\/ca\/campana-de-concienciacion-ciudadana-promovida-sobre-reciclaje-reciclar-para-consermar\/"]}]},{"@type":"ImageObject","inLanguage":"ca","@id":"https:\/\/santapola.es\/ca\/campana-de-concienciacion-ciudadana-promovida-sobre-reciclaje-reciclar-para-consermar\/#primaryimage","url":"https:\/\/santapola.es\/wp-content\/uploads\/2021\/06\/CARTEL-SANTA-POLAcst_-1-724x1024.png","contentUrl":"https:\/\/santapola.es\/wp-content\/uploads\/2021\/06\/CARTEL-SANTA-POLAcst_-1-724x1024.png"},{"@type":"BreadcrumbList","@id":"https:\/\/santapola.es\/ca\/campana-de-concienciacion-ciudadana-promovida-sobre-reciclaje-reciclar-para-consermar\/#breadcrumb","itemListElement":[{"@type":"ListItem","position":1,"name":"Inici","item":"https:\/\/santapola.es\/ca\/"},{"@type":"ListItem","position":2,"name":"Campa\u00f1a de concienciaci\u00f3n ciudadana promovida sobre reciclaje \u201cReciclar para ConserMar\u201d"}]},{"@type":"WebSite","@id":"https:\/\/santapola.es\/ca\/#website","url":"https:\/\/santapola.es\/ca\/","name":"Ayuntamiento de Santa Pola","description":"Web de l'Ajuntament de Santa Pola","potentialAction":[{"@type":"SearchAction","target":{"@type":"EntryPoint","urlTemplate":"https:\/\/santapola.es\/ca\/?s={search_term_string}"},"query-input":{"@type":"PropertyValueSpecification","valueRequired":true,"valueName":"search_term_string"}}],"inLanguage":"ca"},{"@type":"Person","@id":"https:\/\/santapola.es\/ca\/#\/schema\/person\/5c898695593fabd93215e23620b3a9d1","name":"Usuario Gen\u00e9rico Web"}]}},"_links":{"self":[{"href":"https:\/\/santapola.es\/ca\/wp-json\/wp\/v2\/posts\/15030","targetHints":{"allow":["GET"]}}],"collection":[{"href":"https:\/\/santapola.es\/ca\/wp-json\/wp\/v2\/posts"}],"about":[{"href":"https:\/\/santapola.es\/ca\/wp-json\/wp\/v2\/types\/post"}],"author":[{"embeddable":true,"href":"https:\/\/santapola.es\/ca\/wp-json\/wp\/v2\/users\/99"}],"replies":[{"embeddable":true,"href":"https:\/\/santapola.es\/ca\/wp-json\/wp\/v2\/comments?post=15030"}],"version-history":[{"count":0,"href":"https:\/\/santapola.es\/ca\/wp-json\/wp\/v2\/posts\/15030\/revisions"}],"wp:attachment":[{"href":"https:\/\/santapola.es\/ca\/wp-json\/wp\/v2\/media?parent=15030"}],"wp:term":[{"taxonomy":"category","embeddable":true,"href":"https:\/\/santapola.es\/ca\/wp-json\/wp\/v2\/categories?post=15030"},{"taxonomy":"post_tag","embeddable":true,"href":"https:\/\/santapola.es\/ca\/wp-json\/wp\/v2\/tags?post=15030"}],"curies":[{"name":"wp","href":"https:\/\/api.w.org\/{rel}","templated":true}]}}