{"id":15026,"date":"2021-06-23T10:14:45","date_gmt":"2021-06-23T09:14:45","guid":{"rendered":"https:\/\/www.santapola.es\/?p=15026"},"modified":"2024-03-07T18:39:53","modified_gmt":"2024-03-07T17:39:53","slug":"26-de-junio-dia-internacional-de-la-lucha-contra-el-trafico-ilicito-y-abuso-de-drogas","status":"publish","type":"post","link":"https:\/\/santapola.es\/ca\/26-de-junio-dia-internacional-de-la-lucha-contra-el-trafico-ilicito-y-abuso-de-drogas\/","title":{"rendered":"26 de junio, d\u00eda internacional de la lucha contra el tr\u00e1fico il\u00edcito y abuso de drogas"},"content":{"rendered":"<p style=\"text-align: right;\">Santa Pola, 23 de junio de 2021<\/p>\n<p style=\"text-align: justify;\">La Asamblea General de las Naciones Unidas decidi\u00f3 conmemorar cada 26 de junio el &#8220;D\u00eda Internacional contra el Tr\u00e1fico Il\u00edcito y Abuso de Drogas&#8221;. La celebraci\u00f3n de este D\u00eda Internacional tiene como objetivo concienciar sobre el gran problema que las drogas il\u00edcitas representan para la sociedad.<\/p>\n<p style=\"text-align: justify;\">El Observatorio Espa\u00f1ol de las Drogas y las Adicciones (OEDA) publica peri\u00f3dicamente informes sobre el estado del consumo de sustancias en Espa\u00f1a. Cabe destacar que, entre la poblaci\u00f3n adolescente, el cannabis es la droga ilegal m\u00e1s consumida. En 2018 el 33,0% hab\u00eda consumido cannabis alguna vez en la vida, el 27,5% en el \u00faltimo a\u00f1o y el 19,3% en el \u00faltimo mes. Entre los que consumieron en el \u00faltimo a\u00f1o, el 3,3% de los chicos y el 1,4% de las chicas han consumido 20 d\u00edas o m\u00e1s.<\/p>\n<p style=\"text-align: justify;\">Desde este Ayuntamiento, y en particular desde la Unidad de Prevenci\u00f3n de Conductas Adictivas de Santa Pola, queremos unirnos a la conmemoraci\u00f3n de este d\u00eda destacando la importancia que tienen las acciones preventivas de conductas adictivas, especialmente en la poblaci\u00f3n juvenil.<\/p>\n<p style=\"text-align: justify;\">Es responsabilidad de todos y todas crear espacios de ocio para los j\u00f3venes donde puedan desarrollarse y encontrar formas de diversi\u00f3n alejadas del consumo de sustancias. Para esto, desde este servicio estamos abiertos a toda la poblaci\u00f3n (j\u00f3venes, familias, profesores, etc.) para asesorar e informar en todo lo relacionado con adicciones. La prevenci\u00f3n de consumo de sustancias es tan importante como necesaria para aumentar la calidad de vida de las personas.<\/p>\n<p><img loading=\"lazy\" decoding=\"async\" class=\"alignnone size-full wp-image-15028 aligncenter\" src=\"https:\/\/santapola.es\/wp-content\/uploads\/2021\/06\/26junio_no_drogas.png\" alt=\"\" width=\"940\" height=\"788\" srcset=\"https:\/\/santapola.es\/wp-content\/uploads\/2021\/06\/26junio_no_drogas.png 940w, https:\/\/santapola.es\/wp-content\/uploads\/2021\/06\/26junio_no_drogas-300x251.png 300w, https:\/\/santapola.es\/wp-content\/uploads\/2021\/06\/26junio_no_drogas-768x644.png 768w, https:\/\/santapola.es\/wp-content\/uploads\/2021\/06\/26junio_no_drogas-610x511.png 610w\" sizes=\"(max-width: 940px) 100vw, 940px\" \/><\/p>\n","protected":false},"excerpt":{"rendered":"<p>Santa Pola, 23 de junio de 2021 La Asamblea General de las Naciones Unidas decidi\u00f3 conmemorar cada 26 de junio el &#8220;D\u00eda Internacional contra el Tr\u00e1fico Il\u00edcito y Abuso de Drogas&#8221;. La celebraci\u00f3n de este D\u00eda Internacional tiene como objetivo concienciar sobre el gran problema que las drogas il\u00edcitas representan para la sociedad. El Observatorio [&hellip;]<\/p>\n","protected":false},"author":99,"featured_media":0,"comment_status":"closed","ping_status":"closed","sticky":false,"template":"","format":"standard","meta":{"_et_pb_use_builder":"","_et_pb_old_content":"","_et_gb_content_width":"","footnotes":""},"categories":[66,406,58],"tags":[],"class_list":["post-15026","post","type-post","status-publish","format-standard","hentry","category-inicio","category-sin-categorizar-2","category-sostenibilidad-sanidad"],"yoast_head":"<!-- This site is optimized with the Yoast SEO plugin v27.4 - https:\/\/yoast.com\/product\/yoast-seo-wordpress\/ -->\n<title>26 de junio, d\u00eda internacional de la lucha contra el tr\u00e1fico il\u00edcito y abuso de drogas - Ajuntament de Santa Pola<\/title>\n<meta name=\"robots\" content=\"index, follow, max-snippet:-1, max-image-preview:large, max-video-preview:-1\" \/>\n<link rel=\"canonical\" href=\"https:\/\/santapola.es\/ca\/26-de-junio-dia-internacional-de-la-lucha-contra-el-trafico-ilicito-y-abuso-de-drogas\/\" \/>\n<meta property=\"og:locale\" content=\"ca_ES\" \/>\n<meta property=\"og:type\" content=\"article\" \/>\n<meta property=\"og:title\" content=\"26 de junio, d\u00eda internacional de la lucha contra el tr\u00e1fico il\u00edcito y abuso de drogas - Ajuntament de Santa Pola\" \/>\n<meta property=\"og:description\" content=\"Santa Pola, 23 de junio de 2021 La Asamblea General de las Naciones Unidas decidi\u00f3 conmemorar cada 26 de junio el &#8220;D\u00eda Internacional contra el Tr\u00e1fico Il\u00edcito y Abuso de Drogas&#8221;. La celebraci\u00f3n de este D\u00eda Internacional tiene como objetivo concienciar sobre el gran problema que las drogas il\u00edcitas representan para la sociedad. El Observatorio [&hellip;]\" \/>\n<meta property=\"og:url\" content=\"https:\/\/santapola.es\/ca\/26-de-junio-dia-internacional-de-la-lucha-contra-el-trafico-ilicito-y-abuso-de-drogas\/\" \/>\n<meta property=\"og:site_name\" content=\"Ajuntament de Santa Pola\" \/>\n<meta property=\"article:publisher\" content=\"https:\/\/www.facebook.com\/AyuntamientoSantaPola\/\" \/>\n<meta property=\"article:published_time\" content=\"2021-06-23T09:14:45+00:00\" \/>\n<meta property=\"article:modified_time\" content=\"2024-03-07T17:39:53+00:00\" \/>\n<meta property=\"og:image\" content=\"https:\/\/santapola.es\/wp-content\/uploads\/2021\/06\/26junio_no_drogas.png\" \/>\n<meta name=\"author\" content=\"Usuario Gen\u00e9rico Web\" \/>\n<meta name=\"twitter:card\" content=\"summary_large_image\" \/>\n<meta name=\"twitter:creator\" content=\"@SantaPolaAyunt\" \/>\n<meta name=\"twitter:site\" content=\"@SantaPolaAyunt\" \/>\n<script type=\"application\/ld+json\" class=\"yoast-schema-graph\">{\"@context\":\"https:\\\/\\\/schema.org\",\"@graph\":[{\"@type\":\"Article\",\"@id\":\"https:\\\/\\\/santapola.es\\\/ca\\\/26-de-junio-dia-internacional-de-la-lucha-contra-el-trafico-ilicito-y-abuso-de-drogas\\\/#article\",\"isPartOf\":{\"@id\":\"https:\\\/\\\/santapola.es\\\/ca\\\/26-de-junio-dia-internacional-de-la-lucha-contra-el-trafico-ilicito-y-abuso-de-drogas\\\/\"},\"author\":{\"name\":\"Usuario Gen\u00e9rico Web\",\"@id\":\"https:\\\/\\\/santapola.es\\\/ca\\\/#\\\/schema\\\/person\\\/5c898695593fabd93215e23620b3a9d1\"},\"headline\":\"26 de junio, d\u00eda internacional de la lucha contra el tr\u00e1fico il\u00edcito y abuso de drogas\",\"datePublished\":\"2021-06-23T09:14:45+00:00\",\"dateModified\":\"2024-03-07T17:39:53+00:00\",\"mainEntityOfPage\":{\"@id\":\"https:\\\/\\\/santapola.es\\\/ca\\\/26-de-junio-dia-internacional-de-la-lucha-contra-el-trafico-ilicito-y-abuso-de-drogas\\\/\"},\"wordCount\":285,\"image\":{\"@id\":\"https:\\\/\\\/santapola.es\\\/ca\\\/26-de-junio-dia-internacional-de-la-lucha-contra-el-trafico-ilicito-y-abuso-de-drogas\\\/#primaryimage\"},\"thumbnailUrl\":\"https:\\\/\\\/santapola.es\\\/wp-content\\\/uploads\\\/2021\\\/06\\\/26junio_no_drogas.png\",\"articleSection\":[\"Inicio\",\"Sin categorizar\",\"Sostenibilidad \\\/ Sanidad\"],\"inLanguage\":\"ca\"},{\"@type\":\"WebPage\",\"@id\":\"https:\\\/\\\/santapola.es\\\/ca\\\/26-de-junio-dia-internacional-de-la-lucha-contra-el-trafico-ilicito-y-abuso-de-drogas\\\/\",\"url\":\"https:\\\/\\\/santapola.es\\\/ca\\\/26-de-junio-dia-internacional-de-la-lucha-contra-el-trafico-ilicito-y-abuso-de-drogas\\\/\",\"name\":\"26 de junio, d\u00eda internacional de la lucha contra el tr\u00e1fico il\u00edcito y abuso de drogas - Ajuntament de Santa Pola\",\"isPartOf\":{\"@id\":\"https:\\\/\\\/santapola.es\\\/ca\\\/#website\"},\"primaryImageOfPage\":{\"@id\":\"https:\\\/\\\/santapola.es\\\/ca\\\/26-de-junio-dia-internacional-de-la-lucha-contra-el-trafico-ilicito-y-abuso-de-drogas\\\/#primaryimage\"},\"image\":{\"@id\":\"https:\\\/\\\/santapola.es\\\/ca\\\/26-de-junio-dia-internacional-de-la-lucha-contra-el-trafico-ilicito-y-abuso-de-drogas\\\/#primaryimage\"},\"thumbnailUrl\":\"https:\\\/\\\/santapola.es\\\/wp-content\\\/uploads\\\/2021\\\/06\\\/26junio_no_drogas.png\",\"datePublished\":\"2021-06-23T09:14:45+00:00\",\"dateModified\":\"2024-03-07T17:39:53+00:00\",\"author\":{\"@id\":\"https:\\\/\\\/santapola.es\\\/ca\\\/#\\\/schema\\\/person\\\/5c898695593fabd93215e23620b3a9d1\"},\"breadcrumb\":{\"@id\":\"https:\\\/\\\/santapola.es\\\/ca\\\/26-de-junio-dia-internacional-de-la-lucha-contra-el-trafico-ilicito-y-abuso-de-drogas\\\/#breadcrumb\"},\"inLanguage\":\"ca\",\"potentialAction\":[{\"@type\":\"ReadAction\",\"target\":[\"https:\\\/\\\/santapola.es\\\/ca\\\/26-de-junio-dia-internacional-de-la-lucha-contra-el-trafico-ilicito-y-abuso-de-drogas\\\/\"]}]},{\"@type\":\"ImageObject\",\"inLanguage\":\"ca\",\"@id\":\"https:\\\/\\\/santapola.es\\\/ca\\\/26-de-junio-dia-internacional-de-la-lucha-contra-el-trafico-ilicito-y-abuso-de-drogas\\\/#primaryimage\",\"url\":\"https:\\\/\\\/santapola.es\\\/wp-content\\\/uploads\\\/2021\\\/06\\\/26junio_no_drogas.png\",\"contentUrl\":\"https:\\\/\\\/santapola.es\\\/wp-content\\\/uploads\\\/2021\\\/06\\\/26junio_no_drogas.png\"},{\"@type\":\"BreadcrumbList\",\"@id\":\"https:\\\/\\\/santapola.es\\\/ca\\\/26-de-junio-dia-internacional-de-la-lucha-contra-el-trafico-ilicito-y-abuso-de-drogas\\\/#breadcrumb\",\"itemListElement\":[{\"@type\":\"ListItem\",\"position\":1,\"name\":\"Inici\",\"item\":\"https:\\\/\\\/santapola.es\\\/ca\\\/\"},{\"@type\":\"ListItem\",\"position\":2,\"name\":\"26 de junio, d\u00eda internacional de la lucha contra el tr\u00e1fico il\u00edcito y abuso de drogas\"}]},{\"@type\":\"WebSite\",\"@id\":\"https:\\\/\\\/santapola.es\\\/ca\\\/#website\",\"url\":\"https:\\\/\\\/santapola.es\\\/ca\\\/\",\"name\":\"Ayuntamiento de Santa Pola\",\"description\":\"Web de l'Ajuntament de Santa Pola\",\"potentialAction\":[{\"@type\":\"SearchAction\",\"target\":{\"@type\":\"EntryPoint\",\"urlTemplate\":\"https:\\\/\\\/santapola.es\\\/ca\\\/?s={search_term_string}\"},\"query-input\":{\"@type\":\"PropertyValueSpecification\",\"valueRequired\":true,\"valueName\":\"search_term_string\"}}],\"inLanguage\":\"ca\"},{\"@type\":\"Person\",\"@id\":\"https:\\\/\\\/santapola.es\\\/ca\\\/#\\\/schema\\\/person\\\/5c898695593fabd93215e23620b3a9d1\",\"name\":\"Usuario Gen\u00e9rico Web\"}]}<\/script>\n<!-- \/ Yoast SEO plugin. -->","yoast_head_json":{"title":"26 de junio, d\u00eda internacional de la lucha contra el tr\u00e1fico il\u00edcito y abuso de drogas - Ajuntament de Santa Pola","robots":{"index":"index","follow":"follow","max-snippet":"max-snippet:-1","max-image-preview":"max-image-preview:large","max-video-preview":"max-video-preview:-1"},"canonical":"https:\/\/santapola.es\/ca\/26-de-junio-dia-internacional-de-la-lucha-contra-el-trafico-ilicito-y-abuso-de-drogas\/","og_locale":"ca_ES","og_type":"article","og_title":"26 de junio, d\u00eda internacional de la lucha contra el tr\u00e1fico il\u00edcito y abuso de drogas - Ajuntament de Santa Pola","og_description":"Santa Pola, 23 de junio de 2021 La Asamblea General de las Naciones Unidas decidi\u00f3 conmemorar cada 26 de junio el &#8220;D\u00eda Internacional contra el Tr\u00e1fico Il\u00edcito y Abuso de Drogas&#8221;. La celebraci\u00f3n de este D\u00eda Internacional tiene como objetivo concienciar sobre el gran problema que las drogas il\u00edcitas representan para la sociedad. El Observatorio [&hellip;]","og_url":"https:\/\/santapola.es\/ca\/26-de-junio-dia-internacional-de-la-lucha-contra-el-trafico-ilicito-y-abuso-de-drogas\/","og_site_name":"Ajuntament de Santa Pola","article_publisher":"https:\/\/www.facebook.com\/AyuntamientoSantaPola\/","article_published_time":"2021-06-23T09:14:45+00:00","article_modified_time":"2024-03-07T17:39:53+00:00","og_image":[{"url":"https:\/\/santapola.es\/wp-content\/uploads\/2021\/06\/26junio_no_drogas.png","type":"","width":"","height":""}],"author":"Usuario Gen\u00e9rico Web","twitter_card":"summary_large_image","twitter_creator":"@SantaPolaAyunt","twitter_site":"@SantaPolaAyunt","schema":{"@context":"https:\/\/schema.org","@graph":[{"@type":"Article","@id":"https:\/\/santapola.es\/ca\/26-de-junio-dia-internacional-de-la-lucha-contra-el-trafico-ilicito-y-abuso-de-drogas\/#article","isPartOf":{"@id":"https:\/\/santapola.es\/ca\/26-de-junio-dia-internacional-de-la-lucha-contra-el-trafico-ilicito-y-abuso-de-drogas\/"},"author":{"name":"Usuario Gen\u00e9rico Web","@id":"https:\/\/santapola.es\/ca\/#\/schema\/person\/5c898695593fabd93215e23620b3a9d1"},"headline":"26 de junio, d\u00eda internacional de la lucha contra el tr\u00e1fico il\u00edcito y abuso de drogas","datePublished":"2021-06-23T09:14:45+00:00","dateModified":"2024-03-07T17:39:53+00:00","mainEntityOfPage":{"@id":"https:\/\/santapola.es\/ca\/26-de-junio-dia-internacional-de-la-lucha-contra-el-trafico-ilicito-y-abuso-de-drogas\/"},"wordCount":285,"image":{"@id":"https:\/\/santapola.es\/ca\/26-de-junio-dia-internacional-de-la-lucha-contra-el-trafico-ilicito-y-abuso-de-drogas\/#primaryimage"},"thumbnailUrl":"https:\/\/santapola.es\/wp-content\/uploads\/2021\/06\/26junio_no_drogas.png","articleSection":["Inicio","Sin categorizar","Sostenibilidad \/ Sanidad"],"inLanguage":"ca"},{"@type":"WebPage","@id":"https:\/\/santapola.es\/ca\/26-de-junio-dia-internacional-de-la-lucha-contra-el-trafico-ilicito-y-abuso-de-drogas\/","url":"https:\/\/santapola.es\/ca\/26-de-junio-dia-internacional-de-la-lucha-contra-el-trafico-ilicito-y-abuso-de-drogas\/","name":"26 de junio, d\u00eda internacional de la lucha contra el tr\u00e1fico il\u00edcito y abuso de drogas - Ajuntament de Santa Pola","isPartOf":{"@id":"https:\/\/santapola.es\/ca\/#website"},"primaryImageOfPage":{"@id":"https:\/\/santapola.es\/ca\/26-de-junio-dia-internacional-de-la-lucha-contra-el-trafico-ilicito-y-abuso-de-drogas\/#primaryimage"},"image":{"@id":"https:\/\/santapola.es\/ca\/26-de-junio-dia-internacional-de-la-lucha-contra-el-trafico-ilicito-y-abuso-de-drogas\/#primaryimage"},"thumbnailUrl":"https:\/\/santapola.es\/wp-content\/uploads\/2021\/06\/26junio_no_drogas.png","datePublished":"2021-06-23T09:14:45+00:00","dateModified":"2024-03-07T17:39:53+00:00","author":{"@id":"https:\/\/santapola.es\/ca\/#\/schema\/person\/5c898695593fabd93215e23620b3a9d1"},"breadcrumb":{"@id":"https:\/\/santapola.es\/ca\/26-de-junio-dia-internacional-de-la-lucha-contra-el-trafico-ilicito-y-abuso-de-drogas\/#breadcrumb"},"inLanguage":"ca","potentialAction":[{"@type":"ReadAction","target":["https:\/\/santapola.es\/ca\/26-de-junio-dia-internacional-de-la-lucha-contra-el-trafico-ilicito-y-abuso-de-drogas\/"]}]},{"@type":"ImageObject","inLanguage":"ca","@id":"https:\/\/santapola.es\/ca\/26-de-junio-dia-internacional-de-la-lucha-contra-el-trafico-ilicito-y-abuso-de-drogas\/#primaryimage","url":"https:\/\/santapola.es\/wp-content\/uploads\/2021\/06\/26junio_no_drogas.png","contentUrl":"https:\/\/santapola.es\/wp-content\/uploads\/2021\/06\/26junio_no_drogas.png"},{"@type":"BreadcrumbList","@id":"https:\/\/santapola.es\/ca\/26-de-junio-dia-internacional-de-la-lucha-contra-el-trafico-ilicito-y-abuso-de-drogas\/#breadcrumb","itemListElement":[{"@type":"ListItem","position":1,"name":"Inici","item":"https:\/\/santapola.es\/ca\/"},{"@type":"ListItem","position":2,"name":"26 de junio, d\u00eda internacional de la lucha contra el tr\u00e1fico il\u00edcito y abuso de drogas"}]},{"@type":"WebSite","@id":"https:\/\/santapola.es\/ca\/#website","url":"https:\/\/santapola.es\/ca\/","name":"Ayuntamiento de Santa Pola","description":"Web de l'Ajuntament de Santa Pola","potentialAction":[{"@type":"SearchAction","target":{"@type":"EntryPoint","urlTemplate":"https:\/\/santapola.es\/ca\/?s={search_term_string}"},"query-input":{"@type":"PropertyValueSpecification","valueRequired":true,"valueName":"search_term_string"}}],"inLanguage":"ca"},{"@type":"Person","@id":"https:\/\/santapola.es\/ca\/#\/schema\/person\/5c898695593fabd93215e23620b3a9d1","name":"Usuario Gen\u00e9rico Web"}]}},"_links":{"self":[{"href":"https:\/\/santapola.es\/ca\/wp-json\/wp\/v2\/posts\/15026","targetHints":{"allow":["GET"]}}],"collection":[{"href":"https:\/\/santapola.es\/ca\/wp-json\/wp\/v2\/posts"}],"about":[{"href":"https:\/\/santapola.es\/ca\/wp-json\/wp\/v2\/types\/post"}],"author":[{"embeddable":true,"href":"https:\/\/santapola.es\/ca\/wp-json\/wp\/v2\/users\/99"}],"replies":[{"embeddable":true,"href":"https:\/\/santapola.es\/ca\/wp-json\/wp\/v2\/comments?post=15026"}],"version-history":[{"count":0,"href":"https:\/\/santapola.es\/ca\/wp-json\/wp\/v2\/posts\/15026\/revisions"}],"wp:attachment":[{"href":"https:\/\/santapola.es\/ca\/wp-json\/wp\/v2\/media?parent=15026"}],"wp:term":[{"taxonomy":"category","embeddable":true,"href":"https:\/\/santapola.es\/ca\/wp-json\/wp\/v2\/categories?post=15026"},{"taxonomy":"post_tag","embeddable":true,"href":"https:\/\/santapola.es\/ca\/wp-json\/wp\/v2\/tags?post=15026"}],"curies":[{"name":"wp","href":"https:\/\/api.w.org\/{rel}","templated":true}]}}