{"id":15022,"date":"2021-06-17T10:11:38","date_gmt":"2021-06-17T09:11:38","guid":{"rendered":"https:\/\/www.santapola.es\/?p=15022"},"modified":"2024-03-07T18:39:51","modified_gmt":"2024-03-07T17:39:51","slug":"obras-en-la-calle-san-pedro-por-la-renovacion-del-colector-de-alcantarillado","status":"publish","type":"post","link":"https:\/\/santapola.es\/ca\/obras-en-la-calle-san-pedro-por-la-renovacion-del-colector-de-alcantarillado\/","title":{"rendered":"Obras en la calle San Pedro por la renovaci\u00f3n del colector de alcantarillado"},"content":{"rendered":"<p style=\"text-align: right;\">Santa Pola, 17 de junio de 2021<\/p>\n<p>La Concejal\u00eda de Infraestructuras ejecuta unas obras para la sustituci\u00f3n del colector de alcantarillado de la calle San Pedro, entre la Calle Caridad y Francisco Mart\u00ednez. La actuaci\u00f3n se ha adjudicado por un importe de 40.764,52 euros y supone la renovaci\u00f3n de un tramo de alcantarillado que generaba problemas de filtraciones a los vecinos desde hace 25 a\u00f1os.<\/p>\n<p>Las obras implican la renovaci\u00f3n de 70 metros de colector y la ejecuci\u00f3n de 14 nuevas acometidas. El plazo de ejecuci\u00f3n de las obras es de un mes, aunque se espera poder adelantar su finalizaci\u00f3n. Por ello, durante la ejecuci\u00f3n de los trabajos el tramo de calle afectado permanecer\u00e1 cortado.<\/p>\n<p>Estas obras se suman a la lista de actuaciones que la concejal\u00eda de Infraestructuras est\u00e1 llevando a cabo en los \u00faltimos dos a\u00f1os: calle Calvario, calle san Antonio, carretera de Elche y Avenida Armada Espa\u00f1ola.<\/p>\n<p>Adem\u00e1s, se espera comenzar en breve una actuaci\u00f3n en la Avenida de Ronda para reparar la red de saneamiento que afecta a varias calles de la urbanizaci\u00f3n los Sauces.<\/p>\n<p><img loading=\"lazy\" decoding=\"async\" class=\"alignnone size-large wp-image-15023 aligncenter\" src=\"https:\/\/santapola.es\/wp-content\/uploads\/2021\/06\/Obras-1024x768.jpeg\" alt=\"\" width=\"1024\" height=\"768\" srcset=\"https:\/\/santapola.es\/wp-content\/uploads\/2021\/06\/Obras-1024x768.jpeg 1024w, https:\/\/santapola.es\/wp-content\/uploads\/2021\/06\/Obras-300x225.jpeg 300w, https:\/\/santapola.es\/wp-content\/uploads\/2021\/06\/Obras-768x576.jpeg 768w, https:\/\/santapola.es\/wp-content\/uploads\/2021\/06\/Obras-1536x1152.jpeg 1536w, https:\/\/santapola.es\/wp-content\/uploads\/2021\/06\/Obras-510x382.jpeg 510w, https:\/\/santapola.es\/wp-content\/uploads\/2021\/06\/Obras-1080x810.jpeg 1080w, https:\/\/santapola.es\/wp-content\/uploads\/2021\/06\/Obras-610x458.jpeg 610w, https:\/\/santapola.es\/wp-content\/uploads\/2021\/06\/Obras.jpeg 2000w\" sizes=\"(max-width: 1024px) 100vw, 1024px\" \/><\/p>\n","protected":false},"excerpt":{"rendered":"<p>Santa Pola, 17 de junio de 2021 La Concejal\u00eda de Infraestructuras ejecuta unas obras para la sustituci\u00f3n del colector de alcantarillado de la calle San Pedro, entre la Calle Caridad y Francisco Mart\u00ednez. La actuaci\u00f3n se ha adjudicado por un importe de 40.764,52 euros y supone la renovaci\u00f3n de un tramo de alcantarillado que generaba [&hellip;]<\/p>\n","protected":false},"author":99,"featured_media":0,"comment_status":"closed","ping_status":"closed","sticky":false,"template":"","format":"standard","meta":{"_et_pb_use_builder":"","_et_pb_old_content":"","_et_gb_content_width":"","footnotes":""},"categories":[54,406],"tags":[],"class_list":["post-15022","post","type-post","status-publish","format-standard","hentry","category-servicios-publicos-infraestructura-fomento-cementerios","category-sin-categorizar-2"],"yoast_head":"<!-- This site is optimized with the Yoast SEO plugin v27.4 - https:\/\/yoast.com\/product\/yoast-seo-wordpress\/ -->\n<title>Obras en la calle San Pedro por la renovaci\u00f3n del colector de alcantarillado - Ajuntament de Santa Pola<\/title>\n<meta name=\"robots\" content=\"index, follow, max-snippet:-1, max-image-preview:large, max-video-preview:-1\" \/>\n<link rel=\"canonical\" href=\"https:\/\/santapola.es\/ca\/obras-en-la-calle-san-pedro-por-la-renovacion-del-colector-de-alcantarillado\/\" \/>\n<meta property=\"og:locale\" content=\"ca_ES\" \/>\n<meta property=\"og:type\" content=\"article\" \/>\n<meta property=\"og:title\" content=\"Obras en la calle San Pedro por la renovaci\u00f3n del colector de alcantarillado - Ajuntament de Santa Pola\" \/>\n<meta property=\"og:description\" content=\"Santa Pola, 17 de junio de 2021 La Concejal\u00eda de Infraestructuras ejecuta unas obras para la sustituci\u00f3n del colector de alcantarillado de la calle San Pedro, entre la Calle Caridad y Francisco Mart\u00ednez. La actuaci\u00f3n se ha adjudicado por un importe de 40.764,52 euros y supone la renovaci\u00f3n de un tramo de alcantarillado que generaba [&hellip;]\" \/>\n<meta property=\"og:url\" content=\"https:\/\/santapola.es\/ca\/obras-en-la-calle-san-pedro-por-la-renovacion-del-colector-de-alcantarillado\/\" \/>\n<meta property=\"og:site_name\" content=\"Ajuntament de Santa Pola\" \/>\n<meta property=\"article:publisher\" content=\"https:\/\/www.facebook.com\/AyuntamientoSantaPola\/\" \/>\n<meta property=\"article:published_time\" content=\"2021-06-17T09:11:38+00:00\" \/>\n<meta property=\"article:modified_time\" content=\"2024-03-07T17:39:51+00:00\" \/>\n<meta property=\"og:image\" content=\"https:\/\/santapola.es\/wp-content\/uploads\/2021\/06\/Obras-1024x768.jpeg\" \/>\n<meta name=\"author\" content=\"Usuario Gen\u00e9rico Web\" \/>\n<meta name=\"twitter:card\" content=\"summary_large_image\" \/>\n<meta name=\"twitter:creator\" content=\"@SantaPolaAyunt\" \/>\n<meta name=\"twitter:site\" content=\"@SantaPolaAyunt\" \/>\n<script type=\"application\/ld+json\" class=\"yoast-schema-graph\">{\"@context\":\"https:\\\/\\\/schema.org\",\"@graph\":[{\"@type\":\"Article\",\"@id\":\"https:\\\/\\\/santapola.es\\\/ca\\\/obras-en-la-calle-san-pedro-por-la-renovacion-del-colector-de-alcantarillado\\\/#article\",\"isPartOf\":{\"@id\":\"https:\\\/\\\/santapola.es\\\/ca\\\/obras-en-la-calle-san-pedro-por-la-renovacion-del-colector-de-alcantarillado\\\/\"},\"author\":{\"name\":\"Usuario Gen\u00e9rico Web\",\"@id\":\"https:\\\/\\\/santapola.es\\\/ca\\\/#\\\/schema\\\/person\\\/5c898695593fabd93215e23620b3a9d1\"},\"headline\":\"Obras en la calle San Pedro por la renovaci\u00f3n del colector de alcantarillado\",\"datePublished\":\"2021-06-17T09:11:38+00:00\",\"dateModified\":\"2024-03-07T17:39:51+00:00\",\"mainEntityOfPage\":{\"@id\":\"https:\\\/\\\/santapola.es\\\/ca\\\/obras-en-la-calle-san-pedro-por-la-renovacion-del-colector-de-alcantarillado\\\/\"},\"wordCount\":204,\"image\":{\"@id\":\"https:\\\/\\\/santapola.es\\\/ca\\\/obras-en-la-calle-san-pedro-por-la-renovacion-del-colector-de-alcantarillado\\\/#primaryimage\"},\"thumbnailUrl\":\"https:\\\/\\\/santapola.es\\\/wp-content\\\/uploads\\\/2021\\\/06\\\/Obras-1024x768.jpeg\",\"articleSection\":[\"Servicios p\u00fablicos \\\/ infraestructura \\\/ fomento \\\/ cementerios\",\"Sin categorizar\"],\"inLanguage\":\"ca\"},{\"@type\":\"WebPage\",\"@id\":\"https:\\\/\\\/santapola.es\\\/ca\\\/obras-en-la-calle-san-pedro-por-la-renovacion-del-colector-de-alcantarillado\\\/\",\"url\":\"https:\\\/\\\/santapola.es\\\/ca\\\/obras-en-la-calle-san-pedro-por-la-renovacion-del-colector-de-alcantarillado\\\/\",\"name\":\"Obras en la calle San Pedro por la renovaci\u00f3n del colector de alcantarillado - Ajuntament de Santa Pola\",\"isPartOf\":{\"@id\":\"https:\\\/\\\/santapola.es\\\/ca\\\/#website\"},\"primaryImageOfPage\":{\"@id\":\"https:\\\/\\\/santapola.es\\\/ca\\\/obras-en-la-calle-san-pedro-por-la-renovacion-del-colector-de-alcantarillado\\\/#primaryimage\"},\"image\":{\"@id\":\"https:\\\/\\\/santapola.es\\\/ca\\\/obras-en-la-calle-san-pedro-por-la-renovacion-del-colector-de-alcantarillado\\\/#primaryimage\"},\"thumbnailUrl\":\"https:\\\/\\\/santapola.es\\\/wp-content\\\/uploads\\\/2021\\\/06\\\/Obras-1024x768.jpeg\",\"datePublished\":\"2021-06-17T09:11:38+00:00\",\"dateModified\":\"2024-03-07T17:39:51+00:00\",\"author\":{\"@id\":\"https:\\\/\\\/santapola.es\\\/ca\\\/#\\\/schema\\\/person\\\/5c898695593fabd93215e23620b3a9d1\"},\"breadcrumb\":{\"@id\":\"https:\\\/\\\/santapola.es\\\/ca\\\/obras-en-la-calle-san-pedro-por-la-renovacion-del-colector-de-alcantarillado\\\/#breadcrumb\"},\"inLanguage\":\"ca\",\"potentialAction\":[{\"@type\":\"ReadAction\",\"target\":[\"https:\\\/\\\/santapola.es\\\/ca\\\/obras-en-la-calle-san-pedro-por-la-renovacion-del-colector-de-alcantarillado\\\/\"]}]},{\"@type\":\"ImageObject\",\"inLanguage\":\"ca\",\"@id\":\"https:\\\/\\\/santapola.es\\\/ca\\\/obras-en-la-calle-san-pedro-por-la-renovacion-del-colector-de-alcantarillado\\\/#primaryimage\",\"url\":\"https:\\\/\\\/santapola.es\\\/wp-content\\\/uploads\\\/2021\\\/06\\\/Obras-1024x768.jpeg\",\"contentUrl\":\"https:\\\/\\\/santapola.es\\\/wp-content\\\/uploads\\\/2021\\\/06\\\/Obras-1024x768.jpeg\"},{\"@type\":\"BreadcrumbList\",\"@id\":\"https:\\\/\\\/santapola.es\\\/ca\\\/obras-en-la-calle-san-pedro-por-la-renovacion-del-colector-de-alcantarillado\\\/#breadcrumb\",\"itemListElement\":[{\"@type\":\"ListItem\",\"position\":1,\"name\":\"Inici\",\"item\":\"https:\\\/\\\/santapola.es\\\/ca\\\/\"},{\"@type\":\"ListItem\",\"position\":2,\"name\":\"Obras en la calle San Pedro por la renovaci\u00f3n del colector de alcantarillado\"}]},{\"@type\":\"WebSite\",\"@id\":\"https:\\\/\\\/santapola.es\\\/ca\\\/#website\",\"url\":\"https:\\\/\\\/santapola.es\\\/ca\\\/\",\"name\":\"Ayuntamiento de Santa Pola\",\"description\":\"Web de l'Ajuntament de Santa Pola\",\"potentialAction\":[{\"@type\":\"SearchAction\",\"target\":{\"@type\":\"EntryPoint\",\"urlTemplate\":\"https:\\\/\\\/santapola.es\\\/ca\\\/?s={search_term_string}\"},\"query-input\":{\"@type\":\"PropertyValueSpecification\",\"valueRequired\":true,\"valueName\":\"search_term_string\"}}],\"inLanguage\":\"ca\"},{\"@type\":\"Person\",\"@id\":\"https:\\\/\\\/santapola.es\\\/ca\\\/#\\\/schema\\\/person\\\/5c898695593fabd93215e23620b3a9d1\",\"name\":\"Usuario Gen\u00e9rico Web\"}]}<\/script>\n<!-- \/ Yoast SEO plugin. -->","yoast_head_json":{"title":"Obras en la calle San Pedro por la renovaci\u00f3n del colector de alcantarillado - Ajuntament de Santa Pola","robots":{"index":"index","follow":"follow","max-snippet":"max-snippet:-1","max-image-preview":"max-image-preview:large","max-video-preview":"max-video-preview:-1"},"canonical":"https:\/\/santapola.es\/ca\/obras-en-la-calle-san-pedro-por-la-renovacion-del-colector-de-alcantarillado\/","og_locale":"ca_ES","og_type":"article","og_title":"Obras en la calle San Pedro por la renovaci\u00f3n del colector de alcantarillado - Ajuntament de Santa Pola","og_description":"Santa Pola, 17 de junio de 2021 La Concejal\u00eda de Infraestructuras ejecuta unas obras para la sustituci\u00f3n del colector de alcantarillado de la calle San Pedro, entre la Calle Caridad y Francisco Mart\u00ednez. La actuaci\u00f3n se ha adjudicado por un importe de 40.764,52 euros y supone la renovaci\u00f3n de un tramo de alcantarillado que generaba [&hellip;]","og_url":"https:\/\/santapola.es\/ca\/obras-en-la-calle-san-pedro-por-la-renovacion-del-colector-de-alcantarillado\/","og_site_name":"Ajuntament de Santa Pola","article_publisher":"https:\/\/www.facebook.com\/AyuntamientoSantaPola\/","article_published_time":"2021-06-17T09:11:38+00:00","article_modified_time":"2024-03-07T17:39:51+00:00","og_image":[{"url":"https:\/\/santapola.es\/wp-content\/uploads\/2021\/06\/Obras-1024x768.jpeg","type":"","width":"","height":""}],"author":"Usuario Gen\u00e9rico Web","twitter_card":"summary_large_image","twitter_creator":"@SantaPolaAyunt","twitter_site":"@SantaPolaAyunt","schema":{"@context":"https:\/\/schema.org","@graph":[{"@type":"Article","@id":"https:\/\/santapola.es\/ca\/obras-en-la-calle-san-pedro-por-la-renovacion-del-colector-de-alcantarillado\/#article","isPartOf":{"@id":"https:\/\/santapola.es\/ca\/obras-en-la-calle-san-pedro-por-la-renovacion-del-colector-de-alcantarillado\/"},"author":{"name":"Usuario Gen\u00e9rico Web","@id":"https:\/\/santapola.es\/ca\/#\/schema\/person\/5c898695593fabd93215e23620b3a9d1"},"headline":"Obras en la calle San Pedro por la renovaci\u00f3n del colector de alcantarillado","datePublished":"2021-06-17T09:11:38+00:00","dateModified":"2024-03-07T17:39:51+00:00","mainEntityOfPage":{"@id":"https:\/\/santapola.es\/ca\/obras-en-la-calle-san-pedro-por-la-renovacion-del-colector-de-alcantarillado\/"},"wordCount":204,"image":{"@id":"https:\/\/santapola.es\/ca\/obras-en-la-calle-san-pedro-por-la-renovacion-del-colector-de-alcantarillado\/#primaryimage"},"thumbnailUrl":"https:\/\/santapola.es\/wp-content\/uploads\/2021\/06\/Obras-1024x768.jpeg","articleSection":["Servicios p\u00fablicos \/ infraestructura \/ fomento \/ cementerios","Sin categorizar"],"inLanguage":"ca"},{"@type":"WebPage","@id":"https:\/\/santapola.es\/ca\/obras-en-la-calle-san-pedro-por-la-renovacion-del-colector-de-alcantarillado\/","url":"https:\/\/santapola.es\/ca\/obras-en-la-calle-san-pedro-por-la-renovacion-del-colector-de-alcantarillado\/","name":"Obras en la calle San Pedro por la renovaci\u00f3n del colector de alcantarillado - Ajuntament de Santa Pola","isPartOf":{"@id":"https:\/\/santapola.es\/ca\/#website"},"primaryImageOfPage":{"@id":"https:\/\/santapola.es\/ca\/obras-en-la-calle-san-pedro-por-la-renovacion-del-colector-de-alcantarillado\/#primaryimage"},"image":{"@id":"https:\/\/santapola.es\/ca\/obras-en-la-calle-san-pedro-por-la-renovacion-del-colector-de-alcantarillado\/#primaryimage"},"thumbnailUrl":"https:\/\/santapola.es\/wp-content\/uploads\/2021\/06\/Obras-1024x768.jpeg","datePublished":"2021-06-17T09:11:38+00:00","dateModified":"2024-03-07T17:39:51+00:00","author":{"@id":"https:\/\/santapola.es\/ca\/#\/schema\/person\/5c898695593fabd93215e23620b3a9d1"},"breadcrumb":{"@id":"https:\/\/santapola.es\/ca\/obras-en-la-calle-san-pedro-por-la-renovacion-del-colector-de-alcantarillado\/#breadcrumb"},"inLanguage":"ca","potentialAction":[{"@type":"ReadAction","target":["https:\/\/santapola.es\/ca\/obras-en-la-calle-san-pedro-por-la-renovacion-del-colector-de-alcantarillado\/"]}]},{"@type":"ImageObject","inLanguage":"ca","@id":"https:\/\/santapola.es\/ca\/obras-en-la-calle-san-pedro-por-la-renovacion-del-colector-de-alcantarillado\/#primaryimage","url":"https:\/\/santapola.es\/wp-content\/uploads\/2021\/06\/Obras-1024x768.jpeg","contentUrl":"https:\/\/santapola.es\/wp-content\/uploads\/2021\/06\/Obras-1024x768.jpeg"},{"@type":"BreadcrumbList","@id":"https:\/\/santapola.es\/ca\/obras-en-la-calle-san-pedro-por-la-renovacion-del-colector-de-alcantarillado\/#breadcrumb","itemListElement":[{"@type":"ListItem","position":1,"name":"Inici","item":"https:\/\/santapola.es\/ca\/"},{"@type":"ListItem","position":2,"name":"Obras en la calle San Pedro por la renovaci\u00f3n del colector de alcantarillado"}]},{"@type":"WebSite","@id":"https:\/\/santapola.es\/ca\/#website","url":"https:\/\/santapola.es\/ca\/","name":"Ayuntamiento de Santa Pola","description":"Web de l'Ajuntament de Santa Pola","potentialAction":[{"@type":"SearchAction","target":{"@type":"EntryPoint","urlTemplate":"https:\/\/santapola.es\/ca\/?s={search_term_string}"},"query-input":{"@type":"PropertyValueSpecification","valueRequired":true,"valueName":"search_term_string"}}],"inLanguage":"ca"},{"@type":"Person","@id":"https:\/\/santapola.es\/ca\/#\/schema\/person\/5c898695593fabd93215e23620b3a9d1","name":"Usuario Gen\u00e9rico Web"}]}},"_links":{"self":[{"href":"https:\/\/santapola.es\/ca\/wp-json\/wp\/v2\/posts\/15022","targetHints":{"allow":["GET"]}}],"collection":[{"href":"https:\/\/santapola.es\/ca\/wp-json\/wp\/v2\/posts"}],"about":[{"href":"https:\/\/santapola.es\/ca\/wp-json\/wp\/v2\/types\/post"}],"author":[{"embeddable":true,"href":"https:\/\/santapola.es\/ca\/wp-json\/wp\/v2\/users\/99"}],"replies":[{"embeddable":true,"href":"https:\/\/santapola.es\/ca\/wp-json\/wp\/v2\/comments?post=15022"}],"version-history":[{"count":0,"href":"https:\/\/santapola.es\/ca\/wp-json\/wp\/v2\/posts\/15022\/revisions"}],"wp:attachment":[{"href":"https:\/\/santapola.es\/ca\/wp-json\/wp\/v2\/media?parent=15022"}],"wp:term":[{"taxonomy":"category","embeddable":true,"href":"https:\/\/santapola.es\/ca\/wp-json\/wp\/v2\/categories?post=15022"},{"taxonomy":"post_tag","embeddable":true,"href":"https:\/\/santapola.es\/ca\/wp-json\/wp\/v2\/tags?post=15022"}],"curies":[{"name":"wp","href":"https:\/\/api.w.org\/{rel}","templated":true}]}}