{"id":14978,"date":"2021-06-08T12:30:43","date_gmt":"2021-06-08T11:30:43","guid":{"rendered":"https:\/\/www.santapola.es\/?p=14978"},"modified":"2024-03-07T18:39:49","modified_gmt":"2024-03-07T17:39:49","slug":"save-the-med-inicia-su-actividad-en-el-levante-con-sede-en-santa-pola","status":"publish","type":"post","link":"https:\/\/santapola.es\/ca\/save-the-med-inicia-su-actividad-en-el-levante-con-sede-en-santa-pola\/","title":{"rendered":"&#8220;Save the Med&#8221; inicia su actividad en el Levante con sede en Santa Pola"},"content":{"rendered":"<p style=\"text-align: justify;\">La Fundaci\u00f3n Save the Med inicia su actividad en el Levante con sede en Santa Pola. Recientemente Alfonso Morant y Alejandro P\u00e9rez-Ojeda visitaron a la alcaldesa de Santa Pola para informarle de la apertura de la nueva sede en la villa marinera.<\/p>\n<p style=\"text-align: justify;\">Tal y como indica parte del equipo han creado la sede de Levante, como primera base deslocalizada del plan de Expansi\u00f3n de SAVE THE MED FOUNDATION con sede en Islas Baleares, desde donde dirige sus actividades divulgativas y desarrolla sus proyectos cient\u00edficos, con la principal misi\u00f3n de la regeneraci\u00f3n del Mar Mediterr\u00e1neo.<\/p>\n<p style=\"text-align: justify;\">Santa Pola, posee valores id\u00f3neos para ser el lugar de acogida y desde donde proyectaran su propia actividad, en base a proyectos que esperan puedan seguir fines estrat\u00e9gicos de la pol\u00edtica medioambiental municipal, a la par que alinearse con la filosof\u00eda de trabajo de la Fundaci\u00f3n SAVE THE MED de luchar por la regeneraci\u00f3n biol\u00f3gica del Mediterr\u00e1neo, aunando los esfuerzos colaborativos y la sostenibilidad de las comunidades de los que vivimos por y del mismo mar.<\/p>\n<p>M\u00e1s informaci\u00f3n: <a href=\"https:\/\/www.savethemed.org\/es\/\">https:\/\/www.savethemed.org\/es\/<\/a><\/p>\n<p><img loading=\"lazy\" decoding=\"async\" class=\"aligncenter wp-image-14982 size-large\" src=\"https:\/\/santapola.es\/wp-content\/uploads\/2021\/06\/SaveTheMed_SantaPola-1024x768.jpg\" alt=\"\" width=\"1024\" height=\"768\" srcset=\"https:\/\/santapola.es\/wp-content\/uploads\/2021\/06\/SaveTheMed_SantaPola-1024x768.jpg 1024w, https:\/\/santapola.es\/wp-content\/uploads\/2021\/06\/SaveTheMed_SantaPola-300x225.jpg 300w, https:\/\/santapola.es\/wp-content\/uploads\/2021\/06\/SaveTheMed_SantaPola-768x576.jpg 768w, https:\/\/santapola.es\/wp-content\/uploads\/2021\/06\/SaveTheMed_SantaPola-1536x1152.jpg 1536w, https:\/\/santapola.es\/wp-content\/uploads\/2021\/06\/SaveTheMed_SantaPola-2048x1536.jpg 2048w, https:\/\/santapola.es\/wp-content\/uploads\/2021\/06\/SaveTheMed_SantaPola-510x382.jpg 510w, https:\/\/santapola.es\/wp-content\/uploads\/2021\/06\/SaveTheMed_SantaPola-1080x810.jpg 1080w, https:\/\/santapola.es\/wp-content\/uploads\/2021\/06\/SaveTheMed_SantaPola-610x458.jpg 610w\" sizes=\"(max-width: 1024px) 100vw, 1024px\" \/><\/p>\n","protected":false},"excerpt":{"rendered":"<p>La Fundaci\u00f3n Save the Med inicia su actividad en el Levante con sede en Santa Pola. Recientemente Alfonso Morant y Alejandro P\u00e9rez-Ojeda visitaron a la alcaldesa de Santa Pola para informarle de la apertura de la nueva sede en la villa marinera. Tal y como indica parte del equipo han creado la sede de Levante, [&hellip;]<\/p>\n","protected":false},"author":99,"featured_media":0,"comment_status":"closed","ping_status":"closed","sticky":false,"template":"","format":"standard","meta":{"_et_pb_use_builder":"","_et_pb_old_content":"","_et_gb_content_width":"","footnotes":""},"categories":[66,406,58],"tags":[],"class_list":["post-14978","post","type-post","status-publish","format-standard","hentry","category-inicio","category-sin-categorizar-2","category-sostenibilidad-sanidad"],"yoast_head":"<!-- This site is optimized with the Yoast SEO plugin v27.4 - https:\/\/yoast.com\/product\/yoast-seo-wordpress\/ -->\n<title>&quot;Save the Med&quot; inicia su actividad en el Levante con sede en Santa Pola - Ajuntament de Santa Pola<\/title>\n<meta name=\"robots\" content=\"index, follow, max-snippet:-1, max-image-preview:large, max-video-preview:-1\" \/>\n<link rel=\"canonical\" href=\"https:\/\/santapola.es\/ca\/save-the-med-inicia-su-actividad-en-el-levante-con-sede-en-santa-pola\/\" \/>\n<meta property=\"og:locale\" content=\"ca_ES\" \/>\n<meta property=\"og:type\" content=\"article\" \/>\n<meta property=\"og:title\" content=\"&quot;Save the Med&quot; inicia su actividad en el Levante con sede en Santa Pola - Ajuntament de Santa Pola\" \/>\n<meta property=\"og:description\" content=\"La Fundaci\u00f3n Save the Med inicia su actividad en el Levante con sede en Santa Pola. Recientemente Alfonso Morant y Alejandro P\u00e9rez-Ojeda visitaron a la alcaldesa de Santa Pola para informarle de la apertura de la nueva sede en la villa marinera. Tal y como indica parte del equipo han creado la sede de Levante, [&hellip;]\" \/>\n<meta property=\"og:url\" content=\"https:\/\/santapola.es\/ca\/save-the-med-inicia-su-actividad-en-el-levante-con-sede-en-santa-pola\/\" \/>\n<meta property=\"og:site_name\" content=\"Ajuntament de Santa Pola\" \/>\n<meta property=\"article:publisher\" content=\"https:\/\/www.facebook.com\/AyuntamientoSantaPola\/\" \/>\n<meta property=\"article:published_time\" content=\"2021-06-08T11:30:43+00:00\" \/>\n<meta property=\"article:modified_time\" content=\"2024-03-07T17:39:49+00:00\" \/>\n<meta property=\"og:image\" content=\"https:\/\/santapola.es\/wp-content\/uploads\/2021\/06\/SaveTheMed_SantaPola-1024x768.jpg\" \/>\n<meta name=\"author\" content=\"Usuario Gen\u00e9rico Web\" \/>\n<meta name=\"twitter:card\" content=\"summary_large_image\" \/>\n<meta name=\"twitter:creator\" content=\"@SantaPolaAyunt\" \/>\n<meta name=\"twitter:site\" content=\"@SantaPolaAyunt\" \/>\n<script type=\"application\/ld+json\" class=\"yoast-schema-graph\">{\"@context\":\"https:\\\/\\\/schema.org\",\"@graph\":[{\"@type\":\"Article\",\"@id\":\"https:\\\/\\\/santapola.es\\\/ca\\\/save-the-med-inicia-su-actividad-en-el-levante-con-sede-en-santa-pola\\\/#article\",\"isPartOf\":{\"@id\":\"https:\\\/\\\/santapola.es\\\/ca\\\/save-the-med-inicia-su-actividad-en-el-levante-con-sede-en-santa-pola\\\/\"},\"author\":{\"name\":\"Usuario Gen\u00e9rico Web\",\"@id\":\"https:\\\/\\\/santapola.es\\\/ca\\\/#\\\/schema\\\/person\\\/5c898695593fabd93215e23620b3a9d1\"},\"headline\":\"&#8220;Save the Med&#8221; inicia su actividad en el Levante con sede en Santa Pola\",\"datePublished\":\"2021-06-08T11:30:43+00:00\",\"dateModified\":\"2024-03-07T17:39:49+00:00\",\"mainEntityOfPage\":{\"@id\":\"https:\\\/\\\/santapola.es\\\/ca\\\/save-the-med-inicia-su-actividad-en-el-levante-con-sede-en-santa-pola\\\/\"},\"wordCount\":208,\"image\":{\"@id\":\"https:\\\/\\\/santapola.es\\\/ca\\\/save-the-med-inicia-su-actividad-en-el-levante-con-sede-en-santa-pola\\\/#primaryimage\"},\"thumbnailUrl\":\"https:\\\/\\\/santapola.es\\\/wp-content\\\/uploads\\\/2021\\\/06\\\/SaveTheMed_SantaPola-1024x768.jpg\",\"articleSection\":[\"Inicio\",\"Sin categorizar\",\"Sostenibilidad \\\/ Sanidad\"],\"inLanguage\":\"ca\"},{\"@type\":\"WebPage\",\"@id\":\"https:\\\/\\\/santapola.es\\\/ca\\\/save-the-med-inicia-su-actividad-en-el-levante-con-sede-en-santa-pola\\\/\",\"url\":\"https:\\\/\\\/santapola.es\\\/ca\\\/save-the-med-inicia-su-actividad-en-el-levante-con-sede-en-santa-pola\\\/\",\"name\":\"\\\"Save the Med\\\" inicia su actividad en el Levante con sede en Santa Pola - Ajuntament de Santa Pola\",\"isPartOf\":{\"@id\":\"https:\\\/\\\/santapola.es\\\/ca\\\/#website\"},\"primaryImageOfPage\":{\"@id\":\"https:\\\/\\\/santapola.es\\\/ca\\\/save-the-med-inicia-su-actividad-en-el-levante-con-sede-en-santa-pola\\\/#primaryimage\"},\"image\":{\"@id\":\"https:\\\/\\\/santapola.es\\\/ca\\\/save-the-med-inicia-su-actividad-en-el-levante-con-sede-en-santa-pola\\\/#primaryimage\"},\"thumbnailUrl\":\"https:\\\/\\\/santapola.es\\\/wp-content\\\/uploads\\\/2021\\\/06\\\/SaveTheMed_SantaPola-1024x768.jpg\",\"datePublished\":\"2021-06-08T11:30:43+00:00\",\"dateModified\":\"2024-03-07T17:39:49+00:00\",\"author\":{\"@id\":\"https:\\\/\\\/santapola.es\\\/ca\\\/#\\\/schema\\\/person\\\/5c898695593fabd93215e23620b3a9d1\"},\"breadcrumb\":{\"@id\":\"https:\\\/\\\/santapola.es\\\/ca\\\/save-the-med-inicia-su-actividad-en-el-levante-con-sede-en-santa-pola\\\/#breadcrumb\"},\"inLanguage\":\"ca\",\"potentialAction\":[{\"@type\":\"ReadAction\",\"target\":[\"https:\\\/\\\/santapola.es\\\/ca\\\/save-the-med-inicia-su-actividad-en-el-levante-con-sede-en-santa-pola\\\/\"]}]},{\"@type\":\"ImageObject\",\"inLanguage\":\"ca\",\"@id\":\"https:\\\/\\\/santapola.es\\\/ca\\\/save-the-med-inicia-su-actividad-en-el-levante-con-sede-en-santa-pola\\\/#primaryimage\",\"url\":\"https:\\\/\\\/santapola.es\\\/wp-content\\\/uploads\\\/2021\\\/06\\\/SaveTheMed_SantaPola-1024x768.jpg\",\"contentUrl\":\"https:\\\/\\\/santapola.es\\\/wp-content\\\/uploads\\\/2021\\\/06\\\/SaveTheMed_SantaPola-1024x768.jpg\"},{\"@type\":\"BreadcrumbList\",\"@id\":\"https:\\\/\\\/santapola.es\\\/ca\\\/save-the-med-inicia-su-actividad-en-el-levante-con-sede-en-santa-pola\\\/#breadcrumb\",\"itemListElement\":[{\"@type\":\"ListItem\",\"position\":1,\"name\":\"Inici\",\"item\":\"https:\\\/\\\/santapola.es\\\/ca\\\/\"},{\"@type\":\"ListItem\",\"position\":2,\"name\":\"&#8220;Save the Med&#8221; inicia su actividad en el Levante con sede en Santa Pola\"}]},{\"@type\":\"WebSite\",\"@id\":\"https:\\\/\\\/santapola.es\\\/ca\\\/#website\",\"url\":\"https:\\\/\\\/santapola.es\\\/ca\\\/\",\"name\":\"Ayuntamiento de Santa Pola\",\"description\":\"Web de l'Ajuntament de Santa Pola\",\"potentialAction\":[{\"@type\":\"SearchAction\",\"target\":{\"@type\":\"EntryPoint\",\"urlTemplate\":\"https:\\\/\\\/santapola.es\\\/ca\\\/?s={search_term_string}\"},\"query-input\":{\"@type\":\"PropertyValueSpecification\",\"valueRequired\":true,\"valueName\":\"search_term_string\"}}],\"inLanguage\":\"ca\"},{\"@type\":\"Person\",\"@id\":\"https:\\\/\\\/santapola.es\\\/ca\\\/#\\\/schema\\\/person\\\/5c898695593fabd93215e23620b3a9d1\",\"name\":\"Usuario Gen\u00e9rico Web\"}]}<\/script>\n<!-- \/ Yoast SEO plugin. -->","yoast_head_json":{"title":"\"Save the Med\" inicia su actividad en el Levante con sede en Santa Pola - Ajuntament de Santa Pola","robots":{"index":"index","follow":"follow","max-snippet":"max-snippet:-1","max-image-preview":"max-image-preview:large","max-video-preview":"max-video-preview:-1"},"canonical":"https:\/\/santapola.es\/ca\/save-the-med-inicia-su-actividad-en-el-levante-con-sede-en-santa-pola\/","og_locale":"ca_ES","og_type":"article","og_title":"\"Save the Med\" inicia su actividad en el Levante con sede en Santa Pola - Ajuntament de Santa Pola","og_description":"La Fundaci\u00f3n Save the Med inicia su actividad en el Levante con sede en Santa Pola. Recientemente Alfonso Morant y Alejandro P\u00e9rez-Ojeda visitaron a la alcaldesa de Santa Pola para informarle de la apertura de la nueva sede en la villa marinera. Tal y como indica parte del equipo han creado la sede de Levante, [&hellip;]","og_url":"https:\/\/santapola.es\/ca\/save-the-med-inicia-su-actividad-en-el-levante-con-sede-en-santa-pola\/","og_site_name":"Ajuntament de Santa Pola","article_publisher":"https:\/\/www.facebook.com\/AyuntamientoSantaPola\/","article_published_time":"2021-06-08T11:30:43+00:00","article_modified_time":"2024-03-07T17:39:49+00:00","og_image":[{"url":"https:\/\/santapola.es\/wp-content\/uploads\/2021\/06\/SaveTheMed_SantaPola-1024x768.jpg","type":"","width":"","height":""}],"author":"Usuario Gen\u00e9rico Web","twitter_card":"summary_large_image","twitter_creator":"@SantaPolaAyunt","twitter_site":"@SantaPolaAyunt","schema":{"@context":"https:\/\/schema.org","@graph":[{"@type":"Article","@id":"https:\/\/santapola.es\/ca\/save-the-med-inicia-su-actividad-en-el-levante-con-sede-en-santa-pola\/#article","isPartOf":{"@id":"https:\/\/santapola.es\/ca\/save-the-med-inicia-su-actividad-en-el-levante-con-sede-en-santa-pola\/"},"author":{"name":"Usuario Gen\u00e9rico Web","@id":"https:\/\/santapola.es\/ca\/#\/schema\/person\/5c898695593fabd93215e23620b3a9d1"},"headline":"&#8220;Save the Med&#8221; inicia su actividad en el Levante con sede en Santa Pola","datePublished":"2021-06-08T11:30:43+00:00","dateModified":"2024-03-07T17:39:49+00:00","mainEntityOfPage":{"@id":"https:\/\/santapola.es\/ca\/save-the-med-inicia-su-actividad-en-el-levante-con-sede-en-santa-pola\/"},"wordCount":208,"image":{"@id":"https:\/\/santapola.es\/ca\/save-the-med-inicia-su-actividad-en-el-levante-con-sede-en-santa-pola\/#primaryimage"},"thumbnailUrl":"https:\/\/santapola.es\/wp-content\/uploads\/2021\/06\/SaveTheMed_SantaPola-1024x768.jpg","articleSection":["Inicio","Sin categorizar","Sostenibilidad \/ Sanidad"],"inLanguage":"ca"},{"@type":"WebPage","@id":"https:\/\/santapola.es\/ca\/save-the-med-inicia-su-actividad-en-el-levante-con-sede-en-santa-pola\/","url":"https:\/\/santapola.es\/ca\/save-the-med-inicia-su-actividad-en-el-levante-con-sede-en-santa-pola\/","name":"\"Save the Med\" inicia su actividad en el Levante con sede en Santa Pola - Ajuntament de Santa Pola","isPartOf":{"@id":"https:\/\/santapola.es\/ca\/#website"},"primaryImageOfPage":{"@id":"https:\/\/santapola.es\/ca\/save-the-med-inicia-su-actividad-en-el-levante-con-sede-en-santa-pola\/#primaryimage"},"image":{"@id":"https:\/\/santapola.es\/ca\/save-the-med-inicia-su-actividad-en-el-levante-con-sede-en-santa-pola\/#primaryimage"},"thumbnailUrl":"https:\/\/santapola.es\/wp-content\/uploads\/2021\/06\/SaveTheMed_SantaPola-1024x768.jpg","datePublished":"2021-06-08T11:30:43+00:00","dateModified":"2024-03-07T17:39:49+00:00","author":{"@id":"https:\/\/santapola.es\/ca\/#\/schema\/person\/5c898695593fabd93215e23620b3a9d1"},"breadcrumb":{"@id":"https:\/\/santapola.es\/ca\/save-the-med-inicia-su-actividad-en-el-levante-con-sede-en-santa-pola\/#breadcrumb"},"inLanguage":"ca","potentialAction":[{"@type":"ReadAction","target":["https:\/\/santapola.es\/ca\/save-the-med-inicia-su-actividad-en-el-levante-con-sede-en-santa-pola\/"]}]},{"@type":"ImageObject","inLanguage":"ca","@id":"https:\/\/santapola.es\/ca\/save-the-med-inicia-su-actividad-en-el-levante-con-sede-en-santa-pola\/#primaryimage","url":"https:\/\/santapola.es\/wp-content\/uploads\/2021\/06\/SaveTheMed_SantaPola-1024x768.jpg","contentUrl":"https:\/\/santapola.es\/wp-content\/uploads\/2021\/06\/SaveTheMed_SantaPola-1024x768.jpg"},{"@type":"BreadcrumbList","@id":"https:\/\/santapola.es\/ca\/save-the-med-inicia-su-actividad-en-el-levante-con-sede-en-santa-pola\/#breadcrumb","itemListElement":[{"@type":"ListItem","position":1,"name":"Inici","item":"https:\/\/santapola.es\/ca\/"},{"@type":"ListItem","position":2,"name":"&#8220;Save the Med&#8221; inicia su actividad en el Levante con sede en Santa Pola"}]},{"@type":"WebSite","@id":"https:\/\/santapola.es\/ca\/#website","url":"https:\/\/santapola.es\/ca\/","name":"Ayuntamiento de Santa Pola","description":"Web de l'Ajuntament de Santa Pola","potentialAction":[{"@type":"SearchAction","target":{"@type":"EntryPoint","urlTemplate":"https:\/\/santapola.es\/ca\/?s={search_term_string}"},"query-input":{"@type":"PropertyValueSpecification","valueRequired":true,"valueName":"search_term_string"}}],"inLanguage":"ca"},{"@type":"Person","@id":"https:\/\/santapola.es\/ca\/#\/schema\/person\/5c898695593fabd93215e23620b3a9d1","name":"Usuario Gen\u00e9rico Web"}]}},"_links":{"self":[{"href":"https:\/\/santapola.es\/ca\/wp-json\/wp\/v2\/posts\/14978","targetHints":{"allow":["GET"]}}],"collection":[{"href":"https:\/\/santapola.es\/ca\/wp-json\/wp\/v2\/posts"}],"about":[{"href":"https:\/\/santapola.es\/ca\/wp-json\/wp\/v2\/types\/post"}],"author":[{"embeddable":true,"href":"https:\/\/santapola.es\/ca\/wp-json\/wp\/v2\/users\/99"}],"replies":[{"embeddable":true,"href":"https:\/\/santapola.es\/ca\/wp-json\/wp\/v2\/comments?post=14978"}],"version-history":[{"count":0,"href":"https:\/\/santapola.es\/ca\/wp-json\/wp\/v2\/posts\/14978\/revisions"}],"wp:attachment":[{"href":"https:\/\/santapola.es\/ca\/wp-json\/wp\/v2\/media?parent=14978"}],"wp:term":[{"taxonomy":"category","embeddable":true,"href":"https:\/\/santapola.es\/ca\/wp-json\/wp\/v2\/categories?post=14978"},{"taxonomy":"post_tag","embeddable":true,"href":"https:\/\/santapola.es\/ca\/wp-json\/wp\/v2\/tags?post=14978"}],"curies":[{"name":"wp","href":"https:\/\/api.w.org\/{rel}","templated":true}]}}