{"id":14972,"date":"2021-06-09T10:28:23","date_gmt":"2021-06-09T09:28:23","guid":{"rendered":"https:\/\/www.santapola.es\/?p=14972"},"modified":"2024-03-07T18:39:49","modified_gmt":"2024-03-07T17:39:49","slug":"abierta-convocatoria-del-certamen-de-cortos-de-santa-pola","status":"publish","type":"post","link":"https:\/\/santapola.es\/ca\/abierta-convocatoria-del-certamen-de-cortos-de-santa-pola\/","title":{"rendered":"Abierta convocatoria del Certamen de Cortos de Santa Pola"},"content":{"rendered":"<p style=\"text-align: justify;\"><em>CONVOCADA UNA NUEVA EDICI\u00d3N DEL CERTAMEN DE CORTOS DE SANTA POLA, DE CAR\u00c1CTER AUTON\u00d3MICO Y CON APOYO A LOS J\u00d3VENES LOCALES<\/em><\/p>\n<p style=\"text-align: justify;\">El Ayuntamiento de Santa Pola, a trav\u00e9s de las Concejal\u00edas de Cultura, Juventud y Normalizaci\u00f3n Ling\u00fc\u00edstica, convoca el IX CERTAMEN AUTON\u00d3MICO DE CORTOS VILLA DE SANTA POLA 2021, que se llevar\u00e1 a cabo en la Casa de Cultura, los d\u00edas 11, 12 y 13 de noviembre.<\/p>\n<p style=\"text-align: justify;\">Las personas interesadas en participar tendr\u00e1n que cumplir el requisito de residir en cualquier municipio de la Comunidad Valenciana, y podr\u00e1n presentar sus trabajos de manera individual o colectiva. El plazo de presentaci\u00f3n finaliza a las 21:00 del d\u00eda 30 de septiembre de 2021.<\/p>\n<p>El acto de entrega de premios tendr\u00e1 lugar el d\u00eda 13 de noviembre en la Gala que se celebrar\u00e1 en la Casa de Cultura de Santa Pola.<\/p>\n<p>El concurso cuenta con los siguientes premios:<br \/>\n1\u00ba Premio: 450 \u20ac (Otorgado por la Concejal\u00eda de Cultura)<br \/>\nPremio Especial del P\u00fablico: 150 \u20ac (Otorgado por la Concejal\u00eda de Juventud)<br \/>\nAcc\u00e9sit 1: 250 \u20ac (Otorgado por la Concejal\u00eda de Juventud)<br \/>\nAcc\u00e9sit 2: 250 \u20ac (Otorgado por la Concejal\u00eda de Juventud)<br \/>\nPremio: Mejor corto en valenciano: 250 \u20ac (Otorgado por la Concejal\u00eda de Normalizaci\u00f3n Ling\u00fc\u00edstica)<br \/>\nSecci\u00f3n Local para J\u00f3venes dotada con 4 Premios de 100 \u20ac cada uno (Otorgados por la Concejal\u00eda de Juventud)<\/p>\n<p><a href=\"http:\/\/www.racojove.com\/wp-content\/uploads\/2021\/05\/BASES_CORTOS_2021.pdf\">BASES<\/a> Y M\u00c1S INFORMACI\u00d3N:\u00a0<a href=\"http:\/\/WWW.RACOJOVE.COM\">www.racojove.com<\/a><\/p>\n<p>Facebook Aviva Santa Pola, Casa de Cultura y Rac\u00f2 Jove.<\/p>\n<p><img loading=\"lazy\" decoding=\"async\" class=\"alignnone size-full wp-image-14989\" src=\"https:\/\/santapola.es\/wp-content\/uploads\/2021\/06\/CARTEL_CORTOS_2021_CAST.png\" alt=\"\" width=\"842\" height=\"1191\" srcset=\"https:\/\/santapola.es\/wp-content\/uploads\/2021\/06\/CARTEL_CORTOS_2021_CAST.png 842w, https:\/\/santapola.es\/wp-content\/uploads\/2021\/06\/CARTEL_CORTOS_2021_CAST-212x300.png 212w, https:\/\/santapola.es\/wp-content\/uploads\/2021\/06\/CARTEL_CORTOS_2021_CAST-724x1024.png 724w, https:\/\/santapola.es\/wp-content\/uploads\/2021\/06\/CARTEL_CORTOS_2021_CAST-768x1086.png 768w, https:\/\/santapola.es\/wp-content\/uploads\/2021\/06\/CARTEL_CORTOS_2021_CAST-610x863.png 610w\" sizes=\"(max-width: 842px) 100vw, 842px\" \/><\/p>\n<p>&nbsp;<\/p>\n","protected":false},"excerpt":{"rendered":"<p>CONVOCADA UNA NUEVA EDICI\u00d3N DEL CERTAMEN DE CORTOS DE SANTA POLA, DE CAR\u00c1CTER AUTON\u00d3MICO Y CON APOYO A LOS J\u00d3VENES LOCALES El Ayuntamiento de Santa Pola, a trav\u00e9s de las Concejal\u00edas de Cultura, Juventud y Normalizaci\u00f3n Ling\u00fc\u00edstica, convoca el IX CERTAMEN AUTON\u00d3MICO DE CORTOS VILLA DE SANTA POLA 2021, que se llevar\u00e1 a cabo en [&hellip;]<\/p>\n","protected":false},"author":99,"featured_media":0,"comment_status":"closed","ping_status":"closed","sticky":false,"template":"","format":"standard","meta":{"_et_pb_use_builder":"","_et_pb_old_content":"","_et_gb_content_width":"","footnotes":""},"categories":[60,66,406],"tags":[],"class_list":["post-14972","post","type-post","status-publish","format-standard","hentry","category-educacion-juventud","category-inicio","category-sin-categorizar-2"],"yoast_head":"<!-- This site is optimized with the Yoast SEO plugin v27.4 - https:\/\/yoast.com\/product\/yoast-seo-wordpress\/ -->\n<title>Abierta convocatoria del Certamen de Cortos de Santa Pola - Ajuntament de Santa Pola<\/title>\n<meta name=\"robots\" content=\"index, follow, max-snippet:-1, max-image-preview:large, max-video-preview:-1\" \/>\n<link rel=\"canonical\" href=\"https:\/\/santapola.es\/ca\/abierta-convocatoria-del-certamen-de-cortos-de-santa-pola\/\" \/>\n<meta property=\"og:locale\" content=\"ca_ES\" \/>\n<meta property=\"og:type\" content=\"article\" \/>\n<meta property=\"og:title\" content=\"Abierta convocatoria del Certamen de Cortos de Santa Pola - Ajuntament de Santa Pola\" \/>\n<meta property=\"og:description\" content=\"CONVOCADA UNA NUEVA EDICI\u00d3N DEL CERTAMEN DE CORTOS DE SANTA POLA, DE CAR\u00c1CTER AUTON\u00d3MICO Y CON APOYO A LOS J\u00d3VENES LOCALES El Ayuntamiento de Santa Pola, a trav\u00e9s de las Concejal\u00edas de Cultura, Juventud y Normalizaci\u00f3n Ling\u00fc\u00edstica, convoca el IX CERTAMEN AUTON\u00d3MICO DE CORTOS VILLA DE SANTA POLA 2021, que se llevar\u00e1 a cabo en [&hellip;]\" \/>\n<meta property=\"og:url\" content=\"https:\/\/santapola.es\/ca\/abierta-convocatoria-del-certamen-de-cortos-de-santa-pola\/\" \/>\n<meta property=\"og:site_name\" content=\"Ajuntament de Santa Pola\" \/>\n<meta property=\"article:publisher\" content=\"https:\/\/www.facebook.com\/AyuntamientoSantaPola\/\" \/>\n<meta property=\"article:published_time\" content=\"2021-06-09T09:28:23+00:00\" \/>\n<meta property=\"article:modified_time\" content=\"2024-03-07T17:39:49+00:00\" \/>\n<meta property=\"og:image\" content=\"https:\/\/santapola.es\/wp-content\/uploads\/2021\/06\/CARTEL_CORTOS_2021_CAST.png\" \/>\n<meta name=\"author\" content=\"Usuario Gen\u00e9rico Web\" \/>\n<meta name=\"twitter:card\" content=\"summary_large_image\" \/>\n<meta name=\"twitter:creator\" content=\"@SantaPolaAyunt\" \/>\n<meta name=\"twitter:site\" content=\"@SantaPolaAyunt\" \/>\n<script type=\"application\/ld+json\" class=\"yoast-schema-graph\">{\"@context\":\"https:\\\/\\\/schema.org\",\"@graph\":[{\"@type\":\"Article\",\"@id\":\"https:\\\/\\\/santapola.es\\\/ca\\\/abierta-convocatoria-del-certamen-de-cortos-de-santa-pola\\\/#article\",\"isPartOf\":{\"@id\":\"https:\\\/\\\/santapola.es\\\/ca\\\/abierta-convocatoria-del-certamen-de-cortos-de-santa-pola\\\/\"},\"author\":{\"name\":\"Usuario Gen\u00e9rico Web\",\"@id\":\"https:\\\/\\\/santapola.es\\\/ca\\\/#\\\/schema\\\/person\\\/5c898695593fabd93215e23620b3a9d1\"},\"headline\":\"Abierta convocatoria del Certamen de Cortos de Santa Pola\",\"datePublished\":\"2021-06-09T09:28:23+00:00\",\"dateModified\":\"2024-03-07T17:39:49+00:00\",\"mainEntityOfPage\":{\"@id\":\"https:\\\/\\\/santapola.es\\\/ca\\\/abierta-convocatoria-del-certamen-de-cortos-de-santa-pola\\\/\"},\"wordCount\":253,\"image\":{\"@id\":\"https:\\\/\\\/santapola.es\\\/ca\\\/abierta-convocatoria-del-certamen-de-cortos-de-santa-pola\\\/#primaryimage\"},\"thumbnailUrl\":\"https:\\\/\\\/santapola.es\\\/wp-content\\\/uploads\\\/2021\\\/06\\\/CARTEL_CORTOS_2021_CAST.png\",\"articleSection\":[\"Educaci\u00f3n \\\/ Juventud\",\"Inicio\",\"Sin categorizar\"],\"inLanguage\":\"ca\"},{\"@type\":\"WebPage\",\"@id\":\"https:\\\/\\\/santapola.es\\\/ca\\\/abierta-convocatoria-del-certamen-de-cortos-de-santa-pola\\\/\",\"url\":\"https:\\\/\\\/santapola.es\\\/ca\\\/abierta-convocatoria-del-certamen-de-cortos-de-santa-pola\\\/\",\"name\":\"Abierta convocatoria del Certamen de Cortos de Santa Pola - Ajuntament de Santa Pola\",\"isPartOf\":{\"@id\":\"https:\\\/\\\/santapola.es\\\/ca\\\/#website\"},\"primaryImageOfPage\":{\"@id\":\"https:\\\/\\\/santapola.es\\\/ca\\\/abierta-convocatoria-del-certamen-de-cortos-de-santa-pola\\\/#primaryimage\"},\"image\":{\"@id\":\"https:\\\/\\\/santapola.es\\\/ca\\\/abierta-convocatoria-del-certamen-de-cortos-de-santa-pola\\\/#primaryimage\"},\"thumbnailUrl\":\"https:\\\/\\\/santapola.es\\\/wp-content\\\/uploads\\\/2021\\\/06\\\/CARTEL_CORTOS_2021_CAST.png\",\"datePublished\":\"2021-06-09T09:28:23+00:00\",\"dateModified\":\"2024-03-07T17:39:49+00:00\",\"author\":{\"@id\":\"https:\\\/\\\/santapola.es\\\/ca\\\/#\\\/schema\\\/person\\\/5c898695593fabd93215e23620b3a9d1\"},\"breadcrumb\":{\"@id\":\"https:\\\/\\\/santapola.es\\\/ca\\\/abierta-convocatoria-del-certamen-de-cortos-de-santa-pola\\\/#breadcrumb\"},\"inLanguage\":\"ca\",\"potentialAction\":[{\"@type\":\"ReadAction\",\"target\":[\"https:\\\/\\\/santapola.es\\\/ca\\\/abierta-convocatoria-del-certamen-de-cortos-de-santa-pola\\\/\"]}]},{\"@type\":\"ImageObject\",\"inLanguage\":\"ca\",\"@id\":\"https:\\\/\\\/santapola.es\\\/ca\\\/abierta-convocatoria-del-certamen-de-cortos-de-santa-pola\\\/#primaryimage\",\"url\":\"https:\\\/\\\/santapola.es\\\/wp-content\\\/uploads\\\/2021\\\/06\\\/CARTEL_CORTOS_2021_CAST.png\",\"contentUrl\":\"https:\\\/\\\/santapola.es\\\/wp-content\\\/uploads\\\/2021\\\/06\\\/CARTEL_CORTOS_2021_CAST.png\"},{\"@type\":\"BreadcrumbList\",\"@id\":\"https:\\\/\\\/santapola.es\\\/ca\\\/abierta-convocatoria-del-certamen-de-cortos-de-santa-pola\\\/#breadcrumb\",\"itemListElement\":[{\"@type\":\"ListItem\",\"position\":1,\"name\":\"Inici\",\"item\":\"https:\\\/\\\/santapola.es\\\/ca\\\/\"},{\"@type\":\"ListItem\",\"position\":2,\"name\":\"Abierta convocatoria del Certamen de Cortos de Santa Pola\"}]},{\"@type\":\"WebSite\",\"@id\":\"https:\\\/\\\/santapola.es\\\/ca\\\/#website\",\"url\":\"https:\\\/\\\/santapola.es\\\/ca\\\/\",\"name\":\"Ayuntamiento de Santa Pola\",\"description\":\"Web de l'Ajuntament de Santa Pola\",\"potentialAction\":[{\"@type\":\"SearchAction\",\"target\":{\"@type\":\"EntryPoint\",\"urlTemplate\":\"https:\\\/\\\/santapola.es\\\/ca\\\/?s={search_term_string}\"},\"query-input\":{\"@type\":\"PropertyValueSpecification\",\"valueRequired\":true,\"valueName\":\"search_term_string\"}}],\"inLanguage\":\"ca\"},{\"@type\":\"Person\",\"@id\":\"https:\\\/\\\/santapola.es\\\/ca\\\/#\\\/schema\\\/person\\\/5c898695593fabd93215e23620b3a9d1\",\"name\":\"Usuario Gen\u00e9rico Web\"}]}<\/script>\n<!-- \/ Yoast SEO plugin. -->","yoast_head_json":{"title":"Abierta convocatoria del Certamen de Cortos de Santa Pola - Ajuntament de Santa Pola","robots":{"index":"index","follow":"follow","max-snippet":"max-snippet:-1","max-image-preview":"max-image-preview:large","max-video-preview":"max-video-preview:-1"},"canonical":"https:\/\/santapola.es\/ca\/abierta-convocatoria-del-certamen-de-cortos-de-santa-pola\/","og_locale":"ca_ES","og_type":"article","og_title":"Abierta convocatoria del Certamen de Cortos de Santa Pola - Ajuntament de Santa Pola","og_description":"CONVOCADA UNA NUEVA EDICI\u00d3N DEL CERTAMEN DE CORTOS DE SANTA POLA, DE CAR\u00c1CTER AUTON\u00d3MICO Y CON APOYO A LOS J\u00d3VENES LOCALES El Ayuntamiento de Santa Pola, a trav\u00e9s de las Concejal\u00edas de Cultura, Juventud y Normalizaci\u00f3n Ling\u00fc\u00edstica, convoca el IX CERTAMEN AUTON\u00d3MICO DE CORTOS VILLA DE SANTA POLA 2021, que se llevar\u00e1 a cabo en [&hellip;]","og_url":"https:\/\/santapola.es\/ca\/abierta-convocatoria-del-certamen-de-cortos-de-santa-pola\/","og_site_name":"Ajuntament de Santa Pola","article_publisher":"https:\/\/www.facebook.com\/AyuntamientoSantaPola\/","article_published_time":"2021-06-09T09:28:23+00:00","article_modified_time":"2024-03-07T17:39:49+00:00","og_image":[{"url":"https:\/\/santapola.es\/wp-content\/uploads\/2021\/06\/CARTEL_CORTOS_2021_CAST.png","type":"","width":"","height":""}],"author":"Usuario Gen\u00e9rico Web","twitter_card":"summary_large_image","twitter_creator":"@SantaPolaAyunt","twitter_site":"@SantaPolaAyunt","schema":{"@context":"https:\/\/schema.org","@graph":[{"@type":"Article","@id":"https:\/\/santapola.es\/ca\/abierta-convocatoria-del-certamen-de-cortos-de-santa-pola\/#article","isPartOf":{"@id":"https:\/\/santapola.es\/ca\/abierta-convocatoria-del-certamen-de-cortos-de-santa-pola\/"},"author":{"name":"Usuario Gen\u00e9rico Web","@id":"https:\/\/santapola.es\/ca\/#\/schema\/person\/5c898695593fabd93215e23620b3a9d1"},"headline":"Abierta convocatoria del Certamen de Cortos de Santa Pola","datePublished":"2021-06-09T09:28:23+00:00","dateModified":"2024-03-07T17:39:49+00:00","mainEntityOfPage":{"@id":"https:\/\/santapola.es\/ca\/abierta-convocatoria-del-certamen-de-cortos-de-santa-pola\/"},"wordCount":253,"image":{"@id":"https:\/\/santapola.es\/ca\/abierta-convocatoria-del-certamen-de-cortos-de-santa-pola\/#primaryimage"},"thumbnailUrl":"https:\/\/santapola.es\/wp-content\/uploads\/2021\/06\/CARTEL_CORTOS_2021_CAST.png","articleSection":["Educaci\u00f3n \/ Juventud","Inicio","Sin categorizar"],"inLanguage":"ca"},{"@type":"WebPage","@id":"https:\/\/santapola.es\/ca\/abierta-convocatoria-del-certamen-de-cortos-de-santa-pola\/","url":"https:\/\/santapola.es\/ca\/abierta-convocatoria-del-certamen-de-cortos-de-santa-pola\/","name":"Abierta convocatoria del Certamen de Cortos de Santa Pola - Ajuntament de Santa Pola","isPartOf":{"@id":"https:\/\/santapola.es\/ca\/#website"},"primaryImageOfPage":{"@id":"https:\/\/santapola.es\/ca\/abierta-convocatoria-del-certamen-de-cortos-de-santa-pola\/#primaryimage"},"image":{"@id":"https:\/\/santapola.es\/ca\/abierta-convocatoria-del-certamen-de-cortos-de-santa-pola\/#primaryimage"},"thumbnailUrl":"https:\/\/santapola.es\/wp-content\/uploads\/2021\/06\/CARTEL_CORTOS_2021_CAST.png","datePublished":"2021-06-09T09:28:23+00:00","dateModified":"2024-03-07T17:39:49+00:00","author":{"@id":"https:\/\/santapola.es\/ca\/#\/schema\/person\/5c898695593fabd93215e23620b3a9d1"},"breadcrumb":{"@id":"https:\/\/santapola.es\/ca\/abierta-convocatoria-del-certamen-de-cortos-de-santa-pola\/#breadcrumb"},"inLanguage":"ca","potentialAction":[{"@type":"ReadAction","target":["https:\/\/santapola.es\/ca\/abierta-convocatoria-del-certamen-de-cortos-de-santa-pola\/"]}]},{"@type":"ImageObject","inLanguage":"ca","@id":"https:\/\/santapola.es\/ca\/abierta-convocatoria-del-certamen-de-cortos-de-santa-pola\/#primaryimage","url":"https:\/\/santapola.es\/wp-content\/uploads\/2021\/06\/CARTEL_CORTOS_2021_CAST.png","contentUrl":"https:\/\/santapola.es\/wp-content\/uploads\/2021\/06\/CARTEL_CORTOS_2021_CAST.png"},{"@type":"BreadcrumbList","@id":"https:\/\/santapola.es\/ca\/abierta-convocatoria-del-certamen-de-cortos-de-santa-pola\/#breadcrumb","itemListElement":[{"@type":"ListItem","position":1,"name":"Inici","item":"https:\/\/santapola.es\/ca\/"},{"@type":"ListItem","position":2,"name":"Abierta convocatoria del Certamen de Cortos de Santa Pola"}]},{"@type":"WebSite","@id":"https:\/\/santapola.es\/ca\/#website","url":"https:\/\/santapola.es\/ca\/","name":"Ayuntamiento de Santa Pola","description":"Web de l'Ajuntament de Santa Pola","potentialAction":[{"@type":"SearchAction","target":{"@type":"EntryPoint","urlTemplate":"https:\/\/santapola.es\/ca\/?s={search_term_string}"},"query-input":{"@type":"PropertyValueSpecification","valueRequired":true,"valueName":"search_term_string"}}],"inLanguage":"ca"},{"@type":"Person","@id":"https:\/\/santapola.es\/ca\/#\/schema\/person\/5c898695593fabd93215e23620b3a9d1","name":"Usuario Gen\u00e9rico Web"}]}},"_links":{"self":[{"href":"https:\/\/santapola.es\/ca\/wp-json\/wp\/v2\/posts\/14972","targetHints":{"allow":["GET"]}}],"collection":[{"href":"https:\/\/santapola.es\/ca\/wp-json\/wp\/v2\/posts"}],"about":[{"href":"https:\/\/santapola.es\/ca\/wp-json\/wp\/v2\/types\/post"}],"author":[{"embeddable":true,"href":"https:\/\/santapola.es\/ca\/wp-json\/wp\/v2\/users\/99"}],"replies":[{"embeddable":true,"href":"https:\/\/santapola.es\/ca\/wp-json\/wp\/v2\/comments?post=14972"}],"version-history":[{"count":0,"href":"https:\/\/santapola.es\/ca\/wp-json\/wp\/v2\/posts\/14972\/revisions"}],"wp:attachment":[{"href":"https:\/\/santapola.es\/ca\/wp-json\/wp\/v2\/media?parent=14972"}],"wp:term":[{"taxonomy":"category","embeddable":true,"href":"https:\/\/santapola.es\/ca\/wp-json\/wp\/v2\/categories?post=14972"},{"taxonomy":"post_tag","embeddable":true,"href":"https:\/\/santapola.es\/ca\/wp-json\/wp\/v2\/tags?post=14972"}],"curies":[{"name":"wp","href":"https:\/\/api.w.org\/{rel}","templated":true}]}}