{"id":14968,"date":"2021-06-08T07:25:34","date_gmt":"2021-06-08T06:25:34","guid":{"rendered":"https:\/\/www.santapola.es\/?p=14968"},"modified":"2024-03-07T18:39:49","modified_gmt":"2024-03-07T17:39:49","slug":"reapertura-de-la-unidad-de-prevencion-de-conductas-adictivas-de-santa-pola","status":"publish","type":"post","link":"https:\/\/santapola.es\/ca\/reapertura-de-la-unidad-de-prevencion-de-conductas-adictivas-de-santa-pola\/","title":{"rendered":"Reapertura de la Unidad de Prevenci\u00f3n de Conductas Adictivas de Santa Pola"},"content":{"rendered":"<p>El \u00e1rea de Servicios Sociales del Ayuntamiento de Santa Pola comunica la reapertura de la Unidad de Prevenci\u00f3n Comunitaria de Conductas Adictivas (UPCCA). El objetivo de este servicio es fundamentalmente desarrollar acciones preventivas de conductas adictivas promoviendo, a su vez, h\u00e1bitos de estilo de vida saludables con el fin de mejorar la calidad de vida de las personas.<\/p>\n<p>Este servicio pretende llegar a toda la poblaci\u00f3n santapolera realizando acciones directas principalmente en cuatro \u00e1reas de la poblaci\u00f3n: la escolar, la familiar, la comunitaria y la laboral. Adem\u00e1s, desde la UPCCA se pretende fomentar la participaci\u00f3n ciudadana y la coordinaci\u00f3n de las diferentes instituciones y recursos municipales relevantes en el \u00e1mbito de las conductas adictivas. Por tanto, se ofrecer\u00e1 a toda la poblaci\u00f3n de Santa Pola asesoramiento e informaci\u00f3n en materia de conductas adictivas tanto en relaci\u00f3n al consumo de sustancias como al abuso de nuevas tecnolog\u00edas, videojuegos, etc.<\/p>\n<p>El trabajo se desarrollar\u00e1 principalmente en el Centro C\u00edvico y Social de Santa Pola, situado en C\/ Casta\u00f1os, 12 y el tel\u00e9fono de contacto es el 966 69 27 81 est\u00e1 abierto a toda la poblaci\u00f3n para posibles consultas.<\/p>\n<p><img loading=\"lazy\" decoding=\"async\" class=\"aligncenter wp-image-14969 size-large\" src=\"https:\/\/santapola.es\/wp-content\/uploads\/2021\/06\/upcca-724x1024.jpg\" alt=\"\" width=\"724\" height=\"1024\" srcset=\"https:\/\/santapola.es\/wp-content\/uploads\/2021\/06\/upcca-724x1024.jpg 724w, https:\/\/santapola.es\/wp-content\/uploads\/2021\/06\/upcca-212x300.jpg 212w, https:\/\/santapola.es\/wp-content\/uploads\/2021\/06\/upcca-768x1086.jpg 768w, https:\/\/santapola.es\/wp-content\/uploads\/2021\/06\/upcca-1086x1536.jpg 1086w, https:\/\/santapola.es\/wp-content\/uploads\/2021\/06\/upcca-1448x2048.jpg 1448w, https:\/\/santapola.es\/wp-content\/uploads\/2021\/06\/upcca-1080x1528.jpg 1080w, https:\/\/santapola.es\/wp-content\/uploads\/2021\/06\/upcca-610x863.jpg 610w, https:\/\/santapola.es\/wp-content\/uploads\/2021\/06\/upcca.jpg 1587w\" sizes=\"(max-width: 724px) 100vw, 724px\" \/><\/p>\n","protected":false},"excerpt":{"rendered":"<p>El \u00e1rea de Servicios Sociales del Ayuntamiento de Santa Pola comunica la reapertura de la Unidad de Prevenci\u00f3n Comunitaria de Conductas Adictivas (UPCCA). El objetivo de este servicio es fundamentalmente desarrollar acciones preventivas de conductas adictivas promoviendo, a su vez, h\u00e1bitos de estilo de vida saludables con el fin de mejorar la calidad de vida [&hellip;]<\/p>\n","protected":false},"author":99,"featured_media":0,"comment_status":"closed","ping_status":"closed","sticky":false,"template":"","format":"standard","meta":{"_et_pb_use_builder":"","_et_pb_old_content":"","_et_gb_content_width":"","footnotes":""},"categories":[53,66,406,58],"tags":[],"class_list":["post-14968","post","type-post","status-publish","format-standard","hentry","category-igualdad-diversidad-ac-social-vivienda","category-inicio","category-sin-categorizar-2","category-sostenibilidad-sanidad"],"yoast_head":"<!-- This site is optimized with the Yoast SEO plugin v27.4 - https:\/\/yoast.com\/product\/yoast-seo-wordpress\/ -->\n<title>Reapertura de la Unidad de Prevenci\u00f3n de Conductas Adictivas de Santa Pola - Ajuntament de Santa Pola<\/title>\n<meta name=\"robots\" content=\"index, follow, max-snippet:-1, max-image-preview:large, max-video-preview:-1\" \/>\n<link rel=\"canonical\" href=\"https:\/\/santapola.es\/ca\/reapertura-de-la-unidad-de-prevencion-de-conductas-adictivas-de-santa-pola\/\" \/>\n<meta property=\"og:locale\" content=\"ca_ES\" \/>\n<meta property=\"og:type\" content=\"article\" \/>\n<meta property=\"og:title\" content=\"Reapertura de la Unidad de Prevenci\u00f3n de Conductas Adictivas de Santa Pola - Ajuntament de Santa Pola\" \/>\n<meta property=\"og:description\" content=\"El \u00e1rea de Servicios Sociales del Ayuntamiento de Santa Pola comunica la reapertura de la Unidad de Prevenci\u00f3n Comunitaria de Conductas Adictivas (UPCCA). El objetivo de este servicio es fundamentalmente desarrollar acciones preventivas de conductas adictivas promoviendo, a su vez, h\u00e1bitos de estilo de vida saludables con el fin de mejorar la calidad de vida [&hellip;]\" \/>\n<meta property=\"og:url\" content=\"https:\/\/santapola.es\/ca\/reapertura-de-la-unidad-de-prevencion-de-conductas-adictivas-de-santa-pola\/\" \/>\n<meta property=\"og:site_name\" content=\"Ajuntament de Santa Pola\" \/>\n<meta property=\"article:publisher\" content=\"https:\/\/www.facebook.com\/AyuntamientoSantaPola\/\" \/>\n<meta property=\"article:published_time\" content=\"2021-06-08T06:25:34+00:00\" \/>\n<meta property=\"article:modified_time\" content=\"2024-03-07T17:39:49+00:00\" \/>\n<meta property=\"og:image\" content=\"https:\/\/santapola.es\/wp-content\/uploads\/2021\/06\/upcca-724x1024.jpg\" \/>\n<meta name=\"author\" content=\"Usuario Gen\u00e9rico Web\" \/>\n<meta name=\"twitter:card\" content=\"summary_large_image\" \/>\n<meta name=\"twitter:creator\" content=\"@SantaPolaAyunt\" \/>\n<meta name=\"twitter:site\" content=\"@SantaPolaAyunt\" \/>\n<script type=\"application\/ld+json\" class=\"yoast-schema-graph\">{\"@context\":\"https:\\\/\\\/schema.org\",\"@graph\":[{\"@type\":\"Article\",\"@id\":\"https:\\\/\\\/santapola.es\\\/ca\\\/reapertura-de-la-unidad-de-prevencion-de-conductas-adictivas-de-santa-pola\\\/#article\",\"isPartOf\":{\"@id\":\"https:\\\/\\\/santapola.es\\\/ca\\\/reapertura-de-la-unidad-de-prevencion-de-conductas-adictivas-de-santa-pola\\\/\"},\"author\":{\"name\":\"Usuario Gen\u00e9rico Web\",\"@id\":\"https:\\\/\\\/santapola.es\\\/ca\\\/#\\\/schema\\\/person\\\/5c898695593fabd93215e23620b3a9d1\"},\"headline\":\"Reapertura de la Unidad de Prevenci\u00f3n de Conductas Adictivas de Santa Pola\",\"datePublished\":\"2021-06-08T06:25:34+00:00\",\"dateModified\":\"2024-03-07T17:39:49+00:00\",\"mainEntityOfPage\":{\"@id\":\"https:\\\/\\\/santapola.es\\\/ca\\\/reapertura-de-la-unidad-de-prevencion-de-conductas-adictivas-de-santa-pola\\\/\"},\"wordCount\":210,\"image\":{\"@id\":\"https:\\\/\\\/santapola.es\\\/ca\\\/reapertura-de-la-unidad-de-prevencion-de-conductas-adictivas-de-santa-pola\\\/#primaryimage\"},\"thumbnailUrl\":\"https:\\\/\\\/santapola.es\\\/wp-content\\\/uploads\\\/2021\\\/06\\\/upcca-724x1024.jpg\",\"articleSection\":[\"Igualdad\\\/ Diversidad\\\/ Ac Social\\\/ Vivienda\",\"Inicio\",\"Sin categorizar\",\"Sostenibilidad \\\/ Sanidad\"],\"inLanguage\":\"ca\"},{\"@type\":\"WebPage\",\"@id\":\"https:\\\/\\\/santapola.es\\\/ca\\\/reapertura-de-la-unidad-de-prevencion-de-conductas-adictivas-de-santa-pola\\\/\",\"url\":\"https:\\\/\\\/santapola.es\\\/ca\\\/reapertura-de-la-unidad-de-prevencion-de-conductas-adictivas-de-santa-pola\\\/\",\"name\":\"Reapertura de la Unidad de Prevenci\u00f3n de Conductas Adictivas de Santa Pola - Ajuntament de Santa Pola\",\"isPartOf\":{\"@id\":\"https:\\\/\\\/santapola.es\\\/ca\\\/#website\"},\"primaryImageOfPage\":{\"@id\":\"https:\\\/\\\/santapola.es\\\/ca\\\/reapertura-de-la-unidad-de-prevencion-de-conductas-adictivas-de-santa-pola\\\/#primaryimage\"},\"image\":{\"@id\":\"https:\\\/\\\/santapola.es\\\/ca\\\/reapertura-de-la-unidad-de-prevencion-de-conductas-adictivas-de-santa-pola\\\/#primaryimage\"},\"thumbnailUrl\":\"https:\\\/\\\/santapola.es\\\/wp-content\\\/uploads\\\/2021\\\/06\\\/upcca-724x1024.jpg\",\"datePublished\":\"2021-06-08T06:25:34+00:00\",\"dateModified\":\"2024-03-07T17:39:49+00:00\",\"author\":{\"@id\":\"https:\\\/\\\/santapola.es\\\/ca\\\/#\\\/schema\\\/person\\\/5c898695593fabd93215e23620b3a9d1\"},\"breadcrumb\":{\"@id\":\"https:\\\/\\\/santapola.es\\\/ca\\\/reapertura-de-la-unidad-de-prevencion-de-conductas-adictivas-de-santa-pola\\\/#breadcrumb\"},\"inLanguage\":\"ca\",\"potentialAction\":[{\"@type\":\"ReadAction\",\"target\":[\"https:\\\/\\\/santapola.es\\\/ca\\\/reapertura-de-la-unidad-de-prevencion-de-conductas-adictivas-de-santa-pola\\\/\"]}]},{\"@type\":\"ImageObject\",\"inLanguage\":\"ca\",\"@id\":\"https:\\\/\\\/santapola.es\\\/ca\\\/reapertura-de-la-unidad-de-prevencion-de-conductas-adictivas-de-santa-pola\\\/#primaryimage\",\"url\":\"https:\\\/\\\/santapola.es\\\/wp-content\\\/uploads\\\/2021\\\/06\\\/upcca-724x1024.jpg\",\"contentUrl\":\"https:\\\/\\\/santapola.es\\\/wp-content\\\/uploads\\\/2021\\\/06\\\/upcca-724x1024.jpg\"},{\"@type\":\"BreadcrumbList\",\"@id\":\"https:\\\/\\\/santapola.es\\\/ca\\\/reapertura-de-la-unidad-de-prevencion-de-conductas-adictivas-de-santa-pola\\\/#breadcrumb\",\"itemListElement\":[{\"@type\":\"ListItem\",\"position\":1,\"name\":\"Inici\",\"item\":\"https:\\\/\\\/santapola.es\\\/ca\\\/\"},{\"@type\":\"ListItem\",\"position\":2,\"name\":\"Reapertura de la Unidad de Prevenci\u00f3n de Conductas Adictivas de Santa Pola\"}]},{\"@type\":\"WebSite\",\"@id\":\"https:\\\/\\\/santapola.es\\\/ca\\\/#website\",\"url\":\"https:\\\/\\\/santapola.es\\\/ca\\\/\",\"name\":\"Ayuntamiento de Santa Pola\",\"description\":\"Web de l'Ajuntament de Santa Pola\",\"potentialAction\":[{\"@type\":\"SearchAction\",\"target\":{\"@type\":\"EntryPoint\",\"urlTemplate\":\"https:\\\/\\\/santapola.es\\\/ca\\\/?s={search_term_string}\"},\"query-input\":{\"@type\":\"PropertyValueSpecification\",\"valueRequired\":true,\"valueName\":\"search_term_string\"}}],\"inLanguage\":\"ca\"},{\"@type\":\"Person\",\"@id\":\"https:\\\/\\\/santapola.es\\\/ca\\\/#\\\/schema\\\/person\\\/5c898695593fabd93215e23620b3a9d1\",\"name\":\"Usuario Gen\u00e9rico Web\"}]}<\/script>\n<!-- \/ Yoast SEO plugin. -->","yoast_head_json":{"title":"Reapertura de la Unidad de Prevenci\u00f3n de Conductas Adictivas de Santa Pola - Ajuntament de Santa Pola","robots":{"index":"index","follow":"follow","max-snippet":"max-snippet:-1","max-image-preview":"max-image-preview:large","max-video-preview":"max-video-preview:-1"},"canonical":"https:\/\/santapola.es\/ca\/reapertura-de-la-unidad-de-prevencion-de-conductas-adictivas-de-santa-pola\/","og_locale":"ca_ES","og_type":"article","og_title":"Reapertura de la Unidad de Prevenci\u00f3n de Conductas Adictivas de Santa Pola - Ajuntament de Santa Pola","og_description":"El \u00e1rea de Servicios Sociales del Ayuntamiento de Santa Pola comunica la reapertura de la Unidad de Prevenci\u00f3n Comunitaria de Conductas Adictivas (UPCCA). El objetivo de este servicio es fundamentalmente desarrollar acciones preventivas de conductas adictivas promoviendo, a su vez, h\u00e1bitos de estilo de vida saludables con el fin de mejorar la calidad de vida [&hellip;]","og_url":"https:\/\/santapola.es\/ca\/reapertura-de-la-unidad-de-prevencion-de-conductas-adictivas-de-santa-pola\/","og_site_name":"Ajuntament de Santa Pola","article_publisher":"https:\/\/www.facebook.com\/AyuntamientoSantaPola\/","article_published_time":"2021-06-08T06:25:34+00:00","article_modified_time":"2024-03-07T17:39:49+00:00","og_image":[{"url":"https:\/\/santapola.es\/wp-content\/uploads\/2021\/06\/upcca-724x1024.jpg","type":"","width":"","height":""}],"author":"Usuario Gen\u00e9rico Web","twitter_card":"summary_large_image","twitter_creator":"@SantaPolaAyunt","twitter_site":"@SantaPolaAyunt","schema":{"@context":"https:\/\/schema.org","@graph":[{"@type":"Article","@id":"https:\/\/santapola.es\/ca\/reapertura-de-la-unidad-de-prevencion-de-conductas-adictivas-de-santa-pola\/#article","isPartOf":{"@id":"https:\/\/santapola.es\/ca\/reapertura-de-la-unidad-de-prevencion-de-conductas-adictivas-de-santa-pola\/"},"author":{"name":"Usuario Gen\u00e9rico Web","@id":"https:\/\/santapola.es\/ca\/#\/schema\/person\/5c898695593fabd93215e23620b3a9d1"},"headline":"Reapertura de la Unidad de Prevenci\u00f3n de Conductas Adictivas de Santa Pola","datePublished":"2021-06-08T06:25:34+00:00","dateModified":"2024-03-07T17:39:49+00:00","mainEntityOfPage":{"@id":"https:\/\/santapola.es\/ca\/reapertura-de-la-unidad-de-prevencion-de-conductas-adictivas-de-santa-pola\/"},"wordCount":210,"image":{"@id":"https:\/\/santapola.es\/ca\/reapertura-de-la-unidad-de-prevencion-de-conductas-adictivas-de-santa-pola\/#primaryimage"},"thumbnailUrl":"https:\/\/santapola.es\/wp-content\/uploads\/2021\/06\/upcca-724x1024.jpg","articleSection":["Igualdad\/ Diversidad\/ Ac Social\/ Vivienda","Inicio","Sin categorizar","Sostenibilidad \/ Sanidad"],"inLanguage":"ca"},{"@type":"WebPage","@id":"https:\/\/santapola.es\/ca\/reapertura-de-la-unidad-de-prevencion-de-conductas-adictivas-de-santa-pola\/","url":"https:\/\/santapola.es\/ca\/reapertura-de-la-unidad-de-prevencion-de-conductas-adictivas-de-santa-pola\/","name":"Reapertura de la Unidad de Prevenci\u00f3n de Conductas Adictivas de Santa Pola - Ajuntament de Santa Pola","isPartOf":{"@id":"https:\/\/santapola.es\/ca\/#website"},"primaryImageOfPage":{"@id":"https:\/\/santapola.es\/ca\/reapertura-de-la-unidad-de-prevencion-de-conductas-adictivas-de-santa-pola\/#primaryimage"},"image":{"@id":"https:\/\/santapola.es\/ca\/reapertura-de-la-unidad-de-prevencion-de-conductas-adictivas-de-santa-pola\/#primaryimage"},"thumbnailUrl":"https:\/\/santapola.es\/wp-content\/uploads\/2021\/06\/upcca-724x1024.jpg","datePublished":"2021-06-08T06:25:34+00:00","dateModified":"2024-03-07T17:39:49+00:00","author":{"@id":"https:\/\/santapola.es\/ca\/#\/schema\/person\/5c898695593fabd93215e23620b3a9d1"},"breadcrumb":{"@id":"https:\/\/santapola.es\/ca\/reapertura-de-la-unidad-de-prevencion-de-conductas-adictivas-de-santa-pola\/#breadcrumb"},"inLanguage":"ca","potentialAction":[{"@type":"ReadAction","target":["https:\/\/santapola.es\/ca\/reapertura-de-la-unidad-de-prevencion-de-conductas-adictivas-de-santa-pola\/"]}]},{"@type":"ImageObject","inLanguage":"ca","@id":"https:\/\/santapola.es\/ca\/reapertura-de-la-unidad-de-prevencion-de-conductas-adictivas-de-santa-pola\/#primaryimage","url":"https:\/\/santapola.es\/wp-content\/uploads\/2021\/06\/upcca-724x1024.jpg","contentUrl":"https:\/\/santapola.es\/wp-content\/uploads\/2021\/06\/upcca-724x1024.jpg"},{"@type":"BreadcrumbList","@id":"https:\/\/santapola.es\/ca\/reapertura-de-la-unidad-de-prevencion-de-conductas-adictivas-de-santa-pola\/#breadcrumb","itemListElement":[{"@type":"ListItem","position":1,"name":"Inici","item":"https:\/\/santapola.es\/ca\/"},{"@type":"ListItem","position":2,"name":"Reapertura de la Unidad de Prevenci\u00f3n de Conductas Adictivas de Santa Pola"}]},{"@type":"WebSite","@id":"https:\/\/santapola.es\/ca\/#website","url":"https:\/\/santapola.es\/ca\/","name":"Ayuntamiento de Santa Pola","description":"Web de l'Ajuntament de Santa Pola","potentialAction":[{"@type":"SearchAction","target":{"@type":"EntryPoint","urlTemplate":"https:\/\/santapola.es\/ca\/?s={search_term_string}"},"query-input":{"@type":"PropertyValueSpecification","valueRequired":true,"valueName":"search_term_string"}}],"inLanguage":"ca"},{"@type":"Person","@id":"https:\/\/santapola.es\/ca\/#\/schema\/person\/5c898695593fabd93215e23620b3a9d1","name":"Usuario Gen\u00e9rico Web"}]}},"_links":{"self":[{"href":"https:\/\/santapola.es\/ca\/wp-json\/wp\/v2\/posts\/14968","targetHints":{"allow":["GET"]}}],"collection":[{"href":"https:\/\/santapola.es\/ca\/wp-json\/wp\/v2\/posts"}],"about":[{"href":"https:\/\/santapola.es\/ca\/wp-json\/wp\/v2\/types\/post"}],"author":[{"embeddable":true,"href":"https:\/\/santapola.es\/ca\/wp-json\/wp\/v2\/users\/99"}],"replies":[{"embeddable":true,"href":"https:\/\/santapola.es\/ca\/wp-json\/wp\/v2\/comments?post=14968"}],"version-history":[{"count":0,"href":"https:\/\/santapola.es\/ca\/wp-json\/wp\/v2\/posts\/14968\/revisions"}],"wp:attachment":[{"href":"https:\/\/santapola.es\/ca\/wp-json\/wp\/v2\/media?parent=14968"}],"wp:term":[{"taxonomy":"category","embeddable":true,"href":"https:\/\/santapola.es\/ca\/wp-json\/wp\/v2\/categories?post=14968"},{"taxonomy":"post_tag","embeddable":true,"href":"https:\/\/santapola.es\/ca\/wp-json\/wp\/v2\/tags?post=14968"}],"curies":[{"name":"wp","href":"https:\/\/api.w.org\/{rel}","templated":true}]}}