{"id":14940,"date":"2021-06-04T12:50:20","date_gmt":"2021-06-04T11:50:20","guid":{"rendered":"https:\/\/www.santapola.es\/?p=14940"},"modified":"2024-03-07T18:39:47","modified_gmt":"2024-03-07T17:39:47","slug":"santa-pola-se-adhiere-a-la-campana-europea-unarbolporeuropa","status":"publish","type":"post","link":"https:\/\/santapola.es\/ca\/santa-pola-se-adhiere-a-la-campana-europea-unarbolporeuropa\/","title":{"rendered":"Santa Pola se adhiere a la campa\u00f1a europea #Un\u00c1rbolPorEuropa"},"content":{"rendered":"<p style=\"text-align: justify;\">Durante la ma\u00f1ana del jueves, 3 de junio, el ayuntamiento de Santa Pola ha realizado una nueva acci\u00f3n de educaci\u00f3n y concienciaci\u00f3n ambiental con el objetivo de sumarse a la campa\u00f1a europea #Un\u00c1rbolPorEuropa. Este evento, promovido por la Concejal\u00eda de Medio Ambiente, ha contado con la participaci\u00f3n del alumnado del Taller de Prevenci\u00f3n e Inserci\u00f3n Social, m\u00e1s conocido como TAPIS. Asimismo, al acto han asistido el concejal de Medio Ambiente, Jorge D\u00edez, junto a las concejalas de Urbanismo, Trini Ortiz y de Limpieza y Gesti\u00f3n de Residuos, Encarni Ram\u00edrez.<\/p>\n<p style=\"text-align: justify;\">Durante el transcurso del acto se ha plantado un olivo de un porte considerable, algunas plantas ornamentales y, adem\u00e1s, se ha colocado una peque\u00f1a placa conmemorativa de madera con la leyenda: \u201cmunicipio en transici\u00f3n hacia la sostenibilidad\u201d.<\/p>\n<p style=\"text-align: justify;\">Con ello se ha escenificado la adhesi\u00f3n de Santa Pola a esta campa\u00f1a europea, por la cual se suscribe el manifiesto nacido a ra\u00edz de una propuesta de David Sassoli, Presidente del Parlamento Europeo. Un manifiesto en el que todos los alcaldes y alcaldesas part\u00edcipes asumen el compromiso de visibilizar la importancia del desarrollo sostenible en el \u00e1mbito local, as\u00ed como de involucrar a los j\u00f3venes en los procesos de toma de decisiones en materia de sostenibilidad local.<\/p>\n<p style=\"text-align: justify;\">Tambi\u00e9n conviene destacar la elecci\u00f3n del lugar para celebrar el evento, ya que este punto ha sido cuidadosamente seleccionado con la intenci\u00f3n de visibilizar el compromiso con la sostenibilidad de nuestro municipio. De esta forma, el lugar elegido ha sido la zona en la que se debe iniciar la nueva fase de urbanizaci\u00f3n del bulevar de la Avenida Salamanca. Un proyecto que ha sido modificado recientemente para adecuarlo a los objetivos de desarrollo sostenible y de la agenda 2030.<\/p>\n<p><img loading=\"lazy\" decoding=\"async\" class=\"aligncenter wp-image-14944 size-large\" src=\"https:\/\/santapola.es\/wp-content\/uploads\/2021\/06\/IMG-20210603-WA0034-1024x768.jpg\" alt=\"\" width=\"1024\" height=\"768\" srcset=\"https:\/\/santapola.es\/wp-content\/uploads\/2021\/06\/IMG-20210603-WA0034-1024x768.jpg 1024w, https:\/\/santapola.es\/wp-content\/uploads\/2021\/06\/IMG-20210603-WA0034-300x225.jpg 300w, https:\/\/santapola.es\/wp-content\/uploads\/2021\/06\/IMG-20210603-WA0034-768x576.jpg 768w, https:\/\/santapola.es\/wp-content\/uploads\/2021\/06\/IMG-20210603-WA0034-1536x1152.jpg 1536w, https:\/\/santapola.es\/wp-content\/uploads\/2021\/06\/IMG-20210603-WA0034-510x382.jpg 510w, https:\/\/santapola.es\/wp-content\/uploads\/2021\/06\/IMG-20210603-WA0034-1080x810.jpg 1080w, https:\/\/santapola.es\/wp-content\/uploads\/2021\/06\/IMG-20210603-WA0034-610x458.jpg 610w, https:\/\/santapola.es\/wp-content\/uploads\/2021\/06\/IMG-20210603-WA0034.jpg 2048w\" sizes=\"(max-width: 1024px) 100vw, 1024px\" \/><\/p>\n<p><img loading=\"lazy\" decoding=\"async\" class=\"aligncenter wp-image-14943 size-large\" src=\"https:\/\/santapola.es\/wp-content\/uploads\/2021\/06\/IMG_20210603_104706_129-768x1024.jpg\" alt=\"\" width=\"768\" height=\"1024\" srcset=\"https:\/\/santapola.es\/wp-content\/uploads\/2021\/06\/IMG_20210603_104706_129-768x1024.jpg 768w, https:\/\/santapola.es\/wp-content\/uploads\/2021\/06\/IMG_20210603_104706_129-225x300.jpg 225w, https:\/\/santapola.es\/wp-content\/uploads\/2021\/06\/IMG_20210603_104706_129-1152x1536.jpg 1152w, https:\/\/santapola.es\/wp-content\/uploads\/2021\/06\/IMG_20210603_104706_129-1536x2048.jpg 1536w, https:\/\/santapola.es\/wp-content\/uploads\/2021\/06\/IMG_20210603_104706_129-1080x1440.jpg 1080w, https:\/\/santapola.es\/wp-content\/uploads\/2021\/06\/IMG_20210603_104706_129-610x813.jpg 610w\" sizes=\"(max-width: 768px) 100vw, 768px\" \/><\/p>\n<p><img loading=\"lazy\" decoding=\"async\" class=\"aligncenter wp-image-14942 size-large\" src=\"https:\/\/santapola.es\/wp-content\/uploads\/2021\/06\/IMG_20210603_104658_534-1024x768.jpg\" alt=\"\" width=\"1024\" height=\"768\" srcset=\"https:\/\/santapola.es\/wp-content\/uploads\/2021\/06\/IMG_20210603_104658_534-1024x768.jpg 1024w, https:\/\/santapola.es\/wp-content\/uploads\/2021\/06\/IMG_20210603_104658_534-300x225.jpg 300w, https:\/\/santapola.es\/wp-content\/uploads\/2021\/06\/IMG_20210603_104658_534-768x576.jpg 768w, https:\/\/santapola.es\/wp-content\/uploads\/2021\/06\/IMG_20210603_104658_534-1536x1152.jpg 1536w, https:\/\/santapola.es\/wp-content\/uploads\/2021\/06\/IMG_20210603_104658_534-2048x1536.jpg 2048w, https:\/\/santapola.es\/wp-content\/uploads\/2021\/06\/IMG_20210603_104658_534-510x382.jpg 510w, https:\/\/santapola.es\/wp-content\/uploads\/2021\/06\/IMG_20210603_104658_534-1080x810.jpg 1080w, https:\/\/santapola.es\/wp-content\/uploads\/2021\/06\/IMG_20210603_104658_534-610x458.jpg 610w\" sizes=\"(max-width: 1024px) 100vw, 1024px\" \/><\/p>\n","protected":false},"excerpt":{"rendered":"<p>Durante la ma\u00f1ana del jueves, 3 de junio, el ayuntamiento de Santa Pola ha realizado una nueva acci\u00f3n de educaci\u00f3n y concienciaci\u00f3n ambiental con el objetivo de sumarse a la campa\u00f1a europea #Un\u00c1rbolPorEuropa. Este evento, promovido por la Concejal\u00eda de Medio Ambiente, ha contado con la participaci\u00f3n del alumnado del Taller de Prevenci\u00f3n e Inserci\u00f3n [&hellip;]<\/p>\n","protected":false},"author":99,"featured_media":0,"comment_status":"closed","ping_status":"closed","sticky":false,"template":"","format":"standard","meta":{"_et_pb_use_builder":"","_et_pb_old_content":"","_et_gb_content_width":"","footnotes":""},"categories":[66,406,58],"tags":[],"class_list":["post-14940","post","type-post","status-publish","format-standard","hentry","category-inicio","category-sin-categorizar-2","category-sostenibilidad-sanidad"],"yoast_head":"<!-- This site is optimized with the Yoast SEO plugin v27.4 - https:\/\/yoast.com\/product\/yoast-seo-wordpress\/ -->\n<title>Santa Pola se adhiere a la campa\u00f1a europea #Un\u00c1rbolPorEuropa - Ajuntament de Santa Pola<\/title>\n<meta name=\"robots\" content=\"index, follow, max-snippet:-1, max-image-preview:large, max-video-preview:-1\" \/>\n<link rel=\"canonical\" href=\"https:\/\/santapola.es\/ca\/santa-pola-se-adhiere-a-la-campana-europea-unarbolporeuropa\/\" \/>\n<meta property=\"og:locale\" content=\"ca_ES\" \/>\n<meta property=\"og:type\" content=\"article\" \/>\n<meta property=\"og:title\" content=\"Santa Pola se adhiere a la campa\u00f1a europea #Un\u00c1rbolPorEuropa - Ajuntament de Santa Pola\" \/>\n<meta property=\"og:description\" content=\"Durante la ma\u00f1ana del jueves, 3 de junio, el ayuntamiento de Santa Pola ha realizado una nueva acci\u00f3n de educaci\u00f3n y concienciaci\u00f3n ambiental con el objetivo de sumarse a la campa\u00f1a europea #Un\u00c1rbolPorEuropa. Este evento, promovido por la Concejal\u00eda de Medio Ambiente, ha contado con la participaci\u00f3n del alumnado del Taller de Prevenci\u00f3n e Inserci\u00f3n [&hellip;]\" \/>\n<meta property=\"og:url\" content=\"https:\/\/santapola.es\/ca\/santa-pola-se-adhiere-a-la-campana-europea-unarbolporeuropa\/\" \/>\n<meta property=\"og:site_name\" content=\"Ajuntament de Santa Pola\" \/>\n<meta property=\"article:publisher\" content=\"https:\/\/www.facebook.com\/AyuntamientoSantaPola\/\" \/>\n<meta property=\"article:published_time\" content=\"2021-06-04T11:50:20+00:00\" \/>\n<meta property=\"article:modified_time\" content=\"2024-03-07T17:39:47+00:00\" \/>\n<meta property=\"og:image\" content=\"https:\/\/santapola.es\/wp-content\/uploads\/2021\/06\/IMG-20210603-WA0034-1024x768.jpg\" \/>\n<meta name=\"author\" content=\"Usuario Gen\u00e9rico Web\" \/>\n<meta name=\"twitter:card\" content=\"summary_large_image\" \/>\n<meta name=\"twitter:creator\" content=\"@SantaPolaAyunt\" \/>\n<meta name=\"twitter:site\" content=\"@SantaPolaAyunt\" \/>\n<script type=\"application\/ld+json\" class=\"yoast-schema-graph\">{\"@context\":\"https:\\\/\\\/schema.org\",\"@graph\":[{\"@type\":\"Article\",\"@id\":\"https:\\\/\\\/santapola.es\\\/ca\\\/santa-pola-se-adhiere-a-la-campana-europea-unarbolporeuropa\\\/#article\",\"isPartOf\":{\"@id\":\"https:\\\/\\\/santapola.es\\\/ca\\\/santa-pola-se-adhiere-a-la-campana-europea-unarbolporeuropa\\\/\"},\"author\":{\"name\":\"Usuario Gen\u00e9rico Web\",\"@id\":\"https:\\\/\\\/santapola.es\\\/ca\\\/#\\\/schema\\\/person\\\/5c898695593fabd93215e23620b3a9d1\"},\"headline\":\"Santa Pola se adhiere a la campa\u00f1a europea #Un\u00c1rbolPorEuropa\",\"datePublished\":\"2021-06-04T11:50:20+00:00\",\"dateModified\":\"2024-03-07T17:39:47+00:00\",\"mainEntityOfPage\":{\"@id\":\"https:\\\/\\\/santapola.es\\\/ca\\\/santa-pola-se-adhiere-a-la-campana-europea-unarbolporeuropa\\\/\"},\"wordCount\":318,\"image\":{\"@id\":\"https:\\\/\\\/santapola.es\\\/ca\\\/santa-pola-se-adhiere-a-la-campana-europea-unarbolporeuropa\\\/#primaryimage\"},\"thumbnailUrl\":\"https:\\\/\\\/santapola.es\\\/wp-content\\\/uploads\\\/2021\\\/06\\\/IMG-20210603-WA0034-1024x768.jpg\",\"articleSection\":[\"Inicio\",\"Sin categorizar\",\"Sostenibilidad \\\/ Sanidad\"],\"inLanguage\":\"ca\"},{\"@type\":\"WebPage\",\"@id\":\"https:\\\/\\\/santapola.es\\\/ca\\\/santa-pola-se-adhiere-a-la-campana-europea-unarbolporeuropa\\\/\",\"url\":\"https:\\\/\\\/santapola.es\\\/ca\\\/santa-pola-se-adhiere-a-la-campana-europea-unarbolporeuropa\\\/\",\"name\":\"Santa Pola se adhiere a la campa\u00f1a europea #Un\u00c1rbolPorEuropa - Ajuntament de Santa Pola\",\"isPartOf\":{\"@id\":\"https:\\\/\\\/santapola.es\\\/ca\\\/#website\"},\"primaryImageOfPage\":{\"@id\":\"https:\\\/\\\/santapola.es\\\/ca\\\/santa-pola-se-adhiere-a-la-campana-europea-unarbolporeuropa\\\/#primaryimage\"},\"image\":{\"@id\":\"https:\\\/\\\/santapola.es\\\/ca\\\/santa-pola-se-adhiere-a-la-campana-europea-unarbolporeuropa\\\/#primaryimage\"},\"thumbnailUrl\":\"https:\\\/\\\/santapola.es\\\/wp-content\\\/uploads\\\/2021\\\/06\\\/IMG-20210603-WA0034-1024x768.jpg\",\"datePublished\":\"2021-06-04T11:50:20+00:00\",\"dateModified\":\"2024-03-07T17:39:47+00:00\",\"author\":{\"@id\":\"https:\\\/\\\/santapola.es\\\/ca\\\/#\\\/schema\\\/person\\\/5c898695593fabd93215e23620b3a9d1\"},\"breadcrumb\":{\"@id\":\"https:\\\/\\\/santapola.es\\\/ca\\\/santa-pola-se-adhiere-a-la-campana-europea-unarbolporeuropa\\\/#breadcrumb\"},\"inLanguage\":\"ca\",\"potentialAction\":[{\"@type\":\"ReadAction\",\"target\":[\"https:\\\/\\\/santapola.es\\\/ca\\\/santa-pola-se-adhiere-a-la-campana-europea-unarbolporeuropa\\\/\"]}]},{\"@type\":\"ImageObject\",\"inLanguage\":\"ca\",\"@id\":\"https:\\\/\\\/santapola.es\\\/ca\\\/santa-pola-se-adhiere-a-la-campana-europea-unarbolporeuropa\\\/#primaryimage\",\"url\":\"https:\\\/\\\/santapola.es\\\/wp-content\\\/uploads\\\/2021\\\/06\\\/IMG-20210603-WA0034-1024x768.jpg\",\"contentUrl\":\"https:\\\/\\\/santapola.es\\\/wp-content\\\/uploads\\\/2021\\\/06\\\/IMG-20210603-WA0034-1024x768.jpg\"},{\"@type\":\"BreadcrumbList\",\"@id\":\"https:\\\/\\\/santapola.es\\\/ca\\\/santa-pola-se-adhiere-a-la-campana-europea-unarbolporeuropa\\\/#breadcrumb\",\"itemListElement\":[{\"@type\":\"ListItem\",\"position\":1,\"name\":\"Inici\",\"item\":\"https:\\\/\\\/santapola.es\\\/ca\\\/\"},{\"@type\":\"ListItem\",\"position\":2,\"name\":\"Santa Pola se adhiere a la campa\u00f1a europea #Un\u00c1rbolPorEuropa\"}]},{\"@type\":\"WebSite\",\"@id\":\"https:\\\/\\\/santapola.es\\\/ca\\\/#website\",\"url\":\"https:\\\/\\\/santapola.es\\\/ca\\\/\",\"name\":\"Ayuntamiento de Santa Pola\",\"description\":\"Web de l'Ajuntament de Santa Pola\",\"potentialAction\":[{\"@type\":\"SearchAction\",\"target\":{\"@type\":\"EntryPoint\",\"urlTemplate\":\"https:\\\/\\\/santapola.es\\\/ca\\\/?s={search_term_string}\"},\"query-input\":{\"@type\":\"PropertyValueSpecification\",\"valueRequired\":true,\"valueName\":\"search_term_string\"}}],\"inLanguage\":\"ca\"},{\"@type\":\"Person\",\"@id\":\"https:\\\/\\\/santapola.es\\\/ca\\\/#\\\/schema\\\/person\\\/5c898695593fabd93215e23620b3a9d1\",\"name\":\"Usuario Gen\u00e9rico Web\"}]}<\/script>\n<!-- \/ Yoast SEO plugin. -->","yoast_head_json":{"title":"Santa Pola se adhiere a la campa\u00f1a europea #Un\u00c1rbolPorEuropa - Ajuntament de Santa Pola","robots":{"index":"index","follow":"follow","max-snippet":"max-snippet:-1","max-image-preview":"max-image-preview:large","max-video-preview":"max-video-preview:-1"},"canonical":"https:\/\/santapola.es\/ca\/santa-pola-se-adhiere-a-la-campana-europea-unarbolporeuropa\/","og_locale":"ca_ES","og_type":"article","og_title":"Santa Pola se adhiere a la campa\u00f1a europea #Un\u00c1rbolPorEuropa - Ajuntament de Santa Pola","og_description":"Durante la ma\u00f1ana del jueves, 3 de junio, el ayuntamiento de Santa Pola ha realizado una nueva acci\u00f3n de educaci\u00f3n y concienciaci\u00f3n ambiental con el objetivo de sumarse a la campa\u00f1a europea #Un\u00c1rbolPorEuropa. Este evento, promovido por la Concejal\u00eda de Medio Ambiente, ha contado con la participaci\u00f3n del alumnado del Taller de Prevenci\u00f3n e Inserci\u00f3n [&hellip;]","og_url":"https:\/\/santapola.es\/ca\/santa-pola-se-adhiere-a-la-campana-europea-unarbolporeuropa\/","og_site_name":"Ajuntament de Santa Pola","article_publisher":"https:\/\/www.facebook.com\/AyuntamientoSantaPola\/","article_published_time":"2021-06-04T11:50:20+00:00","article_modified_time":"2024-03-07T17:39:47+00:00","og_image":[{"url":"https:\/\/santapola.es\/wp-content\/uploads\/2021\/06\/IMG-20210603-WA0034-1024x768.jpg","type":"","width":"","height":""}],"author":"Usuario Gen\u00e9rico Web","twitter_card":"summary_large_image","twitter_creator":"@SantaPolaAyunt","twitter_site":"@SantaPolaAyunt","schema":{"@context":"https:\/\/schema.org","@graph":[{"@type":"Article","@id":"https:\/\/santapola.es\/ca\/santa-pola-se-adhiere-a-la-campana-europea-unarbolporeuropa\/#article","isPartOf":{"@id":"https:\/\/santapola.es\/ca\/santa-pola-se-adhiere-a-la-campana-europea-unarbolporeuropa\/"},"author":{"name":"Usuario Gen\u00e9rico Web","@id":"https:\/\/santapola.es\/ca\/#\/schema\/person\/5c898695593fabd93215e23620b3a9d1"},"headline":"Santa Pola se adhiere a la campa\u00f1a europea #Un\u00c1rbolPorEuropa","datePublished":"2021-06-04T11:50:20+00:00","dateModified":"2024-03-07T17:39:47+00:00","mainEntityOfPage":{"@id":"https:\/\/santapola.es\/ca\/santa-pola-se-adhiere-a-la-campana-europea-unarbolporeuropa\/"},"wordCount":318,"image":{"@id":"https:\/\/santapola.es\/ca\/santa-pola-se-adhiere-a-la-campana-europea-unarbolporeuropa\/#primaryimage"},"thumbnailUrl":"https:\/\/santapola.es\/wp-content\/uploads\/2021\/06\/IMG-20210603-WA0034-1024x768.jpg","articleSection":["Inicio","Sin categorizar","Sostenibilidad \/ Sanidad"],"inLanguage":"ca"},{"@type":"WebPage","@id":"https:\/\/santapola.es\/ca\/santa-pola-se-adhiere-a-la-campana-europea-unarbolporeuropa\/","url":"https:\/\/santapola.es\/ca\/santa-pola-se-adhiere-a-la-campana-europea-unarbolporeuropa\/","name":"Santa Pola se adhiere a la campa\u00f1a europea #Un\u00c1rbolPorEuropa - Ajuntament de Santa Pola","isPartOf":{"@id":"https:\/\/santapola.es\/ca\/#website"},"primaryImageOfPage":{"@id":"https:\/\/santapola.es\/ca\/santa-pola-se-adhiere-a-la-campana-europea-unarbolporeuropa\/#primaryimage"},"image":{"@id":"https:\/\/santapola.es\/ca\/santa-pola-se-adhiere-a-la-campana-europea-unarbolporeuropa\/#primaryimage"},"thumbnailUrl":"https:\/\/santapola.es\/wp-content\/uploads\/2021\/06\/IMG-20210603-WA0034-1024x768.jpg","datePublished":"2021-06-04T11:50:20+00:00","dateModified":"2024-03-07T17:39:47+00:00","author":{"@id":"https:\/\/santapola.es\/ca\/#\/schema\/person\/5c898695593fabd93215e23620b3a9d1"},"breadcrumb":{"@id":"https:\/\/santapola.es\/ca\/santa-pola-se-adhiere-a-la-campana-europea-unarbolporeuropa\/#breadcrumb"},"inLanguage":"ca","potentialAction":[{"@type":"ReadAction","target":["https:\/\/santapola.es\/ca\/santa-pola-se-adhiere-a-la-campana-europea-unarbolporeuropa\/"]}]},{"@type":"ImageObject","inLanguage":"ca","@id":"https:\/\/santapola.es\/ca\/santa-pola-se-adhiere-a-la-campana-europea-unarbolporeuropa\/#primaryimage","url":"https:\/\/santapola.es\/wp-content\/uploads\/2021\/06\/IMG-20210603-WA0034-1024x768.jpg","contentUrl":"https:\/\/santapola.es\/wp-content\/uploads\/2021\/06\/IMG-20210603-WA0034-1024x768.jpg"},{"@type":"BreadcrumbList","@id":"https:\/\/santapola.es\/ca\/santa-pola-se-adhiere-a-la-campana-europea-unarbolporeuropa\/#breadcrumb","itemListElement":[{"@type":"ListItem","position":1,"name":"Inici","item":"https:\/\/santapola.es\/ca\/"},{"@type":"ListItem","position":2,"name":"Santa Pola se adhiere a la campa\u00f1a europea #Un\u00c1rbolPorEuropa"}]},{"@type":"WebSite","@id":"https:\/\/santapola.es\/ca\/#website","url":"https:\/\/santapola.es\/ca\/","name":"Ayuntamiento de Santa Pola","description":"Web de l'Ajuntament de Santa Pola","potentialAction":[{"@type":"SearchAction","target":{"@type":"EntryPoint","urlTemplate":"https:\/\/santapola.es\/ca\/?s={search_term_string}"},"query-input":{"@type":"PropertyValueSpecification","valueRequired":true,"valueName":"search_term_string"}}],"inLanguage":"ca"},{"@type":"Person","@id":"https:\/\/santapola.es\/ca\/#\/schema\/person\/5c898695593fabd93215e23620b3a9d1","name":"Usuario Gen\u00e9rico Web"}]}},"_links":{"self":[{"href":"https:\/\/santapola.es\/ca\/wp-json\/wp\/v2\/posts\/14940","targetHints":{"allow":["GET"]}}],"collection":[{"href":"https:\/\/santapola.es\/ca\/wp-json\/wp\/v2\/posts"}],"about":[{"href":"https:\/\/santapola.es\/ca\/wp-json\/wp\/v2\/types\/post"}],"author":[{"embeddable":true,"href":"https:\/\/santapola.es\/ca\/wp-json\/wp\/v2\/users\/99"}],"replies":[{"embeddable":true,"href":"https:\/\/santapola.es\/ca\/wp-json\/wp\/v2\/comments?post=14940"}],"version-history":[{"count":0,"href":"https:\/\/santapola.es\/ca\/wp-json\/wp\/v2\/posts\/14940\/revisions"}],"wp:attachment":[{"href":"https:\/\/santapola.es\/ca\/wp-json\/wp\/v2\/media?parent=14940"}],"wp:term":[{"taxonomy":"category","embeddable":true,"href":"https:\/\/santapola.es\/ca\/wp-json\/wp\/v2\/categories?post=14940"},{"taxonomy":"post_tag","embeddable":true,"href":"https:\/\/santapola.es\/ca\/wp-json\/wp\/v2\/tags?post=14940"}],"curies":[{"name":"wp","href":"https:\/\/api.w.org\/{rel}","templated":true}]}}