{"id":14934,"date":"2021-06-04T11:07:33","date_gmt":"2021-06-04T10:07:33","guid":{"rendered":"https:\/\/www.santapola.es\/?p=14934"},"modified":"2024-03-07T18:39:47","modified_gmt":"2024-03-07T17:39:47","slug":"el-ayuntamiento-apoya-al-sector-pesquero-en-la-protesta-nacional-contra-el-plan-de-demersales-de-la-union-europea","status":"publish","type":"post","link":"https:\/\/santapola.es\/ca\/el-ayuntamiento-apoya-al-sector-pesquero-en-la-protesta-nacional-contra-el-plan-de-demersales-de-la-union-europea\/","title":{"rendered":"El ayuntamiento apoya al sector pesquero en la protesta nacional contra el Plan de Demersales de la Uni\u00f3n Europea"},"content":{"rendered":"<p style=\"text-align: justify;\">La flota de arrastre de la Comunidad Valenciana permanece amarrada este viernes 4 de junio como protesta por el Plan de Demersales de la Uni\u00f3n Europea.<\/p>\n<p style=\"text-align: justify;\">600 marineros y patrones de 180 embarcaciones de todas las cofrad\u00edas se suman a una parada nacional que afectar\u00e1 a todo el Mediterr\u00e1neo espa\u00f1ol.<\/p>\n<p style=\"text-align: justify;\">La alcaldesa de Santa Pola, Loreto Serrano, ha acudido junto a varios concejales de la Corporaci\u00f3n Municipal, al paro convocado en La Vila Joiosa para mostrar su m\u00e1ximo apoyo a un sector tan importante para nuestra localidad.<\/p>\n<p style=\"text-align: justify;\">De aplicarse el Plan de Demersales de la Uni\u00f3n Europea provocar\u00e1 una ruina al sector, la viabilidad de las cofrad\u00edas de la Comunidad Valenciana y pondr\u00e1 en peligro miles de puestos de trabajo que dependen directa e indirectamente de esta modalidad milenaria.<\/p>\n<p><img loading=\"lazy\" decoding=\"async\" class=\"aligncenter wp-image-14935 size-large\" src=\"https:\/\/santapola.es\/wp-content\/uploads\/2021\/06\/Huelga_Pesca-1024x768.jpeg\" alt=\"\" width=\"1024\" height=\"768\" srcset=\"https:\/\/santapola.es\/wp-content\/uploads\/2021\/06\/Huelga_Pesca-1024x768.jpeg 1024w, https:\/\/santapola.es\/wp-content\/uploads\/2021\/06\/Huelga_Pesca-300x225.jpeg 300w, https:\/\/santapola.es\/wp-content\/uploads\/2021\/06\/Huelga_Pesca-768x576.jpeg 768w, https:\/\/santapola.es\/wp-content\/uploads\/2021\/06\/Huelga_Pesca-1536x1152.jpeg 1536w, https:\/\/santapola.es\/wp-content\/uploads\/2021\/06\/Huelga_Pesca-510x382.jpeg 510w, https:\/\/santapola.es\/wp-content\/uploads\/2021\/06\/Huelga_Pesca-1080x810.jpeg 1080w, https:\/\/santapola.es\/wp-content\/uploads\/2021\/06\/Huelga_Pesca-610x458.jpeg 610w, https:\/\/santapola.es\/wp-content\/uploads\/2021\/06\/Huelga_Pesca.jpeg 2048w\" sizes=\"(max-width: 1024px) 100vw, 1024px\" \/><\/p>\n","protected":false},"excerpt":{"rendered":"<p>La flota de arrastre de la Comunidad Valenciana permanece amarrada este viernes 4 de junio como protesta por el Plan de Demersales de la Uni\u00f3n Europea. 600 marineros y patrones de 180 embarcaciones de todas las cofrad\u00edas se suman a una parada nacional que afectar\u00e1 a todo el Mediterr\u00e1neo espa\u00f1ol. La alcaldesa de Santa Pola, [&hellip;]<\/p>\n","protected":false},"author":99,"featured_media":0,"comment_status":"closed","ping_status":"closed","sticky":false,"template":"","format":"standard","meta":{"_et_pb_use_builder":"","_et_pb_old_content":"","_et_gb_content_width":"","footnotes":""},"categories":[66,57,406],"tags":[],"class_list":["post-14934","post","type-post","status-publish","format-standard","hentry","category-inicio","category-playas-turismo-pesca","category-sin-categorizar-2"],"yoast_head":"<!-- This site is optimized with the Yoast SEO plugin v27.4 - https:\/\/yoast.com\/product\/yoast-seo-wordpress\/ -->\n<title>El ayuntamiento apoya al sector pesquero en la protesta nacional contra el Plan de Demersales de la Uni\u00f3n Europea - Ajuntament de Santa Pola<\/title>\n<meta name=\"robots\" content=\"index, follow, max-snippet:-1, max-image-preview:large, max-video-preview:-1\" \/>\n<link rel=\"canonical\" href=\"https:\/\/santapola.es\/ca\/el-ayuntamiento-apoya-al-sector-pesquero-en-la-protesta-nacional-contra-el-plan-de-demersales-de-la-union-europea\/\" \/>\n<meta property=\"og:locale\" content=\"ca_ES\" \/>\n<meta property=\"og:type\" content=\"article\" \/>\n<meta property=\"og:title\" content=\"El ayuntamiento apoya al sector pesquero en la protesta nacional contra el Plan de Demersales de la Uni\u00f3n Europea - Ajuntament de Santa Pola\" \/>\n<meta property=\"og:description\" content=\"La flota de arrastre de la Comunidad Valenciana permanece amarrada este viernes 4 de junio como protesta por el Plan de Demersales de la Uni\u00f3n Europea. 600 marineros y patrones de 180 embarcaciones de todas las cofrad\u00edas se suman a una parada nacional que afectar\u00e1 a todo el Mediterr\u00e1neo espa\u00f1ol. La alcaldesa de Santa Pola, [&hellip;]\" \/>\n<meta property=\"og:url\" content=\"https:\/\/santapola.es\/ca\/el-ayuntamiento-apoya-al-sector-pesquero-en-la-protesta-nacional-contra-el-plan-de-demersales-de-la-union-europea\/\" \/>\n<meta property=\"og:site_name\" content=\"Ajuntament de Santa Pola\" \/>\n<meta property=\"article:publisher\" content=\"https:\/\/www.facebook.com\/AyuntamientoSantaPola\/\" \/>\n<meta property=\"article:published_time\" content=\"2021-06-04T10:07:33+00:00\" \/>\n<meta property=\"article:modified_time\" content=\"2024-03-07T17:39:47+00:00\" \/>\n<meta property=\"og:image\" content=\"https:\/\/santapola.es\/wp-content\/uploads\/2021\/06\/Huelga_Pesca-1024x768.jpeg\" \/>\n<meta name=\"author\" content=\"Usuario Gen\u00e9rico Web\" \/>\n<meta name=\"twitter:card\" content=\"summary_large_image\" \/>\n<meta name=\"twitter:creator\" content=\"@SantaPolaAyunt\" \/>\n<meta name=\"twitter:site\" content=\"@SantaPolaAyunt\" \/>\n<script type=\"application\/ld+json\" class=\"yoast-schema-graph\">{\"@context\":\"https:\\\/\\\/schema.org\",\"@graph\":[{\"@type\":\"Article\",\"@id\":\"https:\\\/\\\/santapola.es\\\/ca\\\/el-ayuntamiento-apoya-al-sector-pesquero-en-la-protesta-nacional-contra-el-plan-de-demersales-de-la-union-europea\\\/#article\",\"isPartOf\":{\"@id\":\"https:\\\/\\\/santapola.es\\\/ca\\\/el-ayuntamiento-apoya-al-sector-pesquero-en-la-protesta-nacional-contra-el-plan-de-demersales-de-la-union-europea\\\/\"},\"author\":{\"name\":\"Usuario Gen\u00e9rico Web\",\"@id\":\"https:\\\/\\\/santapola.es\\\/ca\\\/#\\\/schema\\\/person\\\/5c898695593fabd93215e23620b3a9d1\"},\"headline\":\"El ayuntamiento apoya al sector pesquero en la protesta nacional contra el Plan de Demersales de la Uni\u00f3n Europea\",\"datePublished\":\"2021-06-04T10:07:33+00:00\",\"dateModified\":\"2024-03-07T17:39:47+00:00\",\"mainEntityOfPage\":{\"@id\":\"https:\\\/\\\/santapola.es\\\/ca\\\/el-ayuntamiento-apoya-al-sector-pesquero-en-la-protesta-nacional-contra-el-plan-de-demersales-de-la-union-europea\\\/\"},\"wordCount\":154,\"image\":{\"@id\":\"https:\\\/\\\/santapola.es\\\/ca\\\/el-ayuntamiento-apoya-al-sector-pesquero-en-la-protesta-nacional-contra-el-plan-de-demersales-de-la-union-europea\\\/#primaryimage\"},\"thumbnailUrl\":\"https:\\\/\\\/santapola.es\\\/wp-content\\\/uploads\\\/2021\\\/06\\\/Huelga_Pesca-1024x768.jpeg\",\"articleSection\":[\"Inicio\",\"Playas \\\/ Turismo \\\/ Pesca\",\"Sin categorizar\"],\"inLanguage\":\"ca\"},{\"@type\":\"WebPage\",\"@id\":\"https:\\\/\\\/santapola.es\\\/ca\\\/el-ayuntamiento-apoya-al-sector-pesquero-en-la-protesta-nacional-contra-el-plan-de-demersales-de-la-union-europea\\\/\",\"url\":\"https:\\\/\\\/santapola.es\\\/ca\\\/el-ayuntamiento-apoya-al-sector-pesquero-en-la-protesta-nacional-contra-el-plan-de-demersales-de-la-union-europea\\\/\",\"name\":\"El ayuntamiento apoya al sector pesquero en la protesta nacional contra el Plan de Demersales de la Uni\u00f3n Europea - Ajuntament de Santa Pola\",\"isPartOf\":{\"@id\":\"https:\\\/\\\/santapola.es\\\/ca\\\/#website\"},\"primaryImageOfPage\":{\"@id\":\"https:\\\/\\\/santapola.es\\\/ca\\\/el-ayuntamiento-apoya-al-sector-pesquero-en-la-protesta-nacional-contra-el-plan-de-demersales-de-la-union-europea\\\/#primaryimage\"},\"image\":{\"@id\":\"https:\\\/\\\/santapola.es\\\/ca\\\/el-ayuntamiento-apoya-al-sector-pesquero-en-la-protesta-nacional-contra-el-plan-de-demersales-de-la-union-europea\\\/#primaryimage\"},\"thumbnailUrl\":\"https:\\\/\\\/santapola.es\\\/wp-content\\\/uploads\\\/2021\\\/06\\\/Huelga_Pesca-1024x768.jpeg\",\"datePublished\":\"2021-06-04T10:07:33+00:00\",\"dateModified\":\"2024-03-07T17:39:47+00:00\",\"author\":{\"@id\":\"https:\\\/\\\/santapola.es\\\/ca\\\/#\\\/schema\\\/person\\\/5c898695593fabd93215e23620b3a9d1\"},\"breadcrumb\":{\"@id\":\"https:\\\/\\\/santapola.es\\\/ca\\\/el-ayuntamiento-apoya-al-sector-pesquero-en-la-protesta-nacional-contra-el-plan-de-demersales-de-la-union-europea\\\/#breadcrumb\"},\"inLanguage\":\"ca\",\"potentialAction\":[{\"@type\":\"ReadAction\",\"target\":[\"https:\\\/\\\/santapola.es\\\/ca\\\/el-ayuntamiento-apoya-al-sector-pesquero-en-la-protesta-nacional-contra-el-plan-de-demersales-de-la-union-europea\\\/\"]}]},{\"@type\":\"ImageObject\",\"inLanguage\":\"ca\",\"@id\":\"https:\\\/\\\/santapola.es\\\/ca\\\/el-ayuntamiento-apoya-al-sector-pesquero-en-la-protesta-nacional-contra-el-plan-de-demersales-de-la-union-europea\\\/#primaryimage\",\"url\":\"https:\\\/\\\/santapola.es\\\/wp-content\\\/uploads\\\/2021\\\/06\\\/Huelga_Pesca-1024x768.jpeg\",\"contentUrl\":\"https:\\\/\\\/santapola.es\\\/wp-content\\\/uploads\\\/2021\\\/06\\\/Huelga_Pesca-1024x768.jpeg\"},{\"@type\":\"BreadcrumbList\",\"@id\":\"https:\\\/\\\/santapola.es\\\/ca\\\/el-ayuntamiento-apoya-al-sector-pesquero-en-la-protesta-nacional-contra-el-plan-de-demersales-de-la-union-europea\\\/#breadcrumb\",\"itemListElement\":[{\"@type\":\"ListItem\",\"position\":1,\"name\":\"Inici\",\"item\":\"https:\\\/\\\/santapola.es\\\/ca\\\/\"},{\"@type\":\"ListItem\",\"position\":2,\"name\":\"El ayuntamiento apoya al sector pesquero en la protesta nacional contra el Plan de Demersales de la Uni\u00f3n Europea\"}]},{\"@type\":\"WebSite\",\"@id\":\"https:\\\/\\\/santapola.es\\\/ca\\\/#website\",\"url\":\"https:\\\/\\\/santapola.es\\\/ca\\\/\",\"name\":\"Ayuntamiento de Santa Pola\",\"description\":\"Web de l'Ajuntament de Santa Pola\",\"potentialAction\":[{\"@type\":\"SearchAction\",\"target\":{\"@type\":\"EntryPoint\",\"urlTemplate\":\"https:\\\/\\\/santapola.es\\\/ca\\\/?s={search_term_string}\"},\"query-input\":{\"@type\":\"PropertyValueSpecification\",\"valueRequired\":true,\"valueName\":\"search_term_string\"}}],\"inLanguage\":\"ca\"},{\"@type\":\"Person\",\"@id\":\"https:\\\/\\\/santapola.es\\\/ca\\\/#\\\/schema\\\/person\\\/5c898695593fabd93215e23620b3a9d1\",\"name\":\"Usuario Gen\u00e9rico Web\"}]}<\/script>\n<!-- \/ Yoast SEO plugin. -->","yoast_head_json":{"title":"El ayuntamiento apoya al sector pesquero en la protesta nacional contra el Plan de Demersales de la Uni\u00f3n Europea - Ajuntament de Santa Pola","robots":{"index":"index","follow":"follow","max-snippet":"max-snippet:-1","max-image-preview":"max-image-preview:large","max-video-preview":"max-video-preview:-1"},"canonical":"https:\/\/santapola.es\/ca\/el-ayuntamiento-apoya-al-sector-pesquero-en-la-protesta-nacional-contra-el-plan-de-demersales-de-la-union-europea\/","og_locale":"ca_ES","og_type":"article","og_title":"El ayuntamiento apoya al sector pesquero en la protesta nacional contra el Plan de Demersales de la Uni\u00f3n Europea - Ajuntament de Santa Pola","og_description":"La flota de arrastre de la Comunidad Valenciana permanece amarrada este viernes 4 de junio como protesta por el Plan de Demersales de la Uni\u00f3n Europea. 600 marineros y patrones de 180 embarcaciones de todas las cofrad\u00edas se suman a una parada nacional que afectar\u00e1 a todo el Mediterr\u00e1neo espa\u00f1ol. La alcaldesa de Santa Pola, [&hellip;]","og_url":"https:\/\/santapola.es\/ca\/el-ayuntamiento-apoya-al-sector-pesquero-en-la-protesta-nacional-contra-el-plan-de-demersales-de-la-union-europea\/","og_site_name":"Ajuntament de Santa Pola","article_publisher":"https:\/\/www.facebook.com\/AyuntamientoSantaPola\/","article_published_time":"2021-06-04T10:07:33+00:00","article_modified_time":"2024-03-07T17:39:47+00:00","og_image":[{"url":"https:\/\/santapola.es\/wp-content\/uploads\/2021\/06\/Huelga_Pesca-1024x768.jpeg","type":"","width":"","height":""}],"author":"Usuario Gen\u00e9rico Web","twitter_card":"summary_large_image","twitter_creator":"@SantaPolaAyunt","twitter_site":"@SantaPolaAyunt","schema":{"@context":"https:\/\/schema.org","@graph":[{"@type":"Article","@id":"https:\/\/santapola.es\/ca\/el-ayuntamiento-apoya-al-sector-pesquero-en-la-protesta-nacional-contra-el-plan-de-demersales-de-la-union-europea\/#article","isPartOf":{"@id":"https:\/\/santapola.es\/ca\/el-ayuntamiento-apoya-al-sector-pesquero-en-la-protesta-nacional-contra-el-plan-de-demersales-de-la-union-europea\/"},"author":{"name":"Usuario Gen\u00e9rico Web","@id":"https:\/\/santapola.es\/ca\/#\/schema\/person\/5c898695593fabd93215e23620b3a9d1"},"headline":"El ayuntamiento apoya al sector pesquero en la protesta nacional contra el Plan de Demersales de la Uni\u00f3n Europea","datePublished":"2021-06-04T10:07:33+00:00","dateModified":"2024-03-07T17:39:47+00:00","mainEntityOfPage":{"@id":"https:\/\/santapola.es\/ca\/el-ayuntamiento-apoya-al-sector-pesquero-en-la-protesta-nacional-contra-el-plan-de-demersales-de-la-union-europea\/"},"wordCount":154,"image":{"@id":"https:\/\/santapola.es\/ca\/el-ayuntamiento-apoya-al-sector-pesquero-en-la-protesta-nacional-contra-el-plan-de-demersales-de-la-union-europea\/#primaryimage"},"thumbnailUrl":"https:\/\/santapola.es\/wp-content\/uploads\/2021\/06\/Huelga_Pesca-1024x768.jpeg","articleSection":["Inicio","Playas \/ Turismo \/ Pesca","Sin categorizar"],"inLanguage":"ca"},{"@type":"WebPage","@id":"https:\/\/santapola.es\/ca\/el-ayuntamiento-apoya-al-sector-pesquero-en-la-protesta-nacional-contra-el-plan-de-demersales-de-la-union-europea\/","url":"https:\/\/santapola.es\/ca\/el-ayuntamiento-apoya-al-sector-pesquero-en-la-protesta-nacional-contra-el-plan-de-demersales-de-la-union-europea\/","name":"El ayuntamiento apoya al sector pesquero en la protesta nacional contra el Plan de Demersales de la Uni\u00f3n Europea - Ajuntament de Santa Pola","isPartOf":{"@id":"https:\/\/santapola.es\/ca\/#website"},"primaryImageOfPage":{"@id":"https:\/\/santapola.es\/ca\/el-ayuntamiento-apoya-al-sector-pesquero-en-la-protesta-nacional-contra-el-plan-de-demersales-de-la-union-europea\/#primaryimage"},"image":{"@id":"https:\/\/santapola.es\/ca\/el-ayuntamiento-apoya-al-sector-pesquero-en-la-protesta-nacional-contra-el-plan-de-demersales-de-la-union-europea\/#primaryimage"},"thumbnailUrl":"https:\/\/santapola.es\/wp-content\/uploads\/2021\/06\/Huelga_Pesca-1024x768.jpeg","datePublished":"2021-06-04T10:07:33+00:00","dateModified":"2024-03-07T17:39:47+00:00","author":{"@id":"https:\/\/santapola.es\/ca\/#\/schema\/person\/5c898695593fabd93215e23620b3a9d1"},"breadcrumb":{"@id":"https:\/\/santapola.es\/ca\/el-ayuntamiento-apoya-al-sector-pesquero-en-la-protesta-nacional-contra-el-plan-de-demersales-de-la-union-europea\/#breadcrumb"},"inLanguage":"ca","potentialAction":[{"@type":"ReadAction","target":["https:\/\/santapola.es\/ca\/el-ayuntamiento-apoya-al-sector-pesquero-en-la-protesta-nacional-contra-el-plan-de-demersales-de-la-union-europea\/"]}]},{"@type":"ImageObject","inLanguage":"ca","@id":"https:\/\/santapola.es\/ca\/el-ayuntamiento-apoya-al-sector-pesquero-en-la-protesta-nacional-contra-el-plan-de-demersales-de-la-union-europea\/#primaryimage","url":"https:\/\/santapola.es\/wp-content\/uploads\/2021\/06\/Huelga_Pesca-1024x768.jpeg","contentUrl":"https:\/\/santapola.es\/wp-content\/uploads\/2021\/06\/Huelga_Pesca-1024x768.jpeg"},{"@type":"BreadcrumbList","@id":"https:\/\/santapola.es\/ca\/el-ayuntamiento-apoya-al-sector-pesquero-en-la-protesta-nacional-contra-el-plan-de-demersales-de-la-union-europea\/#breadcrumb","itemListElement":[{"@type":"ListItem","position":1,"name":"Inici","item":"https:\/\/santapola.es\/ca\/"},{"@type":"ListItem","position":2,"name":"El ayuntamiento apoya al sector pesquero en la protesta nacional contra el Plan de Demersales de la Uni\u00f3n Europea"}]},{"@type":"WebSite","@id":"https:\/\/santapola.es\/ca\/#website","url":"https:\/\/santapola.es\/ca\/","name":"Ayuntamiento de Santa Pola","description":"Web de l'Ajuntament de Santa Pola","potentialAction":[{"@type":"SearchAction","target":{"@type":"EntryPoint","urlTemplate":"https:\/\/santapola.es\/ca\/?s={search_term_string}"},"query-input":{"@type":"PropertyValueSpecification","valueRequired":true,"valueName":"search_term_string"}}],"inLanguage":"ca"},{"@type":"Person","@id":"https:\/\/santapola.es\/ca\/#\/schema\/person\/5c898695593fabd93215e23620b3a9d1","name":"Usuario Gen\u00e9rico Web"}]}},"_links":{"self":[{"href":"https:\/\/santapola.es\/ca\/wp-json\/wp\/v2\/posts\/14934","targetHints":{"allow":["GET"]}}],"collection":[{"href":"https:\/\/santapola.es\/ca\/wp-json\/wp\/v2\/posts"}],"about":[{"href":"https:\/\/santapola.es\/ca\/wp-json\/wp\/v2\/types\/post"}],"author":[{"embeddable":true,"href":"https:\/\/santapola.es\/ca\/wp-json\/wp\/v2\/users\/99"}],"replies":[{"embeddable":true,"href":"https:\/\/santapola.es\/ca\/wp-json\/wp\/v2\/comments?post=14934"}],"version-history":[{"count":0,"href":"https:\/\/santapola.es\/ca\/wp-json\/wp\/v2\/posts\/14934\/revisions"}],"wp:attachment":[{"href":"https:\/\/santapola.es\/ca\/wp-json\/wp\/v2\/media?parent=14934"}],"wp:term":[{"taxonomy":"category","embeddable":true,"href":"https:\/\/santapola.es\/ca\/wp-json\/wp\/v2\/categories?post=14934"},{"taxonomy":"post_tag","embeddable":true,"href":"https:\/\/santapola.es\/ca\/wp-json\/wp\/v2\/tags?post=14934"}],"curies":[{"name":"wp","href":"https:\/\/api.w.org\/{rel}","templated":true}]}}