{"id":14796,"date":"2021-05-20T15:10:05","date_gmt":"2021-05-20T14:10:05","guid":{"rendered":"https:\/\/www.santapola.es\/?p=14796"},"modified":"2024-03-07T18:39:42","modified_gmt":"2024-03-07T17:39:42","slug":"santa-pola-respalda-el-trasvase-tajo-segura","status":"publish","type":"post","link":"https:\/\/santapola.es\/ca\/santa-pola-respalda-el-trasvase-tajo-segura\/","title":{"rendered":"Santa Pola respalda el trasvase Tajo-Segura"},"content":{"rendered":"<p style=\"text-align: justify;\">Esta ma\u00f1ana la alcaldesa de Santa Pola, Loreto Serrano ha asistido al acto de firma de la declaraci\u00f3n del Baix Vinalop\u00f3 en apoyo al trasvase Tajo-Segura que ha tenido lugar en el Ayuntamiento de Elche.<\/p>\n<p style=\"text-align: justify;\">En el acto han asistido el secretario auton\u00f3mico de Agricultura, Roger Llanes, la delegada territorial de la Generalitat en Alicante, Antonia Moreno, los respectivos alcaldes del Baix Vinalop\u00f3 as\u00ed como representantes de varios municipios de la Vega Baja con el objetivo de reivindicar el inter\u00e9s de la comarca y especialmente del mundo agrario en el mantenimiento de un caudal esencial para nuestros cultivos como lo es el Tajo-Segura.<\/p>\n<p style=\"text-align: justify;\">Durante el acto Loreto Serrano ha manifestado que es primordial luchar y que este eterno problema se resuelva debidamente. Adem\u00e1s, ha resaltado que el agua es un derecho que tiene un alto coste, que todos pagamos, y que por ello debe repartirse en toda Espa\u00f1a en funci\u00f3n de sus necesidades. Es fundamental que exista una uni\u00f3n y que las asociaciones y sectores que m\u00e1s lo necesitan se sientan respaldados.<\/p>\n<p>M\u00e1s informaci\u00f3n del acto y declaraci\u00f3n firmada: <a href=\"https:\/\/www.elche.es\/2021\/05\/los-alcaldes-del-baix-vinalopo-y-las-entidades-agrarias-aprueban-una-declaracion-de-apoyo-al-trasvase-con-el-apoyo-del-consell\/\">https:\/\/www.elche.es\/2021\/05\/los-alcaldes-del-baix-vinalopo-y-las-entidades-agrarias-aprueban-una-declaracion-de-apoyo-al-trasvase-con-el-apoyo-del-consell\/\u00a0<\/a><\/p>\n<p style=\"text-align: center;\"><img loading=\"lazy\" decoding=\"async\" class=\"aligncenter wp-image-14807 size-large\" src=\"https:\/\/santapola.es\/wp-content\/uploads\/2021\/05\/trasvase_acto-1024x685.jpeg\" alt=\"\" width=\"1024\" height=\"685\" srcset=\"https:\/\/santapola.es\/wp-content\/uploads\/2021\/05\/trasvase_acto-1024x685.jpeg 1024w, https:\/\/santapola.es\/wp-content\/uploads\/2021\/05\/trasvase_acto-300x201.jpeg 300w, https:\/\/santapola.es\/wp-content\/uploads\/2021\/05\/trasvase_acto-768x513.jpeg 768w, https:\/\/santapola.es\/wp-content\/uploads\/2021\/05\/trasvase_acto-1536x1027.jpeg 1536w, https:\/\/santapola.es\/wp-content\/uploads\/2021\/05\/trasvase_acto-1080x722.jpeg 1080w, https:\/\/santapola.es\/wp-content\/uploads\/2021\/05\/trasvase_acto-610x408.jpeg 610w, https:\/\/santapola.es\/wp-content\/uploads\/2021\/05\/trasvase_acto.jpeg 1729w\" sizes=\"(max-width: 1024px) 100vw, 1024px\" \/> <img loading=\"lazy\" decoding=\"async\" class=\"aligncenter wp-image-14808 size-large\" src=\"https:\/\/santapola.es\/wp-content\/uploads\/2021\/05\/loreto_trasvase-1024x685.jpeg\" alt=\"\" width=\"1024\" height=\"685\" srcset=\"https:\/\/santapola.es\/wp-content\/uploads\/2021\/05\/loreto_trasvase-1024x685.jpeg 1024w, https:\/\/santapola.es\/wp-content\/uploads\/2021\/05\/loreto_trasvase-300x201.jpeg 300w, https:\/\/santapola.es\/wp-content\/uploads\/2021\/05\/loreto_trasvase-768x513.jpeg 768w, https:\/\/santapola.es\/wp-content\/uploads\/2021\/05\/loreto_trasvase-1536x1027.jpeg 1536w, https:\/\/santapola.es\/wp-content\/uploads\/2021\/05\/loreto_trasvase-1080x722.jpeg 1080w, https:\/\/santapola.es\/wp-content\/uploads\/2021\/05\/loreto_trasvase-610x408.jpeg 610w, https:\/\/santapola.es\/wp-content\/uploads\/2021\/05\/loreto_trasvase.jpeg 1729w\" sizes=\"(max-width: 1024px) 100vw, 1024px\" \/><\/p>\n<p style=\"text-align: center;\"><img loading=\"lazy\" decoding=\"async\" class=\"alignnone wp-image-14809 size-large\" src=\"https:\/\/santapola.es\/wp-content\/uploads\/2021\/05\/acto_trasvase-1024x685.jpeg\" alt=\"\" width=\"1024\" height=\"685\" srcset=\"https:\/\/santapola.es\/wp-content\/uploads\/2021\/05\/acto_trasvase-1024x685.jpeg 1024w, https:\/\/santapola.es\/wp-content\/uploads\/2021\/05\/acto_trasvase-300x201.jpeg 300w, https:\/\/santapola.es\/wp-content\/uploads\/2021\/05\/acto_trasvase-768x513.jpeg 768w, https:\/\/santapola.es\/wp-content\/uploads\/2021\/05\/acto_trasvase-1536x1027.jpeg 1536w, https:\/\/santapola.es\/wp-content\/uploads\/2021\/05\/acto_trasvase-1080x722.jpeg 1080w, https:\/\/santapola.es\/wp-content\/uploads\/2021\/05\/acto_trasvase-610x408.jpeg 610w, https:\/\/santapola.es\/wp-content\/uploads\/2021\/05\/acto_trasvase.jpeg 1729w\" sizes=\"(max-width: 1024px) 100vw, 1024px\" \/><\/p>\n<p>&nbsp;<\/p>\n","protected":false},"excerpt":{"rendered":"<p>Esta ma\u00f1ana la alcaldesa de Santa Pola, Loreto Serrano ha asistido al acto de firma de la declaraci\u00f3n del Baix Vinalop\u00f3 en apoyo al trasvase Tajo-Segura que ha tenido lugar en el Ayuntamiento de Elche. En el acto han asistido el secretario auton\u00f3mico de Agricultura, Roger Llanes, la delegada territorial de la Generalitat en Alicante, [&hellip;]<\/p>\n","protected":false},"author":99,"featured_media":0,"comment_status":"closed","ping_status":"closed","sticky":false,"template":"","format":"standard","meta":{"_et_pb_use_builder":"","_et_pb_old_content":"","_et_gb_content_width":"","footnotes":""},"categories":[61,66,406,58],"tags":[],"class_list":["post-14796","post","type-post","status-publish","format-standard","hentry","category-alcaldia","category-inicio","category-sin-categorizar-2","category-sostenibilidad-sanidad"],"yoast_head":"<!-- This site is optimized with the Yoast SEO plugin v27.4 - https:\/\/yoast.com\/product\/yoast-seo-wordpress\/ -->\n<title>Santa Pola respalda el trasvase Tajo-Segura - Ajuntament de Santa Pola<\/title>\n<meta name=\"robots\" content=\"index, follow, max-snippet:-1, max-image-preview:large, max-video-preview:-1\" \/>\n<link rel=\"canonical\" href=\"https:\/\/santapola.es\/ca\/santa-pola-respalda-el-trasvase-tajo-segura\/\" \/>\n<meta property=\"og:locale\" content=\"ca_ES\" \/>\n<meta property=\"og:type\" content=\"article\" \/>\n<meta property=\"og:title\" content=\"Santa Pola respalda el trasvase Tajo-Segura - Ajuntament de Santa Pola\" \/>\n<meta property=\"og:description\" content=\"Esta ma\u00f1ana la alcaldesa de Santa Pola, Loreto Serrano ha asistido al acto de firma de la declaraci\u00f3n del Baix Vinalop\u00f3 en apoyo al trasvase Tajo-Segura que ha tenido lugar en el Ayuntamiento de Elche. En el acto han asistido el secretario auton\u00f3mico de Agricultura, Roger Llanes, la delegada territorial de la Generalitat en Alicante, [&hellip;]\" \/>\n<meta property=\"og:url\" content=\"https:\/\/santapola.es\/ca\/santa-pola-respalda-el-trasvase-tajo-segura\/\" \/>\n<meta property=\"og:site_name\" content=\"Ajuntament de Santa Pola\" \/>\n<meta property=\"article:publisher\" content=\"https:\/\/www.facebook.com\/AyuntamientoSantaPola\/\" \/>\n<meta property=\"article:published_time\" content=\"2021-05-20T14:10:05+00:00\" \/>\n<meta property=\"article:modified_time\" content=\"2024-03-07T17:39:42+00:00\" \/>\n<meta property=\"og:image\" content=\"https:\/\/santapola.es\/wp-content\/uploads\/2021\/05\/trasvase_acto-1024x685.jpeg\" \/>\n<meta name=\"author\" content=\"Usuario Gen\u00e9rico Web\" \/>\n<meta name=\"twitter:card\" content=\"summary_large_image\" \/>\n<meta name=\"twitter:creator\" content=\"@SantaPolaAyunt\" \/>\n<meta name=\"twitter:site\" content=\"@SantaPolaAyunt\" \/>\n<script type=\"application\/ld+json\" class=\"yoast-schema-graph\">{\"@context\":\"https:\\\/\\\/schema.org\",\"@graph\":[{\"@type\":\"Article\",\"@id\":\"https:\\\/\\\/santapola.es\\\/ca\\\/santa-pola-respalda-el-trasvase-tajo-segura\\\/#article\",\"isPartOf\":{\"@id\":\"https:\\\/\\\/santapola.es\\\/ca\\\/santa-pola-respalda-el-trasvase-tajo-segura\\\/\"},\"author\":{\"name\":\"Usuario Gen\u00e9rico Web\",\"@id\":\"https:\\\/\\\/santapola.es\\\/ca\\\/#\\\/schema\\\/person\\\/5c898695593fabd93215e23620b3a9d1\"},\"headline\":\"Santa Pola respalda el trasvase Tajo-Segura\",\"datePublished\":\"2021-05-20T14:10:05+00:00\",\"dateModified\":\"2024-03-07T17:39:42+00:00\",\"mainEntityOfPage\":{\"@id\":\"https:\\\/\\\/santapola.es\\\/ca\\\/santa-pola-respalda-el-trasvase-tajo-segura\\\/\"},\"wordCount\":203,\"image\":{\"@id\":\"https:\\\/\\\/santapola.es\\\/ca\\\/santa-pola-respalda-el-trasvase-tajo-segura\\\/#primaryimage\"},\"thumbnailUrl\":\"https:\\\/\\\/santapola.es\\\/wp-content\\\/uploads\\\/2021\\\/05\\\/trasvase_acto-1024x685.jpeg\",\"articleSection\":[\"Alcald\u00eda\",\"Inicio\",\"Sin categorizar\",\"Sostenibilidad \\\/ Sanidad\"],\"inLanguage\":\"ca\"},{\"@type\":\"WebPage\",\"@id\":\"https:\\\/\\\/santapola.es\\\/ca\\\/santa-pola-respalda-el-trasvase-tajo-segura\\\/\",\"url\":\"https:\\\/\\\/santapola.es\\\/ca\\\/santa-pola-respalda-el-trasvase-tajo-segura\\\/\",\"name\":\"Santa Pola respalda el trasvase Tajo-Segura - Ajuntament de Santa Pola\",\"isPartOf\":{\"@id\":\"https:\\\/\\\/santapola.es\\\/ca\\\/#website\"},\"primaryImageOfPage\":{\"@id\":\"https:\\\/\\\/santapola.es\\\/ca\\\/santa-pola-respalda-el-trasvase-tajo-segura\\\/#primaryimage\"},\"image\":{\"@id\":\"https:\\\/\\\/santapola.es\\\/ca\\\/santa-pola-respalda-el-trasvase-tajo-segura\\\/#primaryimage\"},\"thumbnailUrl\":\"https:\\\/\\\/santapola.es\\\/wp-content\\\/uploads\\\/2021\\\/05\\\/trasvase_acto-1024x685.jpeg\",\"datePublished\":\"2021-05-20T14:10:05+00:00\",\"dateModified\":\"2024-03-07T17:39:42+00:00\",\"author\":{\"@id\":\"https:\\\/\\\/santapola.es\\\/ca\\\/#\\\/schema\\\/person\\\/5c898695593fabd93215e23620b3a9d1\"},\"breadcrumb\":{\"@id\":\"https:\\\/\\\/santapola.es\\\/ca\\\/santa-pola-respalda-el-trasvase-tajo-segura\\\/#breadcrumb\"},\"inLanguage\":\"ca\",\"potentialAction\":[{\"@type\":\"ReadAction\",\"target\":[\"https:\\\/\\\/santapola.es\\\/ca\\\/santa-pola-respalda-el-trasvase-tajo-segura\\\/\"]}]},{\"@type\":\"ImageObject\",\"inLanguage\":\"ca\",\"@id\":\"https:\\\/\\\/santapola.es\\\/ca\\\/santa-pola-respalda-el-trasvase-tajo-segura\\\/#primaryimage\",\"url\":\"https:\\\/\\\/santapola.es\\\/wp-content\\\/uploads\\\/2021\\\/05\\\/trasvase_acto-1024x685.jpeg\",\"contentUrl\":\"https:\\\/\\\/santapola.es\\\/wp-content\\\/uploads\\\/2021\\\/05\\\/trasvase_acto-1024x685.jpeg\"},{\"@type\":\"BreadcrumbList\",\"@id\":\"https:\\\/\\\/santapola.es\\\/ca\\\/santa-pola-respalda-el-trasvase-tajo-segura\\\/#breadcrumb\",\"itemListElement\":[{\"@type\":\"ListItem\",\"position\":1,\"name\":\"Inici\",\"item\":\"https:\\\/\\\/santapola.es\\\/ca\\\/\"},{\"@type\":\"ListItem\",\"position\":2,\"name\":\"Santa Pola respalda el trasvase Tajo-Segura\"}]},{\"@type\":\"WebSite\",\"@id\":\"https:\\\/\\\/santapola.es\\\/ca\\\/#website\",\"url\":\"https:\\\/\\\/santapola.es\\\/ca\\\/\",\"name\":\"Ayuntamiento de Santa Pola\",\"description\":\"Web de l'Ajuntament de Santa Pola\",\"potentialAction\":[{\"@type\":\"SearchAction\",\"target\":{\"@type\":\"EntryPoint\",\"urlTemplate\":\"https:\\\/\\\/santapola.es\\\/ca\\\/?s={search_term_string}\"},\"query-input\":{\"@type\":\"PropertyValueSpecification\",\"valueRequired\":true,\"valueName\":\"search_term_string\"}}],\"inLanguage\":\"ca\"},{\"@type\":\"Person\",\"@id\":\"https:\\\/\\\/santapola.es\\\/ca\\\/#\\\/schema\\\/person\\\/5c898695593fabd93215e23620b3a9d1\",\"name\":\"Usuario Gen\u00e9rico Web\"}]}<\/script>\n<!-- \/ Yoast SEO plugin. -->","yoast_head_json":{"title":"Santa Pola respalda el trasvase Tajo-Segura - Ajuntament de Santa Pola","robots":{"index":"index","follow":"follow","max-snippet":"max-snippet:-1","max-image-preview":"max-image-preview:large","max-video-preview":"max-video-preview:-1"},"canonical":"https:\/\/santapola.es\/ca\/santa-pola-respalda-el-trasvase-tajo-segura\/","og_locale":"ca_ES","og_type":"article","og_title":"Santa Pola respalda el trasvase Tajo-Segura - Ajuntament de Santa Pola","og_description":"Esta ma\u00f1ana la alcaldesa de Santa Pola, Loreto Serrano ha asistido al acto de firma de la declaraci\u00f3n del Baix Vinalop\u00f3 en apoyo al trasvase Tajo-Segura que ha tenido lugar en el Ayuntamiento de Elche. En el acto han asistido el secretario auton\u00f3mico de Agricultura, Roger Llanes, la delegada territorial de la Generalitat en Alicante, [&hellip;]","og_url":"https:\/\/santapola.es\/ca\/santa-pola-respalda-el-trasvase-tajo-segura\/","og_site_name":"Ajuntament de Santa Pola","article_publisher":"https:\/\/www.facebook.com\/AyuntamientoSantaPola\/","article_published_time":"2021-05-20T14:10:05+00:00","article_modified_time":"2024-03-07T17:39:42+00:00","og_image":[{"url":"https:\/\/santapola.es\/wp-content\/uploads\/2021\/05\/trasvase_acto-1024x685.jpeg","type":"","width":"","height":""}],"author":"Usuario Gen\u00e9rico Web","twitter_card":"summary_large_image","twitter_creator":"@SantaPolaAyunt","twitter_site":"@SantaPolaAyunt","schema":{"@context":"https:\/\/schema.org","@graph":[{"@type":"Article","@id":"https:\/\/santapola.es\/ca\/santa-pola-respalda-el-trasvase-tajo-segura\/#article","isPartOf":{"@id":"https:\/\/santapola.es\/ca\/santa-pola-respalda-el-trasvase-tajo-segura\/"},"author":{"name":"Usuario Gen\u00e9rico Web","@id":"https:\/\/santapola.es\/ca\/#\/schema\/person\/5c898695593fabd93215e23620b3a9d1"},"headline":"Santa Pola respalda el trasvase Tajo-Segura","datePublished":"2021-05-20T14:10:05+00:00","dateModified":"2024-03-07T17:39:42+00:00","mainEntityOfPage":{"@id":"https:\/\/santapola.es\/ca\/santa-pola-respalda-el-trasvase-tajo-segura\/"},"wordCount":203,"image":{"@id":"https:\/\/santapola.es\/ca\/santa-pola-respalda-el-trasvase-tajo-segura\/#primaryimage"},"thumbnailUrl":"https:\/\/santapola.es\/wp-content\/uploads\/2021\/05\/trasvase_acto-1024x685.jpeg","articleSection":["Alcald\u00eda","Inicio","Sin categorizar","Sostenibilidad \/ Sanidad"],"inLanguage":"ca"},{"@type":"WebPage","@id":"https:\/\/santapola.es\/ca\/santa-pola-respalda-el-trasvase-tajo-segura\/","url":"https:\/\/santapola.es\/ca\/santa-pola-respalda-el-trasvase-tajo-segura\/","name":"Santa Pola respalda el trasvase Tajo-Segura - Ajuntament de Santa Pola","isPartOf":{"@id":"https:\/\/santapola.es\/ca\/#website"},"primaryImageOfPage":{"@id":"https:\/\/santapola.es\/ca\/santa-pola-respalda-el-trasvase-tajo-segura\/#primaryimage"},"image":{"@id":"https:\/\/santapola.es\/ca\/santa-pola-respalda-el-trasvase-tajo-segura\/#primaryimage"},"thumbnailUrl":"https:\/\/santapola.es\/wp-content\/uploads\/2021\/05\/trasvase_acto-1024x685.jpeg","datePublished":"2021-05-20T14:10:05+00:00","dateModified":"2024-03-07T17:39:42+00:00","author":{"@id":"https:\/\/santapola.es\/ca\/#\/schema\/person\/5c898695593fabd93215e23620b3a9d1"},"breadcrumb":{"@id":"https:\/\/santapola.es\/ca\/santa-pola-respalda-el-trasvase-tajo-segura\/#breadcrumb"},"inLanguage":"ca","potentialAction":[{"@type":"ReadAction","target":["https:\/\/santapola.es\/ca\/santa-pola-respalda-el-trasvase-tajo-segura\/"]}]},{"@type":"ImageObject","inLanguage":"ca","@id":"https:\/\/santapola.es\/ca\/santa-pola-respalda-el-trasvase-tajo-segura\/#primaryimage","url":"https:\/\/santapola.es\/wp-content\/uploads\/2021\/05\/trasvase_acto-1024x685.jpeg","contentUrl":"https:\/\/santapola.es\/wp-content\/uploads\/2021\/05\/trasvase_acto-1024x685.jpeg"},{"@type":"BreadcrumbList","@id":"https:\/\/santapola.es\/ca\/santa-pola-respalda-el-trasvase-tajo-segura\/#breadcrumb","itemListElement":[{"@type":"ListItem","position":1,"name":"Inici","item":"https:\/\/santapola.es\/ca\/"},{"@type":"ListItem","position":2,"name":"Santa Pola respalda el trasvase Tajo-Segura"}]},{"@type":"WebSite","@id":"https:\/\/santapola.es\/ca\/#website","url":"https:\/\/santapola.es\/ca\/","name":"Ayuntamiento de Santa Pola","description":"Web de l'Ajuntament de Santa Pola","potentialAction":[{"@type":"SearchAction","target":{"@type":"EntryPoint","urlTemplate":"https:\/\/santapola.es\/ca\/?s={search_term_string}"},"query-input":{"@type":"PropertyValueSpecification","valueRequired":true,"valueName":"search_term_string"}}],"inLanguage":"ca"},{"@type":"Person","@id":"https:\/\/santapola.es\/ca\/#\/schema\/person\/5c898695593fabd93215e23620b3a9d1","name":"Usuario Gen\u00e9rico Web"}]}},"_links":{"self":[{"href":"https:\/\/santapola.es\/ca\/wp-json\/wp\/v2\/posts\/14796","targetHints":{"allow":["GET"]}}],"collection":[{"href":"https:\/\/santapola.es\/ca\/wp-json\/wp\/v2\/posts"}],"about":[{"href":"https:\/\/santapola.es\/ca\/wp-json\/wp\/v2\/types\/post"}],"author":[{"embeddable":true,"href":"https:\/\/santapola.es\/ca\/wp-json\/wp\/v2\/users\/99"}],"replies":[{"embeddable":true,"href":"https:\/\/santapola.es\/ca\/wp-json\/wp\/v2\/comments?post=14796"}],"version-history":[{"count":0,"href":"https:\/\/santapola.es\/ca\/wp-json\/wp\/v2\/posts\/14796\/revisions"}],"wp:attachment":[{"href":"https:\/\/santapola.es\/ca\/wp-json\/wp\/v2\/media?parent=14796"}],"wp:term":[{"taxonomy":"category","embeddable":true,"href":"https:\/\/santapola.es\/ca\/wp-json\/wp\/v2\/categories?post=14796"},{"taxonomy":"post_tag","embeddable":true,"href":"https:\/\/santapola.es\/ca\/wp-json\/wp\/v2\/tags?post=14796"}],"curies":[{"name":"wp","href":"https:\/\/api.w.org\/{rel}","templated":true}]}}