{"id":14761,"date":"2021-05-20T10:55:55","date_gmt":"2021-05-20T09:55:55","guid":{"rendered":"https:\/\/www.santapola.es\/?p=14761"},"modified":"2024-03-07T18:39:42","modified_gmt":"2024-03-07T17:39:42","slug":"el-proximo-lunes-24-de-mayo-comienza-la-vacunacion-en-el-pabellon-lara-gonzalez","status":"publish","type":"post","link":"https:\/\/santapola.es\/ca\/el-proximo-lunes-24-de-mayo-comienza-la-vacunacion-en-el-pabellon-lara-gonzalez\/","title":{"rendered":"El pr\u00f3ximo lunes 24 de mayo comienza la vacunaci\u00f3n en el Pabell\u00f3n Lara Gonz\u00e1lez"},"content":{"rendered":"<p>El Ayuntamiento de Santa Pola ha habilitado el Pabello\u0301n Lara Gonz\u00e1lez como Centro de Vacunacio\u0301n Covid-19. A partir del pro\u0301ximo lunes 24 de mayo las personas que ya cuentan con la primera dosis de la vacuna y que han recibido citaci\u00f3n por SMS, ya no tendr\u00e1n que desplazarse hasta IFA para recibir la segunda dosis. Inicialmente comenzar\u00e1n lunes y martes por la tarde y se prev\u00e9 que se suministren alrededor de 400 dosis.<\/p>\n<p>Desde la Conselleria apuntan que \u201cen cuanto se reciban nuevas dosis, se empezar\u00e1 a aplicar ya la pauta completa en el Lara Gonz\u00e1lez\u201d. Por su parte, Gela Roche, concejala de Sanidad rese\u00f1aba que \u201ceste punto de vacunaci\u00f3n, lo ten\u00edamos preparado desde el mes de abril, pero por falta de dosis lo tuvimos que frenar a la espera de indicaciones. Ahora ya vamos a contar con este punto en Santa Pola hasta que la conselleria lo estime oportuno\u201d.<\/p>\n<p>El Ayuntamiento ha puesto a disposici\u00f3n de los servicios de salud todo el dispositivo necesario para llevar a cabo la inmunizaci\u00f3n de manera \u00e1gil y segura para todos los citados.<\/p>\n<p>Toda la informaci\u00f3n referente a la vacunaci\u00f3n puede consultarse aqu\u00ed: <a href=\"http:\/\/coronavirus.san.gva.es\/es\/web\/vacunacion\" target=\"_blank\" rel=\"noopener\">http:\/\/coronavirus.san.gva.es\/es\/web\/vacunacion\u00a0<\/a><\/p>\n<p><img loading=\"lazy\" decoding=\"async\" class=\"aligncenter wp-image-14789 size-large\" src=\"https:\/\/santapola.es\/wp-content\/uploads\/2021\/05\/vacunacion_santapola-1024x678.jpg\" alt=\"\" width=\"1024\" height=\"678\" srcset=\"https:\/\/santapola.es\/wp-content\/uploads\/2021\/05\/vacunacion_santapola-1024x678.jpg 1024w, https:\/\/santapola.es\/wp-content\/uploads\/2021\/05\/vacunacion_santapola-300x199.jpg 300w, https:\/\/santapola.es\/wp-content\/uploads\/2021\/05\/vacunacion_santapola-768x508.jpg 768w, https:\/\/santapola.es\/wp-content\/uploads\/2021\/05\/vacunacion_santapola-1536x1017.jpg 1536w, https:\/\/santapola.es\/wp-content\/uploads\/2021\/05\/vacunacion_santapola-1080x715.jpg 1080w, https:\/\/santapola.es\/wp-content\/uploads\/2021\/05\/vacunacion_santapola-610x404.jpg 610w, https:\/\/santapola.es\/wp-content\/uploads\/2021\/05\/vacunacion_santapola.jpg 1737w\" sizes=\"(max-width: 1024px) 100vw, 1024px\" \/><\/p>\n<p><img loading=\"lazy\" decoding=\"async\" class=\"aligncenter wp-image-14790 size-large\" src=\"https:\/\/santapola.es\/wp-content\/uploads\/2021\/05\/vacunacion_santapolaA-1024x678.jpg\" alt=\"\" width=\"1024\" height=\"678\" srcset=\"https:\/\/santapola.es\/wp-content\/uploads\/2021\/05\/vacunacion_santapolaA-1024x678.jpg 1024w, https:\/\/santapola.es\/wp-content\/uploads\/2021\/05\/vacunacion_santapolaA-300x199.jpg 300w, https:\/\/santapola.es\/wp-content\/uploads\/2021\/05\/vacunacion_santapolaA-768x508.jpg 768w, https:\/\/santapola.es\/wp-content\/uploads\/2021\/05\/vacunacion_santapolaA-1536x1017.jpg 1536w, https:\/\/santapola.es\/wp-content\/uploads\/2021\/05\/vacunacion_santapolaA-1080x715.jpg 1080w, https:\/\/santapola.es\/wp-content\/uploads\/2021\/05\/vacunacion_santapolaA-610x404.jpg 610w, https:\/\/santapola.es\/wp-content\/uploads\/2021\/05\/vacunacion_santapolaA.jpg 1737w\" sizes=\"(max-width: 1024px) 100vw, 1024px\" \/><\/p>\n<p>&nbsp;<\/p>\n","protected":false},"excerpt":{"rendered":"<p>El Ayuntamiento de Santa Pola ha habilitado el Pabello\u0301n Lara Gonz\u00e1lez como Centro de Vacunacio\u0301n Covid-19. A partir del pro\u0301ximo lunes 24 de mayo las personas que ya cuentan con la primera dosis de la vacuna y que han recibido citaci\u00f3n por SMS, ya no tendr\u00e1n que desplazarse hasta IFA para recibir la segunda dosis. [&hellip;]<\/p>\n","protected":false},"author":99,"featured_media":0,"comment_status":"closed","ping_status":"closed","sticky":false,"template":"","format":"standard","meta":{"_et_pb_use_builder":"","_et_pb_old_content":"","_et_gb_content_width":"","footnotes":""},"categories":[66,406,58],"tags":[],"class_list":["post-14761","post","type-post","status-publish","format-standard","hentry","category-inicio","category-sin-categorizar-2","category-sostenibilidad-sanidad"],"yoast_head":"<!-- This site is optimized with the Yoast SEO plugin v27.4 - https:\/\/yoast.com\/product\/yoast-seo-wordpress\/ -->\n<title>El pr\u00f3ximo lunes 24 de mayo comienza la vacunaci\u00f3n en el Pabell\u00f3n Lara Gonz\u00e1lez - Ajuntament de Santa Pola<\/title>\n<meta name=\"robots\" content=\"index, follow, max-snippet:-1, max-image-preview:large, max-video-preview:-1\" \/>\n<link rel=\"canonical\" href=\"https:\/\/santapola.es\/ca\/el-proximo-lunes-24-de-mayo-comienza-la-vacunacion-en-el-pabellon-lara-gonzalez\/\" \/>\n<meta property=\"og:locale\" content=\"ca_ES\" \/>\n<meta property=\"og:type\" content=\"article\" \/>\n<meta property=\"og:title\" content=\"El pr\u00f3ximo lunes 24 de mayo comienza la vacunaci\u00f3n en el Pabell\u00f3n Lara Gonz\u00e1lez - Ajuntament de Santa Pola\" \/>\n<meta property=\"og:description\" content=\"El Ayuntamiento de Santa Pola ha habilitado el Pabello\u0301n Lara Gonz\u00e1lez como Centro de Vacunacio\u0301n Covid-19. A partir del pro\u0301ximo lunes 24 de mayo las personas que ya cuentan con la primera dosis de la vacuna y que han recibido citaci\u00f3n por SMS, ya no tendr\u00e1n que desplazarse hasta IFA para recibir la segunda dosis. [&hellip;]\" \/>\n<meta property=\"og:url\" content=\"https:\/\/santapola.es\/ca\/el-proximo-lunes-24-de-mayo-comienza-la-vacunacion-en-el-pabellon-lara-gonzalez\/\" \/>\n<meta property=\"og:site_name\" content=\"Ajuntament de Santa Pola\" \/>\n<meta property=\"article:publisher\" content=\"https:\/\/www.facebook.com\/AyuntamientoSantaPola\/\" \/>\n<meta property=\"article:published_time\" content=\"2021-05-20T09:55:55+00:00\" \/>\n<meta property=\"article:modified_time\" content=\"2024-03-07T17:39:42+00:00\" \/>\n<meta property=\"og:image\" content=\"https:\/\/santapola.es\/wp-content\/uploads\/2021\/05\/vacunacion_santapola-1024x678.jpg\" \/>\n<meta name=\"author\" content=\"Usuario Gen\u00e9rico Web\" \/>\n<meta name=\"twitter:card\" content=\"summary_large_image\" \/>\n<meta name=\"twitter:creator\" content=\"@SantaPolaAyunt\" \/>\n<meta name=\"twitter:site\" content=\"@SantaPolaAyunt\" \/>\n<script type=\"application\/ld+json\" class=\"yoast-schema-graph\">{\"@context\":\"https:\\\/\\\/schema.org\",\"@graph\":[{\"@type\":\"Article\",\"@id\":\"https:\\\/\\\/santapola.es\\\/ca\\\/el-proximo-lunes-24-de-mayo-comienza-la-vacunacion-en-el-pabellon-lara-gonzalez\\\/#article\",\"isPartOf\":{\"@id\":\"https:\\\/\\\/santapola.es\\\/ca\\\/el-proximo-lunes-24-de-mayo-comienza-la-vacunacion-en-el-pabellon-lara-gonzalez\\\/\"},\"author\":{\"name\":\"Usuario Gen\u00e9rico Web\",\"@id\":\"https:\\\/\\\/santapola.es\\\/ca\\\/#\\\/schema\\\/person\\\/5c898695593fabd93215e23620b3a9d1\"},\"headline\":\"El pr\u00f3ximo lunes 24 de mayo comienza la vacunaci\u00f3n en el Pabell\u00f3n Lara Gonz\u00e1lez\",\"datePublished\":\"2021-05-20T09:55:55+00:00\",\"dateModified\":\"2024-03-07T17:39:42+00:00\",\"mainEntityOfPage\":{\"@id\":\"https:\\\/\\\/santapola.es\\\/ca\\\/el-proximo-lunes-24-de-mayo-comienza-la-vacunacion-en-el-pabellon-lara-gonzalez\\\/\"},\"wordCount\":229,\"image\":{\"@id\":\"https:\\\/\\\/santapola.es\\\/ca\\\/el-proximo-lunes-24-de-mayo-comienza-la-vacunacion-en-el-pabellon-lara-gonzalez\\\/#primaryimage\"},\"thumbnailUrl\":\"https:\\\/\\\/santapola.es\\\/wp-content\\\/uploads\\\/2021\\\/05\\\/vacunacion_santapola-1024x678.jpg\",\"articleSection\":[\"Inicio\",\"Sin categorizar\",\"Sostenibilidad \\\/ Sanidad\"],\"inLanguage\":\"ca\"},{\"@type\":\"WebPage\",\"@id\":\"https:\\\/\\\/santapola.es\\\/ca\\\/el-proximo-lunes-24-de-mayo-comienza-la-vacunacion-en-el-pabellon-lara-gonzalez\\\/\",\"url\":\"https:\\\/\\\/santapola.es\\\/ca\\\/el-proximo-lunes-24-de-mayo-comienza-la-vacunacion-en-el-pabellon-lara-gonzalez\\\/\",\"name\":\"El pr\u00f3ximo lunes 24 de mayo comienza la vacunaci\u00f3n en el Pabell\u00f3n Lara Gonz\u00e1lez - Ajuntament de Santa Pola\",\"isPartOf\":{\"@id\":\"https:\\\/\\\/santapola.es\\\/ca\\\/#website\"},\"primaryImageOfPage\":{\"@id\":\"https:\\\/\\\/santapola.es\\\/ca\\\/el-proximo-lunes-24-de-mayo-comienza-la-vacunacion-en-el-pabellon-lara-gonzalez\\\/#primaryimage\"},\"image\":{\"@id\":\"https:\\\/\\\/santapola.es\\\/ca\\\/el-proximo-lunes-24-de-mayo-comienza-la-vacunacion-en-el-pabellon-lara-gonzalez\\\/#primaryimage\"},\"thumbnailUrl\":\"https:\\\/\\\/santapola.es\\\/wp-content\\\/uploads\\\/2021\\\/05\\\/vacunacion_santapola-1024x678.jpg\",\"datePublished\":\"2021-05-20T09:55:55+00:00\",\"dateModified\":\"2024-03-07T17:39:42+00:00\",\"author\":{\"@id\":\"https:\\\/\\\/santapola.es\\\/ca\\\/#\\\/schema\\\/person\\\/5c898695593fabd93215e23620b3a9d1\"},\"breadcrumb\":{\"@id\":\"https:\\\/\\\/santapola.es\\\/ca\\\/el-proximo-lunes-24-de-mayo-comienza-la-vacunacion-en-el-pabellon-lara-gonzalez\\\/#breadcrumb\"},\"inLanguage\":\"ca\",\"potentialAction\":[{\"@type\":\"ReadAction\",\"target\":[\"https:\\\/\\\/santapola.es\\\/ca\\\/el-proximo-lunes-24-de-mayo-comienza-la-vacunacion-en-el-pabellon-lara-gonzalez\\\/\"]}]},{\"@type\":\"ImageObject\",\"inLanguage\":\"ca\",\"@id\":\"https:\\\/\\\/santapola.es\\\/ca\\\/el-proximo-lunes-24-de-mayo-comienza-la-vacunacion-en-el-pabellon-lara-gonzalez\\\/#primaryimage\",\"url\":\"https:\\\/\\\/santapola.es\\\/wp-content\\\/uploads\\\/2021\\\/05\\\/vacunacion_santapola-1024x678.jpg\",\"contentUrl\":\"https:\\\/\\\/santapola.es\\\/wp-content\\\/uploads\\\/2021\\\/05\\\/vacunacion_santapola-1024x678.jpg\"},{\"@type\":\"BreadcrumbList\",\"@id\":\"https:\\\/\\\/santapola.es\\\/ca\\\/el-proximo-lunes-24-de-mayo-comienza-la-vacunacion-en-el-pabellon-lara-gonzalez\\\/#breadcrumb\",\"itemListElement\":[{\"@type\":\"ListItem\",\"position\":1,\"name\":\"Inici\",\"item\":\"https:\\\/\\\/santapola.es\\\/ca\\\/\"},{\"@type\":\"ListItem\",\"position\":2,\"name\":\"El pr\u00f3ximo lunes 24 de mayo comienza la vacunaci\u00f3n en el Pabell\u00f3n Lara Gonz\u00e1lez\"}]},{\"@type\":\"WebSite\",\"@id\":\"https:\\\/\\\/santapola.es\\\/ca\\\/#website\",\"url\":\"https:\\\/\\\/santapola.es\\\/ca\\\/\",\"name\":\"Ayuntamiento de Santa Pola\",\"description\":\"Web de l'Ajuntament de Santa Pola\",\"potentialAction\":[{\"@type\":\"SearchAction\",\"target\":{\"@type\":\"EntryPoint\",\"urlTemplate\":\"https:\\\/\\\/santapola.es\\\/ca\\\/?s={search_term_string}\"},\"query-input\":{\"@type\":\"PropertyValueSpecification\",\"valueRequired\":true,\"valueName\":\"search_term_string\"}}],\"inLanguage\":\"ca\"},{\"@type\":\"Person\",\"@id\":\"https:\\\/\\\/santapola.es\\\/ca\\\/#\\\/schema\\\/person\\\/5c898695593fabd93215e23620b3a9d1\",\"name\":\"Usuario Gen\u00e9rico Web\"}]}<\/script>\n<!-- \/ Yoast SEO plugin. -->","yoast_head_json":{"title":"El pr\u00f3ximo lunes 24 de mayo comienza la vacunaci\u00f3n en el Pabell\u00f3n Lara Gonz\u00e1lez - Ajuntament de Santa Pola","robots":{"index":"index","follow":"follow","max-snippet":"max-snippet:-1","max-image-preview":"max-image-preview:large","max-video-preview":"max-video-preview:-1"},"canonical":"https:\/\/santapola.es\/ca\/el-proximo-lunes-24-de-mayo-comienza-la-vacunacion-en-el-pabellon-lara-gonzalez\/","og_locale":"ca_ES","og_type":"article","og_title":"El pr\u00f3ximo lunes 24 de mayo comienza la vacunaci\u00f3n en el Pabell\u00f3n Lara Gonz\u00e1lez - Ajuntament de Santa Pola","og_description":"El Ayuntamiento de Santa Pola ha habilitado el Pabello\u0301n Lara Gonz\u00e1lez como Centro de Vacunacio\u0301n Covid-19. A partir del pro\u0301ximo lunes 24 de mayo las personas que ya cuentan con la primera dosis de la vacuna y que han recibido citaci\u00f3n por SMS, ya no tendr\u00e1n que desplazarse hasta IFA para recibir la segunda dosis. [&hellip;]","og_url":"https:\/\/santapola.es\/ca\/el-proximo-lunes-24-de-mayo-comienza-la-vacunacion-en-el-pabellon-lara-gonzalez\/","og_site_name":"Ajuntament de Santa Pola","article_publisher":"https:\/\/www.facebook.com\/AyuntamientoSantaPola\/","article_published_time":"2021-05-20T09:55:55+00:00","article_modified_time":"2024-03-07T17:39:42+00:00","og_image":[{"url":"https:\/\/santapola.es\/wp-content\/uploads\/2021\/05\/vacunacion_santapola-1024x678.jpg","type":"","width":"","height":""}],"author":"Usuario Gen\u00e9rico Web","twitter_card":"summary_large_image","twitter_creator":"@SantaPolaAyunt","twitter_site":"@SantaPolaAyunt","schema":{"@context":"https:\/\/schema.org","@graph":[{"@type":"Article","@id":"https:\/\/santapola.es\/ca\/el-proximo-lunes-24-de-mayo-comienza-la-vacunacion-en-el-pabellon-lara-gonzalez\/#article","isPartOf":{"@id":"https:\/\/santapola.es\/ca\/el-proximo-lunes-24-de-mayo-comienza-la-vacunacion-en-el-pabellon-lara-gonzalez\/"},"author":{"name":"Usuario Gen\u00e9rico Web","@id":"https:\/\/santapola.es\/ca\/#\/schema\/person\/5c898695593fabd93215e23620b3a9d1"},"headline":"El pr\u00f3ximo lunes 24 de mayo comienza la vacunaci\u00f3n en el Pabell\u00f3n Lara Gonz\u00e1lez","datePublished":"2021-05-20T09:55:55+00:00","dateModified":"2024-03-07T17:39:42+00:00","mainEntityOfPage":{"@id":"https:\/\/santapola.es\/ca\/el-proximo-lunes-24-de-mayo-comienza-la-vacunacion-en-el-pabellon-lara-gonzalez\/"},"wordCount":229,"image":{"@id":"https:\/\/santapola.es\/ca\/el-proximo-lunes-24-de-mayo-comienza-la-vacunacion-en-el-pabellon-lara-gonzalez\/#primaryimage"},"thumbnailUrl":"https:\/\/santapola.es\/wp-content\/uploads\/2021\/05\/vacunacion_santapola-1024x678.jpg","articleSection":["Inicio","Sin categorizar","Sostenibilidad \/ Sanidad"],"inLanguage":"ca"},{"@type":"WebPage","@id":"https:\/\/santapola.es\/ca\/el-proximo-lunes-24-de-mayo-comienza-la-vacunacion-en-el-pabellon-lara-gonzalez\/","url":"https:\/\/santapola.es\/ca\/el-proximo-lunes-24-de-mayo-comienza-la-vacunacion-en-el-pabellon-lara-gonzalez\/","name":"El pr\u00f3ximo lunes 24 de mayo comienza la vacunaci\u00f3n en el Pabell\u00f3n Lara Gonz\u00e1lez - Ajuntament de Santa Pola","isPartOf":{"@id":"https:\/\/santapola.es\/ca\/#website"},"primaryImageOfPage":{"@id":"https:\/\/santapola.es\/ca\/el-proximo-lunes-24-de-mayo-comienza-la-vacunacion-en-el-pabellon-lara-gonzalez\/#primaryimage"},"image":{"@id":"https:\/\/santapola.es\/ca\/el-proximo-lunes-24-de-mayo-comienza-la-vacunacion-en-el-pabellon-lara-gonzalez\/#primaryimage"},"thumbnailUrl":"https:\/\/santapola.es\/wp-content\/uploads\/2021\/05\/vacunacion_santapola-1024x678.jpg","datePublished":"2021-05-20T09:55:55+00:00","dateModified":"2024-03-07T17:39:42+00:00","author":{"@id":"https:\/\/santapola.es\/ca\/#\/schema\/person\/5c898695593fabd93215e23620b3a9d1"},"breadcrumb":{"@id":"https:\/\/santapola.es\/ca\/el-proximo-lunes-24-de-mayo-comienza-la-vacunacion-en-el-pabellon-lara-gonzalez\/#breadcrumb"},"inLanguage":"ca","potentialAction":[{"@type":"ReadAction","target":["https:\/\/santapola.es\/ca\/el-proximo-lunes-24-de-mayo-comienza-la-vacunacion-en-el-pabellon-lara-gonzalez\/"]}]},{"@type":"ImageObject","inLanguage":"ca","@id":"https:\/\/santapola.es\/ca\/el-proximo-lunes-24-de-mayo-comienza-la-vacunacion-en-el-pabellon-lara-gonzalez\/#primaryimage","url":"https:\/\/santapola.es\/wp-content\/uploads\/2021\/05\/vacunacion_santapola-1024x678.jpg","contentUrl":"https:\/\/santapola.es\/wp-content\/uploads\/2021\/05\/vacunacion_santapola-1024x678.jpg"},{"@type":"BreadcrumbList","@id":"https:\/\/santapola.es\/ca\/el-proximo-lunes-24-de-mayo-comienza-la-vacunacion-en-el-pabellon-lara-gonzalez\/#breadcrumb","itemListElement":[{"@type":"ListItem","position":1,"name":"Inici","item":"https:\/\/santapola.es\/ca\/"},{"@type":"ListItem","position":2,"name":"El pr\u00f3ximo lunes 24 de mayo comienza la vacunaci\u00f3n en el Pabell\u00f3n Lara Gonz\u00e1lez"}]},{"@type":"WebSite","@id":"https:\/\/santapola.es\/ca\/#website","url":"https:\/\/santapola.es\/ca\/","name":"Ayuntamiento de Santa Pola","description":"Web de l'Ajuntament de Santa Pola","potentialAction":[{"@type":"SearchAction","target":{"@type":"EntryPoint","urlTemplate":"https:\/\/santapola.es\/ca\/?s={search_term_string}"},"query-input":{"@type":"PropertyValueSpecification","valueRequired":true,"valueName":"search_term_string"}}],"inLanguage":"ca"},{"@type":"Person","@id":"https:\/\/santapola.es\/ca\/#\/schema\/person\/5c898695593fabd93215e23620b3a9d1","name":"Usuario Gen\u00e9rico Web"}]}},"_links":{"self":[{"href":"https:\/\/santapola.es\/ca\/wp-json\/wp\/v2\/posts\/14761","targetHints":{"allow":["GET"]}}],"collection":[{"href":"https:\/\/santapola.es\/ca\/wp-json\/wp\/v2\/posts"}],"about":[{"href":"https:\/\/santapola.es\/ca\/wp-json\/wp\/v2\/types\/post"}],"author":[{"embeddable":true,"href":"https:\/\/santapola.es\/ca\/wp-json\/wp\/v2\/users\/99"}],"replies":[{"embeddable":true,"href":"https:\/\/santapola.es\/ca\/wp-json\/wp\/v2\/comments?post=14761"}],"version-history":[{"count":0,"href":"https:\/\/santapola.es\/ca\/wp-json\/wp\/v2\/posts\/14761\/revisions"}],"wp:attachment":[{"href":"https:\/\/santapola.es\/ca\/wp-json\/wp\/v2\/media?parent=14761"}],"wp:term":[{"taxonomy":"category","embeddable":true,"href":"https:\/\/santapola.es\/ca\/wp-json\/wp\/v2\/categories?post=14761"},{"taxonomy":"post_tag","embeddable":true,"href":"https:\/\/santapola.es\/ca\/wp-json\/wp\/v2\/tags?post=14761"}],"curies":[{"name":"wp","href":"https:\/\/api.w.org\/{rel}","templated":true}]}}