{"id":14695,"date":"2021-05-07T13:10:10","date_gmt":"2021-05-07T12:10:10","guid":{"rendered":"https:\/\/www.santapola.es\/?p=14695"},"modified":"2024-03-07T18:39:40","modified_gmt":"2024-03-07T17:39:40","slug":"santa-pola-primera-parada-del-reto-del-reciclaje-en-el-baix-vinalopo","status":"publish","type":"post","link":"https:\/\/santapola.es\/ca\/santa-pola-primera-parada-del-reto-del-reciclaje-en-el-baix-vinalopo\/","title":{"rendered":"Santa Pola primera parada del Reto del Reciclaje en el Baix Vinalop\u00f3"},"content":{"rendered":"<p style=\"text-align: justify;\"><strong>Pistoletazo de salida el pr\u00f3ximo lunes 10 de mayo al \u201cReto del Reciclaje 2021\u201d en la localidad de Santa Pola. Se trata de una acci\u00f3n de concienciaci\u00f3n e informaci\u00f3n ciudadana para ofrecer una nueva vida a los envases que se depositan en los contenedores amarillo (latas, briks y envases de pl\u00e1stico) y azul (envases de cart\u00f3n y papel) planteada como una competici\u00f3n entre municipios. <\/strong><\/p>\n<p style=\"text-align: justify;\"><strong>La iniciativa, en la que tambi\u00e9n participan la Conselleri\u0301a de Agricultura, Desarrollo Rural, Emergencia Clim\u00e1tica y Transici\u00f3n Ecol\u00f3gica y el Consorcio Baix Vinalop\u00f3 premiar\u00e1 al municipio que consiga reciclar m\u00e1s y mejor sus envases dom\u00e9sticos de pl\u00e1stico, latas y briks en el contenedor amarillo.<\/strong><\/p>\n<p style=\"text-align: justify;\"><strong>Los 6 municipios que participar\u00e1n en esta edici\u00f3n del \u201cReto del Reciclaje\u201d, integrados en la zona del Consorcio Baix Vinalop\u00f3 son: Santa Pola, Novelda, Crevillent, Elche, Aspe y Monforte del Cid.<\/strong><\/p>\n<p style=\"text-align: justify;\">El \u201cReto del Reciclaje\u201d se plantea como una competici\u00f3n entre municipios del Consorcio para incrementar el uso del contenedor amarillo, en al menos un 15 % de media, durante los dos meses posteriores al periodo de campa\u00f1a, comparando estas aportaciones con las del mismo periodo del a\u00f1o 2020. El premio ser\u00e1 una dotaci\u00f3n en met\u00e1lico a una ONG de car\u00e1cter social seleccionada previamente. En el caso de Santa Pola resulte ganadora el premio se destinar\u00e1 <strong>a la asociaci\u00f3n Colibr\u00ed, a la asociaci\u00f3n Cielo de Colores y a AFA (Asociaci\u00f3n de familiares de Alzheimer y otras demencias)<\/strong>.<\/p>\n<p style=\"text-align: justify;\">La acci\u00f3n est\u00e1 planteada siguiendo estrictos protocolos de seguridad sanitaria y tiene como objetivo de desmitificar los bulos en torno al reciclaje y sensibilizar a la poblaci\u00f3n de su importancia para el cuidado del medioambiente y del planeta. Un equipo de animaci\u00f3n y formaci\u00f3n se aproximar\u00e1 a los ciudadanos para despertar en ellos el compromiso por separar y reciclar correctamente las latas, briks y envases de pl\u00e1stico en el contenedor amarillo, as\u00ed como el papel y el cart\u00f3n, en el contenedor azul. Lo har\u00e1n a trav\u00e9s de acciones de entretenimiento y educaci\u00f3n ambiental y a trav\u00e9s de charlas informativas y de sensibilizaci\u00f3n en centros educativos y para diversos colectivos vecinales, seleccionados previamente.<\/p>\n<p style=\"text-align: justify;\">El primer d\u00eda de visita el lunes <strong>10 de mayo<\/strong> una carpa identificativa con el \u201cReto del Reciclaje\u201d y un veh\u00edculo identificativo de la campa\u00f1a, la \u201cFurgoneta del Reciclaje\u201d se instalar\u00e1n en e<strong>l Mercado Semanal Viguetas<\/strong> y permanecer\u00e1 en este emplazamiento hasta la dos de la tarde realizando diferentes actividades para interactuar con la poblaci\u00f3n, con el objetivo de resolver dudas acerca de c\u00f3mo reciclar correctamente los envases. Se realizar\u00e1n una serie de charlas informativas en el IES Santa Pola para que los m\u00e1s j\u00f3venes entiendan la importancia de reciclar y hacerlo correctamente.<\/p>\n<p style=\"text-align: justify;\">El segundo d\u00eda de visita el jueves <strong>13 de mayo<\/strong> la carpa del Reto del Reciclaje se instalar\u00e1 en <strong>Mercado Semanal de Gran Alacant<\/strong> y se realizar\u00e1n de nuevo una serie de charlas informativas en el <strong>IES Santa Pola<\/strong> para que los m\u00e1s j\u00f3venes entiendan la importancia de reciclar y hacerlo correctamente.<\/p>\n<p style=\"text-align: justify;\">El tercer d\u00eda de acci\u00f3n el lunes <strong>24 de mayo<\/strong> el equipo del reto se instalar\u00e1 en la <strong>Plaza de la Glorieta<\/strong> y se realizar\u00e1n charlas en el <strong>Colegio Alonail y en el IES Santa Pola<\/strong> donde se hablar\u00e1 con los alumnos de la importancia de reciclar y hacerlo correctamente.<\/p>\n<p style=\"text-align: justify;\">La campa\u00f1a comenzar\u00e1 el d\u00eda 10 de mayo en Santa Pola y se prolongar\u00e1 hasta el 29 de mayo de 2021, cuando finalizar\u00e1 precisamente en la localidad de Elche. Un veh\u00edculo identificativo de la campa\u00f1a, la \u201cFurgoneta del Reciclaje\u201d visitar\u00e1 cada uno de los 6 municipios seleccionados de la zona de gesti\u00f3n del Consorcio Baix Vinalop\u00f3.<\/p>\n<p style=\"text-align: justify;\">Sobre Ecoembes<br \/>\nEcoembes la organizaci\u00f3n ambiental sin \u00e1nimo de lucro que coordina el reciclaje de los envases de pl\u00e1stico, las latas y los briks (contenedor amarillo) y los envases de cart\u00f3n y papel (contenedor azul) en Espa\u00f1a.<br \/>\n<em>En 2019, se reciclaron m\u00e1s de 1,5 millones de toneladas de envases de pl\u00e1stico, latas y briks y envases de cart\u00f3n y papel en todo el territorio nacional. Gracias a ello, se obtuvieron numerosos beneficios ambientales, como evitar la emisi\u00f3n de 1,67 millones de toneladas de CO2 a la atm\u00f3sfera o ahorrar 6,36 millones de MWh. Asimismo, se ahorraron 20,74 millones de metros c\u00fabicos de agua.<\/em><\/p>\n<p><img loading=\"lazy\" decoding=\"async\" class=\"aligncenter wp-image-14700 size-large\" src=\"https:\/\/santapola.es\/wp-content\/uploads\/2021\/05\/bannerCast.SANTA-POLA-1-1024x495.png\" alt=\"\" width=\"1024\" height=\"495\" srcset=\"https:\/\/santapola.es\/wp-content\/uploads\/2021\/05\/bannerCast.SANTA-POLA-1-1024x495.png 1024w, https:\/\/santapola.es\/wp-content\/uploads\/2021\/05\/bannerCast.SANTA-POLA-1-300x145.png 300w, https:\/\/santapola.es\/wp-content\/uploads\/2021\/05\/bannerCast.SANTA-POLA-1-768x371.png 768w, https:\/\/santapola.es\/wp-content\/uploads\/2021\/05\/bannerCast.SANTA-POLA-1-1536x742.png 1536w, https:\/\/santapola.es\/wp-content\/uploads\/2021\/05\/bannerCast.SANTA-POLA-1-2048x989.png 2048w, https:\/\/santapola.es\/wp-content\/uploads\/2021\/05\/bannerCast.SANTA-POLA-1-1080x522.png 1080w, https:\/\/santapola.es\/wp-content\/uploads\/2021\/05\/bannerCast.SANTA-POLA-1-610x295.png 610w\" sizes=\"(max-width: 1024px) 100vw, 1024px\" \/><\/p>\n","protected":false},"excerpt":{"rendered":"<p>Pistoletazo de salida el pr\u00f3ximo lunes 10 de mayo al \u201cReto del Reciclaje 2021\u201d en la localidad de Santa Pola. Se trata de una acci\u00f3n de concienciaci\u00f3n e informaci\u00f3n ciudadana para ofrecer una nueva vida a los envases que se depositan en los contenedores amarillo (latas, briks y envases de pl\u00e1stico) y azul (envases de [&hellip;]<\/p>\n","protected":false},"author":99,"featured_media":0,"comment_status":"closed","ping_status":"closed","sticky":false,"template":"","format":"standard","meta":{"_et_pb_use_builder":"","_et_pb_old_content":"","_et_gb_content_width":"","footnotes":""},"categories":[66,406,58],"tags":[],"class_list":["post-14695","post","type-post","status-publish","format-standard","hentry","category-inicio","category-sin-categorizar-2","category-sostenibilidad-sanidad"],"yoast_head":"<!-- This site is optimized with the Yoast SEO plugin v27.4 - https:\/\/yoast.com\/product\/yoast-seo-wordpress\/ -->\n<title>Santa Pola primera parada del Reto del Reciclaje en el Baix Vinalop\u00f3 - Ajuntament de Santa Pola<\/title>\n<meta name=\"robots\" content=\"index, follow, max-snippet:-1, max-image-preview:large, max-video-preview:-1\" \/>\n<link rel=\"canonical\" href=\"https:\/\/santapola.es\/ca\/santa-pola-primera-parada-del-reto-del-reciclaje-en-el-baix-vinalopo\/\" \/>\n<meta property=\"og:locale\" content=\"ca_ES\" \/>\n<meta property=\"og:type\" content=\"article\" \/>\n<meta property=\"og:title\" content=\"Santa Pola primera parada del Reto del Reciclaje en el Baix Vinalop\u00f3 - Ajuntament de Santa Pola\" \/>\n<meta property=\"og:description\" content=\"Pistoletazo de salida el pr\u00f3ximo lunes 10 de mayo al \u201cReto del Reciclaje 2021\u201d en la localidad de Santa Pola. Se trata de una acci\u00f3n de concienciaci\u00f3n e informaci\u00f3n ciudadana para ofrecer una nueva vida a los envases que se depositan en los contenedores amarillo (latas, briks y envases de pl\u00e1stico) y azul (envases de [&hellip;]\" \/>\n<meta property=\"og:url\" content=\"https:\/\/santapola.es\/ca\/santa-pola-primera-parada-del-reto-del-reciclaje-en-el-baix-vinalopo\/\" \/>\n<meta property=\"og:site_name\" content=\"Ajuntament de Santa Pola\" \/>\n<meta property=\"article:publisher\" content=\"https:\/\/www.facebook.com\/AyuntamientoSantaPola\/\" \/>\n<meta property=\"article:published_time\" content=\"2021-05-07T12:10:10+00:00\" \/>\n<meta property=\"article:modified_time\" content=\"2024-03-07T17:39:40+00:00\" \/>\n<meta property=\"og:image\" content=\"https:\/\/santapola.es\/wp-content\/uploads\/2021\/05\/bannerCast.SANTA-POLA-1-1024x495.png\" \/>\n<meta name=\"author\" content=\"Usuario Gen\u00e9rico Web\" \/>\n<meta name=\"twitter:card\" content=\"summary_large_image\" \/>\n<meta name=\"twitter:creator\" content=\"@SantaPolaAyunt\" \/>\n<meta name=\"twitter:site\" content=\"@SantaPolaAyunt\" \/>\n<script type=\"application\/ld+json\" class=\"yoast-schema-graph\">{\"@context\":\"https:\\\/\\\/schema.org\",\"@graph\":[{\"@type\":\"Article\",\"@id\":\"https:\\\/\\\/santapola.es\\\/ca\\\/santa-pola-primera-parada-del-reto-del-reciclaje-en-el-baix-vinalopo\\\/#article\",\"isPartOf\":{\"@id\":\"https:\\\/\\\/santapola.es\\\/ca\\\/santa-pola-primera-parada-del-reto-del-reciclaje-en-el-baix-vinalopo\\\/\"},\"author\":{\"name\":\"Usuario Gen\u00e9rico Web\",\"@id\":\"https:\\\/\\\/santapola.es\\\/ca\\\/#\\\/schema\\\/person\\\/5c898695593fabd93215e23620b3a9d1\"},\"headline\":\"Santa Pola primera parada del Reto del Reciclaje en el Baix Vinalop\u00f3\",\"datePublished\":\"2021-05-07T12:10:10+00:00\",\"dateModified\":\"2024-03-07T17:39:40+00:00\",\"mainEntityOfPage\":{\"@id\":\"https:\\\/\\\/santapola.es\\\/ca\\\/santa-pola-primera-parada-del-reto-del-reciclaje-en-el-baix-vinalopo\\\/\"},\"wordCount\":763,\"image\":{\"@id\":\"https:\\\/\\\/santapola.es\\\/ca\\\/santa-pola-primera-parada-del-reto-del-reciclaje-en-el-baix-vinalopo\\\/#primaryimage\"},\"thumbnailUrl\":\"https:\\\/\\\/santapola.es\\\/wp-content\\\/uploads\\\/2021\\\/05\\\/bannerCast.SANTA-POLA-1-1024x495.png\",\"articleSection\":[\"Inicio\",\"Sin categorizar\",\"Sostenibilidad \\\/ Sanidad\"],\"inLanguage\":\"ca\"},{\"@type\":\"WebPage\",\"@id\":\"https:\\\/\\\/santapola.es\\\/ca\\\/santa-pola-primera-parada-del-reto-del-reciclaje-en-el-baix-vinalopo\\\/\",\"url\":\"https:\\\/\\\/santapola.es\\\/ca\\\/santa-pola-primera-parada-del-reto-del-reciclaje-en-el-baix-vinalopo\\\/\",\"name\":\"Santa Pola primera parada del Reto del Reciclaje en el Baix Vinalop\u00f3 - Ajuntament de Santa Pola\",\"isPartOf\":{\"@id\":\"https:\\\/\\\/santapola.es\\\/ca\\\/#website\"},\"primaryImageOfPage\":{\"@id\":\"https:\\\/\\\/santapola.es\\\/ca\\\/santa-pola-primera-parada-del-reto-del-reciclaje-en-el-baix-vinalopo\\\/#primaryimage\"},\"image\":{\"@id\":\"https:\\\/\\\/santapola.es\\\/ca\\\/santa-pola-primera-parada-del-reto-del-reciclaje-en-el-baix-vinalopo\\\/#primaryimage\"},\"thumbnailUrl\":\"https:\\\/\\\/santapola.es\\\/wp-content\\\/uploads\\\/2021\\\/05\\\/bannerCast.SANTA-POLA-1-1024x495.png\",\"datePublished\":\"2021-05-07T12:10:10+00:00\",\"dateModified\":\"2024-03-07T17:39:40+00:00\",\"author\":{\"@id\":\"https:\\\/\\\/santapola.es\\\/ca\\\/#\\\/schema\\\/person\\\/5c898695593fabd93215e23620b3a9d1\"},\"breadcrumb\":{\"@id\":\"https:\\\/\\\/santapola.es\\\/ca\\\/santa-pola-primera-parada-del-reto-del-reciclaje-en-el-baix-vinalopo\\\/#breadcrumb\"},\"inLanguage\":\"ca\",\"potentialAction\":[{\"@type\":\"ReadAction\",\"target\":[\"https:\\\/\\\/santapola.es\\\/ca\\\/santa-pola-primera-parada-del-reto-del-reciclaje-en-el-baix-vinalopo\\\/\"]}]},{\"@type\":\"ImageObject\",\"inLanguage\":\"ca\",\"@id\":\"https:\\\/\\\/santapola.es\\\/ca\\\/santa-pola-primera-parada-del-reto-del-reciclaje-en-el-baix-vinalopo\\\/#primaryimage\",\"url\":\"https:\\\/\\\/santapola.es\\\/wp-content\\\/uploads\\\/2021\\\/05\\\/bannerCast.SANTA-POLA-1-1024x495.png\",\"contentUrl\":\"https:\\\/\\\/santapola.es\\\/wp-content\\\/uploads\\\/2021\\\/05\\\/bannerCast.SANTA-POLA-1-1024x495.png\"},{\"@type\":\"BreadcrumbList\",\"@id\":\"https:\\\/\\\/santapola.es\\\/ca\\\/santa-pola-primera-parada-del-reto-del-reciclaje-en-el-baix-vinalopo\\\/#breadcrumb\",\"itemListElement\":[{\"@type\":\"ListItem\",\"position\":1,\"name\":\"Inici\",\"item\":\"https:\\\/\\\/santapola.es\\\/ca\\\/\"},{\"@type\":\"ListItem\",\"position\":2,\"name\":\"Santa Pola primera parada del Reto del Reciclaje en el Baix Vinalop\u00f3\"}]},{\"@type\":\"WebSite\",\"@id\":\"https:\\\/\\\/santapola.es\\\/ca\\\/#website\",\"url\":\"https:\\\/\\\/santapola.es\\\/ca\\\/\",\"name\":\"Ayuntamiento de Santa Pola\",\"description\":\"Web de l'Ajuntament de Santa Pola\",\"potentialAction\":[{\"@type\":\"SearchAction\",\"target\":{\"@type\":\"EntryPoint\",\"urlTemplate\":\"https:\\\/\\\/santapola.es\\\/ca\\\/?s={search_term_string}\"},\"query-input\":{\"@type\":\"PropertyValueSpecification\",\"valueRequired\":true,\"valueName\":\"search_term_string\"}}],\"inLanguage\":\"ca\"},{\"@type\":\"Person\",\"@id\":\"https:\\\/\\\/santapola.es\\\/ca\\\/#\\\/schema\\\/person\\\/5c898695593fabd93215e23620b3a9d1\",\"name\":\"Usuario Gen\u00e9rico Web\"}]}<\/script>\n<!-- \/ Yoast SEO plugin. -->","yoast_head_json":{"title":"Santa Pola primera parada del Reto del Reciclaje en el Baix Vinalop\u00f3 - Ajuntament de Santa Pola","robots":{"index":"index","follow":"follow","max-snippet":"max-snippet:-1","max-image-preview":"max-image-preview:large","max-video-preview":"max-video-preview:-1"},"canonical":"https:\/\/santapola.es\/ca\/santa-pola-primera-parada-del-reto-del-reciclaje-en-el-baix-vinalopo\/","og_locale":"ca_ES","og_type":"article","og_title":"Santa Pola primera parada del Reto del Reciclaje en el Baix Vinalop\u00f3 - Ajuntament de Santa Pola","og_description":"Pistoletazo de salida el pr\u00f3ximo lunes 10 de mayo al \u201cReto del Reciclaje 2021\u201d en la localidad de Santa Pola. Se trata de una acci\u00f3n de concienciaci\u00f3n e informaci\u00f3n ciudadana para ofrecer una nueva vida a los envases que se depositan en los contenedores amarillo (latas, briks y envases de pl\u00e1stico) y azul (envases de [&hellip;]","og_url":"https:\/\/santapola.es\/ca\/santa-pola-primera-parada-del-reto-del-reciclaje-en-el-baix-vinalopo\/","og_site_name":"Ajuntament de Santa Pola","article_publisher":"https:\/\/www.facebook.com\/AyuntamientoSantaPola\/","article_published_time":"2021-05-07T12:10:10+00:00","article_modified_time":"2024-03-07T17:39:40+00:00","og_image":[{"url":"https:\/\/santapola.es\/wp-content\/uploads\/2021\/05\/bannerCast.SANTA-POLA-1-1024x495.png","type":"","width":"","height":""}],"author":"Usuario Gen\u00e9rico Web","twitter_card":"summary_large_image","twitter_creator":"@SantaPolaAyunt","twitter_site":"@SantaPolaAyunt","schema":{"@context":"https:\/\/schema.org","@graph":[{"@type":"Article","@id":"https:\/\/santapola.es\/ca\/santa-pola-primera-parada-del-reto-del-reciclaje-en-el-baix-vinalopo\/#article","isPartOf":{"@id":"https:\/\/santapola.es\/ca\/santa-pola-primera-parada-del-reto-del-reciclaje-en-el-baix-vinalopo\/"},"author":{"name":"Usuario Gen\u00e9rico Web","@id":"https:\/\/santapola.es\/ca\/#\/schema\/person\/5c898695593fabd93215e23620b3a9d1"},"headline":"Santa Pola primera parada del Reto del Reciclaje en el Baix Vinalop\u00f3","datePublished":"2021-05-07T12:10:10+00:00","dateModified":"2024-03-07T17:39:40+00:00","mainEntityOfPage":{"@id":"https:\/\/santapola.es\/ca\/santa-pola-primera-parada-del-reto-del-reciclaje-en-el-baix-vinalopo\/"},"wordCount":763,"image":{"@id":"https:\/\/santapola.es\/ca\/santa-pola-primera-parada-del-reto-del-reciclaje-en-el-baix-vinalopo\/#primaryimage"},"thumbnailUrl":"https:\/\/santapola.es\/wp-content\/uploads\/2021\/05\/bannerCast.SANTA-POLA-1-1024x495.png","articleSection":["Inicio","Sin categorizar","Sostenibilidad \/ Sanidad"],"inLanguage":"ca"},{"@type":"WebPage","@id":"https:\/\/santapola.es\/ca\/santa-pola-primera-parada-del-reto-del-reciclaje-en-el-baix-vinalopo\/","url":"https:\/\/santapola.es\/ca\/santa-pola-primera-parada-del-reto-del-reciclaje-en-el-baix-vinalopo\/","name":"Santa Pola primera parada del Reto del Reciclaje en el Baix Vinalop\u00f3 - Ajuntament de Santa Pola","isPartOf":{"@id":"https:\/\/santapola.es\/ca\/#website"},"primaryImageOfPage":{"@id":"https:\/\/santapola.es\/ca\/santa-pola-primera-parada-del-reto-del-reciclaje-en-el-baix-vinalopo\/#primaryimage"},"image":{"@id":"https:\/\/santapola.es\/ca\/santa-pola-primera-parada-del-reto-del-reciclaje-en-el-baix-vinalopo\/#primaryimage"},"thumbnailUrl":"https:\/\/santapola.es\/wp-content\/uploads\/2021\/05\/bannerCast.SANTA-POLA-1-1024x495.png","datePublished":"2021-05-07T12:10:10+00:00","dateModified":"2024-03-07T17:39:40+00:00","author":{"@id":"https:\/\/santapola.es\/ca\/#\/schema\/person\/5c898695593fabd93215e23620b3a9d1"},"breadcrumb":{"@id":"https:\/\/santapola.es\/ca\/santa-pola-primera-parada-del-reto-del-reciclaje-en-el-baix-vinalopo\/#breadcrumb"},"inLanguage":"ca","potentialAction":[{"@type":"ReadAction","target":["https:\/\/santapola.es\/ca\/santa-pola-primera-parada-del-reto-del-reciclaje-en-el-baix-vinalopo\/"]}]},{"@type":"ImageObject","inLanguage":"ca","@id":"https:\/\/santapola.es\/ca\/santa-pola-primera-parada-del-reto-del-reciclaje-en-el-baix-vinalopo\/#primaryimage","url":"https:\/\/santapola.es\/wp-content\/uploads\/2021\/05\/bannerCast.SANTA-POLA-1-1024x495.png","contentUrl":"https:\/\/santapola.es\/wp-content\/uploads\/2021\/05\/bannerCast.SANTA-POLA-1-1024x495.png"},{"@type":"BreadcrumbList","@id":"https:\/\/santapola.es\/ca\/santa-pola-primera-parada-del-reto-del-reciclaje-en-el-baix-vinalopo\/#breadcrumb","itemListElement":[{"@type":"ListItem","position":1,"name":"Inici","item":"https:\/\/santapola.es\/ca\/"},{"@type":"ListItem","position":2,"name":"Santa Pola primera parada del Reto del Reciclaje en el Baix Vinalop\u00f3"}]},{"@type":"WebSite","@id":"https:\/\/santapola.es\/ca\/#website","url":"https:\/\/santapola.es\/ca\/","name":"Ayuntamiento de Santa Pola","description":"Web de l'Ajuntament de Santa Pola","potentialAction":[{"@type":"SearchAction","target":{"@type":"EntryPoint","urlTemplate":"https:\/\/santapola.es\/ca\/?s={search_term_string}"},"query-input":{"@type":"PropertyValueSpecification","valueRequired":true,"valueName":"search_term_string"}}],"inLanguage":"ca"},{"@type":"Person","@id":"https:\/\/santapola.es\/ca\/#\/schema\/person\/5c898695593fabd93215e23620b3a9d1","name":"Usuario Gen\u00e9rico Web"}]}},"_links":{"self":[{"href":"https:\/\/santapola.es\/ca\/wp-json\/wp\/v2\/posts\/14695","targetHints":{"allow":["GET"]}}],"collection":[{"href":"https:\/\/santapola.es\/ca\/wp-json\/wp\/v2\/posts"}],"about":[{"href":"https:\/\/santapola.es\/ca\/wp-json\/wp\/v2\/types\/post"}],"author":[{"embeddable":true,"href":"https:\/\/santapola.es\/ca\/wp-json\/wp\/v2\/users\/99"}],"replies":[{"embeddable":true,"href":"https:\/\/santapola.es\/ca\/wp-json\/wp\/v2\/comments?post=14695"}],"version-history":[{"count":0,"href":"https:\/\/santapola.es\/ca\/wp-json\/wp\/v2\/posts\/14695\/revisions"}],"wp:attachment":[{"href":"https:\/\/santapola.es\/ca\/wp-json\/wp\/v2\/media?parent=14695"}],"wp:term":[{"taxonomy":"category","embeddable":true,"href":"https:\/\/santapola.es\/ca\/wp-json\/wp\/v2\/categories?post=14695"},{"taxonomy":"post_tag","embeddable":true,"href":"https:\/\/santapola.es\/ca\/wp-json\/wp\/v2\/tags?post=14695"}],"curies":[{"name":"wp","href":"https:\/\/api.w.org\/{rel}","templated":true}]}}